{"id":75622,"date":"2012-03-28T00:00:00","date_gmt":"2012-03-27T22:00:00","guid":{"rendered":"http:\/\/b.bati-journal.com\/les-maisons-des-illustres-60-nouveaux-batiments-labellises\/75622"},"modified":"2019-07-15T11:18:20","modified_gmt":"2019-07-15T09:18:20","slug":"les-maisons-des-illustres-60-nouveaux-batiments-labellises","status":"publish","type":"post","link":"https:\/\/batijournal.com\/index.php\/les-maisons-des-illustres-60-nouveaux-batiments-labellises\/75622\/","title":{"rendered":"Les Maisons des Illustres : 60 nouveaux b\u00e2timents labellis\u00e9s"},"content":{"rendered":"<p>Dans le prolongement de la premi\u00e8re campagne de labellisation lanc\u00e9e en septembre 2011 qui avait mis \u00e0 l&rsquo;honneur 111 sites d&rsquo;exception, le r\u00e9seau Maisons des Illustres s&rsquo;\u00e9largit et affirme son ancrage au c\u0153ur des territoires. Ouverte en octobre 2011, la deuxi\u00e8me campagne de labellisation vient de se clore. Elle a permis d&rsquo;examiner cent quatre dossiers, parmi lesquels la commission nationale d&rsquo;attribution a retenu 60 candidatures. On trouve dans cette nouvelle s\u00e9lection des villas mais aussi des domaines, des ateliers, des laboratoires et des mus\u00e9es, dont certains rel\u00e8vent de l&rsquo;appellation Mus\u00e9es de France. Nombre de ces lieux b\u00e9n\u00e9ficient par ailleurs d&rsquo;une protection au titre des Monuments historiques. Tous les propri\u00e9taires (\u00fbtat, collectivit\u00e9s territoriales, fondations, associations, particuliers) y sont repr\u00e9sent\u00e9s. Destin\u00e9es \u00e0 signaler au public les lieux qui conservent et transmettent la m\u00e9moire des acteurs politiques, religieux, industriels, scientifiques et artistiques qui les ont habit\u00e9es, ces 60 nouvelles Maisons font une nouvelle fois le lien entre histoire locale et histoire nationale, saisie de l&rsquo;intime et grand vent de l&rsquo;histoire, h\u00e9ritages transmis et cr\u00e9ation artistique. Dispositif de valorisation du patrimoine et de l&rsquo;action culturelle sur l&rsquo;ensemble du territoire, il est d\u00e9cern\u00e9 aux Maisons qui ouvrent leurs portes aux visiteurs plus de quarante jours par an. Il garantit un programme culturel d&rsquo;excellence adapt\u00e9 \u00e0 tous les publics, notamment le public scolaire et les personnes en situation de handicap.Le label est attribu\u00e9 pour une dur\u00e9e de cinq ans au terme d&rsquo;une proc\u00e9dure instruite par les DRAC et une commission nationale d&rsquo;attribution anim\u00e9e par la direction g\u00e9n\u00e9rale des patrimoines. Le label appartient aux r\u00e9seaux g\u00e9r\u00e9s par le minist\u00e8re de la Culture et de la Communication : Mus\u00e9es de France, Villes et Pays d&rsquo;art et d&rsquo;histoire, Jardins remarquables, Patrimoine du XXe si\u00e8cle. (Sources : Minist\u00e8re de la Culture et de la communication)<\/p>\n","protected":false},"excerpt":{"rendered":"<p>Dans le prolongement de la premi\u00e8re campagne de labellisation lanc\u00e9e en septembre 2011 qui avait mis \u00e0 l&rsquo;honneur 111 sites d&rsquo;exception, le r\u00e9seau Maisons des Illustres s&rsquo;\u00e9largit et affirme son ancrage au c\u0153ur des territoires. Ouverte en octobre 2011, la deuxi\u00e8me campagne de labellisation vient de se clore. Elle a permis d&rsquo;examiner cent quatre dossiers, [&hellip;]<\/p>\n","protected":false},"author":1,"featured_media":75623,"comment_status":"open","ping_status":"closed","sticky":false,"template":"","format":"standard","meta":{"_et_pb_use_builder":"","_et_pb_old_content":"","_et_gb_content_width":"","footnotes":""},"categories":[6340],"tags":[8393],"class_list":["post-75622","post","type-post","status-publish","format-standard","has-post-thumbnail","hentry","category-architecture-conception","tag-les-maisons-des-illustres"],"yoast_head":"<!-- This site is optimized with the Yoast SEO plugin v27.4 - https:\/\/yoast.com\/product\/yoast-seo-wordpress\/ -->\n<title>Les Maisons des Illustres : 60 nouveaux b\u00e2timents labellis\u00e9s<\/title>\n<meta name=\"robots\" content=\"index, follow, max-snippet:-1, max-image-preview:large, max-video-preview:-1\" \/>\n<link rel=\"canonical\" href=\"https:\/\/batijournal.com\/index.php\/les-maisons-des-illustres-60-nouveaux-batiments-labellises\/75622\/\" \/>\n<meta property=\"og:locale\" content=\"fr_FR\" \/>\n<meta property=\"og:type\" content=\"article\" \/>\n<meta property=\"og:title\" content=\"Les Maisons des Illustres : 60 nouveaux b\u00e2timents labellis\u00e9s\" \/>\n<meta property=\"og:description\" content=\"Dans le prolongement de la premi\u00e8re campagne de labellisation lanc\u00e9e en septembre 2011 qui avait mis \u00e0 l&rsquo;honneur 111 sites d&rsquo;exception, le r\u00e9seau Maisons des Illustres s&rsquo;\u00e9largit et affirme son ancrage au c\u0153ur des territoires. Ouverte en octobre 2011, la deuxi\u00e8me campagne de labellisation vient de se clore. Elle a permis d&rsquo;examiner cent quatre dossiers, [&hellip;]\" \/>\n<meta property=\"og:url\" content=\"https:\/\/batijournal.com\/index.php\/les-maisons-des-illustres-60-nouveaux-batiments-labellises\/75622\/\" \/>\n<meta property=\"og:site_name\" content=\"Batijournal\" \/>\n<meta property=\"article:published_time\" content=\"2012-03-27T22:00:00+00:00\" \/>\n<meta property=\"article:modified_time\" content=\"2019-07-15T09:18:20+00:00\" \/>\n<meta property=\"og:image\" content=\"https:\/\/batijournal.com\/wp-content\/uploads\/2015\/03\/42400712.jpg\" \/>\n\t<meta property=\"og:image:width\" content=\"600\" \/>\n\t<meta property=\"og:image:height\" content=\"339\" \/>\n\t<meta property=\"og:image:type\" content=\"image\/jpeg\" \/>\n<meta name=\"author\" content=\"Bati-journal\" \/>\n<meta name=\"twitter:card\" content=\"summary_large_image\" \/>\n<meta name=\"twitter:creator\" content=\"@bati_journal\" \/>\n<meta name=\"twitter:site\" content=\"@bati_journal\" \/>\n<meta name=\"twitter:label1\" content=\"\u00c9crit par\" \/>\n\t<meta name=\"twitter:data1\" content=\"Bati-journal\" \/>\n\t<meta name=\"twitter:label2\" content=\"Dur\u00e9e de lecture estim\u00e9e\" \/>\n\t<meta name=\"twitter:data2\" content=\"2 minutes\" \/>\n<script type=\"application\/ld+json\" class=\"yoast-schema-graph\">{\"@context\":\"https:\\\/\\\/schema.org\",\"@graph\":[{\"@type\":\"Article\",\"@id\":\"https:\\\/\\\/batijournal.com\\\/index.php\\\/les-maisons-des-illustres-60-nouveaux-batiments-labellises\\\/75622\\\/#article\",\"isPartOf\":{\"@id\":\"https:\\\/\\\/batijournal.com\\\/index.php\\\/les-maisons-des-illustres-60-nouveaux-batiments-labellises\\\/75622\\\/\"},\"author\":{\"name\":\"Bati-journal\",\"@id\":\"https:\\\/\\\/batijournal.com\\\/#\\\/schema\\\/person\\\/6a657e8967569e1b299972574848aa76\"},\"headline\":\"Les Maisons des Illustres : 60 nouveaux b\u00e2timents labellis\u00e9s\",\"datePublished\":\"2012-03-27T22:00:00+00:00\",\"dateModified\":\"2019-07-15T09:18:20+00:00\",\"mainEntityOfPage\":{\"@id\":\"https:\\\/\\\/batijournal.com\\\/index.php\\\/les-maisons-des-illustres-60-nouveaux-batiments-labellises\\\/75622\\\/\"},\"wordCount\":344,\"commentCount\":0,\"image\":{\"@id\":\"https:\\\/\\\/batijournal.com\\\/index.php\\\/les-maisons-des-illustres-60-nouveaux-batiments-labellises\\\/75622\\\/#primaryimage\"},\"thumbnailUrl\":\"https:\\\/\\\/batijournal.com\\\/wp-content\\\/uploads\\\/2015\\\/03\\\/42400712.jpg\",\"keywords\":[\"les maisons des illustres\"],\"articleSection\":[\"Architecture &amp; Conception\"],\"inLanguage\":\"fr-FR\",\"potentialAction\":[{\"@type\":\"CommentAction\",\"name\":\"Comment\",\"target\":[\"https:\\\/\\\/batijournal.com\\\/index.php\\\/les-maisons-des-illustres-60-nouveaux-batiments-labellises\\\/75622\\\/#respond\"]}]},{\"@type\":\"WebPage\",\"@id\":\"https:\\\/\\\/batijournal.com\\\/index.php\\\/les-maisons-des-illustres-60-nouveaux-batiments-labellises\\\/75622\\\/\",\"url\":\"https:\\\/\\\/batijournal.com\\\/index.php\\\/les-maisons-des-illustres-60-nouveaux-batiments-labellises\\\/75622\\\/\",\"name\":\"Les Maisons des Illustres : 60 nouveaux b\u00e2timents labellis\u00e9s\",\"isPartOf\":{\"@id\":\"https:\\\/\\\/batijournal.com\\\/#website\"},\"primaryImageOfPage\":{\"@id\":\"https:\\\/\\\/batijournal.com\\\/index.php\\\/les-maisons-des-illustres-60-nouveaux-batiments-labellises\\\/75622\\\/#primaryimage\"},\"image\":{\"@id\":\"https:\\\/\\\/batijournal.com\\\/index.php\\\/les-maisons-des-illustres-60-nouveaux-batiments-labellises\\\/75622\\\/#primaryimage\"},\"thumbnailUrl\":\"https:\\\/\\\/batijournal.com\\\/wp-content\\\/uploads\\\/2015\\\/03\\\/42400712.jpg\",\"datePublished\":\"2012-03-27T22:00:00+00:00\",\"dateModified\":\"2019-07-15T09:18:20+00:00\",\"author\":{\"@id\":\"https:\\\/\\\/batijournal.com\\\/#\\\/schema\\\/person\\\/6a657e8967569e1b299972574848aa76\"},\"breadcrumb\":{\"@id\":\"https:\\\/\\\/batijournal.com\\\/index.php\\\/les-maisons-des-illustres-60-nouveaux-batiments-labellises\\\/75622\\\/#breadcrumb\"},\"inLanguage\":\"fr-FR\",\"potentialAction\":[{\"@type\":\"ReadAction\",\"target\":[\"https:\\\/\\\/batijournal.com\\\/index.php\\\/les-maisons-des-illustres-60-nouveaux-batiments-labellises\\\/75622\\\/\"]}]},{\"@type\":\"ImageObject\",\"inLanguage\":\"fr-FR\",\"@id\":\"https:\\\/\\\/batijournal.com\\\/index.php\\\/les-maisons-des-illustres-60-nouveaux-batiments-labellises\\\/75622\\\/#primaryimage\",\"url\":\"https:\\\/\\\/batijournal.com\\\/wp-content\\\/uploads\\\/2015\\\/03\\\/42400712.jpg\",\"contentUrl\":\"https:\\\/\\\/batijournal.com\\\/wp-content\\\/uploads\\\/2015\\\/03\\\/42400712.jpg\",\"width\":600,\"height\":339},{\"@type\":\"BreadcrumbList\",\"@id\":\"https:\\\/\\\/batijournal.com\\\/index.php\\\/les-maisons-des-illustres-60-nouveaux-batiments-labellises\\\/75622\\\/#breadcrumb\",\"itemListElement\":[{\"@type\":\"ListItem\",\"position\":1,\"name\":\"Accueil\",\"item\":\"https:\\\/\\\/batijournal.com\\\/\"},{\"@type\":\"ListItem\",\"position\":2,\"name\":\"Actualit\u00e9s\",\"item\":\"https:\\\/\\\/batijournal.com\\\/index.php\\\/category\\\/actualites\\\/\"},{\"@type\":\"ListItem\",\"position\":3,\"name\":\"Architecture &amp; Conception\",\"item\":\"https:\\\/\\\/batijournal.com\\\/index.php\\\/category\\\/actualites\\\/architecture-conception\\\/\"},{\"@type\":\"ListItem\",\"position\":4,\"name\":\"Les Maisons des Illustres : 60 nouveaux b\u00e2timents labellis\u00e9s\"}]},{\"@type\":\"WebSite\",\"@id\":\"https:\\\/\\\/batijournal.com\\\/#website\",\"url\":\"https:\\\/\\\/batijournal.com\\\/\",\"name\":\"Batijournal\",\"description\":\"L&#039;actualit\u00e9 du b\u00e2timent\",\"potentialAction\":[{\"@type\":\"SearchAction\",\"target\":{\"@type\":\"EntryPoint\",\"urlTemplate\":\"https:\\\/\\\/batijournal.com\\\/?s={search_term_string}\"},\"query-input\":{\"@type\":\"PropertyValueSpecification\",\"valueRequired\":true,\"valueName\":\"search_term_string\"}}],\"inLanguage\":\"fr-FR\"},{\"@type\":\"Person\",\"@id\":\"https:\\\/\\\/batijournal.com\\\/#\\\/schema\\\/person\\\/6a657e8967569e1b299972574848aa76\",\"name\":\"Bati-journal\",\"image\":{\"@type\":\"ImageObject\",\"inLanguage\":\"fr-FR\",\"@id\":\"https:\\\/\\\/secure.gravatar.com\\\/avatar\\\/a64364ea26392f9b4dd47e017ddaec74ff03aefc073b49e492e847201258f777?s=96&d=mm&r=g\",\"url\":\"https:\\\/\\\/secure.gravatar.com\\\/avatar\\\/a64364ea26392f9b4dd47e017ddaec74ff03aefc073b49e492e847201258f777?s=96&d=mm&r=g\",\"contentUrl\":\"https:\\\/\\\/secure.gravatar.com\\\/avatar\\\/a64364ea26392f9b4dd47e017ddaec74ff03aefc073b49e492e847201258f777?s=96&d=mm&r=g\",\"caption\":\"Bati-journal\"},\"url\":\"https:\\\/\\\/batijournal.com\\\/index.php\\\/author\\\/elodie\\\/\"}]}<\/script>\n<!-- \/ Yoast SEO plugin. -->","yoast_head_json":{"title":"Les Maisons des Illustres : 60 nouveaux b\u00e2timents labellis\u00e9s","robots":{"index":"index","follow":"follow","max-snippet":"max-snippet:-1","max-image-preview":"max-image-preview:large","max-video-preview":"max-video-preview:-1"},"canonical":"https:\/\/batijournal.com\/index.php\/les-maisons-des-illustres-60-nouveaux-batiments-labellises\/75622\/","og_locale":"fr_FR","og_type":"article","og_title":"Les Maisons des Illustres : 60 nouveaux b\u00e2timents labellis\u00e9s","og_description":"Dans le prolongement de la premi\u00e8re campagne de labellisation lanc\u00e9e en septembre 2011 qui avait mis \u00e0 l&rsquo;honneur 111 sites d&rsquo;exception, le r\u00e9seau Maisons des Illustres s&rsquo;\u00e9largit et affirme son ancrage au c\u0153ur des territoires. Ouverte en octobre 2011, la deuxi\u00e8me campagne de labellisation vient de se clore. Elle a permis d&rsquo;examiner cent quatre dossiers, [&hellip;]","og_url":"https:\/\/batijournal.com\/index.php\/les-maisons-des-illustres-60-nouveaux-batiments-labellises\/75622\/","og_site_name":"Batijournal","article_published_time":"2012-03-27T22:00:00+00:00","article_modified_time":"2019-07-15T09:18:20+00:00","og_image":[{"width":600,"height":339,"url":"https:\/\/batijournal.com\/wp-content\/uploads\/2015\/03\/42400712.jpg","type":"image\/jpeg"}],"author":"Bati-journal","twitter_card":"summary_large_image","twitter_creator":"@bati_journal","twitter_site":"@bati_journal","twitter_misc":{"\u00c9crit par":"Bati-journal","Dur\u00e9e de lecture estim\u00e9e":"2 minutes"},"schema":{"@context":"https:\/\/schema.org","@graph":[{"@type":"Article","@id":"https:\/\/batijournal.com\/index.php\/les-maisons-des-illustres-60-nouveaux-batiments-labellises\/75622\/#article","isPartOf":{"@id":"https:\/\/batijournal.com\/index.php\/les-maisons-des-illustres-60-nouveaux-batiments-labellises\/75622\/"},"author":{"name":"Bati-journal","@id":"https:\/\/batijournal.com\/#\/schema\/person\/6a657e8967569e1b299972574848aa76"},"headline":"Les Maisons des Illustres : 60 nouveaux b\u00e2timents labellis\u00e9s","datePublished":"2012-03-27T22:00:00+00:00","dateModified":"2019-07-15T09:18:20+00:00","mainEntityOfPage":{"@id":"https:\/\/batijournal.com\/index.php\/les-maisons-des-illustres-60-nouveaux-batiments-labellises\/75622\/"},"wordCount":344,"commentCount":0,"image":{"@id":"https:\/\/batijournal.com\/index.php\/les-maisons-des-illustres-60-nouveaux-batiments-labellises\/75622\/#primaryimage"},"thumbnailUrl":"https:\/\/batijournal.com\/wp-content\/uploads\/2015\/03\/42400712.jpg","keywords":["les maisons des illustres"],"articleSection":["Architecture &amp; Conception"],"inLanguage":"fr-FR","potentialAction":[{"@type":"CommentAction","name":"Comment","target":["https:\/\/batijournal.com\/index.php\/les-maisons-des-illustres-60-nouveaux-batiments-labellises\/75622\/#respond"]}]},{"@type":"WebPage","@id":"https:\/\/batijournal.com\/index.php\/les-maisons-des-illustres-60-nouveaux-batiments-labellises\/75622\/","url":"https:\/\/batijournal.com\/index.php\/les-maisons-des-illustres-60-nouveaux-batiments-labellises\/75622\/","name":"Les Maisons des Illustres : 60 nouveaux b\u00e2timents labellis\u00e9s","isPartOf":{"@id":"https:\/\/batijournal.com\/#website"},"primaryImageOfPage":{"@id":"https:\/\/batijournal.com\/index.php\/les-maisons-des-illustres-60-nouveaux-batiments-labellises\/75622\/#primaryimage"},"image":{"@id":"https:\/\/batijournal.com\/index.php\/les-maisons-des-illustres-60-nouveaux-batiments-labellises\/75622\/#primaryimage"},"thumbnailUrl":"https:\/\/batijournal.com\/wp-content\/uploads\/2015\/03\/42400712.jpg","datePublished":"2012-03-27T22:00:00+00:00","dateModified":"2019-07-15T09:18:20+00:00","author":{"@id":"https:\/\/batijournal.com\/#\/schema\/person\/6a657e8967569e1b299972574848aa76"},"breadcrumb":{"@id":"https:\/\/batijournal.com\/index.php\/les-maisons-des-illustres-60-nouveaux-batiments-labellises\/75622\/#breadcrumb"},"inLanguage":"fr-FR","potentialAction":[{"@type":"ReadAction","target":["https:\/\/batijournal.com\/index.php\/les-maisons-des-illustres-60-nouveaux-batiments-labellises\/75622\/"]}]},{"@type":"ImageObject","inLanguage":"fr-FR","@id":"https:\/\/batijournal.com\/index.php\/les-maisons-des-illustres-60-nouveaux-batiments-labellises\/75622\/#primaryimage","url":"https:\/\/batijournal.com\/wp-content\/uploads\/2015\/03\/42400712.jpg","contentUrl":"https:\/\/batijournal.com\/wp-content\/uploads\/2015\/03\/42400712.jpg","width":600,"height":339},{"@type":"BreadcrumbList","@id":"https:\/\/batijournal.com\/index.php\/les-maisons-des-illustres-60-nouveaux-batiments-labellises\/75622\/#breadcrumb","itemListElement":[{"@type":"ListItem","position":1,"name":"Accueil","item":"https:\/\/batijournal.com\/"},{"@type":"ListItem","position":2,"name":"Actualit\u00e9s","item":"https:\/\/batijournal.com\/index.php\/category\/actualites\/"},{"@type":"ListItem","position":3,"name":"Architecture &amp; Conception","item":"https:\/\/batijournal.com\/index.php\/category\/actualites\/architecture-conception\/"},{"@type":"ListItem","position":4,"name":"Les Maisons des Illustres : 60 nouveaux b\u00e2timents labellis\u00e9s"}]},{"@type":"WebSite","@id":"https:\/\/batijournal.com\/#website","url":"https:\/\/batijournal.com\/","name":"Batijournal","description":"L&#039;actualit\u00e9 du b\u00e2timent","potentialAction":[{"@type":"SearchAction","target":{"@type":"EntryPoint","urlTemplate":"https:\/\/batijournal.com\/?s={search_term_string}"},"query-input":{"@type":"PropertyValueSpecification","valueRequired":true,"valueName":"search_term_string"}}],"inLanguage":"fr-FR"},{"@type":"Person","@id":"https:\/\/batijournal.com\/#\/schema\/person\/6a657e8967569e1b299972574848aa76","name":"Bati-journal","image":{"@type":"ImageObject","inLanguage":"fr-FR","@id":"https:\/\/secure.gravatar.com\/avatar\/a64364ea26392f9b4dd47e017ddaec74ff03aefc073b49e492e847201258f777?s=96&d=mm&r=g","url":"https:\/\/secure.gravatar.com\/avatar\/a64364ea26392f9b4dd47e017ddaec74ff03aefc073b49e492e847201258f777?s=96&d=mm&r=g","contentUrl":"https:\/\/secure.gravatar.com\/avatar\/a64364ea26392f9b4dd47e017ddaec74ff03aefc073b49e492e847201258f777?s=96&d=mm&r=g","caption":"Bati-journal"},"url":"https:\/\/batijournal.com\/index.php\/author\/elodie\/"}]}},"_links":{"self":[{"href":"https:\/\/batijournal.com\/index.php\/wp-json\/wp\/v2\/posts\/75622","targetHints":{"allow":["GET"]}}],"collection":[{"href":"https:\/\/batijournal.com\/index.php\/wp-json\/wp\/v2\/posts"}],"about":[{"href":"https:\/\/batijournal.com\/index.php\/wp-json\/wp\/v2\/types\/post"}],"author":[{"embeddable":true,"href":"https:\/\/batijournal.com\/index.php\/wp-json\/wp\/v2\/users\/1"}],"replies":[{"embeddable":true,"href":"https:\/\/batijournal.com\/index.php\/wp-json\/wp\/v2\/comments?post=75622"}],"version-history":[{"count":0,"href":"https:\/\/batijournal.com\/index.php\/wp-json\/wp\/v2\/posts\/75622\/revisions"}],"wp:featuredmedia":[{"embeddable":true,"href":"https:\/\/batijournal.com\/index.php\/wp-json\/wp\/v2\/media\/75623"}],"wp:attachment":[{"href":"https:\/\/batijournal.com\/index.php\/wp-json\/wp\/v2\/media?parent=75622"}],"wp:term":[{"taxonomy":"category","embeddable":true,"href":"https:\/\/batijournal.com\/index.php\/wp-json\/wp\/v2\/categories?post=75622"},{"taxonomy":"post_tag","embeddable":true,"href":"https:\/\/batijournal.com\/index.php\/wp-json\/wp\/v2\/tags?post=75622"}],"curies":[{"name":"wp","href":"https:\/\/api.w.org\/{rel}","templated":true}]}}