{"id":75668,"date":"2012-06-20T00:00:00","date_gmt":"2012-06-19T22:00:00","guid":{"rendered":"http:\/\/b.bati-journal.com\/vol-brutal-dun-tresor-archeologique-au-musee-de-sens\/75668"},"modified":"2019-07-15T11:18:15","modified_gmt":"2019-07-15T09:18:15","slug":"vol-brutal-dun-tresor-archeologique-au-musee-de-sens","status":"publish","type":"post","link":"https:\/\/batijournal.com\/index.php\/vol-brutal-dun-tresor-archeologique-au-musee-de-sens\/75668\/","title":{"rendered":"Vol brutal d&rsquo;un tr\u00e9sor arch\u00e9ologique au mus\u00e9e de Sens"},"content":{"rendered":"<p>Le vol commis il y a quelques jours tr\u00e8s t\u00f4t par trois cambrioleurs, qui sont entr\u00e9s par effraction dans le mus\u00e9e de Sens, dans l&rsquo;Yonne, porte sur une centaine de globules en or. Ces monnaies gauloises appartiennent au Tr\u00e9sor de Saint-Denis-les-Sens, comportant 242 pi\u00e8ces et d\u00e9couvert lors des fouilles arch\u00e9ologiques pr\u00e9ventives op\u00e9r\u00e9es \u00e0 l&rsquo;occasion de la construction de l&rsquo;autoroute A5, qui a fait l&rsquo;objet d&rsquo;un d\u00e9p\u00f4t de l&rsquo;Etat dans le mus\u00e9e municipal de Sens. Les cambrioleurs, qui semblent avoir agi avec pr\u00e9paration, ont p\u00e9n\u00e9tr\u00e9, gant\u00e9s et cagoul\u00e9s, dans le mus\u00e9e autour de 5h30 par l&rsquo;arri\u00e8re du b\u00e2timent et se sont dirig\u00e9s directement vers la vitrine s\u00e9curis\u00e9e dans laquelle \u00e9tait expos\u00e9 le tr\u00e9sor, qu&rsquo;ils ont attaqu\u00e9 avec une barre de fer. L&rsquo;agent de surveillance a \u00e9t\u00e9 r\u00e9veill\u00e9 par l&rsquo;alarme qui s&rsquo;est alors d\u00e9clench\u00e9e et, cherchant \u00e0 intervenir, s&rsquo;est trouv\u00e9 confront\u00e9 aux cambrioleurs, qui ont r\u00e9ussi \u00e0 prendre la fuite avec une partie du tr\u00e9sor. Les dispositifs de s\u00e9curit\u00e9 mis en place semblent avoir correctement fonctionn\u00e9, limitant ainsi sans doute l&rsquo;importance du vol, et l&rsquo;agent assurant la surveillance de nuit du mus\u00e9e, n&rsquo;a pas subi d&rsquo;agression physique, malgr\u00e9 la brutalit\u00e9 des conditions de ce cambriolage. L&rsquo;enqu\u00eate a \u00e9t\u00e9 confi\u00e9e conjointement \u00e0 la police judiciaire d&rsquo;Auxerre et \u00e0 l&rsquo;Office central de lutte contre le trafic de biens culturels (OCBC). Le conseiller s\u00fbret\u00e9 des mus\u00e9es de France et un responsable du Service des mus\u00e9es de France de la Direction g\u00e9n\u00e9rale des patrimoines viennent de se rendre sur place pour faire le point sur la situation.<\/p>\n","protected":false},"excerpt":{"rendered":"<p>Le vol commis il y a quelques jours tr\u00e8s t\u00f4t par trois cambrioleurs, qui sont entr\u00e9s par effraction dans le mus\u00e9e de Sens, dans l&rsquo;Yonne, porte sur une centaine de globules en or. Ces monnaies gauloises appartiennent au Tr\u00e9sor de Saint-Denis-les-Sens, comportant 242 pi\u00e8ces et d\u00e9couvert lors des fouilles arch\u00e9ologiques pr\u00e9ventives op\u00e9r\u00e9es \u00e0 l&rsquo;occasion de [&hellip;]<\/p>\n","protected":false},"author":1,"featured_media":0,"comment_status":"open","ping_status":"closed","sticky":false,"template":"","format":"standard","meta":{"_et_pb_use_builder":"","_et_pb_old_content":"","_et_gb_content_width":"","footnotes":""},"categories":[6340],"tags":[],"class_list":["post-75668","post","type-post","status-publish","format-standard","hentry","category-architecture-conception"],"yoast_head":"<!-- This site is optimized with the Yoast SEO plugin v27.4 - https:\/\/yoast.com\/product\/yoast-seo-wordpress\/ -->\n<title>Vol brutal d&#039;un tr\u00e9sor arch\u00e9ologique au mus\u00e9e de Sens<\/title>\n<meta name=\"robots\" content=\"index, follow, max-snippet:-1, max-image-preview:large, max-video-preview:-1\" \/>\n<link rel=\"canonical\" href=\"https:\/\/batijournal.com\/index.php\/vol-brutal-dun-tresor-archeologique-au-musee-de-sens\/75668\/\" \/>\n<meta property=\"og:locale\" content=\"fr_FR\" \/>\n<meta property=\"og:type\" content=\"article\" \/>\n<meta property=\"og:title\" content=\"Vol brutal d&#039;un tr\u00e9sor arch\u00e9ologique au mus\u00e9e de Sens\" \/>\n<meta property=\"og:description\" content=\"Le vol commis il y a quelques jours tr\u00e8s t\u00f4t par trois cambrioleurs, qui sont entr\u00e9s par effraction dans le mus\u00e9e de Sens, dans l&rsquo;Yonne, porte sur une centaine de globules en or. Ces monnaies gauloises appartiennent au Tr\u00e9sor de Saint-Denis-les-Sens, comportant 242 pi\u00e8ces et d\u00e9couvert lors des fouilles arch\u00e9ologiques pr\u00e9ventives op\u00e9r\u00e9es \u00e0 l&rsquo;occasion de [&hellip;]\" \/>\n<meta property=\"og:url\" content=\"https:\/\/batijournal.com\/index.php\/vol-brutal-dun-tresor-archeologique-au-musee-de-sens\/75668\/\" \/>\n<meta property=\"og:site_name\" content=\"Batijournal\" \/>\n<meta property=\"article:published_time\" content=\"2012-06-19T22:00:00+00:00\" \/>\n<meta property=\"article:modified_time\" content=\"2019-07-15T09:18:15+00:00\" \/>\n<meta name=\"author\" content=\"Bati-journal\" \/>\n<meta name=\"twitter:card\" content=\"summary_large_image\" \/>\n<meta name=\"twitter:creator\" content=\"@bati_journal\" \/>\n<meta name=\"twitter:site\" content=\"@bati_journal\" \/>\n<meta name=\"twitter:label1\" content=\"\u00c9crit par\" \/>\n\t<meta name=\"twitter:data1\" content=\"Bati-journal\" \/>\n\t<meta name=\"twitter:label2\" content=\"Dur\u00e9e de lecture estim\u00e9e\" \/>\n\t<meta name=\"twitter:data2\" content=\"1 minute\" \/>\n<script type=\"application\/ld+json\" class=\"yoast-schema-graph\">{\"@context\":\"https:\\\/\\\/schema.org\",\"@graph\":[{\"@type\":\"Article\",\"@id\":\"https:\\\/\\\/batijournal.com\\\/index.php\\\/vol-brutal-dun-tresor-archeologique-au-musee-de-sens\\\/75668\\\/#article\",\"isPartOf\":{\"@id\":\"https:\\\/\\\/batijournal.com\\\/index.php\\\/vol-brutal-dun-tresor-archeologique-au-musee-de-sens\\\/75668\\\/\"},\"author\":{\"name\":\"Bati-journal\",\"@id\":\"https:\\\/\\\/batijournal.com\\\/#\\\/schema\\\/person\\\/6a657e8967569e1b299972574848aa76\"},\"headline\":\"Vol brutal d&rsquo;un tr\u00e9sor arch\u00e9ologique au mus\u00e9e de Sens\",\"datePublished\":\"2012-06-19T22:00:00+00:00\",\"dateModified\":\"2019-07-15T09:18:15+00:00\",\"mainEntityOfPage\":{\"@id\":\"https:\\\/\\\/batijournal.com\\\/index.php\\\/vol-brutal-dun-tresor-archeologique-au-musee-de-sens\\\/75668\\\/\"},\"wordCount\":317,\"commentCount\":0,\"articleSection\":[\"Architecture &amp; Conception\"],\"inLanguage\":\"fr-FR\",\"potentialAction\":[{\"@type\":\"CommentAction\",\"name\":\"Comment\",\"target\":[\"https:\\\/\\\/batijournal.com\\\/index.php\\\/vol-brutal-dun-tresor-archeologique-au-musee-de-sens\\\/75668\\\/#respond\"]}]},{\"@type\":\"WebPage\",\"@id\":\"https:\\\/\\\/batijournal.com\\\/index.php\\\/vol-brutal-dun-tresor-archeologique-au-musee-de-sens\\\/75668\\\/\",\"url\":\"https:\\\/\\\/batijournal.com\\\/index.php\\\/vol-brutal-dun-tresor-archeologique-au-musee-de-sens\\\/75668\\\/\",\"name\":\"Vol brutal d'un tr\u00e9sor arch\u00e9ologique au mus\u00e9e de Sens\",\"isPartOf\":{\"@id\":\"https:\\\/\\\/batijournal.com\\\/#website\"},\"datePublished\":\"2012-06-19T22:00:00+00:00\",\"dateModified\":\"2019-07-15T09:18:15+00:00\",\"author\":{\"@id\":\"https:\\\/\\\/batijournal.com\\\/#\\\/schema\\\/person\\\/6a657e8967569e1b299972574848aa76\"},\"breadcrumb\":{\"@id\":\"https:\\\/\\\/batijournal.com\\\/index.php\\\/vol-brutal-dun-tresor-archeologique-au-musee-de-sens\\\/75668\\\/#breadcrumb\"},\"inLanguage\":\"fr-FR\",\"potentialAction\":[{\"@type\":\"ReadAction\",\"target\":[\"https:\\\/\\\/batijournal.com\\\/index.php\\\/vol-brutal-dun-tresor-archeologique-au-musee-de-sens\\\/75668\\\/\"]}]},{\"@type\":\"BreadcrumbList\",\"@id\":\"https:\\\/\\\/batijournal.com\\\/index.php\\\/vol-brutal-dun-tresor-archeologique-au-musee-de-sens\\\/75668\\\/#breadcrumb\",\"itemListElement\":[{\"@type\":\"ListItem\",\"position\":1,\"name\":\"Accueil\",\"item\":\"https:\\\/\\\/batijournal.com\\\/\"},{\"@type\":\"ListItem\",\"position\":2,\"name\":\"Actualit\u00e9s\",\"item\":\"https:\\\/\\\/batijournal.com\\\/index.php\\\/category\\\/actualites\\\/\"},{\"@type\":\"ListItem\",\"position\":3,\"name\":\"Architecture &amp; Conception\",\"item\":\"https:\\\/\\\/batijournal.com\\\/index.php\\\/category\\\/actualites\\\/architecture-conception\\\/\"},{\"@type\":\"ListItem\",\"position\":4,\"name\":\"Vol brutal d&rsquo;un tr\u00e9sor arch\u00e9ologique au mus\u00e9e de Sens\"}]},{\"@type\":\"WebSite\",\"@id\":\"https:\\\/\\\/batijournal.com\\\/#website\",\"url\":\"https:\\\/\\\/batijournal.com\\\/\",\"name\":\"Batijournal\",\"description\":\"L&#039;actualit\u00e9 du b\u00e2timent\",\"potentialAction\":[{\"@type\":\"SearchAction\",\"target\":{\"@type\":\"EntryPoint\",\"urlTemplate\":\"https:\\\/\\\/batijournal.com\\\/?s={search_term_string}\"},\"query-input\":{\"@type\":\"PropertyValueSpecification\",\"valueRequired\":true,\"valueName\":\"search_term_string\"}}],\"inLanguage\":\"fr-FR\"},{\"@type\":\"Person\",\"@id\":\"https:\\\/\\\/batijournal.com\\\/#\\\/schema\\\/person\\\/6a657e8967569e1b299972574848aa76\",\"name\":\"Bati-journal\",\"image\":{\"@type\":\"ImageObject\",\"inLanguage\":\"fr-FR\",\"@id\":\"https:\\\/\\\/secure.gravatar.com\\\/avatar\\\/a64364ea26392f9b4dd47e017ddaec74ff03aefc073b49e492e847201258f777?s=96&d=mm&r=g\",\"url\":\"https:\\\/\\\/secure.gravatar.com\\\/avatar\\\/a64364ea26392f9b4dd47e017ddaec74ff03aefc073b49e492e847201258f777?s=96&d=mm&r=g\",\"contentUrl\":\"https:\\\/\\\/secure.gravatar.com\\\/avatar\\\/a64364ea26392f9b4dd47e017ddaec74ff03aefc073b49e492e847201258f777?s=96&d=mm&r=g\",\"caption\":\"Bati-journal\"},\"url\":\"https:\\\/\\\/batijournal.com\\\/index.php\\\/author\\\/elodie\\\/\"}]}<\/script>\n<!-- \/ Yoast SEO plugin. -->","yoast_head_json":{"title":"Vol brutal d'un tr\u00e9sor arch\u00e9ologique au mus\u00e9e de Sens","robots":{"index":"index","follow":"follow","max-snippet":"max-snippet:-1","max-image-preview":"max-image-preview:large","max-video-preview":"max-video-preview:-1"},"canonical":"https:\/\/batijournal.com\/index.php\/vol-brutal-dun-tresor-archeologique-au-musee-de-sens\/75668\/","og_locale":"fr_FR","og_type":"article","og_title":"Vol brutal d'un tr\u00e9sor arch\u00e9ologique au mus\u00e9e de Sens","og_description":"Le vol commis il y a quelques jours tr\u00e8s t\u00f4t par trois cambrioleurs, qui sont entr\u00e9s par effraction dans le mus\u00e9e de Sens, dans l&rsquo;Yonne, porte sur une centaine de globules en or. Ces monnaies gauloises appartiennent au Tr\u00e9sor de Saint-Denis-les-Sens, comportant 242 pi\u00e8ces et d\u00e9couvert lors des fouilles arch\u00e9ologiques pr\u00e9ventives op\u00e9r\u00e9es \u00e0 l&rsquo;occasion de [&hellip;]","og_url":"https:\/\/batijournal.com\/index.php\/vol-brutal-dun-tresor-archeologique-au-musee-de-sens\/75668\/","og_site_name":"Batijournal","article_published_time":"2012-06-19T22:00:00+00:00","article_modified_time":"2019-07-15T09:18:15+00:00","author":"Bati-journal","twitter_card":"summary_large_image","twitter_creator":"@bati_journal","twitter_site":"@bati_journal","twitter_misc":{"\u00c9crit par":"Bati-journal","Dur\u00e9e de lecture estim\u00e9e":"1 minute"},"schema":{"@context":"https:\/\/schema.org","@graph":[{"@type":"Article","@id":"https:\/\/batijournal.com\/index.php\/vol-brutal-dun-tresor-archeologique-au-musee-de-sens\/75668\/#article","isPartOf":{"@id":"https:\/\/batijournal.com\/index.php\/vol-brutal-dun-tresor-archeologique-au-musee-de-sens\/75668\/"},"author":{"name":"Bati-journal","@id":"https:\/\/batijournal.com\/#\/schema\/person\/6a657e8967569e1b299972574848aa76"},"headline":"Vol brutal d&rsquo;un tr\u00e9sor arch\u00e9ologique au mus\u00e9e de Sens","datePublished":"2012-06-19T22:00:00+00:00","dateModified":"2019-07-15T09:18:15+00:00","mainEntityOfPage":{"@id":"https:\/\/batijournal.com\/index.php\/vol-brutal-dun-tresor-archeologique-au-musee-de-sens\/75668\/"},"wordCount":317,"commentCount":0,"articleSection":["Architecture &amp; Conception"],"inLanguage":"fr-FR","potentialAction":[{"@type":"CommentAction","name":"Comment","target":["https:\/\/batijournal.com\/index.php\/vol-brutal-dun-tresor-archeologique-au-musee-de-sens\/75668\/#respond"]}]},{"@type":"WebPage","@id":"https:\/\/batijournal.com\/index.php\/vol-brutal-dun-tresor-archeologique-au-musee-de-sens\/75668\/","url":"https:\/\/batijournal.com\/index.php\/vol-brutal-dun-tresor-archeologique-au-musee-de-sens\/75668\/","name":"Vol brutal d'un tr\u00e9sor arch\u00e9ologique au mus\u00e9e de Sens","isPartOf":{"@id":"https:\/\/batijournal.com\/#website"},"datePublished":"2012-06-19T22:00:00+00:00","dateModified":"2019-07-15T09:18:15+00:00","author":{"@id":"https:\/\/batijournal.com\/#\/schema\/person\/6a657e8967569e1b299972574848aa76"},"breadcrumb":{"@id":"https:\/\/batijournal.com\/index.php\/vol-brutal-dun-tresor-archeologique-au-musee-de-sens\/75668\/#breadcrumb"},"inLanguage":"fr-FR","potentialAction":[{"@type":"ReadAction","target":["https:\/\/batijournal.com\/index.php\/vol-brutal-dun-tresor-archeologique-au-musee-de-sens\/75668\/"]}]},{"@type":"BreadcrumbList","@id":"https:\/\/batijournal.com\/index.php\/vol-brutal-dun-tresor-archeologique-au-musee-de-sens\/75668\/#breadcrumb","itemListElement":[{"@type":"ListItem","position":1,"name":"Accueil","item":"https:\/\/batijournal.com\/"},{"@type":"ListItem","position":2,"name":"Actualit\u00e9s","item":"https:\/\/batijournal.com\/index.php\/category\/actualites\/"},{"@type":"ListItem","position":3,"name":"Architecture &amp; Conception","item":"https:\/\/batijournal.com\/index.php\/category\/actualites\/architecture-conception\/"},{"@type":"ListItem","position":4,"name":"Vol brutal d&rsquo;un tr\u00e9sor arch\u00e9ologique au mus\u00e9e de Sens"}]},{"@type":"WebSite","@id":"https:\/\/batijournal.com\/#website","url":"https:\/\/batijournal.com\/","name":"Batijournal","description":"L&#039;actualit\u00e9 du b\u00e2timent","potentialAction":[{"@type":"SearchAction","target":{"@type":"EntryPoint","urlTemplate":"https:\/\/batijournal.com\/?s={search_term_string}"},"query-input":{"@type":"PropertyValueSpecification","valueRequired":true,"valueName":"search_term_string"}}],"inLanguage":"fr-FR"},{"@type":"Person","@id":"https:\/\/batijournal.com\/#\/schema\/person\/6a657e8967569e1b299972574848aa76","name":"Bati-journal","image":{"@type":"ImageObject","inLanguage":"fr-FR","@id":"https:\/\/secure.gravatar.com\/avatar\/a64364ea26392f9b4dd47e017ddaec74ff03aefc073b49e492e847201258f777?s=96&d=mm&r=g","url":"https:\/\/secure.gravatar.com\/avatar\/a64364ea26392f9b4dd47e017ddaec74ff03aefc073b49e492e847201258f777?s=96&d=mm&r=g","contentUrl":"https:\/\/secure.gravatar.com\/avatar\/a64364ea26392f9b4dd47e017ddaec74ff03aefc073b49e492e847201258f777?s=96&d=mm&r=g","caption":"Bati-journal"},"url":"https:\/\/batijournal.com\/index.php\/author\/elodie\/"}]}},"_links":{"self":[{"href":"https:\/\/batijournal.com\/index.php\/wp-json\/wp\/v2\/posts\/75668","targetHints":{"allow":["GET"]}}],"collection":[{"href":"https:\/\/batijournal.com\/index.php\/wp-json\/wp\/v2\/posts"}],"about":[{"href":"https:\/\/batijournal.com\/index.php\/wp-json\/wp\/v2\/types\/post"}],"author":[{"embeddable":true,"href":"https:\/\/batijournal.com\/index.php\/wp-json\/wp\/v2\/users\/1"}],"replies":[{"embeddable":true,"href":"https:\/\/batijournal.com\/index.php\/wp-json\/wp\/v2\/comments?post=75668"}],"version-history":[{"count":0,"href":"https:\/\/batijournal.com\/index.php\/wp-json\/wp\/v2\/posts\/75668\/revisions"}],"wp:attachment":[{"href":"https:\/\/batijournal.com\/index.php\/wp-json\/wp\/v2\/media?parent=75668"}],"wp:term":[{"taxonomy":"category","embeddable":true,"href":"https:\/\/batijournal.com\/index.php\/wp-json\/wp\/v2\/categories?post=75668"},{"taxonomy":"post_tag","embeddable":true,"href":"https:\/\/batijournal.com\/index.php\/wp-json\/wp\/v2\/tags?post=75668"}],"curies":[{"name":"wp","href":"https:\/\/api.w.org\/{rel}","templated":true}]}}