{"id":75671,"date":"2012-06-21T00:00:00","date_gmt":"2012-06-20T22:00:00","guid":{"rendered":"http:\/\/b.bati-journal.com\/refection-de-1575m2-de-toitures-avec-des-ardoises-fibres-ciment-deternit\/75671"},"modified":"2019-07-15T11:18:15","modified_gmt":"2019-07-15T09:18:15","slug":"refection-de-1575m2-de-toitures-avec-des-ardoises-fibres-ciment-deternit","status":"publish","type":"post","link":"https:\/\/batijournal.com\/index.php\/refection-de-1575m2-de-toitures-avec-des-ardoises-fibres-ciment-deternit\/75671\/","title":{"rendered":"R\u00e9fection de 1575m2 de toitures avec des ardoises fibres-ciment d&rsquo;Eternit"},"content":{"rendered":"<p>Apr\u00e8s 25 ans, la couverture des habitats sociaux Jules Lacote de Genouillac pr\u00e9sentait des risques de fuites r\u00e9currentes. La charpente en fermettes n&rsquo;\u00e9tait pas con\u00e7ue pour supporter des couvertures lourdes et la r\u00e9novation devait avoir lieu sans d\u00e9couvrir les logements, qui sont rest\u00e9s habit\u00e9s durant les travaux. Par ailleurs, situ\u00e9 au centre d&rsquo;un village aux maisons anciennes recouvertes de tuiles plates, le lotissement devait respecter une certaine harmonie d&rsquo;aspect. Les ardoises en fibres-ciment Pommay d&rsquo;Eternit ont constitu\u00e9 le bon compromis entre le prix fourni pos\u00e9 et l&rsquo;aspect traditionnel. La structure existante a \u00e9t\u00e9 conserv\u00e9e et un contre lattage de 20 mis en \u0153uvre \u00e0 l&rsquo;aplomb de chaque fermette, pour un entraxe de 0,60m. La pente de la couverture est de 45\u00b0. Les liteaux espac\u00e9s de 14,5 cm ont \u00e9t\u00e9 clou\u00e9s sur le contre lattage. Les ardoises Pommay d&rsquo;Eternit au format 40 x 24, fix\u00e9es \u00e0 l&rsquo;aide de crochet inox (26 \u00e9l\u00e9ments par m2). Cette ardoise aux teintes flamm\u00e9es et nuanc\u00e9es s&rsquo;int\u00e8gre parfaitement dans les paysages de tuiles et ses bords \u00e9paufr\u00e9s lui conf\u00e8rent un vrai relief, int\u00e9ressant sur des toitures \u00e0 hauteur d&rsquo;homme, comme dans ce lotissement. L&rsquo;\u00e9paisseur calibr\u00e9e et r\u00e9guli\u00e8re de ces ardoises permet d&rsquo;\u00e9liminer le tri sur chantier et g\u00e9n\u00e8re moins de pertes et moins de d\u00e9chets (100 ardoises achet\u00e9es = 100 pos\u00e9es).<\/p>\n","protected":false},"excerpt":{"rendered":"<p>Apr\u00e8s 25 ans, la couverture des habitats sociaux Jules Lacote de Genouillac pr\u00e9sentait des risques de fuites r\u00e9currentes. La charpente en fermettes n&rsquo;\u00e9tait pas con\u00e7ue pour supporter des couvertures lourdes et la r\u00e9novation devait avoir lieu sans d\u00e9couvrir les logements, qui sont rest\u00e9s habit\u00e9s durant les travaux. Par ailleurs, situ\u00e9 au centre d&rsquo;un village aux [&hellip;]<\/p>\n","protected":false},"author":1,"featured_media":75672,"comment_status":"open","ping_status":"closed","sticky":false,"template":"","format":"standard","meta":{"_et_pb_use_builder":"","_et_pb_old_content":"","_et_gb_content_width":"","footnotes":""},"categories":[6340],"tags":[],"class_list":["post-75671","post","type-post","status-publish","format-standard","has-post-thumbnail","hentry","category-architecture-conception"],"yoast_head":"<!-- This site is optimized with the Yoast SEO plugin v27.4 - https:\/\/yoast.com\/product\/yoast-seo-wordpress\/ -->\n<title>R\u00e9fection de 1575m2 de toitures avec des ardoises fibres-ciment d&#039;Eternit<\/title>\n<meta name=\"robots\" content=\"index, follow, max-snippet:-1, max-image-preview:large, max-video-preview:-1\" \/>\n<link rel=\"canonical\" href=\"https:\/\/batijournal.com\/index.php\/refection-de-1575m2-de-toitures-avec-des-ardoises-fibres-ciment-deternit\/75671\/\" \/>\n<meta property=\"og:locale\" content=\"fr_FR\" \/>\n<meta property=\"og:type\" content=\"article\" \/>\n<meta property=\"og:title\" content=\"R\u00e9fection de 1575m2 de toitures avec des ardoises fibres-ciment d&#039;Eternit\" \/>\n<meta property=\"og:description\" content=\"Apr\u00e8s 25 ans, la couverture des habitats sociaux Jules Lacote de Genouillac pr\u00e9sentait des risques de fuites r\u00e9currentes. La charpente en fermettes n&rsquo;\u00e9tait pas con\u00e7ue pour supporter des couvertures lourdes et la r\u00e9novation devait avoir lieu sans d\u00e9couvrir les logements, qui sont rest\u00e9s habit\u00e9s durant les travaux. Par ailleurs, situ\u00e9 au centre d&rsquo;un village aux [&hellip;]\" \/>\n<meta property=\"og:url\" content=\"https:\/\/batijournal.com\/index.php\/refection-de-1575m2-de-toitures-avec-des-ardoises-fibres-ciment-deternit\/75671\/\" \/>\n<meta property=\"og:site_name\" content=\"Batijournal\" \/>\n<meta property=\"article:published_time\" content=\"2012-06-20T22:00:00+00:00\" \/>\n<meta property=\"article:modified_time\" content=\"2019-07-15T09:18:15+00:00\" \/>\n<meta property=\"og:image\" content=\"https:\/\/batijournal.com\/wp-content\/uploads\/2015\/03\/46995772.jpg\" \/>\n\t<meta property=\"og:image:width\" content=\"599\" \/>\n\t<meta property=\"og:image:height\" content=\"399\" \/>\n\t<meta property=\"og:image:type\" content=\"image\/jpeg\" \/>\n<meta name=\"author\" content=\"Bati-journal\" \/>\n<meta name=\"twitter:card\" content=\"summary_large_image\" \/>\n<meta name=\"twitter:creator\" content=\"@bati_journal\" \/>\n<meta name=\"twitter:site\" content=\"@bati_journal\" \/>\n<meta name=\"twitter:label1\" content=\"\u00c9crit par\" \/>\n\t<meta name=\"twitter:data1\" content=\"Bati-journal\" \/>\n\t<meta name=\"twitter:label2\" content=\"Dur\u00e9e de lecture estim\u00e9e\" \/>\n\t<meta name=\"twitter:data2\" content=\"1 minute\" \/>\n<script type=\"application\/ld+json\" class=\"yoast-schema-graph\">{\"@context\":\"https:\\\/\\\/schema.org\",\"@graph\":[{\"@type\":\"Article\",\"@id\":\"https:\\\/\\\/batijournal.com\\\/index.php\\\/refection-de-1575m2-de-toitures-avec-des-ardoises-fibres-ciment-deternit\\\/75671\\\/#article\",\"isPartOf\":{\"@id\":\"https:\\\/\\\/batijournal.com\\\/index.php\\\/refection-de-1575m2-de-toitures-avec-des-ardoises-fibres-ciment-deternit\\\/75671\\\/\"},\"author\":{\"name\":\"Bati-journal\",\"@id\":\"https:\\\/\\\/batijournal.com\\\/#\\\/schema\\\/person\\\/6a657e8967569e1b299972574848aa76\"},\"headline\":\"R\u00e9fection de 1575m2 de toitures avec des ardoises fibres-ciment d&rsquo;Eternit\",\"datePublished\":\"2012-06-20T22:00:00+00:00\",\"dateModified\":\"2019-07-15T09:18:15+00:00\",\"mainEntityOfPage\":{\"@id\":\"https:\\\/\\\/batijournal.com\\\/index.php\\\/refection-de-1575m2-de-toitures-avec-des-ardoises-fibres-ciment-deternit\\\/75671\\\/\"},\"wordCount\":253,\"commentCount\":0,\"image\":{\"@id\":\"https:\\\/\\\/batijournal.com\\\/index.php\\\/refection-de-1575m2-de-toitures-avec-des-ardoises-fibres-ciment-deternit\\\/75671\\\/#primaryimage\"},\"thumbnailUrl\":\"https:\\\/\\\/batijournal.com\\\/wp-content\\\/uploads\\\/2015\\\/03\\\/46995772.jpg\",\"articleSection\":[\"Architecture &amp; Conception\"],\"inLanguage\":\"fr-FR\",\"potentialAction\":[{\"@type\":\"CommentAction\",\"name\":\"Comment\",\"target\":[\"https:\\\/\\\/batijournal.com\\\/index.php\\\/refection-de-1575m2-de-toitures-avec-des-ardoises-fibres-ciment-deternit\\\/75671\\\/#respond\"]}]},{\"@type\":\"WebPage\",\"@id\":\"https:\\\/\\\/batijournal.com\\\/index.php\\\/refection-de-1575m2-de-toitures-avec-des-ardoises-fibres-ciment-deternit\\\/75671\\\/\",\"url\":\"https:\\\/\\\/batijournal.com\\\/index.php\\\/refection-de-1575m2-de-toitures-avec-des-ardoises-fibres-ciment-deternit\\\/75671\\\/\",\"name\":\"R\u00e9fection de 1575m2 de toitures avec des ardoises fibres-ciment d'Eternit\",\"isPartOf\":{\"@id\":\"https:\\\/\\\/batijournal.com\\\/#website\"},\"primaryImageOfPage\":{\"@id\":\"https:\\\/\\\/batijournal.com\\\/index.php\\\/refection-de-1575m2-de-toitures-avec-des-ardoises-fibres-ciment-deternit\\\/75671\\\/#primaryimage\"},\"image\":{\"@id\":\"https:\\\/\\\/batijournal.com\\\/index.php\\\/refection-de-1575m2-de-toitures-avec-des-ardoises-fibres-ciment-deternit\\\/75671\\\/#primaryimage\"},\"thumbnailUrl\":\"https:\\\/\\\/batijournal.com\\\/wp-content\\\/uploads\\\/2015\\\/03\\\/46995772.jpg\",\"datePublished\":\"2012-06-20T22:00:00+00:00\",\"dateModified\":\"2019-07-15T09:18:15+00:00\",\"author\":{\"@id\":\"https:\\\/\\\/batijournal.com\\\/#\\\/schema\\\/person\\\/6a657e8967569e1b299972574848aa76\"},\"breadcrumb\":{\"@id\":\"https:\\\/\\\/batijournal.com\\\/index.php\\\/refection-de-1575m2-de-toitures-avec-des-ardoises-fibres-ciment-deternit\\\/75671\\\/#breadcrumb\"},\"inLanguage\":\"fr-FR\",\"potentialAction\":[{\"@type\":\"ReadAction\",\"target\":[\"https:\\\/\\\/batijournal.com\\\/index.php\\\/refection-de-1575m2-de-toitures-avec-des-ardoises-fibres-ciment-deternit\\\/75671\\\/\"]}]},{\"@type\":\"ImageObject\",\"inLanguage\":\"fr-FR\",\"@id\":\"https:\\\/\\\/batijournal.com\\\/index.php\\\/refection-de-1575m2-de-toitures-avec-des-ardoises-fibres-ciment-deternit\\\/75671\\\/#primaryimage\",\"url\":\"https:\\\/\\\/batijournal.com\\\/wp-content\\\/uploads\\\/2015\\\/03\\\/46995772.jpg\",\"contentUrl\":\"https:\\\/\\\/batijournal.com\\\/wp-content\\\/uploads\\\/2015\\\/03\\\/46995772.jpg\",\"width\":599,\"height\":399},{\"@type\":\"BreadcrumbList\",\"@id\":\"https:\\\/\\\/batijournal.com\\\/index.php\\\/refection-de-1575m2-de-toitures-avec-des-ardoises-fibres-ciment-deternit\\\/75671\\\/#breadcrumb\",\"itemListElement\":[{\"@type\":\"ListItem\",\"position\":1,\"name\":\"Accueil\",\"item\":\"https:\\\/\\\/batijournal.com\\\/\"},{\"@type\":\"ListItem\",\"position\":2,\"name\":\"Actualit\u00e9s\",\"item\":\"https:\\\/\\\/batijournal.com\\\/index.php\\\/category\\\/actualites\\\/\"},{\"@type\":\"ListItem\",\"position\":3,\"name\":\"Architecture &amp; Conception\",\"item\":\"https:\\\/\\\/batijournal.com\\\/index.php\\\/category\\\/actualites\\\/architecture-conception\\\/\"},{\"@type\":\"ListItem\",\"position\":4,\"name\":\"R\u00e9fection de 1575m2 de toitures avec des ardoises fibres-ciment d&rsquo;Eternit\"}]},{\"@type\":\"WebSite\",\"@id\":\"https:\\\/\\\/batijournal.com\\\/#website\",\"url\":\"https:\\\/\\\/batijournal.com\\\/\",\"name\":\"Batijournal\",\"description\":\"L&#039;actualit\u00e9 du b\u00e2timent\",\"potentialAction\":[{\"@type\":\"SearchAction\",\"target\":{\"@type\":\"EntryPoint\",\"urlTemplate\":\"https:\\\/\\\/batijournal.com\\\/?s={search_term_string}\"},\"query-input\":{\"@type\":\"PropertyValueSpecification\",\"valueRequired\":true,\"valueName\":\"search_term_string\"}}],\"inLanguage\":\"fr-FR\"},{\"@type\":\"Person\",\"@id\":\"https:\\\/\\\/batijournal.com\\\/#\\\/schema\\\/person\\\/6a657e8967569e1b299972574848aa76\",\"name\":\"Bati-journal\",\"image\":{\"@type\":\"ImageObject\",\"inLanguage\":\"fr-FR\",\"@id\":\"https:\\\/\\\/secure.gravatar.com\\\/avatar\\\/a64364ea26392f9b4dd47e017ddaec74ff03aefc073b49e492e847201258f777?s=96&d=mm&r=g\",\"url\":\"https:\\\/\\\/secure.gravatar.com\\\/avatar\\\/a64364ea26392f9b4dd47e017ddaec74ff03aefc073b49e492e847201258f777?s=96&d=mm&r=g\",\"contentUrl\":\"https:\\\/\\\/secure.gravatar.com\\\/avatar\\\/a64364ea26392f9b4dd47e017ddaec74ff03aefc073b49e492e847201258f777?s=96&d=mm&r=g\",\"caption\":\"Bati-journal\"},\"url\":\"https:\\\/\\\/batijournal.com\\\/index.php\\\/author\\\/elodie\\\/\"}]}<\/script>\n<!-- \/ Yoast SEO plugin. -->","yoast_head_json":{"title":"R\u00e9fection de 1575m2 de toitures avec des ardoises fibres-ciment d'Eternit","robots":{"index":"index","follow":"follow","max-snippet":"max-snippet:-1","max-image-preview":"max-image-preview:large","max-video-preview":"max-video-preview:-1"},"canonical":"https:\/\/batijournal.com\/index.php\/refection-de-1575m2-de-toitures-avec-des-ardoises-fibres-ciment-deternit\/75671\/","og_locale":"fr_FR","og_type":"article","og_title":"R\u00e9fection de 1575m2 de toitures avec des ardoises fibres-ciment d'Eternit","og_description":"Apr\u00e8s 25 ans, la couverture des habitats sociaux Jules Lacote de Genouillac pr\u00e9sentait des risques de fuites r\u00e9currentes. La charpente en fermettes n&rsquo;\u00e9tait pas con\u00e7ue pour supporter des couvertures lourdes et la r\u00e9novation devait avoir lieu sans d\u00e9couvrir les logements, qui sont rest\u00e9s habit\u00e9s durant les travaux. Par ailleurs, situ\u00e9 au centre d&rsquo;un village aux [&hellip;]","og_url":"https:\/\/batijournal.com\/index.php\/refection-de-1575m2-de-toitures-avec-des-ardoises-fibres-ciment-deternit\/75671\/","og_site_name":"Batijournal","article_published_time":"2012-06-20T22:00:00+00:00","article_modified_time":"2019-07-15T09:18:15+00:00","og_image":[{"width":599,"height":399,"url":"https:\/\/batijournal.com\/wp-content\/uploads\/2015\/03\/46995772.jpg","type":"image\/jpeg"}],"author":"Bati-journal","twitter_card":"summary_large_image","twitter_creator":"@bati_journal","twitter_site":"@bati_journal","twitter_misc":{"\u00c9crit par":"Bati-journal","Dur\u00e9e de lecture estim\u00e9e":"1 minute"},"schema":{"@context":"https:\/\/schema.org","@graph":[{"@type":"Article","@id":"https:\/\/batijournal.com\/index.php\/refection-de-1575m2-de-toitures-avec-des-ardoises-fibres-ciment-deternit\/75671\/#article","isPartOf":{"@id":"https:\/\/batijournal.com\/index.php\/refection-de-1575m2-de-toitures-avec-des-ardoises-fibres-ciment-deternit\/75671\/"},"author":{"name":"Bati-journal","@id":"https:\/\/batijournal.com\/#\/schema\/person\/6a657e8967569e1b299972574848aa76"},"headline":"R\u00e9fection de 1575m2 de toitures avec des ardoises fibres-ciment d&rsquo;Eternit","datePublished":"2012-06-20T22:00:00+00:00","dateModified":"2019-07-15T09:18:15+00:00","mainEntityOfPage":{"@id":"https:\/\/batijournal.com\/index.php\/refection-de-1575m2-de-toitures-avec-des-ardoises-fibres-ciment-deternit\/75671\/"},"wordCount":253,"commentCount":0,"image":{"@id":"https:\/\/batijournal.com\/index.php\/refection-de-1575m2-de-toitures-avec-des-ardoises-fibres-ciment-deternit\/75671\/#primaryimage"},"thumbnailUrl":"https:\/\/batijournal.com\/wp-content\/uploads\/2015\/03\/46995772.jpg","articleSection":["Architecture &amp; Conception"],"inLanguage":"fr-FR","potentialAction":[{"@type":"CommentAction","name":"Comment","target":["https:\/\/batijournal.com\/index.php\/refection-de-1575m2-de-toitures-avec-des-ardoises-fibres-ciment-deternit\/75671\/#respond"]}]},{"@type":"WebPage","@id":"https:\/\/batijournal.com\/index.php\/refection-de-1575m2-de-toitures-avec-des-ardoises-fibres-ciment-deternit\/75671\/","url":"https:\/\/batijournal.com\/index.php\/refection-de-1575m2-de-toitures-avec-des-ardoises-fibres-ciment-deternit\/75671\/","name":"R\u00e9fection de 1575m2 de toitures avec des ardoises fibres-ciment d'Eternit","isPartOf":{"@id":"https:\/\/batijournal.com\/#website"},"primaryImageOfPage":{"@id":"https:\/\/batijournal.com\/index.php\/refection-de-1575m2-de-toitures-avec-des-ardoises-fibres-ciment-deternit\/75671\/#primaryimage"},"image":{"@id":"https:\/\/batijournal.com\/index.php\/refection-de-1575m2-de-toitures-avec-des-ardoises-fibres-ciment-deternit\/75671\/#primaryimage"},"thumbnailUrl":"https:\/\/batijournal.com\/wp-content\/uploads\/2015\/03\/46995772.jpg","datePublished":"2012-06-20T22:00:00+00:00","dateModified":"2019-07-15T09:18:15+00:00","author":{"@id":"https:\/\/batijournal.com\/#\/schema\/person\/6a657e8967569e1b299972574848aa76"},"breadcrumb":{"@id":"https:\/\/batijournal.com\/index.php\/refection-de-1575m2-de-toitures-avec-des-ardoises-fibres-ciment-deternit\/75671\/#breadcrumb"},"inLanguage":"fr-FR","potentialAction":[{"@type":"ReadAction","target":["https:\/\/batijournal.com\/index.php\/refection-de-1575m2-de-toitures-avec-des-ardoises-fibres-ciment-deternit\/75671\/"]}]},{"@type":"ImageObject","inLanguage":"fr-FR","@id":"https:\/\/batijournal.com\/index.php\/refection-de-1575m2-de-toitures-avec-des-ardoises-fibres-ciment-deternit\/75671\/#primaryimage","url":"https:\/\/batijournal.com\/wp-content\/uploads\/2015\/03\/46995772.jpg","contentUrl":"https:\/\/batijournal.com\/wp-content\/uploads\/2015\/03\/46995772.jpg","width":599,"height":399},{"@type":"BreadcrumbList","@id":"https:\/\/batijournal.com\/index.php\/refection-de-1575m2-de-toitures-avec-des-ardoises-fibres-ciment-deternit\/75671\/#breadcrumb","itemListElement":[{"@type":"ListItem","position":1,"name":"Accueil","item":"https:\/\/batijournal.com\/"},{"@type":"ListItem","position":2,"name":"Actualit\u00e9s","item":"https:\/\/batijournal.com\/index.php\/category\/actualites\/"},{"@type":"ListItem","position":3,"name":"Architecture &amp; Conception","item":"https:\/\/batijournal.com\/index.php\/category\/actualites\/architecture-conception\/"},{"@type":"ListItem","position":4,"name":"R\u00e9fection de 1575m2 de toitures avec des ardoises fibres-ciment d&rsquo;Eternit"}]},{"@type":"WebSite","@id":"https:\/\/batijournal.com\/#website","url":"https:\/\/batijournal.com\/","name":"Batijournal","description":"L&#039;actualit\u00e9 du b\u00e2timent","potentialAction":[{"@type":"SearchAction","target":{"@type":"EntryPoint","urlTemplate":"https:\/\/batijournal.com\/?s={search_term_string}"},"query-input":{"@type":"PropertyValueSpecification","valueRequired":true,"valueName":"search_term_string"}}],"inLanguage":"fr-FR"},{"@type":"Person","@id":"https:\/\/batijournal.com\/#\/schema\/person\/6a657e8967569e1b299972574848aa76","name":"Bati-journal","image":{"@type":"ImageObject","inLanguage":"fr-FR","@id":"https:\/\/secure.gravatar.com\/avatar\/a64364ea26392f9b4dd47e017ddaec74ff03aefc073b49e492e847201258f777?s=96&d=mm&r=g","url":"https:\/\/secure.gravatar.com\/avatar\/a64364ea26392f9b4dd47e017ddaec74ff03aefc073b49e492e847201258f777?s=96&d=mm&r=g","contentUrl":"https:\/\/secure.gravatar.com\/avatar\/a64364ea26392f9b4dd47e017ddaec74ff03aefc073b49e492e847201258f777?s=96&d=mm&r=g","caption":"Bati-journal"},"url":"https:\/\/batijournal.com\/index.php\/author\/elodie\/"}]}},"_links":{"self":[{"href":"https:\/\/batijournal.com\/index.php\/wp-json\/wp\/v2\/posts\/75671","targetHints":{"allow":["GET"]}}],"collection":[{"href":"https:\/\/batijournal.com\/index.php\/wp-json\/wp\/v2\/posts"}],"about":[{"href":"https:\/\/batijournal.com\/index.php\/wp-json\/wp\/v2\/types\/post"}],"author":[{"embeddable":true,"href":"https:\/\/batijournal.com\/index.php\/wp-json\/wp\/v2\/users\/1"}],"replies":[{"embeddable":true,"href":"https:\/\/batijournal.com\/index.php\/wp-json\/wp\/v2\/comments?post=75671"}],"version-history":[{"count":0,"href":"https:\/\/batijournal.com\/index.php\/wp-json\/wp\/v2\/posts\/75671\/revisions"}],"wp:featuredmedia":[{"embeddable":true,"href":"https:\/\/batijournal.com\/index.php\/wp-json\/wp\/v2\/media\/75672"}],"wp:attachment":[{"href":"https:\/\/batijournal.com\/index.php\/wp-json\/wp\/v2\/media?parent=75671"}],"wp:term":[{"taxonomy":"category","embeddable":true,"href":"https:\/\/batijournal.com\/index.php\/wp-json\/wp\/v2\/categories?post=75671"},{"taxonomy":"post_tag","embeddable":true,"href":"https:\/\/batijournal.com\/index.php\/wp-json\/wp\/v2\/tags?post=75671"}],"curies":[{"name":"wp","href":"https:\/\/api.w.org\/{rel}","templated":true}]}}