{"id":75677,"date":"2012-06-26T00:00:00","date_gmt":"2012-06-25T22:00:00","guid":{"rendered":"http:\/\/b.bati-journal.com\/dix-neuf-phares-vont-devenir-des-monuments-historiques\/75677"},"modified":"2019-07-15T11:18:15","modified_gmt":"2019-07-15T09:18:15","slug":"dix-neuf-phares-vont-devenir-des-monuments-historiques","status":"publish","type":"post","link":"https:\/\/batijournal.com\/index.php\/dix-neuf-phares-vont-devenir-des-monuments-historiques\/75677\/","title":{"rendered":"Dix-neuf phares vont devenir des monuments historiques"},"content":{"rendered":"<p>A l&rsquo;issue de la s\u00e9ance du 15 juin 2012 de la Commission nationale des monuments historiques a d\u00e9cid\u00e9 de classer dix-neuf phares et anciens phares du littoral fran\u00e7ais. Il s&rsquo;agit de la seconde s\u00e9ance th\u00e9matique, dans toutes les r\u00e9gions, consacr\u00e9e aux phares de France, dans le cadre de la campagne d&rsquo;inventaire et de protection de ces \u00e9difices lanc\u00e9e en 2000. En effet, 17 phares, situ\u00e9s en Bretagne, en Corse, en Nord-Pas-de-Calais, en Basse-Normandie et en Haute-Normandie, avaient \u00e9t\u00e9 class\u00e9s \u00e0 l&rsquo;issue de la premi\u00e8re s\u00e9ance de la Commission nationale des monuments historiques r\u00e9unie en novembre 2010; la deuxi\u00e8me a examin\u00e9 des ouvrages des r\u00e9gions Languedoc-Roussillon, Pays de la Loire, Picardie, Poitou-Charentes, Provence-Alpes-C\u00f4te d&rsquo;Azur et La R\u00e9union, et de l&rsquo;archipel de Saint-Pierre-et-Miquelon. Les arr\u00eat\u00e9s de classement seront pris dans les mois qui viennent, sous r\u00e9serve de l&rsquo;accord de leurs propri\u00e9taires. Au total, 34 phares ou anciens phares seront donc class\u00e9s dans le cadre de cette campagne, et une quarantaine inscrits. Il a \u00e9t\u00e9 veill\u00e9 \u00e0 ce que les grandes p\u00e9riodes et typologies de construction des phares soient illustr\u00e9es par leurs \u00e9l\u00e9ments les plus complets, authentiques et repr\u00e9sentatifs. Avant cette campagne, seul le prestigieux phare de Cordouan, en Gironde, oeuvre magistrale de la Renaissance et de la fin du XVIIIe si\u00e8cle et quelques tours plus anciennes, \u00e9teintes depuis longtemps, \u00e9taient class\u00e9s au titre des monuments historiques.A l&rsquo;heure o\u00f9 les technologies nouvelles rendent moins \u00e9vidente l&rsquo;utilit\u00e9 de certains phares pour la navigation, l&rsquo;\u00fbtat reconna\u00eet ainsi l&rsquo;int\u00e9r\u00eat historique et architectural de ces ouvrages, qui comptent parmi les plus populaires du patrimoine national, et la n\u00e9cessit\u00e9 d&rsquo;assurer leur protection et leur conservation pour les g\u00e9n\u00e9rations futures. Ceux des phares fran\u00e7ais qui sont ouverts au public accueillent chaque ann\u00e9e pr\u00e8s de 600 000 visiteurs. Actuellement, une exposition leur est consacr\u00e9e, au mus\u00e9e national de la Marine, jusqu&rsquo;au 4 novembre 2012. Elle permet \u00e0 chacun d&rsquo;en appr\u00e9hender les aspects techniques, architecturaux, historiques et culturels.<\/p>\n","protected":false},"excerpt":{"rendered":"<p>A l&rsquo;issue de la s\u00e9ance du 15 juin 2012 de la Commission nationale des monuments historiques a d\u00e9cid\u00e9 de classer dix-neuf phares et anciens phares du littoral fran\u00e7ais. Il s&rsquo;agit de la seconde s\u00e9ance th\u00e9matique, dans toutes les r\u00e9gions, consacr\u00e9e aux phares de France, dans le cadre de la campagne d&rsquo;inventaire et de protection de [&hellip;]<\/p>\n","protected":false},"author":1,"featured_media":75678,"comment_status":"open","ping_status":"closed","sticky":false,"template":"","format":"standard","meta":{"_et_pb_use_builder":"","_et_pb_old_content":"","_et_gb_content_width":"","footnotes":""},"categories":[6340],"tags":[4474,8412],"class_list":["post-75677","post","type-post","status-publish","format-standard","has-post-thumbnail","hentry","category-architecture-conception","tag-monuments-historiques","tag-phare"],"yoast_head":"<!-- This site is optimized with the Yoast SEO plugin v27.4 - https:\/\/yoast.com\/product\/yoast-seo-wordpress\/ -->\n<title>Dix-neuf phares vont devenir des monuments historiques<\/title>\n<meta name=\"robots\" content=\"index, follow, max-snippet:-1, max-image-preview:large, max-video-preview:-1\" \/>\n<link rel=\"canonical\" href=\"https:\/\/batijournal.com\/index.php\/dix-neuf-phares-vont-devenir-des-monuments-historiques\/75677\/\" \/>\n<meta property=\"og:locale\" content=\"fr_FR\" \/>\n<meta property=\"og:type\" content=\"article\" \/>\n<meta property=\"og:title\" content=\"Dix-neuf phares vont devenir des monuments historiques\" \/>\n<meta property=\"og:description\" content=\"A l&rsquo;issue de la s\u00e9ance du 15 juin 2012 de la Commission nationale des monuments historiques a d\u00e9cid\u00e9 de classer dix-neuf phares et anciens phares du littoral fran\u00e7ais. Il s&rsquo;agit de la seconde s\u00e9ance th\u00e9matique, dans toutes les r\u00e9gions, consacr\u00e9e aux phares de France, dans le cadre de la campagne d&rsquo;inventaire et de protection de [&hellip;]\" \/>\n<meta property=\"og:url\" content=\"https:\/\/batijournal.com\/index.php\/dix-neuf-phares-vont-devenir-des-monuments-historiques\/75677\/\" \/>\n<meta property=\"og:site_name\" content=\"Batijournal\" \/>\n<meta property=\"article:published_time\" content=\"2012-06-25T22:00:00+00:00\" \/>\n<meta property=\"article:modified_time\" content=\"2019-07-15T09:18:15+00:00\" \/>\n<meta property=\"og:image\" content=\"https:\/\/batijournal.com\/wp-content\/uploads\/2015\/03\/47289554.jpg\" \/>\n\t<meta property=\"og:image:width\" content=\"600\" \/>\n\t<meta property=\"og:image:height\" content=\"600\" \/>\n\t<meta property=\"og:image:type\" content=\"image\/jpeg\" \/>\n<meta name=\"author\" content=\"Bati-journal\" \/>\n<meta name=\"twitter:card\" content=\"summary_large_image\" \/>\n<meta name=\"twitter:creator\" content=\"@bati_journal\" \/>\n<meta name=\"twitter:site\" content=\"@bati_journal\" \/>\n<meta name=\"twitter:label1\" content=\"\u00c9crit par\" \/>\n\t<meta name=\"twitter:data1\" content=\"Bati-journal\" \/>\n\t<meta name=\"twitter:label2\" content=\"Dur\u00e9e de lecture estim\u00e9e\" \/>\n\t<meta name=\"twitter:data2\" content=\"2 minutes\" \/>\n<script type=\"application\/ld+json\" class=\"yoast-schema-graph\">{\"@context\":\"https:\\\/\\\/schema.org\",\"@graph\":[{\"@type\":\"Article\",\"@id\":\"https:\\\/\\\/batijournal.com\\\/index.php\\\/dix-neuf-phares-vont-devenir-des-monuments-historiques\\\/75677\\\/#article\",\"isPartOf\":{\"@id\":\"https:\\\/\\\/batijournal.com\\\/index.php\\\/dix-neuf-phares-vont-devenir-des-monuments-historiques\\\/75677\\\/\"},\"author\":{\"name\":\"Bati-journal\",\"@id\":\"https:\\\/\\\/batijournal.com\\\/#\\\/schema\\\/person\\\/6a657e8967569e1b299972574848aa76\"},\"headline\":\"Dix-neuf phares vont devenir des monuments historiques\",\"datePublished\":\"2012-06-25T22:00:00+00:00\",\"dateModified\":\"2019-07-15T09:18:15+00:00\",\"mainEntityOfPage\":{\"@id\":\"https:\\\/\\\/batijournal.com\\\/index.php\\\/dix-neuf-phares-vont-devenir-des-monuments-historiques\\\/75677\\\/\"},\"wordCount\":366,\"commentCount\":0,\"image\":{\"@id\":\"https:\\\/\\\/batijournal.com\\\/index.php\\\/dix-neuf-phares-vont-devenir-des-monuments-historiques\\\/75677\\\/#primaryimage\"},\"thumbnailUrl\":\"https:\\\/\\\/batijournal.com\\\/wp-content\\\/uploads\\\/2015\\\/03\\\/47289554.jpg\",\"keywords\":[\"monuments historiques\",\"phare\"],\"articleSection\":[\"Architecture &amp; Conception\"],\"inLanguage\":\"fr-FR\",\"potentialAction\":[{\"@type\":\"CommentAction\",\"name\":\"Comment\",\"target\":[\"https:\\\/\\\/batijournal.com\\\/index.php\\\/dix-neuf-phares-vont-devenir-des-monuments-historiques\\\/75677\\\/#respond\"]}]},{\"@type\":\"WebPage\",\"@id\":\"https:\\\/\\\/batijournal.com\\\/index.php\\\/dix-neuf-phares-vont-devenir-des-monuments-historiques\\\/75677\\\/\",\"url\":\"https:\\\/\\\/batijournal.com\\\/index.php\\\/dix-neuf-phares-vont-devenir-des-monuments-historiques\\\/75677\\\/\",\"name\":\"Dix-neuf phares vont devenir des monuments historiques\",\"isPartOf\":{\"@id\":\"https:\\\/\\\/batijournal.com\\\/#website\"},\"primaryImageOfPage\":{\"@id\":\"https:\\\/\\\/batijournal.com\\\/index.php\\\/dix-neuf-phares-vont-devenir-des-monuments-historiques\\\/75677\\\/#primaryimage\"},\"image\":{\"@id\":\"https:\\\/\\\/batijournal.com\\\/index.php\\\/dix-neuf-phares-vont-devenir-des-monuments-historiques\\\/75677\\\/#primaryimage\"},\"thumbnailUrl\":\"https:\\\/\\\/batijournal.com\\\/wp-content\\\/uploads\\\/2015\\\/03\\\/47289554.jpg\",\"datePublished\":\"2012-06-25T22:00:00+00:00\",\"dateModified\":\"2019-07-15T09:18:15+00:00\",\"author\":{\"@id\":\"https:\\\/\\\/batijournal.com\\\/#\\\/schema\\\/person\\\/6a657e8967569e1b299972574848aa76\"},\"breadcrumb\":{\"@id\":\"https:\\\/\\\/batijournal.com\\\/index.php\\\/dix-neuf-phares-vont-devenir-des-monuments-historiques\\\/75677\\\/#breadcrumb\"},\"inLanguage\":\"fr-FR\",\"potentialAction\":[{\"@type\":\"ReadAction\",\"target\":[\"https:\\\/\\\/batijournal.com\\\/index.php\\\/dix-neuf-phares-vont-devenir-des-monuments-historiques\\\/75677\\\/\"]}]},{\"@type\":\"ImageObject\",\"inLanguage\":\"fr-FR\",\"@id\":\"https:\\\/\\\/batijournal.com\\\/index.php\\\/dix-neuf-phares-vont-devenir-des-monuments-historiques\\\/75677\\\/#primaryimage\",\"url\":\"https:\\\/\\\/batijournal.com\\\/wp-content\\\/uploads\\\/2015\\\/03\\\/47289554.jpg\",\"contentUrl\":\"https:\\\/\\\/batijournal.com\\\/wp-content\\\/uploads\\\/2015\\\/03\\\/47289554.jpg\",\"width\":600,\"height\":600},{\"@type\":\"BreadcrumbList\",\"@id\":\"https:\\\/\\\/batijournal.com\\\/index.php\\\/dix-neuf-phares-vont-devenir-des-monuments-historiques\\\/75677\\\/#breadcrumb\",\"itemListElement\":[{\"@type\":\"ListItem\",\"position\":1,\"name\":\"Accueil\",\"item\":\"https:\\\/\\\/batijournal.com\\\/\"},{\"@type\":\"ListItem\",\"position\":2,\"name\":\"Actualit\u00e9s\",\"item\":\"https:\\\/\\\/batijournal.com\\\/index.php\\\/category\\\/actualites\\\/\"},{\"@type\":\"ListItem\",\"position\":3,\"name\":\"Architecture &amp; Conception\",\"item\":\"https:\\\/\\\/batijournal.com\\\/index.php\\\/category\\\/actualites\\\/architecture-conception\\\/\"},{\"@type\":\"ListItem\",\"position\":4,\"name\":\"Dix-neuf phares vont devenir des monuments historiques\"}]},{\"@type\":\"WebSite\",\"@id\":\"https:\\\/\\\/batijournal.com\\\/#website\",\"url\":\"https:\\\/\\\/batijournal.com\\\/\",\"name\":\"Batijournal\",\"description\":\"L&#039;actualit\u00e9 du b\u00e2timent\",\"potentialAction\":[{\"@type\":\"SearchAction\",\"target\":{\"@type\":\"EntryPoint\",\"urlTemplate\":\"https:\\\/\\\/batijournal.com\\\/?s={search_term_string}\"},\"query-input\":{\"@type\":\"PropertyValueSpecification\",\"valueRequired\":true,\"valueName\":\"search_term_string\"}}],\"inLanguage\":\"fr-FR\"},{\"@type\":\"Person\",\"@id\":\"https:\\\/\\\/batijournal.com\\\/#\\\/schema\\\/person\\\/6a657e8967569e1b299972574848aa76\",\"name\":\"Bati-journal\",\"image\":{\"@type\":\"ImageObject\",\"inLanguage\":\"fr-FR\",\"@id\":\"https:\\\/\\\/secure.gravatar.com\\\/avatar\\\/a64364ea26392f9b4dd47e017ddaec74ff03aefc073b49e492e847201258f777?s=96&d=mm&r=g\",\"url\":\"https:\\\/\\\/secure.gravatar.com\\\/avatar\\\/a64364ea26392f9b4dd47e017ddaec74ff03aefc073b49e492e847201258f777?s=96&d=mm&r=g\",\"contentUrl\":\"https:\\\/\\\/secure.gravatar.com\\\/avatar\\\/a64364ea26392f9b4dd47e017ddaec74ff03aefc073b49e492e847201258f777?s=96&d=mm&r=g\",\"caption\":\"Bati-journal\"},\"url\":\"https:\\\/\\\/batijournal.com\\\/index.php\\\/author\\\/elodie\\\/\"}]}<\/script>\n<!-- \/ Yoast SEO plugin. -->","yoast_head_json":{"title":"Dix-neuf phares vont devenir des monuments historiques","robots":{"index":"index","follow":"follow","max-snippet":"max-snippet:-1","max-image-preview":"max-image-preview:large","max-video-preview":"max-video-preview:-1"},"canonical":"https:\/\/batijournal.com\/index.php\/dix-neuf-phares-vont-devenir-des-monuments-historiques\/75677\/","og_locale":"fr_FR","og_type":"article","og_title":"Dix-neuf phares vont devenir des monuments historiques","og_description":"A l&rsquo;issue de la s\u00e9ance du 15 juin 2012 de la Commission nationale des monuments historiques a d\u00e9cid\u00e9 de classer dix-neuf phares et anciens phares du littoral fran\u00e7ais. Il s&rsquo;agit de la seconde s\u00e9ance th\u00e9matique, dans toutes les r\u00e9gions, consacr\u00e9e aux phares de France, dans le cadre de la campagne d&rsquo;inventaire et de protection de [&hellip;]","og_url":"https:\/\/batijournal.com\/index.php\/dix-neuf-phares-vont-devenir-des-monuments-historiques\/75677\/","og_site_name":"Batijournal","article_published_time":"2012-06-25T22:00:00+00:00","article_modified_time":"2019-07-15T09:18:15+00:00","og_image":[{"width":600,"height":600,"url":"https:\/\/batijournal.com\/wp-content\/uploads\/2015\/03\/47289554.jpg","type":"image\/jpeg"}],"author":"Bati-journal","twitter_card":"summary_large_image","twitter_creator":"@bati_journal","twitter_site":"@bati_journal","twitter_misc":{"\u00c9crit par":"Bati-journal","Dur\u00e9e de lecture estim\u00e9e":"2 minutes"},"schema":{"@context":"https:\/\/schema.org","@graph":[{"@type":"Article","@id":"https:\/\/batijournal.com\/index.php\/dix-neuf-phares-vont-devenir-des-monuments-historiques\/75677\/#article","isPartOf":{"@id":"https:\/\/batijournal.com\/index.php\/dix-neuf-phares-vont-devenir-des-monuments-historiques\/75677\/"},"author":{"name":"Bati-journal","@id":"https:\/\/batijournal.com\/#\/schema\/person\/6a657e8967569e1b299972574848aa76"},"headline":"Dix-neuf phares vont devenir des monuments historiques","datePublished":"2012-06-25T22:00:00+00:00","dateModified":"2019-07-15T09:18:15+00:00","mainEntityOfPage":{"@id":"https:\/\/batijournal.com\/index.php\/dix-neuf-phares-vont-devenir-des-monuments-historiques\/75677\/"},"wordCount":366,"commentCount":0,"image":{"@id":"https:\/\/batijournal.com\/index.php\/dix-neuf-phares-vont-devenir-des-monuments-historiques\/75677\/#primaryimage"},"thumbnailUrl":"https:\/\/batijournal.com\/wp-content\/uploads\/2015\/03\/47289554.jpg","keywords":["monuments historiques","phare"],"articleSection":["Architecture &amp; Conception"],"inLanguage":"fr-FR","potentialAction":[{"@type":"CommentAction","name":"Comment","target":["https:\/\/batijournal.com\/index.php\/dix-neuf-phares-vont-devenir-des-monuments-historiques\/75677\/#respond"]}]},{"@type":"WebPage","@id":"https:\/\/batijournal.com\/index.php\/dix-neuf-phares-vont-devenir-des-monuments-historiques\/75677\/","url":"https:\/\/batijournal.com\/index.php\/dix-neuf-phares-vont-devenir-des-monuments-historiques\/75677\/","name":"Dix-neuf phares vont devenir des monuments historiques","isPartOf":{"@id":"https:\/\/batijournal.com\/#website"},"primaryImageOfPage":{"@id":"https:\/\/batijournal.com\/index.php\/dix-neuf-phares-vont-devenir-des-monuments-historiques\/75677\/#primaryimage"},"image":{"@id":"https:\/\/batijournal.com\/index.php\/dix-neuf-phares-vont-devenir-des-monuments-historiques\/75677\/#primaryimage"},"thumbnailUrl":"https:\/\/batijournal.com\/wp-content\/uploads\/2015\/03\/47289554.jpg","datePublished":"2012-06-25T22:00:00+00:00","dateModified":"2019-07-15T09:18:15+00:00","author":{"@id":"https:\/\/batijournal.com\/#\/schema\/person\/6a657e8967569e1b299972574848aa76"},"breadcrumb":{"@id":"https:\/\/batijournal.com\/index.php\/dix-neuf-phares-vont-devenir-des-monuments-historiques\/75677\/#breadcrumb"},"inLanguage":"fr-FR","potentialAction":[{"@type":"ReadAction","target":["https:\/\/batijournal.com\/index.php\/dix-neuf-phares-vont-devenir-des-monuments-historiques\/75677\/"]}]},{"@type":"ImageObject","inLanguage":"fr-FR","@id":"https:\/\/batijournal.com\/index.php\/dix-neuf-phares-vont-devenir-des-monuments-historiques\/75677\/#primaryimage","url":"https:\/\/batijournal.com\/wp-content\/uploads\/2015\/03\/47289554.jpg","contentUrl":"https:\/\/batijournal.com\/wp-content\/uploads\/2015\/03\/47289554.jpg","width":600,"height":600},{"@type":"BreadcrumbList","@id":"https:\/\/batijournal.com\/index.php\/dix-neuf-phares-vont-devenir-des-monuments-historiques\/75677\/#breadcrumb","itemListElement":[{"@type":"ListItem","position":1,"name":"Accueil","item":"https:\/\/batijournal.com\/"},{"@type":"ListItem","position":2,"name":"Actualit\u00e9s","item":"https:\/\/batijournal.com\/index.php\/category\/actualites\/"},{"@type":"ListItem","position":3,"name":"Architecture &amp; Conception","item":"https:\/\/batijournal.com\/index.php\/category\/actualites\/architecture-conception\/"},{"@type":"ListItem","position":4,"name":"Dix-neuf phares vont devenir des monuments historiques"}]},{"@type":"WebSite","@id":"https:\/\/batijournal.com\/#website","url":"https:\/\/batijournal.com\/","name":"Batijournal","description":"L&#039;actualit\u00e9 du b\u00e2timent","potentialAction":[{"@type":"SearchAction","target":{"@type":"EntryPoint","urlTemplate":"https:\/\/batijournal.com\/?s={search_term_string}"},"query-input":{"@type":"PropertyValueSpecification","valueRequired":true,"valueName":"search_term_string"}}],"inLanguage":"fr-FR"},{"@type":"Person","@id":"https:\/\/batijournal.com\/#\/schema\/person\/6a657e8967569e1b299972574848aa76","name":"Bati-journal","image":{"@type":"ImageObject","inLanguage":"fr-FR","@id":"https:\/\/secure.gravatar.com\/avatar\/a64364ea26392f9b4dd47e017ddaec74ff03aefc073b49e492e847201258f777?s=96&d=mm&r=g","url":"https:\/\/secure.gravatar.com\/avatar\/a64364ea26392f9b4dd47e017ddaec74ff03aefc073b49e492e847201258f777?s=96&d=mm&r=g","contentUrl":"https:\/\/secure.gravatar.com\/avatar\/a64364ea26392f9b4dd47e017ddaec74ff03aefc073b49e492e847201258f777?s=96&d=mm&r=g","caption":"Bati-journal"},"url":"https:\/\/batijournal.com\/index.php\/author\/elodie\/"}]}},"_links":{"self":[{"href":"https:\/\/batijournal.com\/index.php\/wp-json\/wp\/v2\/posts\/75677","targetHints":{"allow":["GET"]}}],"collection":[{"href":"https:\/\/batijournal.com\/index.php\/wp-json\/wp\/v2\/posts"}],"about":[{"href":"https:\/\/batijournal.com\/index.php\/wp-json\/wp\/v2\/types\/post"}],"author":[{"embeddable":true,"href":"https:\/\/batijournal.com\/index.php\/wp-json\/wp\/v2\/users\/1"}],"replies":[{"embeddable":true,"href":"https:\/\/batijournal.com\/index.php\/wp-json\/wp\/v2\/comments?post=75677"}],"version-history":[{"count":0,"href":"https:\/\/batijournal.com\/index.php\/wp-json\/wp\/v2\/posts\/75677\/revisions"}],"wp:featuredmedia":[{"embeddable":true,"href":"https:\/\/batijournal.com\/index.php\/wp-json\/wp\/v2\/media\/75678"}],"wp:attachment":[{"href":"https:\/\/batijournal.com\/index.php\/wp-json\/wp\/v2\/media?parent=75677"}],"wp:term":[{"taxonomy":"category","embeddable":true,"href":"https:\/\/batijournal.com\/index.php\/wp-json\/wp\/v2\/categories?post=75677"},{"taxonomy":"post_tag","embeddable":true,"href":"https:\/\/batijournal.com\/index.php\/wp-json\/wp\/v2\/tags?post=75677"}],"curies":[{"name":"wp","href":"https:\/\/api.w.org\/{rel}","templated":true}]}}