{"id":75683,"date":"2012-07-04T00:00:00","date_gmt":"2012-07-03T22:00:00","guid":{"rendered":"http:\/\/b.bati-journal.com\/le-bassin-minier-du-nord-pas-de-calais-inscrit-au-patrimoine-mondial\/75683"},"modified":"2019-07-15T11:18:14","modified_gmt":"2019-07-15T09:18:14","slug":"le-bassin-minier-du-nord-pas-de-calais-inscrit-au-patrimoine-mondial","status":"publish","type":"post","link":"https:\/\/batijournal.com\/index.php\/le-bassin-minier-du-nord-pas-de-calais-inscrit-au-patrimoine-mondial\/75683\/","title":{"rendered":"Le Bassin minier du Nord-Pas-de-Calais inscrit au patrimoine mondial !"},"content":{"rendered":"<p>Le Bassin minier du Nord-Pas-de-Calais a \u00e9t\u00e9 inscrit sur la Liste du patrimoine mondial de l&rsquo;Unesco le 30 juin 2012, au cours de la 36\u00e8me session du Comit\u00e9 du patrimoine mondial r\u00e9uni \u00e0 Saint-P\u00e9tersbourg en Russie. Avec cette inscription, le Comit\u00e9 du patrimoine mondial reconnait la valeur universelle et exceptionnelle de ce paysage tout \u00e0 la fois culturel, industriel et social qui rend hommage au monde disparu de la mine. Le Bassin minier Nord-Pas-de-Calais est un bassin houiller qui s&rsquo;\u00e9tend sur 120 km et traverse les d\u00e9partements du Nord et du Pas-de-Calais. Terrils, puits de mine, chevalements, installations de traitement et de transport du charbon, cit\u00e9s ouvri\u00e8res avec leurs \u00e9coles, leurs dispensaires, forment un paysage particulier cr\u00e9\u00e9 par et pour la mine. Il porte aujourd&rsquo;hui t\u00e9moignage de la vie et du travail de g\u00e9n\u00e9rations d&rsquo;ouvriers, venus bien souvent d&rsquo;au-del\u00e0 des fronti\u00e8res, pour participer \u00e0 la croissance et la reconstruction du pays. La ministre de la Culture et de la communication Aur\u00e9lie Filippetti se r\u00e9jouit que l&rsquo;Unesco consacre ainsi une m\u00e9moire, celle du monde du travail et du monde industriel, comme partie int\u00e9grante de notre patrimoine collectif. Cette nouvelle inscription porte \u00e0 38 le nombre de biens culturels et naturels fran\u00e7ais inscrits sur la liste du patrimoine mondial de l&rsquo;Unesco.<\/p>\n","protected":false},"excerpt":{"rendered":"<p>Le Bassin minier du Nord-Pas-de-Calais a \u00e9t\u00e9 inscrit sur la Liste du patrimoine mondial de l&rsquo;Unesco le 30 juin 2012, au cours de la 36\u00e8me session du Comit\u00e9 du patrimoine mondial r\u00e9uni \u00e0 Saint-P\u00e9tersbourg en Russie. Avec cette inscription, le Comit\u00e9 du patrimoine mondial reconnait la valeur universelle et exceptionnelle de ce paysage tout \u00e0 [&hellip;]<\/p>\n","protected":false},"author":1,"featured_media":0,"comment_status":"open","ping_status":"closed","sticky":false,"template":"","format":"standard","meta":{"_et_pb_use_builder":"","_et_pb_old_content":"","_et_gb_content_width":"","footnotes":""},"categories":[6340],"tags":[],"class_list":["post-75683","post","type-post","status-publish","format-standard","hentry","category-architecture-conception"],"yoast_head":"<!-- This site is optimized with the Yoast SEO plugin v27.4 - https:\/\/yoast.com\/product\/yoast-seo-wordpress\/ -->\n<title>Le Bassin minier du Nord-Pas-de-Calais inscrit au patrimoine mondial !<\/title>\n<meta name=\"robots\" content=\"index, follow, max-snippet:-1, max-image-preview:large, max-video-preview:-1\" \/>\n<link rel=\"canonical\" href=\"https:\/\/batijournal.com\/index.php\/le-bassin-minier-du-nord-pas-de-calais-inscrit-au-patrimoine-mondial\/75683\/\" \/>\n<meta property=\"og:locale\" content=\"fr_FR\" \/>\n<meta property=\"og:type\" content=\"article\" \/>\n<meta property=\"og:title\" content=\"Le Bassin minier du Nord-Pas-de-Calais inscrit au patrimoine mondial !\" \/>\n<meta property=\"og:description\" content=\"Le Bassin minier du Nord-Pas-de-Calais a \u00e9t\u00e9 inscrit sur la Liste du patrimoine mondial de l&rsquo;Unesco le 30 juin 2012, au cours de la 36\u00e8me session du Comit\u00e9 du patrimoine mondial r\u00e9uni \u00e0 Saint-P\u00e9tersbourg en Russie. Avec cette inscription, le Comit\u00e9 du patrimoine mondial reconnait la valeur universelle et exceptionnelle de ce paysage tout \u00e0 [&hellip;]\" \/>\n<meta property=\"og:url\" content=\"https:\/\/batijournal.com\/index.php\/le-bassin-minier-du-nord-pas-de-calais-inscrit-au-patrimoine-mondial\/75683\/\" \/>\n<meta property=\"og:site_name\" content=\"Batijournal\" \/>\n<meta property=\"article:published_time\" content=\"2012-07-03T22:00:00+00:00\" \/>\n<meta property=\"article:modified_time\" content=\"2019-07-15T09:18:14+00:00\" \/>\n<meta name=\"author\" content=\"Bati-journal\" \/>\n<meta name=\"twitter:card\" content=\"summary_large_image\" \/>\n<meta name=\"twitter:creator\" content=\"@bati_journal\" \/>\n<meta name=\"twitter:site\" content=\"@bati_journal\" \/>\n<meta name=\"twitter:label1\" content=\"\u00c9crit par\" \/>\n\t<meta name=\"twitter:data1\" content=\"Bati-journal\" \/>\n\t<meta name=\"twitter:label2\" content=\"Dur\u00e9e de lecture estim\u00e9e\" \/>\n\t<meta name=\"twitter:data2\" content=\"1 minute\" \/>\n<script type=\"application\/ld+json\" class=\"yoast-schema-graph\">{\"@context\":\"https:\\\/\\\/schema.org\",\"@graph\":[{\"@type\":\"Article\",\"@id\":\"https:\\\/\\\/batijournal.com\\\/index.php\\\/le-bassin-minier-du-nord-pas-de-calais-inscrit-au-patrimoine-mondial\\\/75683\\\/#article\",\"isPartOf\":{\"@id\":\"https:\\\/\\\/batijournal.com\\\/index.php\\\/le-bassin-minier-du-nord-pas-de-calais-inscrit-au-patrimoine-mondial\\\/75683\\\/\"},\"author\":{\"name\":\"Bati-journal\",\"@id\":\"https:\\\/\\\/batijournal.com\\\/#\\\/schema\\\/person\\\/6a657e8967569e1b299972574848aa76\"},\"headline\":\"Le Bassin minier du Nord-Pas-de-Calais inscrit au patrimoine mondial !\",\"datePublished\":\"2012-07-03T22:00:00+00:00\",\"dateModified\":\"2019-07-15T09:18:14+00:00\",\"mainEntityOfPage\":{\"@id\":\"https:\\\/\\\/batijournal.com\\\/index.php\\\/le-bassin-minier-du-nord-pas-de-calais-inscrit-au-patrimoine-mondial\\\/75683\\\/\"},\"wordCount\":231,\"commentCount\":0,\"articleSection\":[\"Architecture &amp; Conception\"],\"inLanguage\":\"fr-FR\",\"potentialAction\":[{\"@type\":\"CommentAction\",\"name\":\"Comment\",\"target\":[\"https:\\\/\\\/batijournal.com\\\/index.php\\\/le-bassin-minier-du-nord-pas-de-calais-inscrit-au-patrimoine-mondial\\\/75683\\\/#respond\"]}]},{\"@type\":\"WebPage\",\"@id\":\"https:\\\/\\\/batijournal.com\\\/index.php\\\/le-bassin-minier-du-nord-pas-de-calais-inscrit-au-patrimoine-mondial\\\/75683\\\/\",\"url\":\"https:\\\/\\\/batijournal.com\\\/index.php\\\/le-bassin-minier-du-nord-pas-de-calais-inscrit-au-patrimoine-mondial\\\/75683\\\/\",\"name\":\"Le Bassin minier du Nord-Pas-de-Calais inscrit au patrimoine mondial !\",\"isPartOf\":{\"@id\":\"https:\\\/\\\/batijournal.com\\\/#website\"},\"datePublished\":\"2012-07-03T22:00:00+00:00\",\"dateModified\":\"2019-07-15T09:18:14+00:00\",\"author\":{\"@id\":\"https:\\\/\\\/batijournal.com\\\/#\\\/schema\\\/person\\\/6a657e8967569e1b299972574848aa76\"},\"breadcrumb\":{\"@id\":\"https:\\\/\\\/batijournal.com\\\/index.php\\\/le-bassin-minier-du-nord-pas-de-calais-inscrit-au-patrimoine-mondial\\\/75683\\\/#breadcrumb\"},\"inLanguage\":\"fr-FR\",\"potentialAction\":[{\"@type\":\"ReadAction\",\"target\":[\"https:\\\/\\\/batijournal.com\\\/index.php\\\/le-bassin-minier-du-nord-pas-de-calais-inscrit-au-patrimoine-mondial\\\/75683\\\/\"]}]},{\"@type\":\"BreadcrumbList\",\"@id\":\"https:\\\/\\\/batijournal.com\\\/index.php\\\/le-bassin-minier-du-nord-pas-de-calais-inscrit-au-patrimoine-mondial\\\/75683\\\/#breadcrumb\",\"itemListElement\":[{\"@type\":\"ListItem\",\"position\":1,\"name\":\"Accueil\",\"item\":\"https:\\\/\\\/batijournal.com\\\/\"},{\"@type\":\"ListItem\",\"position\":2,\"name\":\"Actualit\u00e9s\",\"item\":\"https:\\\/\\\/batijournal.com\\\/index.php\\\/category\\\/actualites\\\/\"},{\"@type\":\"ListItem\",\"position\":3,\"name\":\"Architecture &amp; Conception\",\"item\":\"https:\\\/\\\/batijournal.com\\\/index.php\\\/category\\\/actualites\\\/architecture-conception\\\/\"},{\"@type\":\"ListItem\",\"position\":4,\"name\":\"Le Bassin minier du Nord-Pas-de-Calais inscrit au patrimoine mondial !\"}]},{\"@type\":\"WebSite\",\"@id\":\"https:\\\/\\\/batijournal.com\\\/#website\",\"url\":\"https:\\\/\\\/batijournal.com\\\/\",\"name\":\"Batijournal\",\"description\":\"L&#039;actualit\u00e9 du b\u00e2timent\",\"potentialAction\":[{\"@type\":\"SearchAction\",\"target\":{\"@type\":\"EntryPoint\",\"urlTemplate\":\"https:\\\/\\\/batijournal.com\\\/?s={search_term_string}\"},\"query-input\":{\"@type\":\"PropertyValueSpecification\",\"valueRequired\":true,\"valueName\":\"search_term_string\"}}],\"inLanguage\":\"fr-FR\"},{\"@type\":\"Person\",\"@id\":\"https:\\\/\\\/batijournal.com\\\/#\\\/schema\\\/person\\\/6a657e8967569e1b299972574848aa76\",\"name\":\"Bati-journal\",\"image\":{\"@type\":\"ImageObject\",\"inLanguage\":\"fr-FR\",\"@id\":\"https:\\\/\\\/secure.gravatar.com\\\/avatar\\\/a64364ea26392f9b4dd47e017ddaec74ff03aefc073b49e492e847201258f777?s=96&d=mm&r=g\",\"url\":\"https:\\\/\\\/secure.gravatar.com\\\/avatar\\\/a64364ea26392f9b4dd47e017ddaec74ff03aefc073b49e492e847201258f777?s=96&d=mm&r=g\",\"contentUrl\":\"https:\\\/\\\/secure.gravatar.com\\\/avatar\\\/a64364ea26392f9b4dd47e017ddaec74ff03aefc073b49e492e847201258f777?s=96&d=mm&r=g\",\"caption\":\"Bati-journal\"},\"url\":\"https:\\\/\\\/batijournal.com\\\/index.php\\\/author\\\/elodie\\\/\"}]}<\/script>\n<!-- \/ Yoast SEO plugin. -->","yoast_head_json":{"title":"Le Bassin minier du Nord-Pas-de-Calais inscrit au patrimoine mondial !","robots":{"index":"index","follow":"follow","max-snippet":"max-snippet:-1","max-image-preview":"max-image-preview:large","max-video-preview":"max-video-preview:-1"},"canonical":"https:\/\/batijournal.com\/index.php\/le-bassin-minier-du-nord-pas-de-calais-inscrit-au-patrimoine-mondial\/75683\/","og_locale":"fr_FR","og_type":"article","og_title":"Le Bassin minier du Nord-Pas-de-Calais inscrit au patrimoine mondial !","og_description":"Le Bassin minier du Nord-Pas-de-Calais a \u00e9t\u00e9 inscrit sur la Liste du patrimoine mondial de l&rsquo;Unesco le 30 juin 2012, au cours de la 36\u00e8me session du Comit\u00e9 du patrimoine mondial r\u00e9uni \u00e0 Saint-P\u00e9tersbourg en Russie. Avec cette inscription, le Comit\u00e9 du patrimoine mondial reconnait la valeur universelle et exceptionnelle de ce paysage tout \u00e0 [&hellip;]","og_url":"https:\/\/batijournal.com\/index.php\/le-bassin-minier-du-nord-pas-de-calais-inscrit-au-patrimoine-mondial\/75683\/","og_site_name":"Batijournal","article_published_time":"2012-07-03T22:00:00+00:00","article_modified_time":"2019-07-15T09:18:14+00:00","author":"Bati-journal","twitter_card":"summary_large_image","twitter_creator":"@bati_journal","twitter_site":"@bati_journal","twitter_misc":{"\u00c9crit par":"Bati-journal","Dur\u00e9e de lecture estim\u00e9e":"1 minute"},"schema":{"@context":"https:\/\/schema.org","@graph":[{"@type":"Article","@id":"https:\/\/batijournal.com\/index.php\/le-bassin-minier-du-nord-pas-de-calais-inscrit-au-patrimoine-mondial\/75683\/#article","isPartOf":{"@id":"https:\/\/batijournal.com\/index.php\/le-bassin-minier-du-nord-pas-de-calais-inscrit-au-patrimoine-mondial\/75683\/"},"author":{"name":"Bati-journal","@id":"https:\/\/batijournal.com\/#\/schema\/person\/6a657e8967569e1b299972574848aa76"},"headline":"Le Bassin minier du Nord-Pas-de-Calais inscrit au patrimoine mondial !","datePublished":"2012-07-03T22:00:00+00:00","dateModified":"2019-07-15T09:18:14+00:00","mainEntityOfPage":{"@id":"https:\/\/batijournal.com\/index.php\/le-bassin-minier-du-nord-pas-de-calais-inscrit-au-patrimoine-mondial\/75683\/"},"wordCount":231,"commentCount":0,"articleSection":["Architecture &amp; Conception"],"inLanguage":"fr-FR","potentialAction":[{"@type":"CommentAction","name":"Comment","target":["https:\/\/batijournal.com\/index.php\/le-bassin-minier-du-nord-pas-de-calais-inscrit-au-patrimoine-mondial\/75683\/#respond"]}]},{"@type":"WebPage","@id":"https:\/\/batijournal.com\/index.php\/le-bassin-minier-du-nord-pas-de-calais-inscrit-au-patrimoine-mondial\/75683\/","url":"https:\/\/batijournal.com\/index.php\/le-bassin-minier-du-nord-pas-de-calais-inscrit-au-patrimoine-mondial\/75683\/","name":"Le Bassin minier du Nord-Pas-de-Calais inscrit au patrimoine mondial !","isPartOf":{"@id":"https:\/\/batijournal.com\/#website"},"datePublished":"2012-07-03T22:00:00+00:00","dateModified":"2019-07-15T09:18:14+00:00","author":{"@id":"https:\/\/batijournal.com\/#\/schema\/person\/6a657e8967569e1b299972574848aa76"},"breadcrumb":{"@id":"https:\/\/batijournal.com\/index.php\/le-bassin-minier-du-nord-pas-de-calais-inscrit-au-patrimoine-mondial\/75683\/#breadcrumb"},"inLanguage":"fr-FR","potentialAction":[{"@type":"ReadAction","target":["https:\/\/batijournal.com\/index.php\/le-bassin-minier-du-nord-pas-de-calais-inscrit-au-patrimoine-mondial\/75683\/"]}]},{"@type":"BreadcrumbList","@id":"https:\/\/batijournal.com\/index.php\/le-bassin-minier-du-nord-pas-de-calais-inscrit-au-patrimoine-mondial\/75683\/#breadcrumb","itemListElement":[{"@type":"ListItem","position":1,"name":"Accueil","item":"https:\/\/batijournal.com\/"},{"@type":"ListItem","position":2,"name":"Actualit\u00e9s","item":"https:\/\/batijournal.com\/index.php\/category\/actualites\/"},{"@type":"ListItem","position":3,"name":"Architecture &amp; Conception","item":"https:\/\/batijournal.com\/index.php\/category\/actualites\/architecture-conception\/"},{"@type":"ListItem","position":4,"name":"Le Bassin minier du Nord-Pas-de-Calais inscrit au patrimoine mondial !"}]},{"@type":"WebSite","@id":"https:\/\/batijournal.com\/#website","url":"https:\/\/batijournal.com\/","name":"Batijournal","description":"L&#039;actualit\u00e9 du b\u00e2timent","potentialAction":[{"@type":"SearchAction","target":{"@type":"EntryPoint","urlTemplate":"https:\/\/batijournal.com\/?s={search_term_string}"},"query-input":{"@type":"PropertyValueSpecification","valueRequired":true,"valueName":"search_term_string"}}],"inLanguage":"fr-FR"},{"@type":"Person","@id":"https:\/\/batijournal.com\/#\/schema\/person\/6a657e8967569e1b299972574848aa76","name":"Bati-journal","image":{"@type":"ImageObject","inLanguage":"fr-FR","@id":"https:\/\/secure.gravatar.com\/avatar\/a64364ea26392f9b4dd47e017ddaec74ff03aefc073b49e492e847201258f777?s=96&d=mm&r=g","url":"https:\/\/secure.gravatar.com\/avatar\/a64364ea26392f9b4dd47e017ddaec74ff03aefc073b49e492e847201258f777?s=96&d=mm&r=g","contentUrl":"https:\/\/secure.gravatar.com\/avatar\/a64364ea26392f9b4dd47e017ddaec74ff03aefc073b49e492e847201258f777?s=96&d=mm&r=g","caption":"Bati-journal"},"url":"https:\/\/batijournal.com\/index.php\/author\/elodie\/"}]}},"_links":{"self":[{"href":"https:\/\/batijournal.com\/index.php\/wp-json\/wp\/v2\/posts\/75683","targetHints":{"allow":["GET"]}}],"collection":[{"href":"https:\/\/batijournal.com\/index.php\/wp-json\/wp\/v2\/posts"}],"about":[{"href":"https:\/\/batijournal.com\/index.php\/wp-json\/wp\/v2\/types\/post"}],"author":[{"embeddable":true,"href":"https:\/\/batijournal.com\/index.php\/wp-json\/wp\/v2\/users\/1"}],"replies":[{"embeddable":true,"href":"https:\/\/batijournal.com\/index.php\/wp-json\/wp\/v2\/comments?post=75683"}],"version-history":[{"count":0,"href":"https:\/\/batijournal.com\/index.php\/wp-json\/wp\/v2\/posts\/75683\/revisions"}],"wp:attachment":[{"href":"https:\/\/batijournal.com\/index.php\/wp-json\/wp\/v2\/media?parent=75683"}],"wp:term":[{"taxonomy":"category","embeddable":true,"href":"https:\/\/batijournal.com\/index.php\/wp-json\/wp\/v2\/categories?post=75683"},{"taxonomy":"post_tag","embeddable":true,"href":"https:\/\/batijournal.com\/index.php\/wp-json\/wp\/v2\/tags?post=75683"}],"curies":[{"name":"wp","href":"https:\/\/api.w.org\/{rel}","templated":true}]}}