{"id":75685,"date":"2012-07-16T00:00:00","date_gmt":"2012-07-15T22:00:00","guid":{"rendered":"http:\/\/b.bati-journal.com\/de-plus-en-plus-de-francais-visitent-les-sites-historiques-et-patrimoniaux\/75685"},"modified":"2019-07-15T11:18:14","modified_gmt":"2019-07-15T09:18:14","slug":"de-plus-en-plus-de-francais-visitent-les-sites-historiques-et-patrimoniaux","status":"publish","type":"post","link":"https:\/\/batijournal.com\/index.php\/de-plus-en-plus-de-francais-visitent-les-sites-historiques-et-patrimoniaux\/75685\/","title":{"rendered":"De plus en plus de Fran\u00e7ais visitent les sites historiques et patrimoniaux"},"content":{"rendered":"<p>Le minist\u00e8re de la Culture et de la Communication annonce les conclusions de l&rsquo;\u00e9tude, r\u00e9alis\u00e9e par le Centre de recherche pour l&rsquo;\u00e9tude et l&rsquo;observation des conditions de vie (CREDOC), \u00e0 la demande du d\u00e9partement des publics de la Direction g\u00e9n\u00e9rale des patrimoines. En 2011, 61% des Fran\u00e7ais ont visit\u00e9 un mus\u00e9e, une exposition, un monument ou un site historique. Les destinations les plus fr\u00e9quentes sont les monuments religieux, les palais et ch\u00e2teaux, les villes et pays d&rsquo;art et d&rsquo;histoire et les mus\u00e9es et expositions dans le domaine des beaux-arts. Viennent ensuite les mus\u00e9es et lieux d&rsquo;exposition consacr\u00e9s \u00e0 l&rsquo;art contemporain, \u00e0 la photographie ou \u00e0 l&rsquo;histoire et l&rsquo;arch\u00e9ologie, mais aussi les b\u00e2timents d&rsquo;architecture contemporaine, les grottes pr\u00e9historiques et sites arch\u00e9ologiques, les maisons d&rsquo;hommes ou de femmes illustres. Enfin, les mus\u00e9es et expositions consacr\u00e9s aux soci\u00e9t\u00e9s et aux civilisations, aux sciences et aux techniques, \u00e0 l&rsquo;architecture, au design et aux arts d\u00e9coratifs ainsi que les sites industriels et les lieux de m\u00e9moire (champs de bataille, m\u00e9moriaux) forment un groupe un peu moins visit\u00e9. Lorsqu&rsquo;on agr\u00e8ge l&rsquo;ensemble du public patrimonial et qu&rsquo;on s&rsquo;int\u00e9resse \u00e0 sa sociologie, il appara\u00eet que 57% des employ\u00e9s, 44% des ouvriers, 44% des bas revenus (moins de 1200\u00bb par mois et par personne) et 42% des non-dipl\u00f4m\u00e9s se classent dans la cat\u00e9gorie des visiteurs. Autrement dit, l&rsquo;acc\u00e8s aux lieux patrimoniaux s&rsquo;av\u00e8re beaucoup plus large qu&rsquo;il ne l&rsquo;\u00e9tait dans un pass\u00e9 r\u00e9cent.<\/p>\n","protected":false},"excerpt":{"rendered":"<p>Le minist\u00e8re de la Culture et de la Communication annonce les conclusions de l&rsquo;\u00e9tude, r\u00e9alis\u00e9e par le Centre de recherche pour l&rsquo;\u00e9tude et l&rsquo;observation des conditions de vie (CREDOC), \u00e0 la demande du d\u00e9partement des publics de la Direction g\u00e9n\u00e9rale des patrimoines. En 2011, 61% des Fran\u00e7ais ont visit\u00e9 un mus\u00e9e, une exposition, un monument [&hellip;]<\/p>\n","protected":false},"author":1,"featured_media":75686,"comment_status":"open","ping_status":"closed","sticky":false,"template":"","format":"standard","meta":{"_et_pb_use_builder":"","_et_pb_old_content":"","_et_gb_content_width":"","footnotes":""},"categories":[6340],"tags":[],"class_list":["post-75685","post","type-post","status-publish","format-standard","has-post-thumbnail","hentry","category-architecture-conception"],"yoast_head":"<!-- This site is optimized with the Yoast SEO plugin v27.4 - https:\/\/yoast.com\/product\/yoast-seo-wordpress\/ -->\n<title>De plus en plus de Fran\u00e7ais visitent les sites historiques et patrimoniaux<\/title>\n<meta name=\"robots\" content=\"index, follow, max-snippet:-1, max-image-preview:large, max-video-preview:-1\" \/>\n<link rel=\"canonical\" href=\"https:\/\/batijournal.com\/index.php\/de-plus-en-plus-de-francais-visitent-les-sites-historiques-et-patrimoniaux\/75685\/\" \/>\n<meta property=\"og:locale\" content=\"fr_FR\" \/>\n<meta property=\"og:type\" content=\"article\" \/>\n<meta property=\"og:title\" content=\"De plus en plus de Fran\u00e7ais visitent les sites historiques et patrimoniaux\" \/>\n<meta property=\"og:description\" content=\"Le minist\u00e8re de la Culture et de la Communication annonce les conclusions de l&rsquo;\u00e9tude, r\u00e9alis\u00e9e par le Centre de recherche pour l&rsquo;\u00e9tude et l&rsquo;observation des conditions de vie (CREDOC), \u00e0 la demande du d\u00e9partement des publics de la Direction g\u00e9n\u00e9rale des patrimoines. En 2011, 61% des Fran\u00e7ais ont visit\u00e9 un mus\u00e9e, une exposition, un monument [&hellip;]\" \/>\n<meta property=\"og:url\" content=\"https:\/\/batijournal.com\/index.php\/de-plus-en-plus-de-francais-visitent-les-sites-historiques-et-patrimoniaux\/75685\/\" \/>\n<meta property=\"og:site_name\" content=\"Batijournal\" \/>\n<meta property=\"article:published_time\" content=\"2012-07-15T22:00:00+00:00\" \/>\n<meta property=\"article:modified_time\" content=\"2019-07-15T09:18:14+00:00\" \/>\n<meta property=\"og:image\" content=\"https:\/\/batijournal.com\/wp-content\/uploads\/2015\/03\/48562167.jpg\" \/>\n\t<meta property=\"og:image:width\" content=\"600\" \/>\n\t<meta property=\"og:image:height\" content=\"450\" \/>\n\t<meta property=\"og:image:type\" content=\"image\/jpeg\" \/>\n<meta name=\"author\" content=\"Bati-journal\" \/>\n<meta name=\"twitter:card\" content=\"summary_large_image\" \/>\n<meta name=\"twitter:creator\" content=\"@bati_journal\" \/>\n<meta name=\"twitter:site\" content=\"@bati_journal\" \/>\n<meta name=\"twitter:label1\" content=\"\u00c9crit par\" \/>\n\t<meta name=\"twitter:data1\" content=\"Bati-journal\" \/>\n\t<meta name=\"twitter:label2\" content=\"Dur\u00e9e de lecture estim\u00e9e\" \/>\n\t<meta name=\"twitter:data2\" content=\"1 minute\" \/>\n<script type=\"application\/ld+json\" class=\"yoast-schema-graph\">{\"@context\":\"https:\\\/\\\/schema.org\",\"@graph\":[{\"@type\":\"Article\",\"@id\":\"https:\\\/\\\/batijournal.com\\\/index.php\\\/de-plus-en-plus-de-francais-visitent-les-sites-historiques-et-patrimoniaux\\\/75685\\\/#article\",\"isPartOf\":{\"@id\":\"https:\\\/\\\/batijournal.com\\\/index.php\\\/de-plus-en-plus-de-francais-visitent-les-sites-historiques-et-patrimoniaux\\\/75685\\\/\"},\"author\":{\"name\":\"Bati-journal\",\"@id\":\"https:\\\/\\\/batijournal.com\\\/#\\\/schema\\\/person\\\/6a657e8967569e1b299972574848aa76\"},\"headline\":\"De plus en plus de Fran\u00e7ais visitent les sites historiques et patrimoniaux\",\"datePublished\":\"2012-07-15T22:00:00+00:00\",\"dateModified\":\"2019-07-15T09:18:14+00:00\",\"mainEntityOfPage\":{\"@id\":\"https:\\\/\\\/batijournal.com\\\/index.php\\\/de-plus-en-plus-de-francais-visitent-les-sites-historiques-et-patrimoniaux\\\/75685\\\/\"},\"wordCount\":287,\"commentCount\":0,\"image\":{\"@id\":\"https:\\\/\\\/batijournal.com\\\/index.php\\\/de-plus-en-plus-de-francais-visitent-les-sites-historiques-et-patrimoniaux\\\/75685\\\/#primaryimage\"},\"thumbnailUrl\":\"https:\\\/\\\/batijournal.com\\\/wp-content\\\/uploads\\\/2015\\\/03\\\/48562167.jpg\",\"articleSection\":[\"Architecture &amp; Conception\"],\"inLanguage\":\"fr-FR\",\"potentialAction\":[{\"@type\":\"CommentAction\",\"name\":\"Comment\",\"target\":[\"https:\\\/\\\/batijournal.com\\\/index.php\\\/de-plus-en-plus-de-francais-visitent-les-sites-historiques-et-patrimoniaux\\\/75685\\\/#respond\"]}]},{\"@type\":\"WebPage\",\"@id\":\"https:\\\/\\\/batijournal.com\\\/index.php\\\/de-plus-en-plus-de-francais-visitent-les-sites-historiques-et-patrimoniaux\\\/75685\\\/\",\"url\":\"https:\\\/\\\/batijournal.com\\\/index.php\\\/de-plus-en-plus-de-francais-visitent-les-sites-historiques-et-patrimoniaux\\\/75685\\\/\",\"name\":\"De plus en plus de Fran\u00e7ais visitent les sites historiques et patrimoniaux\",\"isPartOf\":{\"@id\":\"https:\\\/\\\/batijournal.com\\\/#website\"},\"primaryImageOfPage\":{\"@id\":\"https:\\\/\\\/batijournal.com\\\/index.php\\\/de-plus-en-plus-de-francais-visitent-les-sites-historiques-et-patrimoniaux\\\/75685\\\/#primaryimage\"},\"image\":{\"@id\":\"https:\\\/\\\/batijournal.com\\\/index.php\\\/de-plus-en-plus-de-francais-visitent-les-sites-historiques-et-patrimoniaux\\\/75685\\\/#primaryimage\"},\"thumbnailUrl\":\"https:\\\/\\\/batijournal.com\\\/wp-content\\\/uploads\\\/2015\\\/03\\\/48562167.jpg\",\"datePublished\":\"2012-07-15T22:00:00+00:00\",\"dateModified\":\"2019-07-15T09:18:14+00:00\",\"author\":{\"@id\":\"https:\\\/\\\/batijournal.com\\\/#\\\/schema\\\/person\\\/6a657e8967569e1b299972574848aa76\"},\"breadcrumb\":{\"@id\":\"https:\\\/\\\/batijournal.com\\\/index.php\\\/de-plus-en-plus-de-francais-visitent-les-sites-historiques-et-patrimoniaux\\\/75685\\\/#breadcrumb\"},\"inLanguage\":\"fr-FR\",\"potentialAction\":[{\"@type\":\"ReadAction\",\"target\":[\"https:\\\/\\\/batijournal.com\\\/index.php\\\/de-plus-en-plus-de-francais-visitent-les-sites-historiques-et-patrimoniaux\\\/75685\\\/\"]}]},{\"@type\":\"ImageObject\",\"inLanguage\":\"fr-FR\",\"@id\":\"https:\\\/\\\/batijournal.com\\\/index.php\\\/de-plus-en-plus-de-francais-visitent-les-sites-historiques-et-patrimoniaux\\\/75685\\\/#primaryimage\",\"url\":\"https:\\\/\\\/batijournal.com\\\/wp-content\\\/uploads\\\/2015\\\/03\\\/48562167.jpg\",\"contentUrl\":\"https:\\\/\\\/batijournal.com\\\/wp-content\\\/uploads\\\/2015\\\/03\\\/48562167.jpg\",\"width\":600,\"height\":450},{\"@type\":\"BreadcrumbList\",\"@id\":\"https:\\\/\\\/batijournal.com\\\/index.php\\\/de-plus-en-plus-de-francais-visitent-les-sites-historiques-et-patrimoniaux\\\/75685\\\/#breadcrumb\",\"itemListElement\":[{\"@type\":\"ListItem\",\"position\":1,\"name\":\"Accueil\",\"item\":\"https:\\\/\\\/batijournal.com\\\/\"},{\"@type\":\"ListItem\",\"position\":2,\"name\":\"Actualit\u00e9s\",\"item\":\"https:\\\/\\\/batijournal.com\\\/index.php\\\/category\\\/actualites\\\/\"},{\"@type\":\"ListItem\",\"position\":3,\"name\":\"Architecture &amp; Conception\",\"item\":\"https:\\\/\\\/batijournal.com\\\/index.php\\\/category\\\/actualites\\\/architecture-conception\\\/\"},{\"@type\":\"ListItem\",\"position\":4,\"name\":\"De plus en plus de Fran\u00e7ais visitent les sites historiques et patrimoniaux\"}]},{\"@type\":\"WebSite\",\"@id\":\"https:\\\/\\\/batijournal.com\\\/#website\",\"url\":\"https:\\\/\\\/batijournal.com\\\/\",\"name\":\"Batijournal\",\"description\":\"L&#039;actualit\u00e9 du b\u00e2timent\",\"potentialAction\":[{\"@type\":\"SearchAction\",\"target\":{\"@type\":\"EntryPoint\",\"urlTemplate\":\"https:\\\/\\\/batijournal.com\\\/?s={search_term_string}\"},\"query-input\":{\"@type\":\"PropertyValueSpecification\",\"valueRequired\":true,\"valueName\":\"search_term_string\"}}],\"inLanguage\":\"fr-FR\"},{\"@type\":\"Person\",\"@id\":\"https:\\\/\\\/batijournal.com\\\/#\\\/schema\\\/person\\\/6a657e8967569e1b299972574848aa76\",\"name\":\"Bati-journal\",\"image\":{\"@type\":\"ImageObject\",\"inLanguage\":\"fr-FR\",\"@id\":\"https:\\\/\\\/secure.gravatar.com\\\/avatar\\\/a64364ea26392f9b4dd47e017ddaec74ff03aefc073b49e492e847201258f777?s=96&d=mm&r=g\",\"url\":\"https:\\\/\\\/secure.gravatar.com\\\/avatar\\\/a64364ea26392f9b4dd47e017ddaec74ff03aefc073b49e492e847201258f777?s=96&d=mm&r=g\",\"contentUrl\":\"https:\\\/\\\/secure.gravatar.com\\\/avatar\\\/a64364ea26392f9b4dd47e017ddaec74ff03aefc073b49e492e847201258f777?s=96&d=mm&r=g\",\"caption\":\"Bati-journal\"},\"url\":\"https:\\\/\\\/batijournal.com\\\/index.php\\\/author\\\/elodie\\\/\"}]}<\/script>\n<!-- \/ Yoast SEO plugin. -->","yoast_head_json":{"title":"De plus en plus de Fran\u00e7ais visitent les sites historiques et patrimoniaux","robots":{"index":"index","follow":"follow","max-snippet":"max-snippet:-1","max-image-preview":"max-image-preview:large","max-video-preview":"max-video-preview:-1"},"canonical":"https:\/\/batijournal.com\/index.php\/de-plus-en-plus-de-francais-visitent-les-sites-historiques-et-patrimoniaux\/75685\/","og_locale":"fr_FR","og_type":"article","og_title":"De plus en plus de Fran\u00e7ais visitent les sites historiques et patrimoniaux","og_description":"Le minist\u00e8re de la Culture et de la Communication annonce les conclusions de l&rsquo;\u00e9tude, r\u00e9alis\u00e9e par le Centre de recherche pour l&rsquo;\u00e9tude et l&rsquo;observation des conditions de vie (CREDOC), \u00e0 la demande du d\u00e9partement des publics de la Direction g\u00e9n\u00e9rale des patrimoines. En 2011, 61% des Fran\u00e7ais ont visit\u00e9 un mus\u00e9e, une exposition, un monument [&hellip;]","og_url":"https:\/\/batijournal.com\/index.php\/de-plus-en-plus-de-francais-visitent-les-sites-historiques-et-patrimoniaux\/75685\/","og_site_name":"Batijournal","article_published_time":"2012-07-15T22:00:00+00:00","article_modified_time":"2019-07-15T09:18:14+00:00","og_image":[{"width":600,"height":450,"url":"https:\/\/batijournal.com\/wp-content\/uploads\/2015\/03\/48562167.jpg","type":"image\/jpeg"}],"author":"Bati-journal","twitter_card":"summary_large_image","twitter_creator":"@bati_journal","twitter_site":"@bati_journal","twitter_misc":{"\u00c9crit par":"Bati-journal","Dur\u00e9e de lecture estim\u00e9e":"1 minute"},"schema":{"@context":"https:\/\/schema.org","@graph":[{"@type":"Article","@id":"https:\/\/batijournal.com\/index.php\/de-plus-en-plus-de-francais-visitent-les-sites-historiques-et-patrimoniaux\/75685\/#article","isPartOf":{"@id":"https:\/\/batijournal.com\/index.php\/de-plus-en-plus-de-francais-visitent-les-sites-historiques-et-patrimoniaux\/75685\/"},"author":{"name":"Bati-journal","@id":"https:\/\/batijournal.com\/#\/schema\/person\/6a657e8967569e1b299972574848aa76"},"headline":"De plus en plus de Fran\u00e7ais visitent les sites historiques et patrimoniaux","datePublished":"2012-07-15T22:00:00+00:00","dateModified":"2019-07-15T09:18:14+00:00","mainEntityOfPage":{"@id":"https:\/\/batijournal.com\/index.php\/de-plus-en-plus-de-francais-visitent-les-sites-historiques-et-patrimoniaux\/75685\/"},"wordCount":287,"commentCount":0,"image":{"@id":"https:\/\/batijournal.com\/index.php\/de-plus-en-plus-de-francais-visitent-les-sites-historiques-et-patrimoniaux\/75685\/#primaryimage"},"thumbnailUrl":"https:\/\/batijournal.com\/wp-content\/uploads\/2015\/03\/48562167.jpg","articleSection":["Architecture &amp; Conception"],"inLanguage":"fr-FR","potentialAction":[{"@type":"CommentAction","name":"Comment","target":["https:\/\/batijournal.com\/index.php\/de-plus-en-plus-de-francais-visitent-les-sites-historiques-et-patrimoniaux\/75685\/#respond"]}]},{"@type":"WebPage","@id":"https:\/\/batijournal.com\/index.php\/de-plus-en-plus-de-francais-visitent-les-sites-historiques-et-patrimoniaux\/75685\/","url":"https:\/\/batijournal.com\/index.php\/de-plus-en-plus-de-francais-visitent-les-sites-historiques-et-patrimoniaux\/75685\/","name":"De plus en plus de Fran\u00e7ais visitent les sites historiques et patrimoniaux","isPartOf":{"@id":"https:\/\/batijournal.com\/#website"},"primaryImageOfPage":{"@id":"https:\/\/batijournal.com\/index.php\/de-plus-en-plus-de-francais-visitent-les-sites-historiques-et-patrimoniaux\/75685\/#primaryimage"},"image":{"@id":"https:\/\/batijournal.com\/index.php\/de-plus-en-plus-de-francais-visitent-les-sites-historiques-et-patrimoniaux\/75685\/#primaryimage"},"thumbnailUrl":"https:\/\/batijournal.com\/wp-content\/uploads\/2015\/03\/48562167.jpg","datePublished":"2012-07-15T22:00:00+00:00","dateModified":"2019-07-15T09:18:14+00:00","author":{"@id":"https:\/\/batijournal.com\/#\/schema\/person\/6a657e8967569e1b299972574848aa76"},"breadcrumb":{"@id":"https:\/\/batijournal.com\/index.php\/de-plus-en-plus-de-francais-visitent-les-sites-historiques-et-patrimoniaux\/75685\/#breadcrumb"},"inLanguage":"fr-FR","potentialAction":[{"@type":"ReadAction","target":["https:\/\/batijournal.com\/index.php\/de-plus-en-plus-de-francais-visitent-les-sites-historiques-et-patrimoniaux\/75685\/"]}]},{"@type":"ImageObject","inLanguage":"fr-FR","@id":"https:\/\/batijournal.com\/index.php\/de-plus-en-plus-de-francais-visitent-les-sites-historiques-et-patrimoniaux\/75685\/#primaryimage","url":"https:\/\/batijournal.com\/wp-content\/uploads\/2015\/03\/48562167.jpg","contentUrl":"https:\/\/batijournal.com\/wp-content\/uploads\/2015\/03\/48562167.jpg","width":600,"height":450},{"@type":"BreadcrumbList","@id":"https:\/\/batijournal.com\/index.php\/de-plus-en-plus-de-francais-visitent-les-sites-historiques-et-patrimoniaux\/75685\/#breadcrumb","itemListElement":[{"@type":"ListItem","position":1,"name":"Accueil","item":"https:\/\/batijournal.com\/"},{"@type":"ListItem","position":2,"name":"Actualit\u00e9s","item":"https:\/\/batijournal.com\/index.php\/category\/actualites\/"},{"@type":"ListItem","position":3,"name":"Architecture &amp; Conception","item":"https:\/\/batijournal.com\/index.php\/category\/actualites\/architecture-conception\/"},{"@type":"ListItem","position":4,"name":"De plus en plus de Fran\u00e7ais visitent les sites historiques et patrimoniaux"}]},{"@type":"WebSite","@id":"https:\/\/batijournal.com\/#website","url":"https:\/\/batijournal.com\/","name":"Batijournal","description":"L&#039;actualit\u00e9 du b\u00e2timent","potentialAction":[{"@type":"SearchAction","target":{"@type":"EntryPoint","urlTemplate":"https:\/\/batijournal.com\/?s={search_term_string}"},"query-input":{"@type":"PropertyValueSpecification","valueRequired":true,"valueName":"search_term_string"}}],"inLanguage":"fr-FR"},{"@type":"Person","@id":"https:\/\/batijournal.com\/#\/schema\/person\/6a657e8967569e1b299972574848aa76","name":"Bati-journal","image":{"@type":"ImageObject","inLanguage":"fr-FR","@id":"https:\/\/secure.gravatar.com\/avatar\/a64364ea26392f9b4dd47e017ddaec74ff03aefc073b49e492e847201258f777?s=96&d=mm&r=g","url":"https:\/\/secure.gravatar.com\/avatar\/a64364ea26392f9b4dd47e017ddaec74ff03aefc073b49e492e847201258f777?s=96&d=mm&r=g","contentUrl":"https:\/\/secure.gravatar.com\/avatar\/a64364ea26392f9b4dd47e017ddaec74ff03aefc073b49e492e847201258f777?s=96&d=mm&r=g","caption":"Bati-journal"},"url":"https:\/\/batijournal.com\/index.php\/author\/elodie\/"}]}},"_links":{"self":[{"href":"https:\/\/batijournal.com\/index.php\/wp-json\/wp\/v2\/posts\/75685","targetHints":{"allow":["GET"]}}],"collection":[{"href":"https:\/\/batijournal.com\/index.php\/wp-json\/wp\/v2\/posts"}],"about":[{"href":"https:\/\/batijournal.com\/index.php\/wp-json\/wp\/v2\/types\/post"}],"author":[{"embeddable":true,"href":"https:\/\/batijournal.com\/index.php\/wp-json\/wp\/v2\/users\/1"}],"replies":[{"embeddable":true,"href":"https:\/\/batijournal.com\/index.php\/wp-json\/wp\/v2\/comments?post=75685"}],"version-history":[{"count":0,"href":"https:\/\/batijournal.com\/index.php\/wp-json\/wp\/v2\/posts\/75685\/revisions"}],"wp:featuredmedia":[{"embeddable":true,"href":"https:\/\/batijournal.com\/index.php\/wp-json\/wp\/v2\/media\/75686"}],"wp:attachment":[{"href":"https:\/\/batijournal.com\/index.php\/wp-json\/wp\/v2\/media?parent=75685"}],"wp:term":[{"taxonomy":"category","embeddable":true,"href":"https:\/\/batijournal.com\/index.php\/wp-json\/wp\/v2\/categories?post=75685"},{"taxonomy":"post_tag","embeddable":true,"href":"https:\/\/batijournal.com\/index.php\/wp-json\/wp\/v2\/tags?post=75685"}],"curies":[{"name":"wp","href":"https:\/\/api.w.org\/{rel}","templated":true}]}}