{"id":75691,"date":"2012-07-25T00:00:00","date_gmt":"2012-07-24T22:00:00","guid":{"rendered":"http:\/\/b.bati-journal.com\/developpement-et-protection-du-canal-du-midi\/75691"},"modified":"2019-07-15T11:18:13","modified_gmt":"2019-07-15T09:18:13","slug":"developpement-et-protection-du-canal-du-midi","status":"publish","type":"post","link":"https:\/\/batijournal.com\/index.php\/developpement-et-protection-du-canal-du-midi\/75691\/","title":{"rendered":"D\u00e9veloppement et protection du canal du Midi"},"content":{"rendered":"<p>Le comit\u00e9 de pilotage de la charte interr\u00e9gionale du canal du Midi a fait un point sur l&rsquo;\u00e9tat d&rsquo;avancement du sch\u00e9ma strat\u00e9gique de d\u00e9veloppement du canal, sur le projet de protections compl\u00e9mentaires aux abords du canal et les chantiers d&rsquo;abattage des platanes et de plantation. L&rsquo;Etat, VNF (Voies Navigables de France), les conseils r\u00e9gionaux, ainsi que d&rsquo;autres collectivit\u00e9s, conduisent un partenariat constructif autour du canal des Deux Mers pour restaurer la voie d&rsquo;eau, am\u00e9liorer les conditions d&rsquo;accueil des usagers et contribuer \u00e0 la pr\u00e9servation de l&rsquo;environnement et du patrimoine. Sign\u00e9e le 16 juillet 2009 \u00e0 Agen, la charte interr\u00e9gionale du canal des Deux Mers exprime les ambitions de ce partenariat pour valoriser le canal et les territoires travers\u00e9s.Le sch\u00e9ma de d\u00e9veloppement du canal des Deux-Mers doit concilier les enjeux de tous les acteurs et la dimension patrimoniale de l&rsquo;ouvrage. Il sera pr\u00e9sent\u00e9 fin 2012. Le projet de protections compl\u00e9mentaires aux abords du canal du Midi r\u00e9pond \u00e0 la demande du comit\u00e9 du patrimoine mondial. La France doit red\u00e9finir les limites des \u00ab zones tampons \u00bb et les protections aux abords du canal et des rigoles pour en pr\u00e9server la qualit\u00e9 paysag\u00e8re. Les contours de la zone sensible et de la zone d&rsquo;influence ont \u00e9t\u00e9 pr\u00e9cis\u00e9s, afin de modifier la \u00ab zone tampon \u00bb initialement d\u00e9finie par l&rsquo;inscription Unesco. VNF a pr\u00e9sent\u00e9 un point de situation concernant le chancre color\u00e9 du platane et le programme compl\u00e9mentaire d&rsquo;abattage engag\u00e9 cet \u00e9t\u00e9 pour faire face \u00e0 la croissance du nombre d&rsquo;arbres atteints. L&rsquo;\u00e9tablissement a fait part de l&rsquo;avancement des premiers chantiers de replantation dans le d\u00e9partement de l&rsquo;Aude.<\/p>\n","protected":false},"excerpt":{"rendered":"<p>Le comit\u00e9 de pilotage de la charte interr\u00e9gionale du canal du Midi a fait un point sur l&rsquo;\u00e9tat d&rsquo;avancement du sch\u00e9ma strat\u00e9gique de d\u00e9veloppement du canal, sur le projet de protections compl\u00e9mentaires aux abords du canal et les chantiers d&rsquo;abattage des platanes et de plantation. L&rsquo;Etat, VNF (Voies Navigables de France), les conseils r\u00e9gionaux, ainsi [&hellip;]<\/p>\n","protected":false},"author":1,"featured_media":75692,"comment_status":"open","ping_status":"closed","sticky":false,"template":"","format":"standard","meta":{"_et_pb_use_builder":"","_et_pb_old_content":"","_et_gb_content_width":"","footnotes":""},"categories":[6340],"tags":[],"class_list":["post-75691","post","type-post","status-publish","format-standard","has-post-thumbnail","hentry","category-architecture-conception"],"yoast_head":"<!-- This site is optimized with the Yoast SEO plugin v27.4 - https:\/\/yoast.com\/product\/yoast-seo-wordpress\/ -->\n<title>D\u00e9veloppement et protection du canal du Midi<\/title>\n<meta name=\"robots\" content=\"index, follow, max-snippet:-1, max-image-preview:large, max-video-preview:-1\" \/>\n<link rel=\"canonical\" href=\"https:\/\/batijournal.com\/index.php\/developpement-et-protection-du-canal-du-midi\/75691\/\" \/>\n<meta property=\"og:locale\" content=\"fr_FR\" \/>\n<meta property=\"og:type\" content=\"article\" \/>\n<meta property=\"og:title\" content=\"D\u00e9veloppement et protection du canal du Midi\" \/>\n<meta property=\"og:description\" content=\"Le comit\u00e9 de pilotage de la charte interr\u00e9gionale du canal du Midi a fait un point sur l&rsquo;\u00e9tat d&rsquo;avancement du sch\u00e9ma strat\u00e9gique de d\u00e9veloppement du canal, sur le projet de protections compl\u00e9mentaires aux abords du canal et les chantiers d&rsquo;abattage des platanes et de plantation. L&rsquo;Etat, VNF (Voies Navigables de France), les conseils r\u00e9gionaux, ainsi [&hellip;]\" \/>\n<meta property=\"og:url\" content=\"https:\/\/batijournal.com\/index.php\/developpement-et-protection-du-canal-du-midi\/75691\/\" \/>\n<meta property=\"og:site_name\" content=\"Batijournal\" \/>\n<meta property=\"article:published_time\" content=\"2012-07-24T22:00:00+00:00\" \/>\n<meta property=\"article:modified_time\" content=\"2019-07-15T09:18:13+00:00\" \/>\n<meta property=\"og:image\" content=\"https:\/\/batijournal.com\/wp-content\/uploads\/2015\/03\/49022596.jpg\" \/>\n\t<meta property=\"og:image:width\" content=\"600\" \/>\n\t<meta property=\"og:image:height\" content=\"450\" \/>\n\t<meta property=\"og:image:type\" content=\"image\/jpeg\" \/>\n<meta name=\"author\" content=\"Bati-journal\" \/>\n<meta name=\"twitter:card\" content=\"summary_large_image\" \/>\n<meta name=\"twitter:creator\" content=\"@bati_journal\" \/>\n<meta name=\"twitter:site\" content=\"@bati_journal\" \/>\n<meta name=\"twitter:label1\" content=\"\u00c9crit par\" \/>\n\t<meta name=\"twitter:data1\" content=\"Bati-journal\" \/>\n\t<meta name=\"twitter:label2\" content=\"Dur\u00e9e de lecture estim\u00e9e\" \/>\n\t<meta name=\"twitter:data2\" content=\"1 minute\" \/>\n<script type=\"application\/ld+json\" class=\"yoast-schema-graph\">{\"@context\":\"https:\\\/\\\/schema.org\",\"@graph\":[{\"@type\":\"Article\",\"@id\":\"https:\\\/\\\/batijournal.com\\\/index.php\\\/developpement-et-protection-du-canal-du-midi\\\/75691\\\/#article\",\"isPartOf\":{\"@id\":\"https:\\\/\\\/batijournal.com\\\/index.php\\\/developpement-et-protection-du-canal-du-midi\\\/75691\\\/\"},\"author\":{\"name\":\"Bati-journal\",\"@id\":\"https:\\\/\\\/batijournal.com\\\/#\\\/schema\\\/person\\\/6a657e8967569e1b299972574848aa76\"},\"headline\":\"D\u00e9veloppement et protection du canal du Midi\",\"datePublished\":\"2012-07-24T22:00:00+00:00\",\"dateModified\":\"2019-07-15T09:18:13+00:00\",\"mainEntityOfPage\":{\"@id\":\"https:\\\/\\\/batijournal.com\\\/index.php\\\/developpement-et-protection-du-canal-du-midi\\\/75691\\\/\"},\"wordCount\":305,\"commentCount\":0,\"image\":{\"@id\":\"https:\\\/\\\/batijournal.com\\\/index.php\\\/developpement-et-protection-du-canal-du-midi\\\/75691\\\/#primaryimage\"},\"thumbnailUrl\":\"https:\\\/\\\/batijournal.com\\\/wp-content\\\/uploads\\\/2015\\\/03\\\/49022596.jpg\",\"articleSection\":[\"Architecture &amp; Conception\"],\"inLanguage\":\"fr-FR\",\"potentialAction\":[{\"@type\":\"CommentAction\",\"name\":\"Comment\",\"target\":[\"https:\\\/\\\/batijournal.com\\\/index.php\\\/developpement-et-protection-du-canal-du-midi\\\/75691\\\/#respond\"]}]},{\"@type\":\"WebPage\",\"@id\":\"https:\\\/\\\/batijournal.com\\\/index.php\\\/developpement-et-protection-du-canal-du-midi\\\/75691\\\/\",\"url\":\"https:\\\/\\\/batijournal.com\\\/index.php\\\/developpement-et-protection-du-canal-du-midi\\\/75691\\\/\",\"name\":\"D\u00e9veloppement et protection du canal du Midi\",\"isPartOf\":{\"@id\":\"https:\\\/\\\/batijournal.com\\\/#website\"},\"primaryImageOfPage\":{\"@id\":\"https:\\\/\\\/batijournal.com\\\/index.php\\\/developpement-et-protection-du-canal-du-midi\\\/75691\\\/#primaryimage\"},\"image\":{\"@id\":\"https:\\\/\\\/batijournal.com\\\/index.php\\\/developpement-et-protection-du-canal-du-midi\\\/75691\\\/#primaryimage\"},\"thumbnailUrl\":\"https:\\\/\\\/batijournal.com\\\/wp-content\\\/uploads\\\/2015\\\/03\\\/49022596.jpg\",\"datePublished\":\"2012-07-24T22:00:00+00:00\",\"dateModified\":\"2019-07-15T09:18:13+00:00\",\"author\":{\"@id\":\"https:\\\/\\\/batijournal.com\\\/#\\\/schema\\\/person\\\/6a657e8967569e1b299972574848aa76\"},\"breadcrumb\":{\"@id\":\"https:\\\/\\\/batijournal.com\\\/index.php\\\/developpement-et-protection-du-canal-du-midi\\\/75691\\\/#breadcrumb\"},\"inLanguage\":\"fr-FR\",\"potentialAction\":[{\"@type\":\"ReadAction\",\"target\":[\"https:\\\/\\\/batijournal.com\\\/index.php\\\/developpement-et-protection-du-canal-du-midi\\\/75691\\\/\"]}]},{\"@type\":\"ImageObject\",\"inLanguage\":\"fr-FR\",\"@id\":\"https:\\\/\\\/batijournal.com\\\/index.php\\\/developpement-et-protection-du-canal-du-midi\\\/75691\\\/#primaryimage\",\"url\":\"https:\\\/\\\/batijournal.com\\\/wp-content\\\/uploads\\\/2015\\\/03\\\/49022596.jpg\",\"contentUrl\":\"https:\\\/\\\/batijournal.com\\\/wp-content\\\/uploads\\\/2015\\\/03\\\/49022596.jpg\",\"width\":600,\"height\":450},{\"@type\":\"BreadcrumbList\",\"@id\":\"https:\\\/\\\/batijournal.com\\\/index.php\\\/developpement-et-protection-du-canal-du-midi\\\/75691\\\/#breadcrumb\",\"itemListElement\":[{\"@type\":\"ListItem\",\"position\":1,\"name\":\"Accueil\",\"item\":\"https:\\\/\\\/batijournal.com\\\/\"},{\"@type\":\"ListItem\",\"position\":2,\"name\":\"Actualit\u00e9s\",\"item\":\"https:\\\/\\\/batijournal.com\\\/index.php\\\/category\\\/actualites\\\/\"},{\"@type\":\"ListItem\",\"position\":3,\"name\":\"Architecture &amp; Conception\",\"item\":\"https:\\\/\\\/batijournal.com\\\/index.php\\\/category\\\/actualites\\\/architecture-conception\\\/\"},{\"@type\":\"ListItem\",\"position\":4,\"name\":\"D\u00e9veloppement et protection du canal du Midi\"}]},{\"@type\":\"WebSite\",\"@id\":\"https:\\\/\\\/batijournal.com\\\/#website\",\"url\":\"https:\\\/\\\/batijournal.com\\\/\",\"name\":\"Batijournal\",\"description\":\"L&#039;actualit\u00e9 du b\u00e2timent\",\"potentialAction\":[{\"@type\":\"SearchAction\",\"target\":{\"@type\":\"EntryPoint\",\"urlTemplate\":\"https:\\\/\\\/batijournal.com\\\/?s={search_term_string}\"},\"query-input\":{\"@type\":\"PropertyValueSpecification\",\"valueRequired\":true,\"valueName\":\"search_term_string\"}}],\"inLanguage\":\"fr-FR\"},{\"@type\":\"Person\",\"@id\":\"https:\\\/\\\/batijournal.com\\\/#\\\/schema\\\/person\\\/6a657e8967569e1b299972574848aa76\",\"name\":\"Bati-journal\",\"image\":{\"@type\":\"ImageObject\",\"inLanguage\":\"fr-FR\",\"@id\":\"https:\\\/\\\/secure.gravatar.com\\\/avatar\\\/a64364ea26392f9b4dd47e017ddaec74ff03aefc073b49e492e847201258f777?s=96&d=mm&r=g\",\"url\":\"https:\\\/\\\/secure.gravatar.com\\\/avatar\\\/a64364ea26392f9b4dd47e017ddaec74ff03aefc073b49e492e847201258f777?s=96&d=mm&r=g\",\"contentUrl\":\"https:\\\/\\\/secure.gravatar.com\\\/avatar\\\/a64364ea26392f9b4dd47e017ddaec74ff03aefc073b49e492e847201258f777?s=96&d=mm&r=g\",\"caption\":\"Bati-journal\"},\"url\":\"https:\\\/\\\/batijournal.com\\\/index.php\\\/author\\\/elodie\\\/\"}]}<\/script>\n<!-- \/ Yoast SEO plugin. -->","yoast_head_json":{"title":"D\u00e9veloppement et protection du canal du Midi","robots":{"index":"index","follow":"follow","max-snippet":"max-snippet:-1","max-image-preview":"max-image-preview:large","max-video-preview":"max-video-preview:-1"},"canonical":"https:\/\/batijournal.com\/index.php\/developpement-et-protection-du-canal-du-midi\/75691\/","og_locale":"fr_FR","og_type":"article","og_title":"D\u00e9veloppement et protection du canal du Midi","og_description":"Le comit\u00e9 de pilotage de la charte interr\u00e9gionale du canal du Midi a fait un point sur l&rsquo;\u00e9tat d&rsquo;avancement du sch\u00e9ma strat\u00e9gique de d\u00e9veloppement du canal, sur le projet de protections compl\u00e9mentaires aux abords du canal et les chantiers d&rsquo;abattage des platanes et de plantation. L&rsquo;Etat, VNF (Voies Navigables de France), les conseils r\u00e9gionaux, ainsi [&hellip;]","og_url":"https:\/\/batijournal.com\/index.php\/developpement-et-protection-du-canal-du-midi\/75691\/","og_site_name":"Batijournal","article_published_time":"2012-07-24T22:00:00+00:00","article_modified_time":"2019-07-15T09:18:13+00:00","og_image":[{"width":600,"height":450,"url":"https:\/\/batijournal.com\/wp-content\/uploads\/2015\/03\/49022596.jpg","type":"image\/jpeg"}],"author":"Bati-journal","twitter_card":"summary_large_image","twitter_creator":"@bati_journal","twitter_site":"@bati_journal","twitter_misc":{"\u00c9crit par":"Bati-journal","Dur\u00e9e de lecture estim\u00e9e":"1 minute"},"schema":{"@context":"https:\/\/schema.org","@graph":[{"@type":"Article","@id":"https:\/\/batijournal.com\/index.php\/developpement-et-protection-du-canal-du-midi\/75691\/#article","isPartOf":{"@id":"https:\/\/batijournal.com\/index.php\/developpement-et-protection-du-canal-du-midi\/75691\/"},"author":{"name":"Bati-journal","@id":"https:\/\/batijournal.com\/#\/schema\/person\/6a657e8967569e1b299972574848aa76"},"headline":"D\u00e9veloppement et protection du canal du Midi","datePublished":"2012-07-24T22:00:00+00:00","dateModified":"2019-07-15T09:18:13+00:00","mainEntityOfPage":{"@id":"https:\/\/batijournal.com\/index.php\/developpement-et-protection-du-canal-du-midi\/75691\/"},"wordCount":305,"commentCount":0,"image":{"@id":"https:\/\/batijournal.com\/index.php\/developpement-et-protection-du-canal-du-midi\/75691\/#primaryimage"},"thumbnailUrl":"https:\/\/batijournal.com\/wp-content\/uploads\/2015\/03\/49022596.jpg","articleSection":["Architecture &amp; Conception"],"inLanguage":"fr-FR","potentialAction":[{"@type":"CommentAction","name":"Comment","target":["https:\/\/batijournal.com\/index.php\/developpement-et-protection-du-canal-du-midi\/75691\/#respond"]}]},{"@type":"WebPage","@id":"https:\/\/batijournal.com\/index.php\/developpement-et-protection-du-canal-du-midi\/75691\/","url":"https:\/\/batijournal.com\/index.php\/developpement-et-protection-du-canal-du-midi\/75691\/","name":"D\u00e9veloppement et protection du canal du Midi","isPartOf":{"@id":"https:\/\/batijournal.com\/#website"},"primaryImageOfPage":{"@id":"https:\/\/batijournal.com\/index.php\/developpement-et-protection-du-canal-du-midi\/75691\/#primaryimage"},"image":{"@id":"https:\/\/batijournal.com\/index.php\/developpement-et-protection-du-canal-du-midi\/75691\/#primaryimage"},"thumbnailUrl":"https:\/\/batijournal.com\/wp-content\/uploads\/2015\/03\/49022596.jpg","datePublished":"2012-07-24T22:00:00+00:00","dateModified":"2019-07-15T09:18:13+00:00","author":{"@id":"https:\/\/batijournal.com\/#\/schema\/person\/6a657e8967569e1b299972574848aa76"},"breadcrumb":{"@id":"https:\/\/batijournal.com\/index.php\/developpement-et-protection-du-canal-du-midi\/75691\/#breadcrumb"},"inLanguage":"fr-FR","potentialAction":[{"@type":"ReadAction","target":["https:\/\/batijournal.com\/index.php\/developpement-et-protection-du-canal-du-midi\/75691\/"]}]},{"@type":"ImageObject","inLanguage":"fr-FR","@id":"https:\/\/batijournal.com\/index.php\/developpement-et-protection-du-canal-du-midi\/75691\/#primaryimage","url":"https:\/\/batijournal.com\/wp-content\/uploads\/2015\/03\/49022596.jpg","contentUrl":"https:\/\/batijournal.com\/wp-content\/uploads\/2015\/03\/49022596.jpg","width":600,"height":450},{"@type":"BreadcrumbList","@id":"https:\/\/batijournal.com\/index.php\/developpement-et-protection-du-canal-du-midi\/75691\/#breadcrumb","itemListElement":[{"@type":"ListItem","position":1,"name":"Accueil","item":"https:\/\/batijournal.com\/"},{"@type":"ListItem","position":2,"name":"Actualit\u00e9s","item":"https:\/\/batijournal.com\/index.php\/category\/actualites\/"},{"@type":"ListItem","position":3,"name":"Architecture &amp; Conception","item":"https:\/\/batijournal.com\/index.php\/category\/actualites\/architecture-conception\/"},{"@type":"ListItem","position":4,"name":"D\u00e9veloppement et protection du canal du Midi"}]},{"@type":"WebSite","@id":"https:\/\/batijournal.com\/#website","url":"https:\/\/batijournal.com\/","name":"Batijournal","description":"L&#039;actualit\u00e9 du b\u00e2timent","potentialAction":[{"@type":"SearchAction","target":{"@type":"EntryPoint","urlTemplate":"https:\/\/batijournal.com\/?s={search_term_string}"},"query-input":{"@type":"PropertyValueSpecification","valueRequired":true,"valueName":"search_term_string"}}],"inLanguage":"fr-FR"},{"@type":"Person","@id":"https:\/\/batijournal.com\/#\/schema\/person\/6a657e8967569e1b299972574848aa76","name":"Bati-journal","image":{"@type":"ImageObject","inLanguage":"fr-FR","@id":"https:\/\/secure.gravatar.com\/avatar\/a64364ea26392f9b4dd47e017ddaec74ff03aefc073b49e492e847201258f777?s=96&d=mm&r=g","url":"https:\/\/secure.gravatar.com\/avatar\/a64364ea26392f9b4dd47e017ddaec74ff03aefc073b49e492e847201258f777?s=96&d=mm&r=g","contentUrl":"https:\/\/secure.gravatar.com\/avatar\/a64364ea26392f9b4dd47e017ddaec74ff03aefc073b49e492e847201258f777?s=96&d=mm&r=g","caption":"Bati-journal"},"url":"https:\/\/batijournal.com\/index.php\/author\/elodie\/"}]}},"_links":{"self":[{"href":"https:\/\/batijournal.com\/index.php\/wp-json\/wp\/v2\/posts\/75691","targetHints":{"allow":["GET"]}}],"collection":[{"href":"https:\/\/batijournal.com\/index.php\/wp-json\/wp\/v2\/posts"}],"about":[{"href":"https:\/\/batijournal.com\/index.php\/wp-json\/wp\/v2\/types\/post"}],"author":[{"embeddable":true,"href":"https:\/\/batijournal.com\/index.php\/wp-json\/wp\/v2\/users\/1"}],"replies":[{"embeddable":true,"href":"https:\/\/batijournal.com\/index.php\/wp-json\/wp\/v2\/comments?post=75691"}],"version-history":[{"count":0,"href":"https:\/\/batijournal.com\/index.php\/wp-json\/wp\/v2\/posts\/75691\/revisions"}],"wp:featuredmedia":[{"embeddable":true,"href":"https:\/\/batijournal.com\/index.php\/wp-json\/wp\/v2\/media\/75692"}],"wp:attachment":[{"href":"https:\/\/batijournal.com\/index.php\/wp-json\/wp\/v2\/media?parent=75691"}],"wp:term":[{"taxonomy":"category","embeddable":true,"href":"https:\/\/batijournal.com\/index.php\/wp-json\/wp\/v2\/categories?post=75691"},{"taxonomy":"post_tag","embeddable":true,"href":"https:\/\/batijournal.com\/index.php\/wp-json\/wp\/v2\/tags?post=75691"}],"curies":[{"name":"wp","href":"https:\/\/api.w.org\/{rel}","templated":true}]}}