{"id":75693,"date":"2012-07-25T00:00:00","date_gmt":"2012-07-24T22:00:00","guid":{"rendered":"http:\/\/b.bati-journal.com\/18-immeubles-orleanais-en-instance-de-classement\/75693"},"modified":"2019-07-15T11:18:13","modified_gmt":"2019-07-15T09:18:13","slug":"18-immeubles-orleanais-en-instance-de-classement","status":"publish","type":"post","link":"https:\/\/batijournal.com\/index.php\/18-immeubles-orleanais-en-instance-de-classement\/75693\/","title":{"rendered":"18 immeubles orl\u00e9anais en instance de classement"},"content":{"rendered":"<p>Aur\u00e9lie Filippetti, ministre de la Culture et de la communication, d\u00e9cide de placer sous le r\u00e9gime de l&rsquo;instance de classement au titre des monuments historiques, 18 immeubles formant le front sud de la rue des Carmes, \u00e0 Orl\u00e9ans. Les immeubles, construits du Moyen \u00c2ge au 18e si\u00e8cle, ont \u00e9t\u00e9 rep\u00e9r\u00e9s comme quartier historique par la zone de protection du patrimoine architectural, urbain et paysager (ZPPAUP) d&rsquo;Orl\u00e9ans, approuv\u00e9e en 2008. Le r\u00e8glement de la ZPPAUP les consid\u00e8re comme un tissu homog\u00e8ne, d&rsquo;une tr\u00e8s grande valeur d&rsquo;ensemble, qui doit \u00eatre prot\u00e9g\u00e9 et mis en valeur. Les fa\u00e7ades, en pierre ou \u00e0 pans de bois, dissimul\u00e9es aujourd&rsquo;hui sous l&rsquo;enduit, les cages d&rsquo;escalier, les caves remontant \u00e0 l&rsquo;\u00e9poque m\u00e9di\u00e9vale, constituent d&rsquo;authentiques et pr\u00e9cieux t\u00e9moins du patrimoine orl\u00e9anais. Par ailleurs, deux de ces immeubles, une maison \u00e0 pans de bois du 16e si\u00e8cle et un immeuble construit en 1794 par l&rsquo;architecte orl\u00e9anais Beno\u00eet Lebrun, ont fait l&rsquo;objet d&rsquo;une proposition d&rsquo;inscription au titre des monuments historiques, en totalit\u00e9, de la commission r\u00e9gionale du patrimoine et des sites (CRPS), le 19 novembre 2011. La d\u00e9molition de ces maisons a \u00e9t\u00e9 envisag\u00e9e dans le cadre du projet de zone d&rsquo;am\u00e9nagement concert\u00e9 (ZAC) Carmes-Madeleine, qui concerne la requalification du quartier ouest du centre-ville d&rsquo;Orl\u00e9ans et pr\u00e9voit un \u00e9largissement de la rue pour y accueillir le tramway. Apr\u00e8s d\u00e9claration d&rsquo;utilit\u00e9 publique de la ZAC par arr\u00eat\u00e9 pr\u00e9fectoral, le 13 avril 2012, des demandes de permis de d\u00e9molir ont \u00e9t\u00e9 d\u00e9pos\u00e9es pour les immeubles de la rue des Carmes.<\/p>\n","protected":false},"excerpt":{"rendered":"<p>Aur\u00e9lie Filippetti, ministre de la Culture et de la communication, d\u00e9cide de placer sous le r\u00e9gime de l&rsquo;instance de classement au titre des monuments historiques, 18 immeubles formant le front sud de la rue des Carmes, \u00e0 Orl\u00e9ans. Les immeubles, construits du Moyen \u00c2ge au 18e si\u00e8cle, ont \u00e9t\u00e9 rep\u00e9r\u00e9s comme quartier historique par la [&hellip;]<\/p>\n","protected":false},"author":1,"featured_media":0,"comment_status":"open","ping_status":"closed","sticky":false,"template":"","format":"standard","meta":{"_et_pb_use_builder":"","_et_pb_old_content":"","_et_gb_content_width":"","footnotes":""},"categories":[6340],"tags":[4472],"class_list":["post-75693","post","type-post","status-publish","format-standard","hentry","category-architecture-conception","tag-zppaup"],"yoast_head":"<!-- This site is optimized with the Yoast SEO plugin v27.4 - https:\/\/yoast.com\/product\/yoast-seo-wordpress\/ -->\n<title>18 immeubles orl\u00e9anais en instance de classement<\/title>\n<meta name=\"robots\" content=\"index, follow, max-snippet:-1, max-image-preview:large, max-video-preview:-1\" \/>\n<link rel=\"canonical\" href=\"https:\/\/batijournal.com\/index.php\/18-immeubles-orleanais-en-instance-de-classement\/75693\/\" \/>\n<meta property=\"og:locale\" content=\"fr_FR\" \/>\n<meta property=\"og:type\" content=\"article\" \/>\n<meta property=\"og:title\" content=\"18 immeubles orl\u00e9anais en instance de classement\" \/>\n<meta property=\"og:description\" content=\"Aur\u00e9lie Filippetti, ministre de la Culture et de la communication, d\u00e9cide de placer sous le r\u00e9gime de l&rsquo;instance de classement au titre des monuments historiques, 18 immeubles formant le front sud de la rue des Carmes, \u00e0 Orl\u00e9ans. Les immeubles, construits du Moyen \u00c2ge au 18e si\u00e8cle, ont \u00e9t\u00e9 rep\u00e9r\u00e9s comme quartier historique par la [&hellip;]\" \/>\n<meta property=\"og:url\" content=\"https:\/\/batijournal.com\/index.php\/18-immeubles-orleanais-en-instance-de-classement\/75693\/\" \/>\n<meta property=\"og:site_name\" content=\"Batijournal\" \/>\n<meta property=\"article:published_time\" content=\"2012-07-24T22:00:00+00:00\" \/>\n<meta property=\"article:modified_time\" content=\"2019-07-15T09:18:13+00:00\" \/>\n<meta name=\"author\" content=\"Bati-journal\" \/>\n<meta name=\"twitter:card\" content=\"summary_large_image\" \/>\n<meta name=\"twitter:creator\" content=\"@bati_journal\" \/>\n<meta name=\"twitter:site\" content=\"@bati_journal\" \/>\n<meta name=\"twitter:label1\" content=\"\u00c9crit par\" \/>\n\t<meta name=\"twitter:data1\" content=\"Bati-journal\" \/>\n\t<meta name=\"twitter:label2\" content=\"Dur\u00e9e de lecture estim\u00e9e\" \/>\n\t<meta name=\"twitter:data2\" content=\"1 minute\" \/>\n<script type=\"application\/ld+json\" class=\"yoast-schema-graph\">{\"@context\":\"https:\\\/\\\/schema.org\",\"@graph\":[{\"@type\":\"Article\",\"@id\":\"https:\\\/\\\/batijournal.com\\\/index.php\\\/18-immeubles-orleanais-en-instance-de-classement\\\/75693\\\/#article\",\"isPartOf\":{\"@id\":\"https:\\\/\\\/batijournal.com\\\/index.php\\\/18-immeubles-orleanais-en-instance-de-classement\\\/75693\\\/\"},\"author\":{\"name\":\"Bati-journal\",\"@id\":\"https:\\\/\\\/batijournal.com\\\/#\\\/schema\\\/person\\\/6a657e8967569e1b299972574848aa76\"},\"headline\":\"18 immeubles orl\u00e9anais en instance de classement\",\"datePublished\":\"2012-07-24T22:00:00+00:00\",\"dateModified\":\"2019-07-15T09:18:13+00:00\",\"mainEntityOfPage\":{\"@id\":\"https:\\\/\\\/batijournal.com\\\/index.php\\\/18-immeubles-orleanais-en-instance-de-classement\\\/75693\\\/\"},\"wordCount\":297,\"commentCount\":0,\"keywords\":[\"zppaup\"],\"articleSection\":[\"Architecture &amp; Conception\"],\"inLanguage\":\"fr-FR\",\"potentialAction\":[{\"@type\":\"CommentAction\",\"name\":\"Comment\",\"target\":[\"https:\\\/\\\/batijournal.com\\\/index.php\\\/18-immeubles-orleanais-en-instance-de-classement\\\/75693\\\/#respond\"]}]},{\"@type\":\"WebPage\",\"@id\":\"https:\\\/\\\/batijournal.com\\\/index.php\\\/18-immeubles-orleanais-en-instance-de-classement\\\/75693\\\/\",\"url\":\"https:\\\/\\\/batijournal.com\\\/index.php\\\/18-immeubles-orleanais-en-instance-de-classement\\\/75693\\\/\",\"name\":\"18 immeubles orl\u00e9anais en instance de classement\",\"isPartOf\":{\"@id\":\"https:\\\/\\\/batijournal.com\\\/#website\"},\"datePublished\":\"2012-07-24T22:00:00+00:00\",\"dateModified\":\"2019-07-15T09:18:13+00:00\",\"author\":{\"@id\":\"https:\\\/\\\/batijournal.com\\\/#\\\/schema\\\/person\\\/6a657e8967569e1b299972574848aa76\"},\"breadcrumb\":{\"@id\":\"https:\\\/\\\/batijournal.com\\\/index.php\\\/18-immeubles-orleanais-en-instance-de-classement\\\/75693\\\/#breadcrumb\"},\"inLanguage\":\"fr-FR\",\"potentialAction\":[{\"@type\":\"ReadAction\",\"target\":[\"https:\\\/\\\/batijournal.com\\\/index.php\\\/18-immeubles-orleanais-en-instance-de-classement\\\/75693\\\/\"]}]},{\"@type\":\"BreadcrumbList\",\"@id\":\"https:\\\/\\\/batijournal.com\\\/index.php\\\/18-immeubles-orleanais-en-instance-de-classement\\\/75693\\\/#breadcrumb\",\"itemListElement\":[{\"@type\":\"ListItem\",\"position\":1,\"name\":\"Accueil\",\"item\":\"https:\\\/\\\/batijournal.com\\\/\"},{\"@type\":\"ListItem\",\"position\":2,\"name\":\"Actualit\u00e9s\",\"item\":\"https:\\\/\\\/batijournal.com\\\/index.php\\\/category\\\/actualites\\\/\"},{\"@type\":\"ListItem\",\"position\":3,\"name\":\"Architecture &amp; Conception\",\"item\":\"https:\\\/\\\/batijournal.com\\\/index.php\\\/category\\\/actualites\\\/architecture-conception\\\/\"},{\"@type\":\"ListItem\",\"position\":4,\"name\":\"18 immeubles orl\u00e9anais en instance de classement\"}]},{\"@type\":\"WebSite\",\"@id\":\"https:\\\/\\\/batijournal.com\\\/#website\",\"url\":\"https:\\\/\\\/batijournal.com\\\/\",\"name\":\"Batijournal\",\"description\":\"L&#039;actualit\u00e9 du b\u00e2timent\",\"potentialAction\":[{\"@type\":\"SearchAction\",\"target\":{\"@type\":\"EntryPoint\",\"urlTemplate\":\"https:\\\/\\\/batijournal.com\\\/?s={search_term_string}\"},\"query-input\":{\"@type\":\"PropertyValueSpecification\",\"valueRequired\":true,\"valueName\":\"search_term_string\"}}],\"inLanguage\":\"fr-FR\"},{\"@type\":\"Person\",\"@id\":\"https:\\\/\\\/batijournal.com\\\/#\\\/schema\\\/person\\\/6a657e8967569e1b299972574848aa76\",\"name\":\"Bati-journal\",\"image\":{\"@type\":\"ImageObject\",\"inLanguage\":\"fr-FR\",\"@id\":\"https:\\\/\\\/secure.gravatar.com\\\/avatar\\\/a64364ea26392f9b4dd47e017ddaec74ff03aefc073b49e492e847201258f777?s=96&d=mm&r=g\",\"url\":\"https:\\\/\\\/secure.gravatar.com\\\/avatar\\\/a64364ea26392f9b4dd47e017ddaec74ff03aefc073b49e492e847201258f777?s=96&d=mm&r=g\",\"contentUrl\":\"https:\\\/\\\/secure.gravatar.com\\\/avatar\\\/a64364ea26392f9b4dd47e017ddaec74ff03aefc073b49e492e847201258f777?s=96&d=mm&r=g\",\"caption\":\"Bati-journal\"},\"url\":\"https:\\\/\\\/batijournal.com\\\/index.php\\\/author\\\/elodie\\\/\"}]}<\/script>\n<!-- \/ Yoast SEO plugin. -->","yoast_head_json":{"title":"18 immeubles orl\u00e9anais en instance de classement","robots":{"index":"index","follow":"follow","max-snippet":"max-snippet:-1","max-image-preview":"max-image-preview:large","max-video-preview":"max-video-preview:-1"},"canonical":"https:\/\/batijournal.com\/index.php\/18-immeubles-orleanais-en-instance-de-classement\/75693\/","og_locale":"fr_FR","og_type":"article","og_title":"18 immeubles orl\u00e9anais en instance de classement","og_description":"Aur\u00e9lie Filippetti, ministre de la Culture et de la communication, d\u00e9cide de placer sous le r\u00e9gime de l&rsquo;instance de classement au titre des monuments historiques, 18 immeubles formant le front sud de la rue des Carmes, \u00e0 Orl\u00e9ans. Les immeubles, construits du Moyen \u00c2ge au 18e si\u00e8cle, ont \u00e9t\u00e9 rep\u00e9r\u00e9s comme quartier historique par la [&hellip;]","og_url":"https:\/\/batijournal.com\/index.php\/18-immeubles-orleanais-en-instance-de-classement\/75693\/","og_site_name":"Batijournal","article_published_time":"2012-07-24T22:00:00+00:00","article_modified_time":"2019-07-15T09:18:13+00:00","author":"Bati-journal","twitter_card":"summary_large_image","twitter_creator":"@bati_journal","twitter_site":"@bati_journal","twitter_misc":{"\u00c9crit par":"Bati-journal","Dur\u00e9e de lecture estim\u00e9e":"1 minute"},"schema":{"@context":"https:\/\/schema.org","@graph":[{"@type":"Article","@id":"https:\/\/batijournal.com\/index.php\/18-immeubles-orleanais-en-instance-de-classement\/75693\/#article","isPartOf":{"@id":"https:\/\/batijournal.com\/index.php\/18-immeubles-orleanais-en-instance-de-classement\/75693\/"},"author":{"name":"Bati-journal","@id":"https:\/\/batijournal.com\/#\/schema\/person\/6a657e8967569e1b299972574848aa76"},"headline":"18 immeubles orl\u00e9anais en instance de classement","datePublished":"2012-07-24T22:00:00+00:00","dateModified":"2019-07-15T09:18:13+00:00","mainEntityOfPage":{"@id":"https:\/\/batijournal.com\/index.php\/18-immeubles-orleanais-en-instance-de-classement\/75693\/"},"wordCount":297,"commentCount":0,"keywords":["zppaup"],"articleSection":["Architecture &amp; Conception"],"inLanguage":"fr-FR","potentialAction":[{"@type":"CommentAction","name":"Comment","target":["https:\/\/batijournal.com\/index.php\/18-immeubles-orleanais-en-instance-de-classement\/75693\/#respond"]}]},{"@type":"WebPage","@id":"https:\/\/batijournal.com\/index.php\/18-immeubles-orleanais-en-instance-de-classement\/75693\/","url":"https:\/\/batijournal.com\/index.php\/18-immeubles-orleanais-en-instance-de-classement\/75693\/","name":"18 immeubles orl\u00e9anais en instance de classement","isPartOf":{"@id":"https:\/\/batijournal.com\/#website"},"datePublished":"2012-07-24T22:00:00+00:00","dateModified":"2019-07-15T09:18:13+00:00","author":{"@id":"https:\/\/batijournal.com\/#\/schema\/person\/6a657e8967569e1b299972574848aa76"},"breadcrumb":{"@id":"https:\/\/batijournal.com\/index.php\/18-immeubles-orleanais-en-instance-de-classement\/75693\/#breadcrumb"},"inLanguage":"fr-FR","potentialAction":[{"@type":"ReadAction","target":["https:\/\/batijournal.com\/index.php\/18-immeubles-orleanais-en-instance-de-classement\/75693\/"]}]},{"@type":"BreadcrumbList","@id":"https:\/\/batijournal.com\/index.php\/18-immeubles-orleanais-en-instance-de-classement\/75693\/#breadcrumb","itemListElement":[{"@type":"ListItem","position":1,"name":"Accueil","item":"https:\/\/batijournal.com\/"},{"@type":"ListItem","position":2,"name":"Actualit\u00e9s","item":"https:\/\/batijournal.com\/index.php\/category\/actualites\/"},{"@type":"ListItem","position":3,"name":"Architecture &amp; Conception","item":"https:\/\/batijournal.com\/index.php\/category\/actualites\/architecture-conception\/"},{"@type":"ListItem","position":4,"name":"18 immeubles orl\u00e9anais en instance de classement"}]},{"@type":"WebSite","@id":"https:\/\/batijournal.com\/#website","url":"https:\/\/batijournal.com\/","name":"Batijournal","description":"L&#039;actualit\u00e9 du b\u00e2timent","potentialAction":[{"@type":"SearchAction","target":{"@type":"EntryPoint","urlTemplate":"https:\/\/batijournal.com\/?s={search_term_string}"},"query-input":{"@type":"PropertyValueSpecification","valueRequired":true,"valueName":"search_term_string"}}],"inLanguage":"fr-FR"},{"@type":"Person","@id":"https:\/\/batijournal.com\/#\/schema\/person\/6a657e8967569e1b299972574848aa76","name":"Bati-journal","image":{"@type":"ImageObject","inLanguage":"fr-FR","@id":"https:\/\/secure.gravatar.com\/avatar\/a64364ea26392f9b4dd47e017ddaec74ff03aefc073b49e492e847201258f777?s=96&d=mm&r=g","url":"https:\/\/secure.gravatar.com\/avatar\/a64364ea26392f9b4dd47e017ddaec74ff03aefc073b49e492e847201258f777?s=96&d=mm&r=g","contentUrl":"https:\/\/secure.gravatar.com\/avatar\/a64364ea26392f9b4dd47e017ddaec74ff03aefc073b49e492e847201258f777?s=96&d=mm&r=g","caption":"Bati-journal"},"url":"https:\/\/batijournal.com\/index.php\/author\/elodie\/"}]}},"_links":{"self":[{"href":"https:\/\/batijournal.com\/index.php\/wp-json\/wp\/v2\/posts\/75693","targetHints":{"allow":["GET"]}}],"collection":[{"href":"https:\/\/batijournal.com\/index.php\/wp-json\/wp\/v2\/posts"}],"about":[{"href":"https:\/\/batijournal.com\/index.php\/wp-json\/wp\/v2\/types\/post"}],"author":[{"embeddable":true,"href":"https:\/\/batijournal.com\/index.php\/wp-json\/wp\/v2\/users\/1"}],"replies":[{"embeddable":true,"href":"https:\/\/batijournal.com\/index.php\/wp-json\/wp\/v2\/comments?post=75693"}],"version-history":[{"count":0,"href":"https:\/\/batijournal.com\/index.php\/wp-json\/wp\/v2\/posts\/75693\/revisions"}],"wp:attachment":[{"href":"https:\/\/batijournal.com\/index.php\/wp-json\/wp\/v2\/media?parent=75693"}],"wp:term":[{"taxonomy":"category","embeddable":true,"href":"https:\/\/batijournal.com\/index.php\/wp-json\/wp\/v2\/categories?post=75693"},{"taxonomy":"post_tag","embeddable":true,"href":"https:\/\/batijournal.com\/index.php\/wp-json\/wp\/v2\/tags?post=75693"}],"curies":[{"name":"wp","href":"https:\/\/api.w.org\/{rel}","templated":true}]}}