{"id":75741,"date":"2012-12-12T00:00:00","date_gmt":"2012-12-11T23:00:00","guid":{"rendered":"http:\/\/b.bati-journal.com\/nouvel-eclairage-dynamique-de-la-tour-part-dieu-a-lyon\/75741"},"modified":"2019-07-15T11:18:08","modified_gmt":"2019-07-15T09:18:08","slug":"nouvel-eclairage-dynamique-de-la-tour-part-dieu-a-lyon","status":"publish","type":"post","link":"https:\/\/batijournal.com\/index.php\/nouvel-eclairage-dynamique-de-la-tour-part-dieu-a-lyon\/75741\/","title":{"rendered":"Nouvel \u00e9clairage dynamique de la Tour Part Dieu \u00e0 Lyon"},"content":{"rendered":"<p>Pour marquer ses 10 ans de partenariat avec la F\u00eate des Lumi\u00e8res, Philips Lighting a propos\u00e9 aux Lyonnais une nouvelle mise en lumi\u00e8re de la Tour Part Dieu. Cette installation, \u00e9volutive et dynamique, utilise pour la premi\u00e8re fois la solution LED ArchiPoint. Son caract\u00e8re dynamique permettra \u00e0 la Tour Part Dieu de vibrer au rythme des grands \u00e9v\u00e9nements de la ville. C&rsquo;est l&rsquo;association et la volont\u00e9 des partenaires de toute une cha\u00eene \u00e9conomique, les copropri\u00e9taires de la Tour, la ville de Lyon, Sonepar, EDF et Nexity qui ont rendu possible cette mise en lumi\u00e8re. La solution install\u00e9e, innovation Philips en lumi\u00e8re LED dynamique et \u00e9conome en \u00e9nergie, vise \u00e0 mettre en lumi\u00e8re la pointe de la Tour Part Dieu. Le d\u00f4me est \u00e9clair\u00e9 par 180 projecteurs LED ArchiPoint Philips, r\u00e9partis sur ses 4 faces. Elle permet de r\u00e9aliser des sc\u00e9narii lumi\u00e8re dynamiques jouant sur une palette de 16 millions de couleurs : Chaque projecteur utilis\u00e9 est un v\u00e9ritable pixel lumineux de 20 cm de diam\u00e8tre \u00e0 vision directe, consommant 10 watt en moyenne et visible \u00e0 plusieurs kilom\u00e8tres \u00e0 la ronde. Chaque luminaire poss\u00e8de sa propre adresse IP et est pilotable individuellement, ce qui a l&rsquo;avantage de permettre la cr\u00e9ation d&rsquo;un nombre sc\u00e9narii lumineux infini. Avec une consommation totale de 1,9 kW \u00a0inf\u00e9rieure \u00e0 celle d&rsquo;un fer \u00e0 repasser \u00ac\u00f1 la d\u00e9pense \u00e9nerg\u00e9tique est r\u00e9duite de pr\u00e8s de 90% par rapport \u00e0 la solution pr\u00e9c\u00e9dente. Aucune lumi\u00e8re n&rsquo;est \u00e9mise vers la vo\u00fbte c\u00e9leste \u00ac\u00f1 et donc vers le ciel ce qui r\u00e9duit tr\u00e8s fortement les nuisances lumineuses. La qualit\u00e9 du ciel nocturne lyonnais est ainsi pr\u00e9serv\u00e9e.<\/p>\n","protected":false},"excerpt":{"rendered":"<p>Pour marquer ses 10 ans de partenariat avec la F\u00eate des Lumi\u00e8res, Philips Lighting a propos\u00e9 aux Lyonnais une nouvelle mise en lumi\u00e8re de la Tour Part Dieu. Cette installation, \u00e9volutive et dynamique, utilise pour la premi\u00e8re fois la solution LED ArchiPoint. Son caract\u00e8re dynamique permettra \u00e0 la Tour Part Dieu de vibrer au rythme [&hellip;]<\/p>\n","protected":false},"author":1,"featured_media":75742,"comment_status":"open","ping_status":"closed","sticky":false,"template":"","format":"standard","meta":{"_et_pb_use_builder":"","_et_pb_old_content":"","_et_gb_content_width":"","footnotes":""},"categories":[6340],"tags":[1409,1937],"class_list":["post-75741","post","type-post","status-publish","format-standard","has-post-thumbnail","hentry","category-architecture-conception","tag-eclairage","tag-lyon"],"yoast_head":"<!-- This site is optimized with the Yoast SEO plugin v27.4 - https:\/\/yoast.com\/product\/yoast-seo-wordpress\/ -->\n<title>Nouvel \u00e9clairage dynamique de la Tour Part Dieu \u00e0 Lyon<\/title>\n<meta name=\"robots\" content=\"index, follow, max-snippet:-1, max-image-preview:large, max-video-preview:-1\" \/>\n<link rel=\"canonical\" href=\"https:\/\/batijournal.com\/index.php\/nouvel-eclairage-dynamique-de-la-tour-part-dieu-a-lyon\/75741\/\" \/>\n<meta property=\"og:locale\" content=\"fr_FR\" \/>\n<meta property=\"og:type\" content=\"article\" \/>\n<meta property=\"og:title\" content=\"Nouvel \u00e9clairage dynamique de la Tour Part Dieu \u00e0 Lyon\" \/>\n<meta property=\"og:description\" content=\"Pour marquer ses 10 ans de partenariat avec la F\u00eate des Lumi\u00e8res, Philips Lighting a propos\u00e9 aux Lyonnais une nouvelle mise en lumi\u00e8re de la Tour Part Dieu. Cette installation, \u00e9volutive et dynamique, utilise pour la premi\u00e8re fois la solution LED ArchiPoint. Son caract\u00e8re dynamique permettra \u00e0 la Tour Part Dieu de vibrer au rythme [&hellip;]\" \/>\n<meta property=\"og:url\" content=\"https:\/\/batijournal.com\/index.php\/nouvel-eclairage-dynamique-de-la-tour-part-dieu-a-lyon\/75741\/\" \/>\n<meta property=\"og:site_name\" content=\"Batijournal\" \/>\n<meta property=\"article:published_time\" content=\"2012-12-11T23:00:00+00:00\" \/>\n<meta property=\"article:modified_time\" content=\"2019-07-15T09:18:08+00:00\" \/>\n<meta property=\"og:image\" content=\"https:\/\/batijournal.com\/wp-content\/uploads\/2015\/03\/55859381.jpg\" \/>\n\t<meta property=\"og:image:width\" content=\"599\" \/>\n\t<meta property=\"og:image:height\" content=\"599\" \/>\n\t<meta property=\"og:image:type\" content=\"image\/jpeg\" \/>\n<meta name=\"author\" content=\"Bati-journal\" \/>\n<meta name=\"twitter:card\" content=\"summary_large_image\" \/>\n<meta name=\"twitter:creator\" content=\"@bati_journal\" \/>\n<meta name=\"twitter:site\" content=\"@bati_journal\" \/>\n<meta name=\"twitter:label1\" content=\"\u00c9crit par\" \/>\n\t<meta name=\"twitter:data1\" content=\"Bati-journal\" \/>\n\t<meta name=\"twitter:label2\" content=\"Dur\u00e9e de lecture estim\u00e9e\" \/>\n\t<meta name=\"twitter:data2\" content=\"1 minute\" \/>\n<script type=\"application\/ld+json\" class=\"yoast-schema-graph\">{\"@context\":\"https:\\\/\\\/schema.org\",\"@graph\":[{\"@type\":\"Article\",\"@id\":\"https:\\\/\\\/batijournal.com\\\/index.php\\\/nouvel-eclairage-dynamique-de-la-tour-part-dieu-a-lyon\\\/75741\\\/#article\",\"isPartOf\":{\"@id\":\"https:\\\/\\\/batijournal.com\\\/index.php\\\/nouvel-eclairage-dynamique-de-la-tour-part-dieu-a-lyon\\\/75741\\\/\"},\"author\":{\"name\":\"Bati-journal\",\"@id\":\"https:\\\/\\\/batijournal.com\\\/#\\\/schema\\\/person\\\/6a657e8967569e1b299972574848aa76\"},\"headline\":\"Nouvel \u00e9clairage dynamique de la Tour Part Dieu \u00e0 Lyon\",\"datePublished\":\"2012-12-11T23:00:00+00:00\",\"dateModified\":\"2019-07-15T09:18:08+00:00\",\"mainEntityOfPage\":{\"@id\":\"https:\\\/\\\/batijournal.com\\\/index.php\\\/nouvel-eclairage-dynamique-de-la-tour-part-dieu-a-lyon\\\/75741\\\/\"},\"wordCount\":299,\"commentCount\":0,\"image\":{\"@id\":\"https:\\\/\\\/batijournal.com\\\/index.php\\\/nouvel-eclairage-dynamique-de-la-tour-part-dieu-a-lyon\\\/75741\\\/#primaryimage\"},\"thumbnailUrl\":\"https:\\\/\\\/batijournal.com\\\/wp-content\\\/uploads\\\/2015\\\/03\\\/55859381.jpg\",\"keywords\":[\"\u00e9clairage\",\"Lyon\"],\"articleSection\":[\"Architecture &amp; Conception\"],\"inLanguage\":\"fr-FR\",\"potentialAction\":[{\"@type\":\"CommentAction\",\"name\":\"Comment\",\"target\":[\"https:\\\/\\\/batijournal.com\\\/index.php\\\/nouvel-eclairage-dynamique-de-la-tour-part-dieu-a-lyon\\\/75741\\\/#respond\"]}]},{\"@type\":\"WebPage\",\"@id\":\"https:\\\/\\\/batijournal.com\\\/index.php\\\/nouvel-eclairage-dynamique-de-la-tour-part-dieu-a-lyon\\\/75741\\\/\",\"url\":\"https:\\\/\\\/batijournal.com\\\/index.php\\\/nouvel-eclairage-dynamique-de-la-tour-part-dieu-a-lyon\\\/75741\\\/\",\"name\":\"Nouvel \u00e9clairage dynamique de la Tour Part Dieu \u00e0 Lyon\",\"isPartOf\":{\"@id\":\"https:\\\/\\\/batijournal.com\\\/#website\"},\"primaryImageOfPage\":{\"@id\":\"https:\\\/\\\/batijournal.com\\\/index.php\\\/nouvel-eclairage-dynamique-de-la-tour-part-dieu-a-lyon\\\/75741\\\/#primaryimage\"},\"image\":{\"@id\":\"https:\\\/\\\/batijournal.com\\\/index.php\\\/nouvel-eclairage-dynamique-de-la-tour-part-dieu-a-lyon\\\/75741\\\/#primaryimage\"},\"thumbnailUrl\":\"https:\\\/\\\/batijournal.com\\\/wp-content\\\/uploads\\\/2015\\\/03\\\/55859381.jpg\",\"datePublished\":\"2012-12-11T23:00:00+00:00\",\"dateModified\":\"2019-07-15T09:18:08+00:00\",\"author\":{\"@id\":\"https:\\\/\\\/batijournal.com\\\/#\\\/schema\\\/person\\\/6a657e8967569e1b299972574848aa76\"},\"breadcrumb\":{\"@id\":\"https:\\\/\\\/batijournal.com\\\/index.php\\\/nouvel-eclairage-dynamique-de-la-tour-part-dieu-a-lyon\\\/75741\\\/#breadcrumb\"},\"inLanguage\":\"fr-FR\",\"potentialAction\":[{\"@type\":\"ReadAction\",\"target\":[\"https:\\\/\\\/batijournal.com\\\/index.php\\\/nouvel-eclairage-dynamique-de-la-tour-part-dieu-a-lyon\\\/75741\\\/\"]}]},{\"@type\":\"ImageObject\",\"inLanguage\":\"fr-FR\",\"@id\":\"https:\\\/\\\/batijournal.com\\\/index.php\\\/nouvel-eclairage-dynamique-de-la-tour-part-dieu-a-lyon\\\/75741\\\/#primaryimage\",\"url\":\"https:\\\/\\\/batijournal.com\\\/wp-content\\\/uploads\\\/2015\\\/03\\\/55859381.jpg\",\"contentUrl\":\"https:\\\/\\\/batijournal.com\\\/wp-content\\\/uploads\\\/2015\\\/03\\\/55859381.jpg\",\"width\":599,\"height\":599},{\"@type\":\"BreadcrumbList\",\"@id\":\"https:\\\/\\\/batijournal.com\\\/index.php\\\/nouvel-eclairage-dynamique-de-la-tour-part-dieu-a-lyon\\\/75741\\\/#breadcrumb\",\"itemListElement\":[{\"@type\":\"ListItem\",\"position\":1,\"name\":\"Accueil\",\"item\":\"https:\\\/\\\/batijournal.com\\\/\"},{\"@type\":\"ListItem\",\"position\":2,\"name\":\"Actualit\u00e9s\",\"item\":\"https:\\\/\\\/batijournal.com\\\/index.php\\\/category\\\/actualites\\\/\"},{\"@type\":\"ListItem\",\"position\":3,\"name\":\"Architecture &amp; Conception\",\"item\":\"https:\\\/\\\/batijournal.com\\\/index.php\\\/category\\\/actualites\\\/architecture-conception\\\/\"},{\"@type\":\"ListItem\",\"position\":4,\"name\":\"Nouvel \u00e9clairage dynamique de la Tour Part Dieu \u00e0 Lyon\"}]},{\"@type\":\"WebSite\",\"@id\":\"https:\\\/\\\/batijournal.com\\\/#website\",\"url\":\"https:\\\/\\\/batijournal.com\\\/\",\"name\":\"Batijournal\",\"description\":\"L&#039;actualit\u00e9 du b\u00e2timent\",\"potentialAction\":[{\"@type\":\"SearchAction\",\"target\":{\"@type\":\"EntryPoint\",\"urlTemplate\":\"https:\\\/\\\/batijournal.com\\\/?s={search_term_string}\"},\"query-input\":{\"@type\":\"PropertyValueSpecification\",\"valueRequired\":true,\"valueName\":\"search_term_string\"}}],\"inLanguage\":\"fr-FR\"},{\"@type\":\"Person\",\"@id\":\"https:\\\/\\\/batijournal.com\\\/#\\\/schema\\\/person\\\/6a657e8967569e1b299972574848aa76\",\"name\":\"Bati-journal\",\"image\":{\"@type\":\"ImageObject\",\"inLanguage\":\"fr-FR\",\"@id\":\"https:\\\/\\\/secure.gravatar.com\\\/avatar\\\/a64364ea26392f9b4dd47e017ddaec74ff03aefc073b49e492e847201258f777?s=96&d=mm&r=g\",\"url\":\"https:\\\/\\\/secure.gravatar.com\\\/avatar\\\/a64364ea26392f9b4dd47e017ddaec74ff03aefc073b49e492e847201258f777?s=96&d=mm&r=g\",\"contentUrl\":\"https:\\\/\\\/secure.gravatar.com\\\/avatar\\\/a64364ea26392f9b4dd47e017ddaec74ff03aefc073b49e492e847201258f777?s=96&d=mm&r=g\",\"caption\":\"Bati-journal\"},\"url\":\"https:\\\/\\\/batijournal.com\\\/index.php\\\/author\\\/elodie\\\/\"}]}<\/script>\n<!-- \/ Yoast SEO plugin. -->","yoast_head_json":{"title":"Nouvel \u00e9clairage dynamique de la Tour Part Dieu \u00e0 Lyon","robots":{"index":"index","follow":"follow","max-snippet":"max-snippet:-1","max-image-preview":"max-image-preview:large","max-video-preview":"max-video-preview:-1"},"canonical":"https:\/\/batijournal.com\/index.php\/nouvel-eclairage-dynamique-de-la-tour-part-dieu-a-lyon\/75741\/","og_locale":"fr_FR","og_type":"article","og_title":"Nouvel \u00e9clairage dynamique de la Tour Part Dieu \u00e0 Lyon","og_description":"Pour marquer ses 10 ans de partenariat avec la F\u00eate des Lumi\u00e8res, Philips Lighting a propos\u00e9 aux Lyonnais une nouvelle mise en lumi\u00e8re de la Tour Part Dieu. Cette installation, \u00e9volutive et dynamique, utilise pour la premi\u00e8re fois la solution LED ArchiPoint. Son caract\u00e8re dynamique permettra \u00e0 la Tour Part Dieu de vibrer au rythme [&hellip;]","og_url":"https:\/\/batijournal.com\/index.php\/nouvel-eclairage-dynamique-de-la-tour-part-dieu-a-lyon\/75741\/","og_site_name":"Batijournal","article_published_time":"2012-12-11T23:00:00+00:00","article_modified_time":"2019-07-15T09:18:08+00:00","og_image":[{"width":599,"height":599,"url":"https:\/\/batijournal.com\/wp-content\/uploads\/2015\/03\/55859381.jpg","type":"image\/jpeg"}],"author":"Bati-journal","twitter_card":"summary_large_image","twitter_creator":"@bati_journal","twitter_site":"@bati_journal","twitter_misc":{"\u00c9crit par":"Bati-journal","Dur\u00e9e de lecture estim\u00e9e":"1 minute"},"schema":{"@context":"https:\/\/schema.org","@graph":[{"@type":"Article","@id":"https:\/\/batijournal.com\/index.php\/nouvel-eclairage-dynamique-de-la-tour-part-dieu-a-lyon\/75741\/#article","isPartOf":{"@id":"https:\/\/batijournal.com\/index.php\/nouvel-eclairage-dynamique-de-la-tour-part-dieu-a-lyon\/75741\/"},"author":{"name":"Bati-journal","@id":"https:\/\/batijournal.com\/#\/schema\/person\/6a657e8967569e1b299972574848aa76"},"headline":"Nouvel \u00e9clairage dynamique de la Tour Part Dieu \u00e0 Lyon","datePublished":"2012-12-11T23:00:00+00:00","dateModified":"2019-07-15T09:18:08+00:00","mainEntityOfPage":{"@id":"https:\/\/batijournal.com\/index.php\/nouvel-eclairage-dynamique-de-la-tour-part-dieu-a-lyon\/75741\/"},"wordCount":299,"commentCount":0,"image":{"@id":"https:\/\/batijournal.com\/index.php\/nouvel-eclairage-dynamique-de-la-tour-part-dieu-a-lyon\/75741\/#primaryimage"},"thumbnailUrl":"https:\/\/batijournal.com\/wp-content\/uploads\/2015\/03\/55859381.jpg","keywords":["\u00e9clairage","Lyon"],"articleSection":["Architecture &amp; Conception"],"inLanguage":"fr-FR","potentialAction":[{"@type":"CommentAction","name":"Comment","target":["https:\/\/batijournal.com\/index.php\/nouvel-eclairage-dynamique-de-la-tour-part-dieu-a-lyon\/75741\/#respond"]}]},{"@type":"WebPage","@id":"https:\/\/batijournal.com\/index.php\/nouvel-eclairage-dynamique-de-la-tour-part-dieu-a-lyon\/75741\/","url":"https:\/\/batijournal.com\/index.php\/nouvel-eclairage-dynamique-de-la-tour-part-dieu-a-lyon\/75741\/","name":"Nouvel \u00e9clairage dynamique de la Tour Part Dieu \u00e0 Lyon","isPartOf":{"@id":"https:\/\/batijournal.com\/#website"},"primaryImageOfPage":{"@id":"https:\/\/batijournal.com\/index.php\/nouvel-eclairage-dynamique-de-la-tour-part-dieu-a-lyon\/75741\/#primaryimage"},"image":{"@id":"https:\/\/batijournal.com\/index.php\/nouvel-eclairage-dynamique-de-la-tour-part-dieu-a-lyon\/75741\/#primaryimage"},"thumbnailUrl":"https:\/\/batijournal.com\/wp-content\/uploads\/2015\/03\/55859381.jpg","datePublished":"2012-12-11T23:00:00+00:00","dateModified":"2019-07-15T09:18:08+00:00","author":{"@id":"https:\/\/batijournal.com\/#\/schema\/person\/6a657e8967569e1b299972574848aa76"},"breadcrumb":{"@id":"https:\/\/batijournal.com\/index.php\/nouvel-eclairage-dynamique-de-la-tour-part-dieu-a-lyon\/75741\/#breadcrumb"},"inLanguage":"fr-FR","potentialAction":[{"@type":"ReadAction","target":["https:\/\/batijournal.com\/index.php\/nouvel-eclairage-dynamique-de-la-tour-part-dieu-a-lyon\/75741\/"]}]},{"@type":"ImageObject","inLanguage":"fr-FR","@id":"https:\/\/batijournal.com\/index.php\/nouvel-eclairage-dynamique-de-la-tour-part-dieu-a-lyon\/75741\/#primaryimage","url":"https:\/\/batijournal.com\/wp-content\/uploads\/2015\/03\/55859381.jpg","contentUrl":"https:\/\/batijournal.com\/wp-content\/uploads\/2015\/03\/55859381.jpg","width":599,"height":599},{"@type":"BreadcrumbList","@id":"https:\/\/batijournal.com\/index.php\/nouvel-eclairage-dynamique-de-la-tour-part-dieu-a-lyon\/75741\/#breadcrumb","itemListElement":[{"@type":"ListItem","position":1,"name":"Accueil","item":"https:\/\/batijournal.com\/"},{"@type":"ListItem","position":2,"name":"Actualit\u00e9s","item":"https:\/\/batijournal.com\/index.php\/category\/actualites\/"},{"@type":"ListItem","position":3,"name":"Architecture &amp; Conception","item":"https:\/\/batijournal.com\/index.php\/category\/actualites\/architecture-conception\/"},{"@type":"ListItem","position":4,"name":"Nouvel \u00e9clairage dynamique de la Tour Part Dieu \u00e0 Lyon"}]},{"@type":"WebSite","@id":"https:\/\/batijournal.com\/#website","url":"https:\/\/batijournal.com\/","name":"Batijournal","description":"L&#039;actualit\u00e9 du b\u00e2timent","potentialAction":[{"@type":"SearchAction","target":{"@type":"EntryPoint","urlTemplate":"https:\/\/batijournal.com\/?s={search_term_string}"},"query-input":{"@type":"PropertyValueSpecification","valueRequired":true,"valueName":"search_term_string"}}],"inLanguage":"fr-FR"},{"@type":"Person","@id":"https:\/\/batijournal.com\/#\/schema\/person\/6a657e8967569e1b299972574848aa76","name":"Bati-journal","image":{"@type":"ImageObject","inLanguage":"fr-FR","@id":"https:\/\/secure.gravatar.com\/avatar\/a64364ea26392f9b4dd47e017ddaec74ff03aefc073b49e492e847201258f777?s=96&d=mm&r=g","url":"https:\/\/secure.gravatar.com\/avatar\/a64364ea26392f9b4dd47e017ddaec74ff03aefc073b49e492e847201258f777?s=96&d=mm&r=g","contentUrl":"https:\/\/secure.gravatar.com\/avatar\/a64364ea26392f9b4dd47e017ddaec74ff03aefc073b49e492e847201258f777?s=96&d=mm&r=g","caption":"Bati-journal"},"url":"https:\/\/batijournal.com\/index.php\/author\/elodie\/"}]}},"_links":{"self":[{"href":"https:\/\/batijournal.com\/index.php\/wp-json\/wp\/v2\/posts\/75741","targetHints":{"allow":["GET"]}}],"collection":[{"href":"https:\/\/batijournal.com\/index.php\/wp-json\/wp\/v2\/posts"}],"about":[{"href":"https:\/\/batijournal.com\/index.php\/wp-json\/wp\/v2\/types\/post"}],"author":[{"embeddable":true,"href":"https:\/\/batijournal.com\/index.php\/wp-json\/wp\/v2\/users\/1"}],"replies":[{"embeddable":true,"href":"https:\/\/batijournal.com\/index.php\/wp-json\/wp\/v2\/comments?post=75741"}],"version-history":[{"count":0,"href":"https:\/\/batijournal.com\/index.php\/wp-json\/wp\/v2\/posts\/75741\/revisions"}],"wp:featuredmedia":[{"embeddable":true,"href":"https:\/\/batijournal.com\/index.php\/wp-json\/wp\/v2\/media\/75742"}],"wp:attachment":[{"href":"https:\/\/batijournal.com\/index.php\/wp-json\/wp\/v2\/media?parent=75741"}],"wp:term":[{"taxonomy":"category","embeddable":true,"href":"https:\/\/batijournal.com\/index.php\/wp-json\/wp\/v2\/categories?post=75741"},{"taxonomy":"post_tag","embeddable":true,"href":"https:\/\/batijournal.com\/index.php\/wp-json\/wp\/v2\/tags?post=75741"}],"curies":[{"name":"wp","href":"https:\/\/api.w.org\/{rel}","templated":true}]}}