{"id":75745,"date":"2012-12-19T00:00:00","date_gmt":"2012-12-18T23:00:00","guid":{"rendered":"http:\/\/b.bati-journal.com\/bilan-du-salon-international-du-patrimoine-culturel-2012\/75745"},"modified":"2019-07-15T11:18:07","modified_gmt":"2019-07-15T09:18:07","slug":"bilan-du-salon-international-du-patrimoine-culturel-2012","status":"publish","type":"post","link":"https:\/\/batijournal.com\/index.php\/bilan-du-salon-international-du-patrimoine-culturel-2012\/75745\/","title":{"rendered":"Bilan du Salon International du Patrimoine Culturel 2012"},"content":{"rendered":"<p>Le Salon s&rsquo;affirme \u00e0 nouveau comme la manifestation de r\u00e9f\u00e9rence du secteur du patrimoine culturel avec 20% d&rsquo;exposants suppl\u00e9mentaires et pr\u00e8s de 20 000 visiteurs. Ateliers d&rsquo;Art de France se r\u00e9jouit de la qualit\u00e9 et des nouveaut\u00e9s que le Salon a propos\u00e9es \u00e0 ses visiteurs avec 13 pays repr\u00e9sent\u00e9s, de grands acteurs culturels tels que le Mus\u00e9e des Lettres et Manuscrits, le Mus\u00e9e des Arts d\u00e9coratifs du Portugal ou encore l&rsquo;Association des Ma\u00eetres d&rsquo;Art et le Centre des monuments nationaux. Le OFF, une nouveaut\u00e9 2012 en partenariat avec les Grands Ateliers de France a permis au public de poursuivre sa d\u00e9couverte du patrimoine en visitant les ateliers d&rsquo;artisans d&rsquo;art en Ile-de-France et de d\u00e9couvrir l&rsquo;envers du d\u00e9cor. 40 Entreprises du Patrimoine Vivant, aux savoir-faire d&rsquo;excellence, \u00e9taient pr\u00e9sentes. Les conf\u00e9rences ont attir\u00e9 plus de 1 400 auditeurs notamment sur le patrimoine \u00e9co-responsable qui, de la conciliation du patrimoine et de l&rsquo;\u00e9cologie \u00e0 la transmission des savoir-faire a ancr\u00e9 le Salon dans les grandes probl\u00e9matiques de notre \u00e9poque. L&rsquo;\u00e9dition 2013 du Salon International du Patrimoine Culturel aura lieu du 7 au 10 novembre 2013 et sera plac\u00e9e sour le th\u00e8me Patrimoine et territoires: th\u00e8me local, national et international, celui des itin\u00e9raires culturels \u00e0 travers les pays.<\/p>\n","protected":false},"excerpt":{"rendered":"<p>Le Salon s&rsquo;affirme \u00e0 nouveau comme la manifestation de r\u00e9f\u00e9rence du secteur du patrimoine culturel avec 20% d&rsquo;exposants suppl\u00e9mentaires et pr\u00e8s de 20 000 visiteurs. Ateliers d&rsquo;Art de France se r\u00e9jouit de la qualit\u00e9 et des nouveaut\u00e9s que le Salon a propos\u00e9es \u00e0 ses visiteurs avec 13 pays repr\u00e9sent\u00e9s, de grands acteurs culturels tels que [&hellip;]<\/p>\n","protected":false},"author":1,"featured_media":75746,"comment_status":"open","ping_status":"closed","sticky":false,"template":"","format":"standard","meta":{"_et_pb_use_builder":"","_et_pb_old_content":"","_et_gb_content_width":"","footnotes":""},"categories":[6340],"tags":[],"class_list":["post-75745","post","type-post","status-publish","format-standard","has-post-thumbnail","hentry","category-architecture-conception"],"yoast_head":"<!-- This site is optimized with the Yoast SEO plugin v27.4 - https:\/\/yoast.com\/product\/yoast-seo-wordpress\/ -->\n<title>Bilan du Salon International du Patrimoine Culturel 2012<\/title>\n<meta name=\"robots\" content=\"index, follow, max-snippet:-1, max-image-preview:large, max-video-preview:-1\" \/>\n<link rel=\"canonical\" href=\"https:\/\/batijournal.com\/index.php\/bilan-du-salon-international-du-patrimoine-culturel-2012\/75745\/\" \/>\n<meta property=\"og:locale\" content=\"fr_FR\" \/>\n<meta property=\"og:type\" content=\"article\" \/>\n<meta property=\"og:title\" content=\"Bilan du Salon International du Patrimoine Culturel 2012\" \/>\n<meta property=\"og:description\" content=\"Le Salon s&rsquo;affirme \u00e0 nouveau comme la manifestation de r\u00e9f\u00e9rence du secteur du patrimoine culturel avec 20% d&rsquo;exposants suppl\u00e9mentaires et pr\u00e8s de 20 000 visiteurs. Ateliers d&rsquo;Art de France se r\u00e9jouit de la qualit\u00e9 et des nouveaut\u00e9s que le Salon a propos\u00e9es \u00e0 ses visiteurs avec 13 pays repr\u00e9sent\u00e9s, de grands acteurs culturels tels que [&hellip;]\" \/>\n<meta property=\"og:url\" content=\"https:\/\/batijournal.com\/index.php\/bilan-du-salon-international-du-patrimoine-culturel-2012\/75745\/\" \/>\n<meta property=\"og:site_name\" content=\"Batijournal\" \/>\n<meta property=\"article:published_time\" content=\"2012-12-18T23:00:00+00:00\" \/>\n<meta property=\"article:modified_time\" content=\"2019-07-15T09:18:07+00:00\" \/>\n<meta property=\"og:image\" content=\"https:\/\/batijournal.com\/wp-content\/uploads\/2015\/03\/56220536.jpg\" \/>\n\t<meta property=\"og:image:width\" content=\"600\" \/>\n\t<meta property=\"og:image:height\" content=\"454\" \/>\n\t<meta property=\"og:image:type\" content=\"image\/jpeg\" \/>\n<meta name=\"author\" content=\"Bati-journal\" \/>\n<meta name=\"twitter:card\" content=\"summary_large_image\" \/>\n<meta name=\"twitter:creator\" content=\"@bati_journal\" \/>\n<meta name=\"twitter:site\" content=\"@bati_journal\" \/>\n<meta name=\"twitter:label1\" content=\"\u00c9crit par\" \/>\n\t<meta name=\"twitter:data1\" content=\"Bati-journal\" \/>\n\t<meta name=\"twitter:label2\" content=\"Dur\u00e9e de lecture estim\u00e9e\" \/>\n\t<meta name=\"twitter:data2\" content=\"1 minute\" \/>\n<script type=\"application\/ld+json\" class=\"yoast-schema-graph\">{\"@context\":\"https:\\\/\\\/schema.org\",\"@graph\":[{\"@type\":\"Article\",\"@id\":\"https:\\\/\\\/batijournal.com\\\/index.php\\\/bilan-du-salon-international-du-patrimoine-culturel-2012\\\/75745\\\/#article\",\"isPartOf\":{\"@id\":\"https:\\\/\\\/batijournal.com\\\/index.php\\\/bilan-du-salon-international-du-patrimoine-culturel-2012\\\/75745\\\/\"},\"author\":{\"name\":\"Bati-journal\",\"@id\":\"https:\\\/\\\/batijournal.com\\\/#\\\/schema\\\/person\\\/6a657e8967569e1b299972574848aa76\"},\"headline\":\"Bilan du Salon International du Patrimoine Culturel 2012\",\"datePublished\":\"2012-12-18T23:00:00+00:00\",\"dateModified\":\"2019-07-15T09:18:07+00:00\",\"mainEntityOfPage\":{\"@id\":\"https:\\\/\\\/batijournal.com\\\/index.php\\\/bilan-du-salon-international-du-patrimoine-culturel-2012\\\/75745\\\/\"},\"wordCount\":229,\"commentCount\":0,\"image\":{\"@id\":\"https:\\\/\\\/batijournal.com\\\/index.php\\\/bilan-du-salon-international-du-patrimoine-culturel-2012\\\/75745\\\/#primaryimage\"},\"thumbnailUrl\":\"https:\\\/\\\/batijournal.com\\\/wp-content\\\/uploads\\\/2015\\\/03\\\/56220536.jpg\",\"articleSection\":[\"Architecture &amp; Conception\"],\"inLanguage\":\"fr-FR\",\"potentialAction\":[{\"@type\":\"CommentAction\",\"name\":\"Comment\",\"target\":[\"https:\\\/\\\/batijournal.com\\\/index.php\\\/bilan-du-salon-international-du-patrimoine-culturel-2012\\\/75745\\\/#respond\"]}]},{\"@type\":\"WebPage\",\"@id\":\"https:\\\/\\\/batijournal.com\\\/index.php\\\/bilan-du-salon-international-du-patrimoine-culturel-2012\\\/75745\\\/\",\"url\":\"https:\\\/\\\/batijournal.com\\\/index.php\\\/bilan-du-salon-international-du-patrimoine-culturel-2012\\\/75745\\\/\",\"name\":\"Bilan du Salon International du Patrimoine Culturel 2012\",\"isPartOf\":{\"@id\":\"https:\\\/\\\/batijournal.com\\\/#website\"},\"primaryImageOfPage\":{\"@id\":\"https:\\\/\\\/batijournal.com\\\/index.php\\\/bilan-du-salon-international-du-patrimoine-culturel-2012\\\/75745\\\/#primaryimage\"},\"image\":{\"@id\":\"https:\\\/\\\/batijournal.com\\\/index.php\\\/bilan-du-salon-international-du-patrimoine-culturel-2012\\\/75745\\\/#primaryimage\"},\"thumbnailUrl\":\"https:\\\/\\\/batijournal.com\\\/wp-content\\\/uploads\\\/2015\\\/03\\\/56220536.jpg\",\"datePublished\":\"2012-12-18T23:00:00+00:00\",\"dateModified\":\"2019-07-15T09:18:07+00:00\",\"author\":{\"@id\":\"https:\\\/\\\/batijournal.com\\\/#\\\/schema\\\/person\\\/6a657e8967569e1b299972574848aa76\"},\"breadcrumb\":{\"@id\":\"https:\\\/\\\/batijournal.com\\\/index.php\\\/bilan-du-salon-international-du-patrimoine-culturel-2012\\\/75745\\\/#breadcrumb\"},\"inLanguage\":\"fr-FR\",\"potentialAction\":[{\"@type\":\"ReadAction\",\"target\":[\"https:\\\/\\\/batijournal.com\\\/index.php\\\/bilan-du-salon-international-du-patrimoine-culturel-2012\\\/75745\\\/\"]}]},{\"@type\":\"ImageObject\",\"inLanguage\":\"fr-FR\",\"@id\":\"https:\\\/\\\/batijournal.com\\\/index.php\\\/bilan-du-salon-international-du-patrimoine-culturel-2012\\\/75745\\\/#primaryimage\",\"url\":\"https:\\\/\\\/batijournal.com\\\/wp-content\\\/uploads\\\/2015\\\/03\\\/56220536.jpg\",\"contentUrl\":\"https:\\\/\\\/batijournal.com\\\/wp-content\\\/uploads\\\/2015\\\/03\\\/56220536.jpg\",\"width\":600,\"height\":454},{\"@type\":\"BreadcrumbList\",\"@id\":\"https:\\\/\\\/batijournal.com\\\/index.php\\\/bilan-du-salon-international-du-patrimoine-culturel-2012\\\/75745\\\/#breadcrumb\",\"itemListElement\":[{\"@type\":\"ListItem\",\"position\":1,\"name\":\"Accueil\",\"item\":\"https:\\\/\\\/batijournal.com\\\/\"},{\"@type\":\"ListItem\",\"position\":2,\"name\":\"Actualit\u00e9s\",\"item\":\"https:\\\/\\\/batijournal.com\\\/index.php\\\/category\\\/actualites\\\/\"},{\"@type\":\"ListItem\",\"position\":3,\"name\":\"Architecture &amp; Conception\",\"item\":\"https:\\\/\\\/batijournal.com\\\/index.php\\\/category\\\/actualites\\\/architecture-conception\\\/\"},{\"@type\":\"ListItem\",\"position\":4,\"name\":\"Bilan du Salon International du Patrimoine Culturel 2012\"}]},{\"@type\":\"WebSite\",\"@id\":\"https:\\\/\\\/batijournal.com\\\/#website\",\"url\":\"https:\\\/\\\/batijournal.com\\\/\",\"name\":\"Batijournal\",\"description\":\"L&#039;actualit\u00e9 du b\u00e2timent\",\"potentialAction\":[{\"@type\":\"SearchAction\",\"target\":{\"@type\":\"EntryPoint\",\"urlTemplate\":\"https:\\\/\\\/batijournal.com\\\/?s={search_term_string}\"},\"query-input\":{\"@type\":\"PropertyValueSpecification\",\"valueRequired\":true,\"valueName\":\"search_term_string\"}}],\"inLanguage\":\"fr-FR\"},{\"@type\":\"Person\",\"@id\":\"https:\\\/\\\/batijournal.com\\\/#\\\/schema\\\/person\\\/6a657e8967569e1b299972574848aa76\",\"name\":\"Bati-journal\",\"image\":{\"@type\":\"ImageObject\",\"inLanguage\":\"fr-FR\",\"@id\":\"https:\\\/\\\/secure.gravatar.com\\\/avatar\\\/a64364ea26392f9b4dd47e017ddaec74ff03aefc073b49e492e847201258f777?s=96&d=mm&r=g\",\"url\":\"https:\\\/\\\/secure.gravatar.com\\\/avatar\\\/a64364ea26392f9b4dd47e017ddaec74ff03aefc073b49e492e847201258f777?s=96&d=mm&r=g\",\"contentUrl\":\"https:\\\/\\\/secure.gravatar.com\\\/avatar\\\/a64364ea26392f9b4dd47e017ddaec74ff03aefc073b49e492e847201258f777?s=96&d=mm&r=g\",\"caption\":\"Bati-journal\"},\"url\":\"https:\\\/\\\/batijournal.com\\\/index.php\\\/author\\\/elodie\\\/\"}]}<\/script>\n<!-- \/ Yoast SEO plugin. -->","yoast_head_json":{"title":"Bilan du Salon International du Patrimoine Culturel 2012","robots":{"index":"index","follow":"follow","max-snippet":"max-snippet:-1","max-image-preview":"max-image-preview:large","max-video-preview":"max-video-preview:-1"},"canonical":"https:\/\/batijournal.com\/index.php\/bilan-du-salon-international-du-patrimoine-culturel-2012\/75745\/","og_locale":"fr_FR","og_type":"article","og_title":"Bilan du Salon International du Patrimoine Culturel 2012","og_description":"Le Salon s&rsquo;affirme \u00e0 nouveau comme la manifestation de r\u00e9f\u00e9rence du secteur du patrimoine culturel avec 20% d&rsquo;exposants suppl\u00e9mentaires et pr\u00e8s de 20 000 visiteurs. Ateliers d&rsquo;Art de France se r\u00e9jouit de la qualit\u00e9 et des nouveaut\u00e9s que le Salon a propos\u00e9es \u00e0 ses visiteurs avec 13 pays repr\u00e9sent\u00e9s, de grands acteurs culturels tels que [&hellip;]","og_url":"https:\/\/batijournal.com\/index.php\/bilan-du-salon-international-du-patrimoine-culturel-2012\/75745\/","og_site_name":"Batijournal","article_published_time":"2012-12-18T23:00:00+00:00","article_modified_time":"2019-07-15T09:18:07+00:00","og_image":[{"width":600,"height":454,"url":"https:\/\/batijournal.com\/wp-content\/uploads\/2015\/03\/56220536.jpg","type":"image\/jpeg"}],"author":"Bati-journal","twitter_card":"summary_large_image","twitter_creator":"@bati_journal","twitter_site":"@bati_journal","twitter_misc":{"\u00c9crit par":"Bati-journal","Dur\u00e9e de lecture estim\u00e9e":"1 minute"},"schema":{"@context":"https:\/\/schema.org","@graph":[{"@type":"Article","@id":"https:\/\/batijournal.com\/index.php\/bilan-du-salon-international-du-patrimoine-culturel-2012\/75745\/#article","isPartOf":{"@id":"https:\/\/batijournal.com\/index.php\/bilan-du-salon-international-du-patrimoine-culturel-2012\/75745\/"},"author":{"name":"Bati-journal","@id":"https:\/\/batijournal.com\/#\/schema\/person\/6a657e8967569e1b299972574848aa76"},"headline":"Bilan du Salon International du Patrimoine Culturel 2012","datePublished":"2012-12-18T23:00:00+00:00","dateModified":"2019-07-15T09:18:07+00:00","mainEntityOfPage":{"@id":"https:\/\/batijournal.com\/index.php\/bilan-du-salon-international-du-patrimoine-culturel-2012\/75745\/"},"wordCount":229,"commentCount":0,"image":{"@id":"https:\/\/batijournal.com\/index.php\/bilan-du-salon-international-du-patrimoine-culturel-2012\/75745\/#primaryimage"},"thumbnailUrl":"https:\/\/batijournal.com\/wp-content\/uploads\/2015\/03\/56220536.jpg","articleSection":["Architecture &amp; Conception"],"inLanguage":"fr-FR","potentialAction":[{"@type":"CommentAction","name":"Comment","target":["https:\/\/batijournal.com\/index.php\/bilan-du-salon-international-du-patrimoine-culturel-2012\/75745\/#respond"]}]},{"@type":"WebPage","@id":"https:\/\/batijournal.com\/index.php\/bilan-du-salon-international-du-patrimoine-culturel-2012\/75745\/","url":"https:\/\/batijournal.com\/index.php\/bilan-du-salon-international-du-patrimoine-culturel-2012\/75745\/","name":"Bilan du Salon International du Patrimoine Culturel 2012","isPartOf":{"@id":"https:\/\/batijournal.com\/#website"},"primaryImageOfPage":{"@id":"https:\/\/batijournal.com\/index.php\/bilan-du-salon-international-du-patrimoine-culturel-2012\/75745\/#primaryimage"},"image":{"@id":"https:\/\/batijournal.com\/index.php\/bilan-du-salon-international-du-patrimoine-culturel-2012\/75745\/#primaryimage"},"thumbnailUrl":"https:\/\/batijournal.com\/wp-content\/uploads\/2015\/03\/56220536.jpg","datePublished":"2012-12-18T23:00:00+00:00","dateModified":"2019-07-15T09:18:07+00:00","author":{"@id":"https:\/\/batijournal.com\/#\/schema\/person\/6a657e8967569e1b299972574848aa76"},"breadcrumb":{"@id":"https:\/\/batijournal.com\/index.php\/bilan-du-salon-international-du-patrimoine-culturel-2012\/75745\/#breadcrumb"},"inLanguage":"fr-FR","potentialAction":[{"@type":"ReadAction","target":["https:\/\/batijournal.com\/index.php\/bilan-du-salon-international-du-patrimoine-culturel-2012\/75745\/"]}]},{"@type":"ImageObject","inLanguage":"fr-FR","@id":"https:\/\/batijournal.com\/index.php\/bilan-du-salon-international-du-patrimoine-culturel-2012\/75745\/#primaryimage","url":"https:\/\/batijournal.com\/wp-content\/uploads\/2015\/03\/56220536.jpg","contentUrl":"https:\/\/batijournal.com\/wp-content\/uploads\/2015\/03\/56220536.jpg","width":600,"height":454},{"@type":"BreadcrumbList","@id":"https:\/\/batijournal.com\/index.php\/bilan-du-salon-international-du-patrimoine-culturel-2012\/75745\/#breadcrumb","itemListElement":[{"@type":"ListItem","position":1,"name":"Accueil","item":"https:\/\/batijournal.com\/"},{"@type":"ListItem","position":2,"name":"Actualit\u00e9s","item":"https:\/\/batijournal.com\/index.php\/category\/actualites\/"},{"@type":"ListItem","position":3,"name":"Architecture &amp; Conception","item":"https:\/\/batijournal.com\/index.php\/category\/actualites\/architecture-conception\/"},{"@type":"ListItem","position":4,"name":"Bilan du Salon International du Patrimoine Culturel 2012"}]},{"@type":"WebSite","@id":"https:\/\/batijournal.com\/#website","url":"https:\/\/batijournal.com\/","name":"Batijournal","description":"L&#039;actualit\u00e9 du b\u00e2timent","potentialAction":[{"@type":"SearchAction","target":{"@type":"EntryPoint","urlTemplate":"https:\/\/batijournal.com\/?s={search_term_string}"},"query-input":{"@type":"PropertyValueSpecification","valueRequired":true,"valueName":"search_term_string"}}],"inLanguage":"fr-FR"},{"@type":"Person","@id":"https:\/\/batijournal.com\/#\/schema\/person\/6a657e8967569e1b299972574848aa76","name":"Bati-journal","image":{"@type":"ImageObject","inLanguage":"fr-FR","@id":"https:\/\/secure.gravatar.com\/avatar\/a64364ea26392f9b4dd47e017ddaec74ff03aefc073b49e492e847201258f777?s=96&d=mm&r=g","url":"https:\/\/secure.gravatar.com\/avatar\/a64364ea26392f9b4dd47e017ddaec74ff03aefc073b49e492e847201258f777?s=96&d=mm&r=g","contentUrl":"https:\/\/secure.gravatar.com\/avatar\/a64364ea26392f9b4dd47e017ddaec74ff03aefc073b49e492e847201258f777?s=96&d=mm&r=g","caption":"Bati-journal"},"url":"https:\/\/batijournal.com\/index.php\/author\/elodie\/"}]}},"_links":{"self":[{"href":"https:\/\/batijournal.com\/index.php\/wp-json\/wp\/v2\/posts\/75745","targetHints":{"allow":["GET"]}}],"collection":[{"href":"https:\/\/batijournal.com\/index.php\/wp-json\/wp\/v2\/posts"}],"about":[{"href":"https:\/\/batijournal.com\/index.php\/wp-json\/wp\/v2\/types\/post"}],"author":[{"embeddable":true,"href":"https:\/\/batijournal.com\/index.php\/wp-json\/wp\/v2\/users\/1"}],"replies":[{"embeddable":true,"href":"https:\/\/batijournal.com\/index.php\/wp-json\/wp\/v2\/comments?post=75745"}],"version-history":[{"count":0,"href":"https:\/\/batijournal.com\/index.php\/wp-json\/wp\/v2\/posts\/75745\/revisions"}],"wp:featuredmedia":[{"embeddable":true,"href":"https:\/\/batijournal.com\/index.php\/wp-json\/wp\/v2\/media\/75746"}],"wp:attachment":[{"href":"https:\/\/batijournal.com\/index.php\/wp-json\/wp\/v2\/media?parent=75745"}],"wp:term":[{"taxonomy":"category","embeddable":true,"href":"https:\/\/batijournal.com\/index.php\/wp-json\/wp\/v2\/categories?post=75745"},{"taxonomy":"post_tag","embeddable":true,"href":"https:\/\/batijournal.com\/index.php\/wp-json\/wp\/v2\/tags?post=75745"}],"curies":[{"name":"wp","href":"https:\/\/api.w.org\/{rel}","templated":true}]}}