{"id":75747,"date":"2012-12-19T00:00:00","date_gmt":"2012-12-18T23:00:00","guid":{"rendered":"http:\/\/b.bati-journal.com\/chantier-de-lespace-andree-chedid-a-issy-les-moulineaux\/75747"},"modified":"2019-07-15T11:18:07","modified_gmt":"2019-07-15T09:18:07","slug":"chantier-de-lespace-andree-chedid-a-issy-les-moulineaux","status":"publish","type":"post","link":"https:\/\/batijournal.com\/index.php\/chantier-de-lespace-andree-chedid-a-issy-les-moulineaux\/75747\/","title":{"rendered":"Chantier de l&rsquo;Espace Andr\u00e9e Chedid \u00e0 Issy les Moulineaux"},"content":{"rendered":"<p>Issy les Moulineaux a choisi d&rsquo;implanter un nouvel espace, attenant \u00e0 l&rsquo;H\u00f4tel de Ville. Cr\u00e9atis et l&rsquo;architecte Pierre-Louis FALOCI se sont vus confier la r\u00e9novation de ce b\u00e2timent par la ville d&rsquo;Issy les Moulineaux, ma\u00eetre d&rsquo;ouvrage, et SEMADS, ma\u00eetre d&rsquo;ouvrage d\u00e9l\u00e9gu\u00e9. Cr\u00e9atis s&rsquo;est entour\u00e9e des comp\u00e9tences de filiales sp\u00e9cialis\u00e9es du groupe Spie batignolles. Le b\u00e2timent de forme carr\u00e9e, en R+3 et R+2, s&rsquo;\u00e9tend sur une surface SHON de 1 488 m2. Il comprend de nombreux espaces qui seront allou\u00e9s \u00e0 diff\u00e9rents services : halte-garderie, bureau d&rsquo;accueil et de soutien aux adolescents, espace Parent-Enfant, diverses associations,&#8230; tous organis\u00e9s autour d&rsquo;un grand patio, abrit\u00e9 par une magnifique verri\u00e8re de 120m2. L&rsquo;architecte a imagin\u00e9 une forme de \u00ab sculpture de la lumi\u00e8re naturelle \u00bb, avec un puits int\u00e9rieur, pour concevoir cet espace d\u00e9di\u00e9 \u00e0 l&rsquo;\u00e9change, au dialogue et \u00e0 la s\u00e9r\u00e9nit\u00e9, o\u00f9 se succ\u00e8dent espaces intimistes et salles polyvalentes. Trois mat\u00e9riaux nobles ont \u00e9t\u00e9 privil\u00e9gi\u00e9s pour la r\u00e9novation de cet ensemble : le bois, le verre et le m\u00e9tal. La dalle b\u00e9ton actuelle situ\u00e9e au rez-de-chauss\u00e9e, dans la cour int\u00e9rieure du b\u00e2timent, sera enti\u00e8rement d\u00e9truite pour laisser place \u00e0 une passerelle compl\u00e8tement vitr\u00e9e, entourant le patio r\u00e9alis\u00e9 en charpente m\u00e9tallique. Le premier bloc en R+3 b\u00e9n\u00e9ficiera sur ses 3 fa\u00e7ades int\u00e9rieures de longs murs rideaux vitr\u00e9s, favorisant l&rsquo;apport de lumi\u00e8re naturelle et sa r\u00e9flexion sur les passerelles. Au sous-sol, l&rsquo;architecte a fait le choix d&rsquo;un plancher bois pour recevoir l&rsquo;installation d&rsquo;un arbre remarquable, plac\u00e9 au centre du patio. Sur la 4e fa\u00e7ade int\u00e9rieure, o\u00f9 le b\u00e2timent est en R+2, une terrasse en vitrage VEA accueillera une aire de jeux pour les enfants.<\/p>\n","protected":false},"excerpt":{"rendered":"<p>Issy les Moulineaux a choisi d&rsquo;implanter un nouvel espace, attenant \u00e0 l&rsquo;H\u00f4tel de Ville. Cr\u00e9atis et l&rsquo;architecte Pierre-Louis FALOCI se sont vus confier la r\u00e9novation de ce b\u00e2timent par la ville d&rsquo;Issy les Moulineaux, ma\u00eetre d&rsquo;ouvrage, et SEMADS, ma\u00eetre d&rsquo;ouvrage d\u00e9l\u00e9gu\u00e9. Cr\u00e9atis s&rsquo;est entour\u00e9e des comp\u00e9tences de filiales sp\u00e9cialis\u00e9es du groupe Spie batignolles. Le b\u00e2timent [&hellip;]<\/p>\n","protected":false},"author":1,"featured_media":75748,"comment_status":"open","ping_status":"closed","sticky":false,"template":"","format":"standard","meta":{"_et_pb_use_builder":"","_et_pb_old_content":"","_et_gb_content_width":"","footnotes":""},"categories":[6340],"tags":[],"class_list":["post-75747","post","type-post","status-publish","format-standard","has-post-thumbnail","hentry","category-architecture-conception"],"yoast_head":"<!-- This site is optimized with the Yoast SEO plugin v27.4 - https:\/\/yoast.com\/product\/yoast-seo-wordpress\/ -->\n<title>Chantier de l&#039;Espace Andr\u00e9e Chedid \u00e0 Issy les Moulineaux<\/title>\n<meta name=\"robots\" content=\"index, follow, max-snippet:-1, max-image-preview:large, max-video-preview:-1\" \/>\n<link rel=\"canonical\" href=\"https:\/\/batijournal.com\/index.php\/chantier-de-lespace-andree-chedid-a-issy-les-moulineaux\/75747\/\" \/>\n<meta property=\"og:locale\" content=\"fr_FR\" \/>\n<meta property=\"og:type\" content=\"article\" \/>\n<meta property=\"og:title\" content=\"Chantier de l&#039;Espace Andr\u00e9e Chedid \u00e0 Issy les Moulineaux\" \/>\n<meta property=\"og:description\" content=\"Issy les Moulineaux a choisi d&rsquo;implanter un nouvel espace, attenant \u00e0 l&rsquo;H\u00f4tel de Ville. Cr\u00e9atis et l&rsquo;architecte Pierre-Louis FALOCI se sont vus confier la r\u00e9novation de ce b\u00e2timent par la ville d&rsquo;Issy les Moulineaux, ma\u00eetre d&rsquo;ouvrage, et SEMADS, ma\u00eetre d&rsquo;ouvrage d\u00e9l\u00e9gu\u00e9. Cr\u00e9atis s&rsquo;est entour\u00e9e des comp\u00e9tences de filiales sp\u00e9cialis\u00e9es du groupe Spie batignolles. Le b\u00e2timent [&hellip;]\" \/>\n<meta property=\"og:url\" content=\"https:\/\/batijournal.com\/index.php\/chantier-de-lespace-andree-chedid-a-issy-les-moulineaux\/75747\/\" \/>\n<meta property=\"og:site_name\" content=\"Batijournal\" \/>\n<meta property=\"article:published_time\" content=\"2012-12-18T23:00:00+00:00\" \/>\n<meta property=\"article:modified_time\" content=\"2019-07-15T09:18:07+00:00\" \/>\n<meta property=\"og:image\" content=\"https:\/\/batijournal.com\/wp-content\/uploads\/2015\/03\/56222025.jpg\" \/>\n\t<meta property=\"og:image:width\" content=\"600\" \/>\n\t<meta property=\"og:image:height\" content=\"349\" \/>\n\t<meta property=\"og:image:type\" content=\"image\/jpeg\" \/>\n<meta name=\"author\" content=\"Bati-journal\" \/>\n<meta name=\"twitter:card\" content=\"summary_large_image\" \/>\n<meta name=\"twitter:creator\" content=\"@bati_journal\" \/>\n<meta name=\"twitter:site\" content=\"@bati_journal\" \/>\n<meta name=\"twitter:label1\" content=\"\u00c9crit par\" \/>\n\t<meta name=\"twitter:data1\" content=\"Bati-journal\" \/>\n\t<meta name=\"twitter:label2\" content=\"Dur\u00e9e de lecture estim\u00e9e\" \/>\n\t<meta name=\"twitter:data2\" content=\"2 minutes\" \/>\n<script type=\"application\/ld+json\" class=\"yoast-schema-graph\">{\"@context\":\"https:\\\/\\\/schema.org\",\"@graph\":[{\"@type\":\"Article\",\"@id\":\"https:\\\/\\\/batijournal.com\\\/index.php\\\/chantier-de-lespace-andree-chedid-a-issy-les-moulineaux\\\/75747\\\/#article\",\"isPartOf\":{\"@id\":\"https:\\\/\\\/batijournal.com\\\/index.php\\\/chantier-de-lespace-andree-chedid-a-issy-les-moulineaux\\\/75747\\\/\"},\"author\":{\"name\":\"Bati-journal\",\"@id\":\"https:\\\/\\\/batijournal.com\\\/#\\\/schema\\\/person\\\/6a657e8967569e1b299972574848aa76\"},\"headline\":\"Chantier de l&rsquo;Espace Andr\u00e9e Chedid \u00e0 Issy les Moulineaux\",\"datePublished\":\"2012-12-18T23:00:00+00:00\",\"dateModified\":\"2019-07-15T09:18:07+00:00\",\"mainEntityOfPage\":{\"@id\":\"https:\\\/\\\/batijournal.com\\\/index.php\\\/chantier-de-lespace-andree-chedid-a-issy-les-moulineaux\\\/75747\\\/\"},\"wordCount\":335,\"commentCount\":0,\"image\":{\"@id\":\"https:\\\/\\\/batijournal.com\\\/index.php\\\/chantier-de-lespace-andree-chedid-a-issy-les-moulineaux\\\/75747\\\/#primaryimage\"},\"thumbnailUrl\":\"https:\\\/\\\/batijournal.com\\\/wp-content\\\/uploads\\\/2015\\\/03\\\/56222025.jpg\",\"articleSection\":[\"Architecture &amp; Conception\"],\"inLanguage\":\"fr-FR\",\"potentialAction\":[{\"@type\":\"CommentAction\",\"name\":\"Comment\",\"target\":[\"https:\\\/\\\/batijournal.com\\\/index.php\\\/chantier-de-lespace-andree-chedid-a-issy-les-moulineaux\\\/75747\\\/#respond\"]}]},{\"@type\":\"WebPage\",\"@id\":\"https:\\\/\\\/batijournal.com\\\/index.php\\\/chantier-de-lespace-andree-chedid-a-issy-les-moulineaux\\\/75747\\\/\",\"url\":\"https:\\\/\\\/batijournal.com\\\/index.php\\\/chantier-de-lespace-andree-chedid-a-issy-les-moulineaux\\\/75747\\\/\",\"name\":\"Chantier de l'Espace Andr\u00e9e Chedid \u00e0 Issy les Moulineaux\",\"isPartOf\":{\"@id\":\"https:\\\/\\\/batijournal.com\\\/#website\"},\"primaryImageOfPage\":{\"@id\":\"https:\\\/\\\/batijournal.com\\\/index.php\\\/chantier-de-lespace-andree-chedid-a-issy-les-moulineaux\\\/75747\\\/#primaryimage\"},\"image\":{\"@id\":\"https:\\\/\\\/batijournal.com\\\/index.php\\\/chantier-de-lespace-andree-chedid-a-issy-les-moulineaux\\\/75747\\\/#primaryimage\"},\"thumbnailUrl\":\"https:\\\/\\\/batijournal.com\\\/wp-content\\\/uploads\\\/2015\\\/03\\\/56222025.jpg\",\"datePublished\":\"2012-12-18T23:00:00+00:00\",\"dateModified\":\"2019-07-15T09:18:07+00:00\",\"author\":{\"@id\":\"https:\\\/\\\/batijournal.com\\\/#\\\/schema\\\/person\\\/6a657e8967569e1b299972574848aa76\"},\"breadcrumb\":{\"@id\":\"https:\\\/\\\/batijournal.com\\\/index.php\\\/chantier-de-lespace-andree-chedid-a-issy-les-moulineaux\\\/75747\\\/#breadcrumb\"},\"inLanguage\":\"fr-FR\",\"potentialAction\":[{\"@type\":\"ReadAction\",\"target\":[\"https:\\\/\\\/batijournal.com\\\/index.php\\\/chantier-de-lespace-andree-chedid-a-issy-les-moulineaux\\\/75747\\\/\"]}]},{\"@type\":\"ImageObject\",\"inLanguage\":\"fr-FR\",\"@id\":\"https:\\\/\\\/batijournal.com\\\/index.php\\\/chantier-de-lespace-andree-chedid-a-issy-les-moulineaux\\\/75747\\\/#primaryimage\",\"url\":\"https:\\\/\\\/batijournal.com\\\/wp-content\\\/uploads\\\/2015\\\/03\\\/56222025.jpg\",\"contentUrl\":\"https:\\\/\\\/batijournal.com\\\/wp-content\\\/uploads\\\/2015\\\/03\\\/56222025.jpg\",\"width\":600,\"height\":349},{\"@type\":\"BreadcrumbList\",\"@id\":\"https:\\\/\\\/batijournal.com\\\/index.php\\\/chantier-de-lespace-andree-chedid-a-issy-les-moulineaux\\\/75747\\\/#breadcrumb\",\"itemListElement\":[{\"@type\":\"ListItem\",\"position\":1,\"name\":\"Accueil\",\"item\":\"https:\\\/\\\/batijournal.com\\\/\"},{\"@type\":\"ListItem\",\"position\":2,\"name\":\"Actualit\u00e9s\",\"item\":\"https:\\\/\\\/batijournal.com\\\/index.php\\\/category\\\/actualites\\\/\"},{\"@type\":\"ListItem\",\"position\":3,\"name\":\"Architecture &amp; Conception\",\"item\":\"https:\\\/\\\/batijournal.com\\\/index.php\\\/category\\\/actualites\\\/architecture-conception\\\/\"},{\"@type\":\"ListItem\",\"position\":4,\"name\":\"Chantier de l&rsquo;Espace Andr\u00e9e Chedid \u00e0 Issy les Moulineaux\"}]},{\"@type\":\"WebSite\",\"@id\":\"https:\\\/\\\/batijournal.com\\\/#website\",\"url\":\"https:\\\/\\\/batijournal.com\\\/\",\"name\":\"Batijournal\",\"description\":\"L&#039;actualit\u00e9 du b\u00e2timent\",\"potentialAction\":[{\"@type\":\"SearchAction\",\"target\":{\"@type\":\"EntryPoint\",\"urlTemplate\":\"https:\\\/\\\/batijournal.com\\\/?s={search_term_string}\"},\"query-input\":{\"@type\":\"PropertyValueSpecification\",\"valueRequired\":true,\"valueName\":\"search_term_string\"}}],\"inLanguage\":\"fr-FR\"},{\"@type\":\"Person\",\"@id\":\"https:\\\/\\\/batijournal.com\\\/#\\\/schema\\\/person\\\/6a657e8967569e1b299972574848aa76\",\"name\":\"Bati-journal\",\"image\":{\"@type\":\"ImageObject\",\"inLanguage\":\"fr-FR\",\"@id\":\"https:\\\/\\\/secure.gravatar.com\\\/avatar\\\/a64364ea26392f9b4dd47e017ddaec74ff03aefc073b49e492e847201258f777?s=96&d=mm&r=g\",\"url\":\"https:\\\/\\\/secure.gravatar.com\\\/avatar\\\/a64364ea26392f9b4dd47e017ddaec74ff03aefc073b49e492e847201258f777?s=96&d=mm&r=g\",\"contentUrl\":\"https:\\\/\\\/secure.gravatar.com\\\/avatar\\\/a64364ea26392f9b4dd47e017ddaec74ff03aefc073b49e492e847201258f777?s=96&d=mm&r=g\",\"caption\":\"Bati-journal\"},\"url\":\"https:\\\/\\\/batijournal.com\\\/index.php\\\/author\\\/elodie\\\/\"}]}<\/script>\n<!-- \/ Yoast SEO plugin. -->","yoast_head_json":{"title":"Chantier de l'Espace Andr\u00e9e Chedid \u00e0 Issy les Moulineaux","robots":{"index":"index","follow":"follow","max-snippet":"max-snippet:-1","max-image-preview":"max-image-preview:large","max-video-preview":"max-video-preview:-1"},"canonical":"https:\/\/batijournal.com\/index.php\/chantier-de-lespace-andree-chedid-a-issy-les-moulineaux\/75747\/","og_locale":"fr_FR","og_type":"article","og_title":"Chantier de l'Espace Andr\u00e9e Chedid \u00e0 Issy les Moulineaux","og_description":"Issy les Moulineaux a choisi d&rsquo;implanter un nouvel espace, attenant \u00e0 l&rsquo;H\u00f4tel de Ville. Cr\u00e9atis et l&rsquo;architecte Pierre-Louis FALOCI se sont vus confier la r\u00e9novation de ce b\u00e2timent par la ville d&rsquo;Issy les Moulineaux, ma\u00eetre d&rsquo;ouvrage, et SEMADS, ma\u00eetre d&rsquo;ouvrage d\u00e9l\u00e9gu\u00e9. Cr\u00e9atis s&rsquo;est entour\u00e9e des comp\u00e9tences de filiales sp\u00e9cialis\u00e9es du groupe Spie batignolles. Le b\u00e2timent [&hellip;]","og_url":"https:\/\/batijournal.com\/index.php\/chantier-de-lespace-andree-chedid-a-issy-les-moulineaux\/75747\/","og_site_name":"Batijournal","article_published_time":"2012-12-18T23:00:00+00:00","article_modified_time":"2019-07-15T09:18:07+00:00","og_image":[{"width":600,"height":349,"url":"https:\/\/batijournal.com\/wp-content\/uploads\/2015\/03\/56222025.jpg","type":"image\/jpeg"}],"author":"Bati-journal","twitter_card":"summary_large_image","twitter_creator":"@bati_journal","twitter_site":"@bati_journal","twitter_misc":{"\u00c9crit par":"Bati-journal","Dur\u00e9e de lecture estim\u00e9e":"2 minutes"},"schema":{"@context":"https:\/\/schema.org","@graph":[{"@type":"Article","@id":"https:\/\/batijournal.com\/index.php\/chantier-de-lespace-andree-chedid-a-issy-les-moulineaux\/75747\/#article","isPartOf":{"@id":"https:\/\/batijournal.com\/index.php\/chantier-de-lespace-andree-chedid-a-issy-les-moulineaux\/75747\/"},"author":{"name":"Bati-journal","@id":"https:\/\/batijournal.com\/#\/schema\/person\/6a657e8967569e1b299972574848aa76"},"headline":"Chantier de l&rsquo;Espace Andr\u00e9e Chedid \u00e0 Issy les Moulineaux","datePublished":"2012-12-18T23:00:00+00:00","dateModified":"2019-07-15T09:18:07+00:00","mainEntityOfPage":{"@id":"https:\/\/batijournal.com\/index.php\/chantier-de-lespace-andree-chedid-a-issy-les-moulineaux\/75747\/"},"wordCount":335,"commentCount":0,"image":{"@id":"https:\/\/batijournal.com\/index.php\/chantier-de-lespace-andree-chedid-a-issy-les-moulineaux\/75747\/#primaryimage"},"thumbnailUrl":"https:\/\/batijournal.com\/wp-content\/uploads\/2015\/03\/56222025.jpg","articleSection":["Architecture &amp; Conception"],"inLanguage":"fr-FR","potentialAction":[{"@type":"CommentAction","name":"Comment","target":["https:\/\/batijournal.com\/index.php\/chantier-de-lespace-andree-chedid-a-issy-les-moulineaux\/75747\/#respond"]}]},{"@type":"WebPage","@id":"https:\/\/batijournal.com\/index.php\/chantier-de-lespace-andree-chedid-a-issy-les-moulineaux\/75747\/","url":"https:\/\/batijournal.com\/index.php\/chantier-de-lespace-andree-chedid-a-issy-les-moulineaux\/75747\/","name":"Chantier de l'Espace Andr\u00e9e Chedid \u00e0 Issy les Moulineaux","isPartOf":{"@id":"https:\/\/batijournal.com\/#website"},"primaryImageOfPage":{"@id":"https:\/\/batijournal.com\/index.php\/chantier-de-lespace-andree-chedid-a-issy-les-moulineaux\/75747\/#primaryimage"},"image":{"@id":"https:\/\/batijournal.com\/index.php\/chantier-de-lespace-andree-chedid-a-issy-les-moulineaux\/75747\/#primaryimage"},"thumbnailUrl":"https:\/\/batijournal.com\/wp-content\/uploads\/2015\/03\/56222025.jpg","datePublished":"2012-12-18T23:00:00+00:00","dateModified":"2019-07-15T09:18:07+00:00","author":{"@id":"https:\/\/batijournal.com\/#\/schema\/person\/6a657e8967569e1b299972574848aa76"},"breadcrumb":{"@id":"https:\/\/batijournal.com\/index.php\/chantier-de-lespace-andree-chedid-a-issy-les-moulineaux\/75747\/#breadcrumb"},"inLanguage":"fr-FR","potentialAction":[{"@type":"ReadAction","target":["https:\/\/batijournal.com\/index.php\/chantier-de-lespace-andree-chedid-a-issy-les-moulineaux\/75747\/"]}]},{"@type":"ImageObject","inLanguage":"fr-FR","@id":"https:\/\/batijournal.com\/index.php\/chantier-de-lespace-andree-chedid-a-issy-les-moulineaux\/75747\/#primaryimage","url":"https:\/\/batijournal.com\/wp-content\/uploads\/2015\/03\/56222025.jpg","contentUrl":"https:\/\/batijournal.com\/wp-content\/uploads\/2015\/03\/56222025.jpg","width":600,"height":349},{"@type":"BreadcrumbList","@id":"https:\/\/batijournal.com\/index.php\/chantier-de-lespace-andree-chedid-a-issy-les-moulineaux\/75747\/#breadcrumb","itemListElement":[{"@type":"ListItem","position":1,"name":"Accueil","item":"https:\/\/batijournal.com\/"},{"@type":"ListItem","position":2,"name":"Actualit\u00e9s","item":"https:\/\/batijournal.com\/index.php\/category\/actualites\/"},{"@type":"ListItem","position":3,"name":"Architecture &amp; Conception","item":"https:\/\/batijournal.com\/index.php\/category\/actualites\/architecture-conception\/"},{"@type":"ListItem","position":4,"name":"Chantier de l&rsquo;Espace Andr\u00e9e Chedid \u00e0 Issy les Moulineaux"}]},{"@type":"WebSite","@id":"https:\/\/batijournal.com\/#website","url":"https:\/\/batijournal.com\/","name":"Batijournal","description":"L&#039;actualit\u00e9 du b\u00e2timent","potentialAction":[{"@type":"SearchAction","target":{"@type":"EntryPoint","urlTemplate":"https:\/\/batijournal.com\/?s={search_term_string}"},"query-input":{"@type":"PropertyValueSpecification","valueRequired":true,"valueName":"search_term_string"}}],"inLanguage":"fr-FR"},{"@type":"Person","@id":"https:\/\/batijournal.com\/#\/schema\/person\/6a657e8967569e1b299972574848aa76","name":"Bati-journal","image":{"@type":"ImageObject","inLanguage":"fr-FR","@id":"https:\/\/secure.gravatar.com\/avatar\/a64364ea26392f9b4dd47e017ddaec74ff03aefc073b49e492e847201258f777?s=96&d=mm&r=g","url":"https:\/\/secure.gravatar.com\/avatar\/a64364ea26392f9b4dd47e017ddaec74ff03aefc073b49e492e847201258f777?s=96&d=mm&r=g","contentUrl":"https:\/\/secure.gravatar.com\/avatar\/a64364ea26392f9b4dd47e017ddaec74ff03aefc073b49e492e847201258f777?s=96&d=mm&r=g","caption":"Bati-journal"},"url":"https:\/\/batijournal.com\/index.php\/author\/elodie\/"}]}},"_links":{"self":[{"href":"https:\/\/batijournal.com\/index.php\/wp-json\/wp\/v2\/posts\/75747","targetHints":{"allow":["GET"]}}],"collection":[{"href":"https:\/\/batijournal.com\/index.php\/wp-json\/wp\/v2\/posts"}],"about":[{"href":"https:\/\/batijournal.com\/index.php\/wp-json\/wp\/v2\/types\/post"}],"author":[{"embeddable":true,"href":"https:\/\/batijournal.com\/index.php\/wp-json\/wp\/v2\/users\/1"}],"replies":[{"embeddable":true,"href":"https:\/\/batijournal.com\/index.php\/wp-json\/wp\/v2\/comments?post=75747"}],"version-history":[{"count":0,"href":"https:\/\/batijournal.com\/index.php\/wp-json\/wp\/v2\/posts\/75747\/revisions"}],"wp:featuredmedia":[{"embeddable":true,"href":"https:\/\/batijournal.com\/index.php\/wp-json\/wp\/v2\/media\/75748"}],"wp:attachment":[{"href":"https:\/\/batijournal.com\/index.php\/wp-json\/wp\/v2\/media?parent=75747"}],"wp:term":[{"taxonomy":"category","embeddable":true,"href":"https:\/\/batijournal.com\/index.php\/wp-json\/wp\/v2\/categories?post=75747"},{"taxonomy":"post_tag","embeddable":true,"href":"https:\/\/batijournal.com\/index.php\/wp-json\/wp\/v2\/tags?post=75747"}],"curies":[{"name":"wp","href":"https:\/\/api.w.org\/{rel}","templated":true}]}}