{"id":75856,"date":"2013-08-28T00:00:00","date_gmt":"2013-08-27T22:00:00","guid":{"rendered":"http:\/\/b.bati-journal.com\/la-bibliotheque-nationale-en-feu\/75856"},"modified":"2019-07-15T11:17:56","modified_gmt":"2019-07-15T09:17:56","slug":"la-bibliotheque-nationale-en-feu","status":"publish","type":"post","link":"https:\/\/batijournal.com\/index.php\/la-bibliotheque-nationale-en-feu\/75856\/","title":{"rendered":"La Biblioth\u00e8que nationale en feu"},"content":{"rendered":"<p>Lundi 5 ao\u00fbt 2013 au matin, un d\u00e9part d&rsquo;incendie s&rsquo;est d\u00e9clench\u00e9 sur une zone en travaux du site de la Biblioth\u00e8que nationale de France, rue de Richelieu.  La directrice g\u00e9n\u00e9rale de la BNF et le cabinet de la ministre de la Culture ont rejoint rapidement le site. L&rsquo;incendie, qui a caus\u00e9 de faibles d\u00e9g\u00e2ts mat\u00e9riels sur une superficie d&rsquo;environ 100 m2;, \u00e9tait localis\u00e9 sous les toits dans une zone de d\u00e9samiantage des locaux, confin\u00e9e et sous cloisons \u00e9tanches. Les pompiers de Paris sont parvenus tr\u00e8s rapidement \u00e0 ma\u00eetriser l&rsquo;incendie. Aucun bless\u00e9 n&rsquo;est \u00e0 d\u00e9plorer et toutes les pr\u00e9cautions ont \u00e9t\u00e9 prises pour pr\u00e9server les pompiers en contact avec la zone des risques de contamination. Le feu aurait pris au niveau d&rsquo;un dispositif de filtrage de l&rsquo;amiante. Le chantier \u00e9tait termin\u00e9 depuis vendredi 2 ao\u00fbt et venait d&rsquo;\u00eatre vid\u00e9 de ses mat\u00e9riels. L&rsquo;incendie est rest\u00e9 circonscrit \u00e0 la zone en toiture sur une vingtaine de m\u00e8tres, les pompiers ont pris les dispositions appropri\u00e9es pour \u00e9viter toute reprise de feu dans cette zone.  La partie du site Richelieu ouverte au public a rouvert normalement ses portes peu de temps apr\u00e8s. La date de reprise du chantier de r\u00e9novation de la partie en travaux de cette zone de chantier sera \u00e9tablie d\u00e8s la d\u00e9termination des conditions optimales de s\u00e9curit\u00e9 pour les personnels et pour la sauvegarde du site.  Les temp\u00e9ratures estivales \u00e9tant exceptionnellement \u00e9lev\u00e9es, Aur\u00e9lie Philippetti a donn\u00e9 instruction \u00e0 l&rsquo;ensemble de ses services en charge des chantiers en cours de renforcer les mesures de suivi et de contr\u00f4le pr\u00e9ventif des zones \u00e0 risque de feu. Les DRAC seront \u00e9galement invit\u00e9es \u00e0 faire v\u00e9rifier, plus particuli\u00e8rement, les b\u00e2timents contenant des collections patrimoniales.<\/p>\n","protected":false},"excerpt":{"rendered":"<p>Lundi 5 ao\u00fbt 2013 au matin, un d\u00e9part d&rsquo;incendie s&rsquo;est d\u00e9clench\u00e9 sur une zone en travaux du site de la Biblioth\u00e8que nationale de France, rue de Richelieu. La directrice g\u00e9n\u00e9rale de la BNF et le cabinet de la ministre de la Culture ont rejoint rapidement le site. L&rsquo;incendie, qui a caus\u00e9 de faibles d\u00e9g\u00e2ts mat\u00e9riels [&hellip;]<\/p>\n","protected":false},"author":1,"featured_media":0,"comment_status":"open","ping_status":"closed","sticky":false,"template":"","format":"standard","meta":{"_et_pb_use_builder":"","_et_pb_old_content":"","_et_gb_content_width":"","footnotes":""},"categories":[6340],"tags":[8485,3348],"class_list":["post-75856","post","type-post","status-publish","format-standard","hentry","category-architecture-conception","tag-bnf","tag-incendie"],"yoast_head":"<!-- This site is optimized with the Yoast SEO plugin v27.4 - https:\/\/yoast.com\/product\/yoast-seo-wordpress\/ -->\n<title>La Biblioth\u00e8que nationale en feu<\/title>\n<meta name=\"robots\" content=\"index, follow, max-snippet:-1, max-image-preview:large, max-video-preview:-1\" \/>\n<link rel=\"canonical\" href=\"https:\/\/batijournal.com\/index.php\/la-bibliotheque-nationale-en-feu\/75856\/\" \/>\n<meta property=\"og:locale\" content=\"fr_FR\" \/>\n<meta property=\"og:type\" content=\"article\" \/>\n<meta property=\"og:title\" content=\"La Biblioth\u00e8que nationale en feu\" \/>\n<meta property=\"og:description\" content=\"Lundi 5 ao\u00fbt 2013 au matin, un d\u00e9part d&rsquo;incendie s&rsquo;est d\u00e9clench\u00e9 sur une zone en travaux du site de la Biblioth\u00e8que nationale de France, rue de Richelieu. La directrice g\u00e9n\u00e9rale de la BNF et le cabinet de la ministre de la Culture ont rejoint rapidement le site. L&rsquo;incendie, qui a caus\u00e9 de faibles d\u00e9g\u00e2ts mat\u00e9riels [&hellip;]\" \/>\n<meta property=\"og:url\" content=\"https:\/\/batijournal.com\/index.php\/la-bibliotheque-nationale-en-feu\/75856\/\" \/>\n<meta property=\"og:site_name\" content=\"Batijournal\" \/>\n<meta property=\"article:published_time\" content=\"2013-08-27T22:00:00+00:00\" \/>\n<meta property=\"article:modified_time\" content=\"2019-07-15T09:17:56+00:00\" \/>\n<meta name=\"author\" content=\"Bati-journal\" \/>\n<meta name=\"twitter:card\" content=\"summary_large_image\" \/>\n<meta name=\"twitter:creator\" content=\"@bati_journal\" \/>\n<meta name=\"twitter:site\" content=\"@bati_journal\" \/>\n<meta name=\"twitter:label1\" content=\"\u00c9crit par\" \/>\n\t<meta name=\"twitter:data1\" content=\"Bati-journal\" \/>\n\t<meta name=\"twitter:label2\" content=\"Dur\u00e9e de lecture estim\u00e9e\" \/>\n\t<meta name=\"twitter:data2\" content=\"2 minutes\" \/>\n<script type=\"application\/ld+json\" class=\"yoast-schema-graph\">{\"@context\":\"https:\\\/\\\/schema.org\",\"@graph\":[{\"@type\":\"Article\",\"@id\":\"https:\\\/\\\/batijournal.com\\\/index.php\\\/la-bibliotheque-nationale-en-feu\\\/75856\\\/#article\",\"isPartOf\":{\"@id\":\"https:\\\/\\\/batijournal.com\\\/index.php\\\/la-bibliotheque-nationale-en-feu\\\/75856\\\/\"},\"author\":{\"name\":\"Bati-journal\",\"@id\":\"https:\\\/\\\/batijournal.com\\\/#\\\/schema\\\/person\\\/6a657e8967569e1b299972574848aa76\"},\"headline\":\"La Biblioth\u00e8que nationale en feu\",\"datePublished\":\"2013-08-27T22:00:00+00:00\",\"dateModified\":\"2019-07-15T09:17:56+00:00\",\"mainEntityOfPage\":{\"@id\":\"https:\\\/\\\/batijournal.com\\\/index.php\\\/la-bibliotheque-nationale-en-feu\\\/75856\\\/\"},\"wordCount\":320,\"commentCount\":0,\"keywords\":[\"bnf\",\"incendie\"],\"articleSection\":[\"Architecture &amp; Conception\"],\"inLanguage\":\"fr-FR\",\"potentialAction\":[{\"@type\":\"CommentAction\",\"name\":\"Comment\",\"target\":[\"https:\\\/\\\/batijournal.com\\\/index.php\\\/la-bibliotheque-nationale-en-feu\\\/75856\\\/#respond\"]}]},{\"@type\":\"WebPage\",\"@id\":\"https:\\\/\\\/batijournal.com\\\/index.php\\\/la-bibliotheque-nationale-en-feu\\\/75856\\\/\",\"url\":\"https:\\\/\\\/batijournal.com\\\/index.php\\\/la-bibliotheque-nationale-en-feu\\\/75856\\\/\",\"name\":\"La Biblioth\u00e8que nationale en feu\",\"isPartOf\":{\"@id\":\"https:\\\/\\\/batijournal.com\\\/#website\"},\"datePublished\":\"2013-08-27T22:00:00+00:00\",\"dateModified\":\"2019-07-15T09:17:56+00:00\",\"author\":{\"@id\":\"https:\\\/\\\/batijournal.com\\\/#\\\/schema\\\/person\\\/6a657e8967569e1b299972574848aa76\"},\"breadcrumb\":{\"@id\":\"https:\\\/\\\/batijournal.com\\\/index.php\\\/la-bibliotheque-nationale-en-feu\\\/75856\\\/#breadcrumb\"},\"inLanguage\":\"fr-FR\",\"potentialAction\":[{\"@type\":\"ReadAction\",\"target\":[\"https:\\\/\\\/batijournal.com\\\/index.php\\\/la-bibliotheque-nationale-en-feu\\\/75856\\\/\"]}]},{\"@type\":\"BreadcrumbList\",\"@id\":\"https:\\\/\\\/batijournal.com\\\/index.php\\\/la-bibliotheque-nationale-en-feu\\\/75856\\\/#breadcrumb\",\"itemListElement\":[{\"@type\":\"ListItem\",\"position\":1,\"name\":\"Accueil\",\"item\":\"https:\\\/\\\/batijournal.com\\\/\"},{\"@type\":\"ListItem\",\"position\":2,\"name\":\"Actualit\u00e9s\",\"item\":\"https:\\\/\\\/batijournal.com\\\/index.php\\\/category\\\/actualites\\\/\"},{\"@type\":\"ListItem\",\"position\":3,\"name\":\"Architecture &amp; Conception\",\"item\":\"https:\\\/\\\/batijournal.com\\\/index.php\\\/category\\\/actualites\\\/architecture-conception\\\/\"},{\"@type\":\"ListItem\",\"position\":4,\"name\":\"La Biblioth\u00e8que nationale en feu\"}]},{\"@type\":\"WebSite\",\"@id\":\"https:\\\/\\\/batijournal.com\\\/#website\",\"url\":\"https:\\\/\\\/batijournal.com\\\/\",\"name\":\"Batijournal\",\"description\":\"L&#039;actualit\u00e9 du b\u00e2timent\",\"potentialAction\":[{\"@type\":\"SearchAction\",\"target\":{\"@type\":\"EntryPoint\",\"urlTemplate\":\"https:\\\/\\\/batijournal.com\\\/?s={search_term_string}\"},\"query-input\":{\"@type\":\"PropertyValueSpecification\",\"valueRequired\":true,\"valueName\":\"search_term_string\"}}],\"inLanguage\":\"fr-FR\"},{\"@type\":\"Person\",\"@id\":\"https:\\\/\\\/batijournal.com\\\/#\\\/schema\\\/person\\\/6a657e8967569e1b299972574848aa76\",\"name\":\"Bati-journal\",\"image\":{\"@type\":\"ImageObject\",\"inLanguage\":\"fr-FR\",\"@id\":\"https:\\\/\\\/secure.gravatar.com\\\/avatar\\\/a64364ea26392f9b4dd47e017ddaec74ff03aefc073b49e492e847201258f777?s=96&d=mm&r=g\",\"url\":\"https:\\\/\\\/secure.gravatar.com\\\/avatar\\\/a64364ea26392f9b4dd47e017ddaec74ff03aefc073b49e492e847201258f777?s=96&d=mm&r=g\",\"contentUrl\":\"https:\\\/\\\/secure.gravatar.com\\\/avatar\\\/a64364ea26392f9b4dd47e017ddaec74ff03aefc073b49e492e847201258f777?s=96&d=mm&r=g\",\"caption\":\"Bati-journal\"},\"url\":\"https:\\\/\\\/batijournal.com\\\/index.php\\\/author\\\/elodie\\\/\"}]}<\/script>\n<!-- \/ Yoast SEO plugin. -->","yoast_head_json":{"title":"La Biblioth\u00e8que nationale en feu","robots":{"index":"index","follow":"follow","max-snippet":"max-snippet:-1","max-image-preview":"max-image-preview:large","max-video-preview":"max-video-preview:-1"},"canonical":"https:\/\/batijournal.com\/index.php\/la-bibliotheque-nationale-en-feu\/75856\/","og_locale":"fr_FR","og_type":"article","og_title":"La Biblioth\u00e8que nationale en feu","og_description":"Lundi 5 ao\u00fbt 2013 au matin, un d\u00e9part d&rsquo;incendie s&rsquo;est d\u00e9clench\u00e9 sur une zone en travaux du site de la Biblioth\u00e8que nationale de France, rue de Richelieu. La directrice g\u00e9n\u00e9rale de la BNF et le cabinet de la ministre de la Culture ont rejoint rapidement le site. L&rsquo;incendie, qui a caus\u00e9 de faibles d\u00e9g\u00e2ts mat\u00e9riels [&hellip;]","og_url":"https:\/\/batijournal.com\/index.php\/la-bibliotheque-nationale-en-feu\/75856\/","og_site_name":"Batijournal","article_published_time":"2013-08-27T22:00:00+00:00","article_modified_time":"2019-07-15T09:17:56+00:00","author":"Bati-journal","twitter_card":"summary_large_image","twitter_creator":"@bati_journal","twitter_site":"@bati_journal","twitter_misc":{"\u00c9crit par":"Bati-journal","Dur\u00e9e de lecture estim\u00e9e":"2 minutes"},"schema":{"@context":"https:\/\/schema.org","@graph":[{"@type":"Article","@id":"https:\/\/batijournal.com\/index.php\/la-bibliotheque-nationale-en-feu\/75856\/#article","isPartOf":{"@id":"https:\/\/batijournal.com\/index.php\/la-bibliotheque-nationale-en-feu\/75856\/"},"author":{"name":"Bati-journal","@id":"https:\/\/batijournal.com\/#\/schema\/person\/6a657e8967569e1b299972574848aa76"},"headline":"La Biblioth\u00e8que nationale en feu","datePublished":"2013-08-27T22:00:00+00:00","dateModified":"2019-07-15T09:17:56+00:00","mainEntityOfPage":{"@id":"https:\/\/batijournal.com\/index.php\/la-bibliotheque-nationale-en-feu\/75856\/"},"wordCount":320,"commentCount":0,"keywords":["bnf","incendie"],"articleSection":["Architecture &amp; Conception"],"inLanguage":"fr-FR","potentialAction":[{"@type":"CommentAction","name":"Comment","target":["https:\/\/batijournal.com\/index.php\/la-bibliotheque-nationale-en-feu\/75856\/#respond"]}]},{"@type":"WebPage","@id":"https:\/\/batijournal.com\/index.php\/la-bibliotheque-nationale-en-feu\/75856\/","url":"https:\/\/batijournal.com\/index.php\/la-bibliotheque-nationale-en-feu\/75856\/","name":"La Biblioth\u00e8que nationale en feu","isPartOf":{"@id":"https:\/\/batijournal.com\/#website"},"datePublished":"2013-08-27T22:00:00+00:00","dateModified":"2019-07-15T09:17:56+00:00","author":{"@id":"https:\/\/batijournal.com\/#\/schema\/person\/6a657e8967569e1b299972574848aa76"},"breadcrumb":{"@id":"https:\/\/batijournal.com\/index.php\/la-bibliotheque-nationale-en-feu\/75856\/#breadcrumb"},"inLanguage":"fr-FR","potentialAction":[{"@type":"ReadAction","target":["https:\/\/batijournal.com\/index.php\/la-bibliotheque-nationale-en-feu\/75856\/"]}]},{"@type":"BreadcrumbList","@id":"https:\/\/batijournal.com\/index.php\/la-bibliotheque-nationale-en-feu\/75856\/#breadcrumb","itemListElement":[{"@type":"ListItem","position":1,"name":"Accueil","item":"https:\/\/batijournal.com\/"},{"@type":"ListItem","position":2,"name":"Actualit\u00e9s","item":"https:\/\/batijournal.com\/index.php\/category\/actualites\/"},{"@type":"ListItem","position":3,"name":"Architecture &amp; Conception","item":"https:\/\/batijournal.com\/index.php\/category\/actualites\/architecture-conception\/"},{"@type":"ListItem","position":4,"name":"La Biblioth\u00e8que nationale en feu"}]},{"@type":"WebSite","@id":"https:\/\/batijournal.com\/#website","url":"https:\/\/batijournal.com\/","name":"Batijournal","description":"L&#039;actualit\u00e9 du b\u00e2timent","potentialAction":[{"@type":"SearchAction","target":{"@type":"EntryPoint","urlTemplate":"https:\/\/batijournal.com\/?s={search_term_string}"},"query-input":{"@type":"PropertyValueSpecification","valueRequired":true,"valueName":"search_term_string"}}],"inLanguage":"fr-FR"},{"@type":"Person","@id":"https:\/\/batijournal.com\/#\/schema\/person\/6a657e8967569e1b299972574848aa76","name":"Bati-journal","image":{"@type":"ImageObject","inLanguage":"fr-FR","@id":"https:\/\/secure.gravatar.com\/avatar\/a64364ea26392f9b4dd47e017ddaec74ff03aefc073b49e492e847201258f777?s=96&d=mm&r=g","url":"https:\/\/secure.gravatar.com\/avatar\/a64364ea26392f9b4dd47e017ddaec74ff03aefc073b49e492e847201258f777?s=96&d=mm&r=g","contentUrl":"https:\/\/secure.gravatar.com\/avatar\/a64364ea26392f9b4dd47e017ddaec74ff03aefc073b49e492e847201258f777?s=96&d=mm&r=g","caption":"Bati-journal"},"url":"https:\/\/batijournal.com\/index.php\/author\/elodie\/"}]}},"_links":{"self":[{"href":"https:\/\/batijournal.com\/index.php\/wp-json\/wp\/v2\/posts\/75856","targetHints":{"allow":["GET"]}}],"collection":[{"href":"https:\/\/batijournal.com\/index.php\/wp-json\/wp\/v2\/posts"}],"about":[{"href":"https:\/\/batijournal.com\/index.php\/wp-json\/wp\/v2\/types\/post"}],"author":[{"embeddable":true,"href":"https:\/\/batijournal.com\/index.php\/wp-json\/wp\/v2\/users\/1"}],"replies":[{"embeddable":true,"href":"https:\/\/batijournal.com\/index.php\/wp-json\/wp\/v2\/comments?post=75856"}],"version-history":[{"count":0,"href":"https:\/\/batijournal.com\/index.php\/wp-json\/wp\/v2\/posts\/75856\/revisions"}],"wp:attachment":[{"href":"https:\/\/batijournal.com\/index.php\/wp-json\/wp\/v2\/media?parent=75856"}],"wp:term":[{"taxonomy":"category","embeddable":true,"href":"https:\/\/batijournal.com\/index.php\/wp-json\/wp\/v2\/categories?post=75856"},{"taxonomy":"post_tag","embeddable":true,"href":"https:\/\/batijournal.com\/index.php\/wp-json\/wp\/v2\/tags?post=75856"}],"curies":[{"name":"wp","href":"https:\/\/api.w.org\/{rel}","templated":true}]}}