{"id":76042,"date":"2007-04-03T00:00:00","date_gmt":"2007-04-02T22:00:00","guid":{"rendered":"http:\/\/b.bati-journal.com\/le-ministre-de-la-culture-souvre-aux-cultures-urbaines\/76042"},"modified":"2019-07-15T11:20:04","modified_gmt":"2019-07-15T09:20:04","slug":"le-ministre-de-la-culture-souvre-aux-cultures-urbaines","status":"publish","type":"post","link":"https:\/\/batijournal.com\/index.php\/le-ministre-de-la-culture-souvre-aux-cultures-urbaines\/76042\/","title":{"rendered":"Le ministre de la Culture s&#039;ouvre aux cultures urbaines"},"content":{"rendered":"<p>Hip-hop, rap et graffitis vont-ils investir les monuments du patrimoine? La question peut de poser depuis que Renaud Donnedieu de Vabres a demand\u00e9 aux directeurs r\u00e9gionaux des affaires culturelles (DRAC) de d\u00e9signer un interlocuteur d\u00e9di\u00e9 aux artistes et associations des cultures urbaines. Parall\u00e8lement, il a engag\u00e9 son administration \u00e0 favoriser l&rsquo;organisation de nouveaux \u00e9v\u00e9nements mettant en sc\u00e8ne ces cultures dans des lieux embl\u00e9matiques du patrimoine. Cette ouverture fait suite \u00e0 l&rsquo;\u00e9v\u00e9nement \u201cRue\u201c d&rsquo;octobre dernier, organis\u00e9 \u00e0 l&rsquo;initiative du minist\u00e8re de la Culture et de la Communication, lors duquel le Grand Palais s&rsquo;est ouvert \u00e0 toutes les formes d&rsquo;expression. Le 11 d\u00e9cembre dernier, un collectif de personnalit\u00e9s s&rsquo;est vu confi\u00e9e la t\u00e2che de faire des propositions afin que l&rsquo;\u00e9lan donn\u00e9 par \u201cRue\u201c ne retombe pas. Mettre en place un r\u00e9seau d&rsquo;experts, ouvrir les institutions culturelles aux cultures urbaines, leur faciliter l&rsquo;acc\u00e8s \u00e0 des financements publics et priv\u00e9s, approfondir les questions de formation, telles sont les pr\u00e9conisations du collectif pour contribuer \u00e0 une meilleure reconnaissance de ces nouvelles expressions culturelles. Une nouvelle \u00e9dition de \u201cRue\u201c au Grand Palais est d\u00e9j\u00e0 programm\u00e9e, certainement pour les 17 et 18 novembre prochain.<\/p>\n","protected":false},"excerpt":{"rendered":"<p>Hip-hop, rap et graffitis vont-ils investir les monuments du patrimoine? La question peut de poser depuis que Renaud Donnedieu de Vabres a demand\u00e9 aux directeurs r\u00e9gionaux des affaires culturelles (DRAC) de d\u00e9signer un interlocuteur d\u00e9di\u00e9 aux artistes et associations des cultures urbaines. Parall\u00e8lement, il a engag\u00e9 son administration \u00e0 favoriser l&rsquo;organisation de nouveaux \u00e9v\u00e9nements mettant [&hellip;]<\/p>\n","protected":false},"author":1,"featured_media":0,"comment_status":"open","ping_status":"closed","sticky":false,"template":"","format":"standard","meta":{"_et_pb_use_builder":"","_et_pb_old_content":"","_et_gb_content_width":"","footnotes":""},"categories":[6340],"tags":[4389],"class_list":["post-76042","post","type-post","status-publish","format-standard","hentry","category-architecture-conception","tag-culture"],"yoast_head":"<!-- This site is optimized with the Yoast SEO plugin v27.4 - https:\/\/yoast.com\/product\/yoast-seo-wordpress\/ -->\n<title>Le ministre de la Culture s&#039;ouvre aux cultures urbaines<\/title>\n<meta name=\"robots\" content=\"index, follow, max-snippet:-1, max-image-preview:large, max-video-preview:-1\" \/>\n<link rel=\"canonical\" href=\"https:\/\/batijournal.com\/index.php\/le-ministre-de-la-culture-souvre-aux-cultures-urbaines\/76042\/\" \/>\n<meta property=\"og:locale\" content=\"fr_FR\" \/>\n<meta property=\"og:type\" content=\"article\" \/>\n<meta property=\"og:title\" content=\"Le ministre de la Culture s&#039;ouvre aux cultures urbaines\" \/>\n<meta property=\"og:description\" content=\"Hip-hop, rap et graffitis vont-ils investir les monuments du patrimoine? La question peut de poser depuis que Renaud Donnedieu de Vabres a demand\u00e9 aux directeurs r\u00e9gionaux des affaires culturelles (DRAC) de d\u00e9signer un interlocuteur d\u00e9di\u00e9 aux artistes et associations des cultures urbaines. Parall\u00e8lement, il a engag\u00e9 son administration \u00e0 favoriser l&rsquo;organisation de nouveaux \u00e9v\u00e9nements mettant [&hellip;]\" \/>\n<meta property=\"og:url\" content=\"https:\/\/batijournal.com\/index.php\/le-ministre-de-la-culture-souvre-aux-cultures-urbaines\/76042\/\" \/>\n<meta property=\"og:site_name\" content=\"Batijournal\" \/>\n<meta property=\"article:published_time\" content=\"2007-04-02T22:00:00+00:00\" \/>\n<meta property=\"article:modified_time\" content=\"2019-07-15T09:20:04+00:00\" \/>\n<meta name=\"author\" content=\"Bati-journal\" \/>\n<meta name=\"twitter:card\" content=\"summary_large_image\" \/>\n<meta name=\"twitter:creator\" content=\"@bati_journal\" \/>\n<meta name=\"twitter:site\" content=\"@bati_journal\" \/>\n<meta name=\"twitter:label1\" content=\"\u00c9crit par\" \/>\n\t<meta name=\"twitter:data1\" content=\"Bati-journal\" \/>\n\t<meta name=\"twitter:label2\" content=\"Dur\u00e9e de lecture estim\u00e9e\" \/>\n\t<meta name=\"twitter:data2\" content=\"1 minute\" \/>\n<script type=\"application\/ld+json\" class=\"yoast-schema-graph\">{\"@context\":\"https:\\\/\\\/schema.org\",\"@graph\":[{\"@type\":\"Article\",\"@id\":\"https:\\\/\\\/batijournal.com\\\/index.php\\\/le-ministre-de-la-culture-souvre-aux-cultures-urbaines\\\/76042\\\/#article\",\"isPartOf\":{\"@id\":\"https:\\\/\\\/batijournal.com\\\/index.php\\\/le-ministre-de-la-culture-souvre-aux-cultures-urbaines\\\/76042\\\/\"},\"author\":{\"name\":\"Bati-journal\",\"@id\":\"https:\\\/\\\/batijournal.com\\\/#\\\/schema\\\/person\\\/6a657e8967569e1b299972574848aa76\"},\"headline\":\"Le ministre de la Culture s&#039;ouvre aux cultures urbaines\",\"datePublished\":\"2007-04-02T22:00:00+00:00\",\"dateModified\":\"2019-07-15T09:20:04+00:00\",\"mainEntityOfPage\":{\"@id\":\"https:\\\/\\\/batijournal.com\\\/index.php\\\/le-ministre-de-la-culture-souvre-aux-cultures-urbaines\\\/76042\\\/\"},\"wordCount\":217,\"commentCount\":0,\"keywords\":[\"culture\"],\"articleSection\":[\"Architecture &amp; Conception\"],\"inLanguage\":\"fr-FR\",\"potentialAction\":[{\"@type\":\"CommentAction\",\"name\":\"Comment\",\"target\":[\"https:\\\/\\\/batijournal.com\\\/index.php\\\/le-ministre-de-la-culture-souvre-aux-cultures-urbaines\\\/76042\\\/#respond\"]}]},{\"@type\":\"WebPage\",\"@id\":\"https:\\\/\\\/batijournal.com\\\/index.php\\\/le-ministre-de-la-culture-souvre-aux-cultures-urbaines\\\/76042\\\/\",\"url\":\"https:\\\/\\\/batijournal.com\\\/index.php\\\/le-ministre-de-la-culture-souvre-aux-cultures-urbaines\\\/76042\\\/\",\"name\":\"Le ministre de la Culture s&#039;ouvre aux cultures urbaines\",\"isPartOf\":{\"@id\":\"https:\\\/\\\/batijournal.com\\\/#website\"},\"datePublished\":\"2007-04-02T22:00:00+00:00\",\"dateModified\":\"2019-07-15T09:20:04+00:00\",\"author\":{\"@id\":\"https:\\\/\\\/batijournal.com\\\/#\\\/schema\\\/person\\\/6a657e8967569e1b299972574848aa76\"},\"breadcrumb\":{\"@id\":\"https:\\\/\\\/batijournal.com\\\/index.php\\\/le-ministre-de-la-culture-souvre-aux-cultures-urbaines\\\/76042\\\/#breadcrumb\"},\"inLanguage\":\"fr-FR\",\"potentialAction\":[{\"@type\":\"ReadAction\",\"target\":[\"https:\\\/\\\/batijournal.com\\\/index.php\\\/le-ministre-de-la-culture-souvre-aux-cultures-urbaines\\\/76042\\\/\"]}]},{\"@type\":\"BreadcrumbList\",\"@id\":\"https:\\\/\\\/batijournal.com\\\/index.php\\\/le-ministre-de-la-culture-souvre-aux-cultures-urbaines\\\/76042\\\/#breadcrumb\",\"itemListElement\":[{\"@type\":\"ListItem\",\"position\":1,\"name\":\"Accueil\",\"item\":\"https:\\\/\\\/batijournal.com\\\/\"},{\"@type\":\"ListItem\",\"position\":2,\"name\":\"Actualit\u00e9s\",\"item\":\"https:\\\/\\\/batijournal.com\\\/index.php\\\/category\\\/actualites\\\/\"},{\"@type\":\"ListItem\",\"position\":3,\"name\":\"Architecture &amp; Conception\",\"item\":\"https:\\\/\\\/batijournal.com\\\/index.php\\\/category\\\/actualites\\\/architecture-conception\\\/\"},{\"@type\":\"ListItem\",\"position\":4,\"name\":\"Le ministre de la Culture s&#039;ouvre aux cultures urbaines\"}]},{\"@type\":\"WebSite\",\"@id\":\"https:\\\/\\\/batijournal.com\\\/#website\",\"url\":\"https:\\\/\\\/batijournal.com\\\/\",\"name\":\"Batijournal\",\"description\":\"L&#039;actualit\u00e9 du b\u00e2timent\",\"potentialAction\":[{\"@type\":\"SearchAction\",\"target\":{\"@type\":\"EntryPoint\",\"urlTemplate\":\"https:\\\/\\\/batijournal.com\\\/?s={search_term_string}\"},\"query-input\":{\"@type\":\"PropertyValueSpecification\",\"valueRequired\":true,\"valueName\":\"search_term_string\"}}],\"inLanguage\":\"fr-FR\"},{\"@type\":\"Person\",\"@id\":\"https:\\\/\\\/batijournal.com\\\/#\\\/schema\\\/person\\\/6a657e8967569e1b299972574848aa76\",\"name\":\"Bati-journal\",\"image\":{\"@type\":\"ImageObject\",\"inLanguage\":\"fr-FR\",\"@id\":\"https:\\\/\\\/secure.gravatar.com\\\/avatar\\\/a64364ea26392f9b4dd47e017ddaec74ff03aefc073b49e492e847201258f777?s=96&d=mm&r=g\",\"url\":\"https:\\\/\\\/secure.gravatar.com\\\/avatar\\\/a64364ea26392f9b4dd47e017ddaec74ff03aefc073b49e492e847201258f777?s=96&d=mm&r=g\",\"contentUrl\":\"https:\\\/\\\/secure.gravatar.com\\\/avatar\\\/a64364ea26392f9b4dd47e017ddaec74ff03aefc073b49e492e847201258f777?s=96&d=mm&r=g\",\"caption\":\"Bati-journal\"},\"url\":\"https:\\\/\\\/batijournal.com\\\/index.php\\\/author\\\/elodie\\\/\"}]}<\/script>\n<!-- \/ Yoast SEO plugin. -->","yoast_head_json":{"title":"Le ministre de la Culture s&#039;ouvre aux cultures urbaines","robots":{"index":"index","follow":"follow","max-snippet":"max-snippet:-1","max-image-preview":"max-image-preview:large","max-video-preview":"max-video-preview:-1"},"canonical":"https:\/\/batijournal.com\/index.php\/le-ministre-de-la-culture-souvre-aux-cultures-urbaines\/76042\/","og_locale":"fr_FR","og_type":"article","og_title":"Le ministre de la Culture s&#039;ouvre aux cultures urbaines","og_description":"Hip-hop, rap et graffitis vont-ils investir les monuments du patrimoine? La question peut de poser depuis que Renaud Donnedieu de Vabres a demand\u00e9 aux directeurs r\u00e9gionaux des affaires culturelles (DRAC) de d\u00e9signer un interlocuteur d\u00e9di\u00e9 aux artistes et associations des cultures urbaines. Parall\u00e8lement, il a engag\u00e9 son administration \u00e0 favoriser l&rsquo;organisation de nouveaux \u00e9v\u00e9nements mettant [&hellip;]","og_url":"https:\/\/batijournal.com\/index.php\/le-ministre-de-la-culture-souvre-aux-cultures-urbaines\/76042\/","og_site_name":"Batijournal","article_published_time":"2007-04-02T22:00:00+00:00","article_modified_time":"2019-07-15T09:20:04+00:00","author":"Bati-journal","twitter_card":"summary_large_image","twitter_creator":"@bati_journal","twitter_site":"@bati_journal","twitter_misc":{"\u00c9crit par":"Bati-journal","Dur\u00e9e de lecture estim\u00e9e":"1 minute"},"schema":{"@context":"https:\/\/schema.org","@graph":[{"@type":"Article","@id":"https:\/\/batijournal.com\/index.php\/le-ministre-de-la-culture-souvre-aux-cultures-urbaines\/76042\/#article","isPartOf":{"@id":"https:\/\/batijournal.com\/index.php\/le-ministre-de-la-culture-souvre-aux-cultures-urbaines\/76042\/"},"author":{"name":"Bati-journal","@id":"https:\/\/batijournal.com\/#\/schema\/person\/6a657e8967569e1b299972574848aa76"},"headline":"Le ministre de la Culture s&#039;ouvre aux cultures urbaines","datePublished":"2007-04-02T22:00:00+00:00","dateModified":"2019-07-15T09:20:04+00:00","mainEntityOfPage":{"@id":"https:\/\/batijournal.com\/index.php\/le-ministre-de-la-culture-souvre-aux-cultures-urbaines\/76042\/"},"wordCount":217,"commentCount":0,"keywords":["culture"],"articleSection":["Architecture &amp; Conception"],"inLanguage":"fr-FR","potentialAction":[{"@type":"CommentAction","name":"Comment","target":["https:\/\/batijournal.com\/index.php\/le-ministre-de-la-culture-souvre-aux-cultures-urbaines\/76042\/#respond"]}]},{"@type":"WebPage","@id":"https:\/\/batijournal.com\/index.php\/le-ministre-de-la-culture-souvre-aux-cultures-urbaines\/76042\/","url":"https:\/\/batijournal.com\/index.php\/le-ministre-de-la-culture-souvre-aux-cultures-urbaines\/76042\/","name":"Le ministre de la Culture s&#039;ouvre aux cultures urbaines","isPartOf":{"@id":"https:\/\/batijournal.com\/#website"},"datePublished":"2007-04-02T22:00:00+00:00","dateModified":"2019-07-15T09:20:04+00:00","author":{"@id":"https:\/\/batijournal.com\/#\/schema\/person\/6a657e8967569e1b299972574848aa76"},"breadcrumb":{"@id":"https:\/\/batijournal.com\/index.php\/le-ministre-de-la-culture-souvre-aux-cultures-urbaines\/76042\/#breadcrumb"},"inLanguage":"fr-FR","potentialAction":[{"@type":"ReadAction","target":["https:\/\/batijournal.com\/index.php\/le-ministre-de-la-culture-souvre-aux-cultures-urbaines\/76042\/"]}]},{"@type":"BreadcrumbList","@id":"https:\/\/batijournal.com\/index.php\/le-ministre-de-la-culture-souvre-aux-cultures-urbaines\/76042\/#breadcrumb","itemListElement":[{"@type":"ListItem","position":1,"name":"Accueil","item":"https:\/\/batijournal.com\/"},{"@type":"ListItem","position":2,"name":"Actualit\u00e9s","item":"https:\/\/batijournal.com\/index.php\/category\/actualites\/"},{"@type":"ListItem","position":3,"name":"Architecture &amp; Conception","item":"https:\/\/batijournal.com\/index.php\/category\/actualites\/architecture-conception\/"},{"@type":"ListItem","position":4,"name":"Le ministre de la Culture s&#039;ouvre aux cultures urbaines"}]},{"@type":"WebSite","@id":"https:\/\/batijournal.com\/#website","url":"https:\/\/batijournal.com\/","name":"Batijournal","description":"L&#039;actualit\u00e9 du b\u00e2timent","potentialAction":[{"@type":"SearchAction","target":{"@type":"EntryPoint","urlTemplate":"https:\/\/batijournal.com\/?s={search_term_string}"},"query-input":{"@type":"PropertyValueSpecification","valueRequired":true,"valueName":"search_term_string"}}],"inLanguage":"fr-FR"},{"@type":"Person","@id":"https:\/\/batijournal.com\/#\/schema\/person\/6a657e8967569e1b299972574848aa76","name":"Bati-journal","image":{"@type":"ImageObject","inLanguage":"fr-FR","@id":"https:\/\/secure.gravatar.com\/avatar\/a64364ea26392f9b4dd47e017ddaec74ff03aefc073b49e492e847201258f777?s=96&d=mm&r=g","url":"https:\/\/secure.gravatar.com\/avatar\/a64364ea26392f9b4dd47e017ddaec74ff03aefc073b49e492e847201258f777?s=96&d=mm&r=g","contentUrl":"https:\/\/secure.gravatar.com\/avatar\/a64364ea26392f9b4dd47e017ddaec74ff03aefc073b49e492e847201258f777?s=96&d=mm&r=g","caption":"Bati-journal"},"url":"https:\/\/batijournal.com\/index.php\/author\/elodie\/"}]}},"_links":{"self":[{"href":"https:\/\/batijournal.com\/index.php\/wp-json\/wp\/v2\/posts\/76042","targetHints":{"allow":["GET"]}}],"collection":[{"href":"https:\/\/batijournal.com\/index.php\/wp-json\/wp\/v2\/posts"}],"about":[{"href":"https:\/\/batijournal.com\/index.php\/wp-json\/wp\/v2\/types\/post"}],"author":[{"embeddable":true,"href":"https:\/\/batijournal.com\/index.php\/wp-json\/wp\/v2\/users\/1"}],"replies":[{"embeddable":true,"href":"https:\/\/batijournal.com\/index.php\/wp-json\/wp\/v2\/comments?post=76042"}],"version-history":[{"count":0,"href":"https:\/\/batijournal.com\/index.php\/wp-json\/wp\/v2\/posts\/76042\/revisions"}],"wp:attachment":[{"href":"https:\/\/batijournal.com\/index.php\/wp-json\/wp\/v2\/media?parent=76042"}],"wp:term":[{"taxonomy":"category","embeddable":true,"href":"https:\/\/batijournal.com\/index.php\/wp-json\/wp\/v2\/categories?post=76042"},{"taxonomy":"post_tag","embeddable":true,"href":"https:\/\/batijournal.com\/index.php\/wp-json\/wp\/v2\/tags?post=76042"}],"curies":[{"name":"wp","href":"https:\/\/api.w.org\/{rel}","templated":true}]}}