{"id":76078,"date":"2007-11-05T00:00:00","date_gmt":"2007-11-04T23:00:00","guid":{"rendered":"http:\/\/b.bati-journal.com\/sur-les-traces-du-passe\/76078"},"modified":"2019-07-15T11:20:00","modified_gmt":"2019-07-15T09:20:00","slug":"sur-les-traces-du-passe","status":"publish","type":"post","link":"https:\/\/batijournal.com\/index.php\/sur-les-traces-du-passe\/76078\/","title":{"rendered":"Sur les traces du pass\u00e9"},"content":{"rendered":"<p>Le service de l&rsquo;Inventaire du patrimoine a publi\u00e9, dans le cadre des \u00ab\u00a0Cahiers du Patrimoine\u00a0\u00bb, une enqu\u00eate sur l&rsquo;\u00e9volution de la ville de Riom. Capitale des terres royales d&rsquo;Auvergne de 1212 \u00e0 1557, Riom fut durant toute cette p\u00e9riode d&rsquo;opulence un centre administratif et judiciaire important. Connue pour son plan r\u00e9gulier, cher aux b\u00e2tisseurs des XVIIe et XVIIIe si\u00e8cles, et pour son paysage urbain homog\u00e8ne qui lui a valu le qualificatif de \u00ab\u00a0d\u00e9cor de th\u00e9\u00e2tre\u00a0\u00bb, la ville rec\u00e8le pourtant des traces d&rsquo;une histoire longue et parfois insolite. L&rsquo;inventaire de ces traces, parmi lesquelles de curieux vestiges conserv\u00e9s dans les caves et les greniers, a mis en \u00e9vidence diff\u00e9rentes phases du d\u00e9veloppement de la ville. L&rsquo;ouvrage d\u00e9peint ces originalit\u00e9s de l&rsquo;architecture et de l&rsquo;urbanisme riomois : la rue qui sert de monument \u00e0 la ville, la place-carrefour centrale \u00e0 partir de laquelle sont d\u00e9coup\u00e9es des fen\u00eatres sur le paysage verdoyant des alentours, les remises trait\u00e9es comme des maisons, les inventions en mati\u00e8re de distribution (escaliers, ruelles, passages), les d\u00e9tails de traitement des fa\u00e7ades qui permettent de lire la composition int\u00e9rieure des maisons&#8230; Largement document\u00e9e de photographies souvent in\u00e9dites, cette enqu\u00eate approfondie de l&rsquo;Inventaire du patrimoine d&rsquo;Auvergne s\u00e9duira tous les passionn\u00e9s d&rsquo;histoire et d&rsquo;architecture.<\/p>\n","protected":false},"excerpt":{"rendered":"<p>Le service de l&rsquo;Inventaire du patrimoine a publi\u00e9, dans le cadre des \u00ab\u00a0Cahiers du Patrimoine\u00a0\u00bb, une enqu\u00eate sur l&rsquo;\u00e9volution de la ville de Riom. Capitale des terres royales d&rsquo;Auvergne de 1212 \u00e0 1557, Riom fut durant toute cette p\u00e9riode d&rsquo;opulence un centre administratif et judiciaire important. Connue pour son plan r\u00e9gulier, cher aux b\u00e2tisseurs des [&hellip;]<\/p>\n","protected":false},"author":1,"featured_media":0,"comment_status":"open","ping_status":"closed","sticky":false,"template":"","format":"standard","meta":{"_et_pb_use_builder":"","_et_pb_old_content":"","_et_gb_content_width":"","footnotes":""},"categories":[6340],"tags":[],"class_list":["post-76078","post","type-post","status-publish","format-standard","hentry","category-architecture-conception"],"yoast_head":"<!-- This site is optimized with the Yoast SEO plugin v27.4 - https:\/\/yoast.com\/product\/yoast-seo-wordpress\/ -->\n<title>Sur les traces du pass\u00e9<\/title>\n<meta name=\"robots\" content=\"index, follow, max-snippet:-1, max-image-preview:large, max-video-preview:-1\" \/>\n<link rel=\"canonical\" href=\"https:\/\/batijournal.com\/index.php\/sur-les-traces-du-passe\/76078\/\" \/>\n<meta property=\"og:locale\" content=\"fr_FR\" \/>\n<meta property=\"og:type\" content=\"article\" \/>\n<meta property=\"og:title\" content=\"Sur les traces du pass\u00e9\" \/>\n<meta property=\"og:description\" content=\"Le service de l&rsquo;Inventaire du patrimoine a publi\u00e9, dans le cadre des \u00ab\u00a0Cahiers du Patrimoine\u00a0\u00bb, une enqu\u00eate sur l&rsquo;\u00e9volution de la ville de Riom. Capitale des terres royales d&rsquo;Auvergne de 1212 \u00e0 1557, Riom fut durant toute cette p\u00e9riode d&rsquo;opulence un centre administratif et judiciaire important. Connue pour son plan r\u00e9gulier, cher aux b\u00e2tisseurs des [&hellip;]\" \/>\n<meta property=\"og:url\" content=\"https:\/\/batijournal.com\/index.php\/sur-les-traces-du-passe\/76078\/\" \/>\n<meta property=\"og:site_name\" content=\"Batijournal\" \/>\n<meta property=\"article:published_time\" content=\"2007-11-04T23:00:00+00:00\" \/>\n<meta property=\"article:modified_time\" content=\"2019-07-15T09:20:00+00:00\" \/>\n<meta name=\"author\" content=\"Bati-journal\" \/>\n<meta name=\"twitter:card\" content=\"summary_large_image\" \/>\n<meta name=\"twitter:creator\" content=\"@bati_journal\" \/>\n<meta name=\"twitter:site\" content=\"@bati_journal\" \/>\n<meta name=\"twitter:label1\" content=\"\u00c9crit par\" \/>\n\t<meta name=\"twitter:data1\" content=\"Bati-journal\" \/>\n\t<meta name=\"twitter:label2\" content=\"Dur\u00e9e de lecture estim\u00e9e\" \/>\n\t<meta name=\"twitter:data2\" content=\"1 minute\" \/>\n<script type=\"application\/ld+json\" class=\"yoast-schema-graph\">{\"@context\":\"https:\\\/\\\/schema.org\",\"@graph\":[{\"@type\":\"Article\",\"@id\":\"https:\\\/\\\/batijournal.com\\\/index.php\\\/sur-les-traces-du-passe\\\/76078\\\/#article\",\"isPartOf\":{\"@id\":\"https:\\\/\\\/batijournal.com\\\/index.php\\\/sur-les-traces-du-passe\\\/76078\\\/\"},\"author\":{\"name\":\"Bati-journal\",\"@id\":\"https:\\\/\\\/batijournal.com\\\/#\\\/schema\\\/person\\\/6a657e8967569e1b299972574848aa76\"},\"headline\":\"Sur les traces du pass\u00e9\",\"datePublished\":\"2007-11-04T23:00:00+00:00\",\"dateModified\":\"2019-07-15T09:20:00+00:00\",\"mainEntityOfPage\":{\"@id\":\"https:\\\/\\\/batijournal.com\\\/index.php\\\/sur-les-traces-du-passe\\\/76078\\\/\"},\"wordCount\":241,\"commentCount\":0,\"articleSection\":[\"Architecture &amp; Conception\"],\"inLanguage\":\"fr-FR\",\"potentialAction\":[{\"@type\":\"CommentAction\",\"name\":\"Comment\",\"target\":[\"https:\\\/\\\/batijournal.com\\\/index.php\\\/sur-les-traces-du-passe\\\/76078\\\/#respond\"]}]},{\"@type\":\"WebPage\",\"@id\":\"https:\\\/\\\/batijournal.com\\\/index.php\\\/sur-les-traces-du-passe\\\/76078\\\/\",\"url\":\"https:\\\/\\\/batijournal.com\\\/index.php\\\/sur-les-traces-du-passe\\\/76078\\\/\",\"name\":\"Sur les traces du pass\u00e9\",\"isPartOf\":{\"@id\":\"https:\\\/\\\/batijournal.com\\\/#website\"},\"datePublished\":\"2007-11-04T23:00:00+00:00\",\"dateModified\":\"2019-07-15T09:20:00+00:00\",\"author\":{\"@id\":\"https:\\\/\\\/batijournal.com\\\/#\\\/schema\\\/person\\\/6a657e8967569e1b299972574848aa76\"},\"breadcrumb\":{\"@id\":\"https:\\\/\\\/batijournal.com\\\/index.php\\\/sur-les-traces-du-passe\\\/76078\\\/#breadcrumb\"},\"inLanguage\":\"fr-FR\",\"potentialAction\":[{\"@type\":\"ReadAction\",\"target\":[\"https:\\\/\\\/batijournal.com\\\/index.php\\\/sur-les-traces-du-passe\\\/76078\\\/\"]}]},{\"@type\":\"BreadcrumbList\",\"@id\":\"https:\\\/\\\/batijournal.com\\\/index.php\\\/sur-les-traces-du-passe\\\/76078\\\/#breadcrumb\",\"itemListElement\":[{\"@type\":\"ListItem\",\"position\":1,\"name\":\"Accueil\",\"item\":\"https:\\\/\\\/batijournal.com\\\/\"},{\"@type\":\"ListItem\",\"position\":2,\"name\":\"Actualit\u00e9s\",\"item\":\"https:\\\/\\\/batijournal.com\\\/index.php\\\/category\\\/actualites\\\/\"},{\"@type\":\"ListItem\",\"position\":3,\"name\":\"Architecture &amp; Conception\",\"item\":\"https:\\\/\\\/batijournal.com\\\/index.php\\\/category\\\/actualites\\\/architecture-conception\\\/\"},{\"@type\":\"ListItem\",\"position\":4,\"name\":\"Sur les traces du pass\u00e9\"}]},{\"@type\":\"WebSite\",\"@id\":\"https:\\\/\\\/batijournal.com\\\/#website\",\"url\":\"https:\\\/\\\/batijournal.com\\\/\",\"name\":\"Batijournal\",\"description\":\"L&#039;actualit\u00e9 du b\u00e2timent\",\"potentialAction\":[{\"@type\":\"SearchAction\",\"target\":{\"@type\":\"EntryPoint\",\"urlTemplate\":\"https:\\\/\\\/batijournal.com\\\/?s={search_term_string}\"},\"query-input\":{\"@type\":\"PropertyValueSpecification\",\"valueRequired\":true,\"valueName\":\"search_term_string\"}}],\"inLanguage\":\"fr-FR\"},{\"@type\":\"Person\",\"@id\":\"https:\\\/\\\/batijournal.com\\\/#\\\/schema\\\/person\\\/6a657e8967569e1b299972574848aa76\",\"name\":\"Bati-journal\",\"image\":{\"@type\":\"ImageObject\",\"inLanguage\":\"fr-FR\",\"@id\":\"https:\\\/\\\/secure.gravatar.com\\\/avatar\\\/a64364ea26392f9b4dd47e017ddaec74ff03aefc073b49e492e847201258f777?s=96&d=mm&r=g\",\"url\":\"https:\\\/\\\/secure.gravatar.com\\\/avatar\\\/a64364ea26392f9b4dd47e017ddaec74ff03aefc073b49e492e847201258f777?s=96&d=mm&r=g\",\"contentUrl\":\"https:\\\/\\\/secure.gravatar.com\\\/avatar\\\/a64364ea26392f9b4dd47e017ddaec74ff03aefc073b49e492e847201258f777?s=96&d=mm&r=g\",\"caption\":\"Bati-journal\"},\"url\":\"https:\\\/\\\/batijournal.com\\\/index.php\\\/author\\\/elodie\\\/\"}]}<\/script>\n<!-- \/ Yoast SEO plugin. -->","yoast_head_json":{"title":"Sur les traces du pass\u00e9","robots":{"index":"index","follow":"follow","max-snippet":"max-snippet:-1","max-image-preview":"max-image-preview:large","max-video-preview":"max-video-preview:-1"},"canonical":"https:\/\/batijournal.com\/index.php\/sur-les-traces-du-passe\/76078\/","og_locale":"fr_FR","og_type":"article","og_title":"Sur les traces du pass\u00e9","og_description":"Le service de l&rsquo;Inventaire du patrimoine a publi\u00e9, dans le cadre des \u00ab\u00a0Cahiers du Patrimoine\u00a0\u00bb, une enqu\u00eate sur l&rsquo;\u00e9volution de la ville de Riom. Capitale des terres royales d&rsquo;Auvergne de 1212 \u00e0 1557, Riom fut durant toute cette p\u00e9riode d&rsquo;opulence un centre administratif et judiciaire important. Connue pour son plan r\u00e9gulier, cher aux b\u00e2tisseurs des [&hellip;]","og_url":"https:\/\/batijournal.com\/index.php\/sur-les-traces-du-passe\/76078\/","og_site_name":"Batijournal","article_published_time":"2007-11-04T23:00:00+00:00","article_modified_time":"2019-07-15T09:20:00+00:00","author":"Bati-journal","twitter_card":"summary_large_image","twitter_creator":"@bati_journal","twitter_site":"@bati_journal","twitter_misc":{"\u00c9crit par":"Bati-journal","Dur\u00e9e de lecture estim\u00e9e":"1 minute"},"schema":{"@context":"https:\/\/schema.org","@graph":[{"@type":"Article","@id":"https:\/\/batijournal.com\/index.php\/sur-les-traces-du-passe\/76078\/#article","isPartOf":{"@id":"https:\/\/batijournal.com\/index.php\/sur-les-traces-du-passe\/76078\/"},"author":{"name":"Bati-journal","@id":"https:\/\/batijournal.com\/#\/schema\/person\/6a657e8967569e1b299972574848aa76"},"headline":"Sur les traces du pass\u00e9","datePublished":"2007-11-04T23:00:00+00:00","dateModified":"2019-07-15T09:20:00+00:00","mainEntityOfPage":{"@id":"https:\/\/batijournal.com\/index.php\/sur-les-traces-du-passe\/76078\/"},"wordCount":241,"commentCount":0,"articleSection":["Architecture &amp; Conception"],"inLanguage":"fr-FR","potentialAction":[{"@type":"CommentAction","name":"Comment","target":["https:\/\/batijournal.com\/index.php\/sur-les-traces-du-passe\/76078\/#respond"]}]},{"@type":"WebPage","@id":"https:\/\/batijournal.com\/index.php\/sur-les-traces-du-passe\/76078\/","url":"https:\/\/batijournal.com\/index.php\/sur-les-traces-du-passe\/76078\/","name":"Sur les traces du pass\u00e9","isPartOf":{"@id":"https:\/\/batijournal.com\/#website"},"datePublished":"2007-11-04T23:00:00+00:00","dateModified":"2019-07-15T09:20:00+00:00","author":{"@id":"https:\/\/batijournal.com\/#\/schema\/person\/6a657e8967569e1b299972574848aa76"},"breadcrumb":{"@id":"https:\/\/batijournal.com\/index.php\/sur-les-traces-du-passe\/76078\/#breadcrumb"},"inLanguage":"fr-FR","potentialAction":[{"@type":"ReadAction","target":["https:\/\/batijournal.com\/index.php\/sur-les-traces-du-passe\/76078\/"]}]},{"@type":"BreadcrumbList","@id":"https:\/\/batijournal.com\/index.php\/sur-les-traces-du-passe\/76078\/#breadcrumb","itemListElement":[{"@type":"ListItem","position":1,"name":"Accueil","item":"https:\/\/batijournal.com\/"},{"@type":"ListItem","position":2,"name":"Actualit\u00e9s","item":"https:\/\/batijournal.com\/index.php\/category\/actualites\/"},{"@type":"ListItem","position":3,"name":"Architecture &amp; Conception","item":"https:\/\/batijournal.com\/index.php\/category\/actualites\/architecture-conception\/"},{"@type":"ListItem","position":4,"name":"Sur les traces du pass\u00e9"}]},{"@type":"WebSite","@id":"https:\/\/batijournal.com\/#website","url":"https:\/\/batijournal.com\/","name":"Batijournal","description":"L&#039;actualit\u00e9 du b\u00e2timent","potentialAction":[{"@type":"SearchAction","target":{"@type":"EntryPoint","urlTemplate":"https:\/\/batijournal.com\/?s={search_term_string}"},"query-input":{"@type":"PropertyValueSpecification","valueRequired":true,"valueName":"search_term_string"}}],"inLanguage":"fr-FR"},{"@type":"Person","@id":"https:\/\/batijournal.com\/#\/schema\/person\/6a657e8967569e1b299972574848aa76","name":"Bati-journal","image":{"@type":"ImageObject","inLanguage":"fr-FR","@id":"https:\/\/secure.gravatar.com\/avatar\/a64364ea26392f9b4dd47e017ddaec74ff03aefc073b49e492e847201258f777?s=96&d=mm&r=g","url":"https:\/\/secure.gravatar.com\/avatar\/a64364ea26392f9b4dd47e017ddaec74ff03aefc073b49e492e847201258f777?s=96&d=mm&r=g","contentUrl":"https:\/\/secure.gravatar.com\/avatar\/a64364ea26392f9b4dd47e017ddaec74ff03aefc073b49e492e847201258f777?s=96&d=mm&r=g","caption":"Bati-journal"},"url":"https:\/\/batijournal.com\/index.php\/author\/elodie\/"}]}},"_links":{"self":[{"href":"https:\/\/batijournal.com\/index.php\/wp-json\/wp\/v2\/posts\/76078","targetHints":{"allow":["GET"]}}],"collection":[{"href":"https:\/\/batijournal.com\/index.php\/wp-json\/wp\/v2\/posts"}],"about":[{"href":"https:\/\/batijournal.com\/index.php\/wp-json\/wp\/v2\/types\/post"}],"author":[{"embeddable":true,"href":"https:\/\/batijournal.com\/index.php\/wp-json\/wp\/v2\/users\/1"}],"replies":[{"embeddable":true,"href":"https:\/\/batijournal.com\/index.php\/wp-json\/wp\/v2\/comments?post=76078"}],"version-history":[{"count":0,"href":"https:\/\/batijournal.com\/index.php\/wp-json\/wp\/v2\/posts\/76078\/revisions"}],"wp:attachment":[{"href":"https:\/\/batijournal.com\/index.php\/wp-json\/wp\/v2\/media?parent=76078"}],"wp:term":[{"taxonomy":"category","embeddable":true,"href":"https:\/\/batijournal.com\/index.php\/wp-json\/wp\/v2\/categories?post=76078"},{"taxonomy":"post_tag","embeddable":true,"href":"https:\/\/batijournal.com\/index.php\/wp-json\/wp\/v2\/tags?post=76078"}],"curies":[{"name":"wp","href":"https:\/\/api.w.org\/{rel}","templated":true}]}}