{"id":76107,"date":"2008-04-11T00:00:00","date_gmt":"2008-04-10T22:00:00","guid":{"rendered":"http:\/\/b.bati-journal.com\/le-salon-denkmal-2008-est-annonce\/76107"},"modified":"2019-07-15T11:19:57","modified_gmt":"2019-07-15T09:19:57","slug":"le-salon-denkmal-2008-est-annonce","status":"publish","type":"post","link":"https:\/\/batijournal.com\/index.php\/le-salon-denkmal-2008-est-annonce\/76107\/","title":{"rendered":"Le salon Denkmal 2008 est annonc\u00e9 !"},"content":{"rendered":"<p>Denkmal, le grand salon allemand des techniques et des mat\u00e9riaux de restauration du patrimoine architectural, se tiendra du 20 au 22 novembre 2008 \u00e0 Leipzig. Depuis sa cr\u00e9ation en 1994, Denkmal s&rsquo;est r\u00e9solument impos\u00e9 comme une manifestation professionnelle de grande qualit\u00e9. La derni\u00e8re \u00e9dition, en 2006, avait rassembl\u00e9 370 exposants en provenance de 15 pays, et des milliers de visiteurs internationaux, dont 33% d&rsquo;architectes, de bureaux d&rsquo;\u00e9tudes et d&rsquo;ing\u00e9nieurs. Cette ann\u00e9e, la Hongrie est le pays \u00e0 l&rsquo;honneur.<\/p>\n","protected":false},"excerpt":{"rendered":"<p>Denkmal, le grand salon allemand des techniques et des mat\u00e9riaux de restauration du patrimoine architectural, se tiendra du 20 au 22 novembre 2008 \u00e0 Leipzig. Depuis sa cr\u00e9ation en 1994, Denkmal s&rsquo;est r\u00e9solument impos\u00e9 comme une manifestation professionnelle de grande qualit\u00e9. La derni\u00e8re \u00e9dition, en 2006, avait rassembl\u00e9 370 exposants en provenance de 15 pays, [&hellip;]<\/p>\n","protected":false},"author":1,"featured_media":0,"comment_status":"open","ping_status":"closed","sticky":false,"template":"","format":"standard","meta":{"_et_pb_use_builder":"","_et_pb_old_content":"","_et_gb_content_width":"","footnotes":""},"categories":[6340],"tags":[8578,8579,1308],"class_list":["post-76107","post","type-post","status-publish","format-standard","hentry","category-architecture-conception","tag-denkmal","tag-patrimoine-architectural","tag-restauration"],"yoast_head":"<!-- This site is optimized with the Yoast SEO plugin v27.4 - https:\/\/yoast.com\/product\/yoast-seo-wordpress\/ -->\n<title>Le salon Denkmal 2008 est annonc\u00e9 !<\/title>\n<meta name=\"robots\" content=\"index, follow, max-snippet:-1, max-image-preview:large, max-video-preview:-1\" \/>\n<link rel=\"canonical\" href=\"https:\/\/batijournal.com\/index.php\/le-salon-denkmal-2008-est-annonce\/76107\/\" \/>\n<meta property=\"og:locale\" content=\"fr_FR\" \/>\n<meta property=\"og:type\" content=\"article\" \/>\n<meta property=\"og:title\" content=\"Le salon Denkmal 2008 est annonc\u00e9 !\" \/>\n<meta property=\"og:description\" content=\"Denkmal, le grand salon allemand des techniques et des mat\u00e9riaux de restauration du patrimoine architectural, se tiendra du 20 au 22 novembre 2008 \u00e0 Leipzig. Depuis sa cr\u00e9ation en 1994, Denkmal s&rsquo;est r\u00e9solument impos\u00e9 comme une manifestation professionnelle de grande qualit\u00e9. La derni\u00e8re \u00e9dition, en 2006, avait rassembl\u00e9 370 exposants en provenance de 15 pays, [&hellip;]\" \/>\n<meta property=\"og:url\" content=\"https:\/\/batijournal.com\/index.php\/le-salon-denkmal-2008-est-annonce\/76107\/\" \/>\n<meta property=\"og:site_name\" content=\"Batijournal\" \/>\n<meta property=\"article:published_time\" content=\"2008-04-10T22:00:00+00:00\" \/>\n<meta property=\"article:modified_time\" content=\"2019-07-15T09:19:57+00:00\" \/>\n<meta name=\"author\" content=\"Bati-journal\" \/>\n<meta name=\"twitter:card\" content=\"summary_large_image\" \/>\n<meta name=\"twitter:creator\" content=\"@bati_journal\" \/>\n<meta name=\"twitter:site\" content=\"@bati_journal\" \/>\n<meta name=\"twitter:label1\" content=\"\u00c9crit par\" \/>\n\t<meta name=\"twitter:data1\" content=\"Bati-journal\" \/>\n<script type=\"application\/ld+json\" class=\"yoast-schema-graph\">{\"@context\":\"https:\\\/\\\/schema.org\",\"@graph\":[{\"@type\":\"Article\",\"@id\":\"https:\\\/\\\/batijournal.com\\\/index.php\\\/le-salon-denkmal-2008-est-annonce\\\/76107\\\/#article\",\"isPartOf\":{\"@id\":\"https:\\\/\\\/batijournal.com\\\/index.php\\\/le-salon-denkmal-2008-est-annonce\\\/76107\\\/\"},\"author\":{\"name\":\"Bati-journal\",\"@id\":\"https:\\\/\\\/batijournal.com\\\/#\\\/schema\\\/person\\\/6a657e8967569e1b299972574848aa76\"},\"headline\":\"Le salon Denkmal 2008 est annonc\u00e9 !\",\"datePublished\":\"2008-04-10T22:00:00+00:00\",\"dateModified\":\"2019-07-15T09:19:57+00:00\",\"mainEntityOfPage\":{\"@id\":\"https:\\\/\\\/batijournal.com\\\/index.php\\\/le-salon-denkmal-2008-est-annonce\\\/76107\\\/\"},\"wordCount\":84,\"commentCount\":0,\"keywords\":[\"denkmal\",\"patrimoine architectural\",\"restauration\"],\"articleSection\":[\"Architecture &amp; Conception\"],\"inLanguage\":\"fr-FR\",\"potentialAction\":[{\"@type\":\"CommentAction\",\"name\":\"Comment\",\"target\":[\"https:\\\/\\\/batijournal.com\\\/index.php\\\/le-salon-denkmal-2008-est-annonce\\\/76107\\\/#respond\"]}]},{\"@type\":\"WebPage\",\"@id\":\"https:\\\/\\\/batijournal.com\\\/index.php\\\/le-salon-denkmal-2008-est-annonce\\\/76107\\\/\",\"url\":\"https:\\\/\\\/batijournal.com\\\/index.php\\\/le-salon-denkmal-2008-est-annonce\\\/76107\\\/\",\"name\":\"Le salon Denkmal 2008 est annonc\u00e9 !\",\"isPartOf\":{\"@id\":\"https:\\\/\\\/batijournal.com\\\/#website\"},\"datePublished\":\"2008-04-10T22:00:00+00:00\",\"dateModified\":\"2019-07-15T09:19:57+00:00\",\"author\":{\"@id\":\"https:\\\/\\\/batijournal.com\\\/#\\\/schema\\\/person\\\/6a657e8967569e1b299972574848aa76\"},\"breadcrumb\":{\"@id\":\"https:\\\/\\\/batijournal.com\\\/index.php\\\/le-salon-denkmal-2008-est-annonce\\\/76107\\\/#breadcrumb\"},\"inLanguage\":\"fr-FR\",\"potentialAction\":[{\"@type\":\"ReadAction\",\"target\":[\"https:\\\/\\\/batijournal.com\\\/index.php\\\/le-salon-denkmal-2008-est-annonce\\\/76107\\\/\"]}]},{\"@type\":\"BreadcrumbList\",\"@id\":\"https:\\\/\\\/batijournal.com\\\/index.php\\\/le-salon-denkmal-2008-est-annonce\\\/76107\\\/#breadcrumb\",\"itemListElement\":[{\"@type\":\"ListItem\",\"position\":1,\"name\":\"Accueil\",\"item\":\"https:\\\/\\\/batijournal.com\\\/\"},{\"@type\":\"ListItem\",\"position\":2,\"name\":\"Actualit\u00e9s\",\"item\":\"https:\\\/\\\/batijournal.com\\\/index.php\\\/category\\\/actualites\\\/\"},{\"@type\":\"ListItem\",\"position\":3,\"name\":\"Architecture &amp; Conception\",\"item\":\"https:\\\/\\\/batijournal.com\\\/index.php\\\/category\\\/actualites\\\/architecture-conception\\\/\"},{\"@type\":\"ListItem\",\"position\":4,\"name\":\"Le salon Denkmal 2008 est annonc\u00e9 !\"}]},{\"@type\":\"WebSite\",\"@id\":\"https:\\\/\\\/batijournal.com\\\/#website\",\"url\":\"https:\\\/\\\/batijournal.com\\\/\",\"name\":\"Batijournal\",\"description\":\"L&#039;actualit\u00e9 du b\u00e2timent\",\"potentialAction\":[{\"@type\":\"SearchAction\",\"target\":{\"@type\":\"EntryPoint\",\"urlTemplate\":\"https:\\\/\\\/batijournal.com\\\/?s={search_term_string}\"},\"query-input\":{\"@type\":\"PropertyValueSpecification\",\"valueRequired\":true,\"valueName\":\"search_term_string\"}}],\"inLanguage\":\"fr-FR\"},{\"@type\":\"Person\",\"@id\":\"https:\\\/\\\/batijournal.com\\\/#\\\/schema\\\/person\\\/6a657e8967569e1b299972574848aa76\",\"name\":\"Bati-journal\",\"image\":{\"@type\":\"ImageObject\",\"inLanguage\":\"fr-FR\",\"@id\":\"https:\\\/\\\/secure.gravatar.com\\\/avatar\\\/a64364ea26392f9b4dd47e017ddaec74ff03aefc073b49e492e847201258f777?s=96&d=mm&r=g\",\"url\":\"https:\\\/\\\/secure.gravatar.com\\\/avatar\\\/a64364ea26392f9b4dd47e017ddaec74ff03aefc073b49e492e847201258f777?s=96&d=mm&r=g\",\"contentUrl\":\"https:\\\/\\\/secure.gravatar.com\\\/avatar\\\/a64364ea26392f9b4dd47e017ddaec74ff03aefc073b49e492e847201258f777?s=96&d=mm&r=g\",\"caption\":\"Bati-journal\"},\"url\":\"https:\\\/\\\/batijournal.com\\\/index.php\\\/author\\\/elodie\\\/\"}]}<\/script>\n<!-- \/ Yoast SEO plugin. -->","yoast_head_json":{"title":"Le salon Denkmal 2008 est annonc\u00e9 !","robots":{"index":"index","follow":"follow","max-snippet":"max-snippet:-1","max-image-preview":"max-image-preview:large","max-video-preview":"max-video-preview:-1"},"canonical":"https:\/\/batijournal.com\/index.php\/le-salon-denkmal-2008-est-annonce\/76107\/","og_locale":"fr_FR","og_type":"article","og_title":"Le salon Denkmal 2008 est annonc\u00e9 !","og_description":"Denkmal, le grand salon allemand des techniques et des mat\u00e9riaux de restauration du patrimoine architectural, se tiendra du 20 au 22 novembre 2008 \u00e0 Leipzig. Depuis sa cr\u00e9ation en 1994, Denkmal s&rsquo;est r\u00e9solument impos\u00e9 comme une manifestation professionnelle de grande qualit\u00e9. La derni\u00e8re \u00e9dition, en 2006, avait rassembl\u00e9 370 exposants en provenance de 15 pays, [&hellip;]","og_url":"https:\/\/batijournal.com\/index.php\/le-salon-denkmal-2008-est-annonce\/76107\/","og_site_name":"Batijournal","article_published_time":"2008-04-10T22:00:00+00:00","article_modified_time":"2019-07-15T09:19:57+00:00","author":"Bati-journal","twitter_card":"summary_large_image","twitter_creator":"@bati_journal","twitter_site":"@bati_journal","twitter_misc":{"\u00c9crit par":"Bati-journal"},"schema":{"@context":"https:\/\/schema.org","@graph":[{"@type":"Article","@id":"https:\/\/batijournal.com\/index.php\/le-salon-denkmal-2008-est-annonce\/76107\/#article","isPartOf":{"@id":"https:\/\/batijournal.com\/index.php\/le-salon-denkmal-2008-est-annonce\/76107\/"},"author":{"name":"Bati-journal","@id":"https:\/\/batijournal.com\/#\/schema\/person\/6a657e8967569e1b299972574848aa76"},"headline":"Le salon Denkmal 2008 est annonc\u00e9 !","datePublished":"2008-04-10T22:00:00+00:00","dateModified":"2019-07-15T09:19:57+00:00","mainEntityOfPage":{"@id":"https:\/\/batijournal.com\/index.php\/le-salon-denkmal-2008-est-annonce\/76107\/"},"wordCount":84,"commentCount":0,"keywords":["denkmal","patrimoine architectural","restauration"],"articleSection":["Architecture &amp; Conception"],"inLanguage":"fr-FR","potentialAction":[{"@type":"CommentAction","name":"Comment","target":["https:\/\/batijournal.com\/index.php\/le-salon-denkmal-2008-est-annonce\/76107\/#respond"]}]},{"@type":"WebPage","@id":"https:\/\/batijournal.com\/index.php\/le-salon-denkmal-2008-est-annonce\/76107\/","url":"https:\/\/batijournal.com\/index.php\/le-salon-denkmal-2008-est-annonce\/76107\/","name":"Le salon Denkmal 2008 est annonc\u00e9 !","isPartOf":{"@id":"https:\/\/batijournal.com\/#website"},"datePublished":"2008-04-10T22:00:00+00:00","dateModified":"2019-07-15T09:19:57+00:00","author":{"@id":"https:\/\/batijournal.com\/#\/schema\/person\/6a657e8967569e1b299972574848aa76"},"breadcrumb":{"@id":"https:\/\/batijournal.com\/index.php\/le-salon-denkmal-2008-est-annonce\/76107\/#breadcrumb"},"inLanguage":"fr-FR","potentialAction":[{"@type":"ReadAction","target":["https:\/\/batijournal.com\/index.php\/le-salon-denkmal-2008-est-annonce\/76107\/"]}]},{"@type":"BreadcrumbList","@id":"https:\/\/batijournal.com\/index.php\/le-salon-denkmal-2008-est-annonce\/76107\/#breadcrumb","itemListElement":[{"@type":"ListItem","position":1,"name":"Accueil","item":"https:\/\/batijournal.com\/"},{"@type":"ListItem","position":2,"name":"Actualit\u00e9s","item":"https:\/\/batijournal.com\/index.php\/category\/actualites\/"},{"@type":"ListItem","position":3,"name":"Architecture &amp; Conception","item":"https:\/\/batijournal.com\/index.php\/category\/actualites\/architecture-conception\/"},{"@type":"ListItem","position":4,"name":"Le salon Denkmal 2008 est annonc\u00e9 !"}]},{"@type":"WebSite","@id":"https:\/\/batijournal.com\/#website","url":"https:\/\/batijournal.com\/","name":"Batijournal","description":"L&#039;actualit\u00e9 du b\u00e2timent","potentialAction":[{"@type":"SearchAction","target":{"@type":"EntryPoint","urlTemplate":"https:\/\/batijournal.com\/?s={search_term_string}"},"query-input":{"@type":"PropertyValueSpecification","valueRequired":true,"valueName":"search_term_string"}}],"inLanguage":"fr-FR"},{"@type":"Person","@id":"https:\/\/batijournal.com\/#\/schema\/person\/6a657e8967569e1b299972574848aa76","name":"Bati-journal","image":{"@type":"ImageObject","inLanguage":"fr-FR","@id":"https:\/\/secure.gravatar.com\/avatar\/a64364ea26392f9b4dd47e017ddaec74ff03aefc073b49e492e847201258f777?s=96&d=mm&r=g","url":"https:\/\/secure.gravatar.com\/avatar\/a64364ea26392f9b4dd47e017ddaec74ff03aefc073b49e492e847201258f777?s=96&d=mm&r=g","contentUrl":"https:\/\/secure.gravatar.com\/avatar\/a64364ea26392f9b4dd47e017ddaec74ff03aefc073b49e492e847201258f777?s=96&d=mm&r=g","caption":"Bati-journal"},"url":"https:\/\/batijournal.com\/index.php\/author\/elodie\/"}]}},"_links":{"self":[{"href":"https:\/\/batijournal.com\/index.php\/wp-json\/wp\/v2\/posts\/76107","targetHints":{"allow":["GET"]}}],"collection":[{"href":"https:\/\/batijournal.com\/index.php\/wp-json\/wp\/v2\/posts"}],"about":[{"href":"https:\/\/batijournal.com\/index.php\/wp-json\/wp\/v2\/types\/post"}],"author":[{"embeddable":true,"href":"https:\/\/batijournal.com\/index.php\/wp-json\/wp\/v2\/users\/1"}],"replies":[{"embeddable":true,"href":"https:\/\/batijournal.com\/index.php\/wp-json\/wp\/v2\/comments?post=76107"}],"version-history":[{"count":0,"href":"https:\/\/batijournal.com\/index.php\/wp-json\/wp\/v2\/posts\/76107\/revisions"}],"wp:attachment":[{"href":"https:\/\/batijournal.com\/index.php\/wp-json\/wp\/v2\/media?parent=76107"}],"wp:term":[{"taxonomy":"category","embeddable":true,"href":"https:\/\/batijournal.com\/index.php\/wp-json\/wp\/v2\/categories?post=76107"},{"taxonomy":"post_tag","embeddable":true,"href":"https:\/\/batijournal.com\/index.php\/wp-json\/wp\/v2\/tags?post=76107"}],"curies":[{"name":"wp","href":"https:\/\/api.w.org\/{rel}","templated":true}]}}