{"id":76109,"date":"2008-04-16T00:00:00","date_gmt":"2008-04-15T22:00:00","guid":{"rendered":"http:\/\/b.bati-journal.com\/7-mai-15-juin-richard-serra-au-grand-palais\/76109"},"modified":"2019-07-15T11:19:56","modified_gmt":"2019-07-15T09:19:56","slug":"7-mai-15-juin-richard-serra-au-grand-palais","status":"publish","type":"post","link":"https:\/\/batijournal.com\/index.php\/7-mai-15-juin-richard-serra-au-grand-palais\/76109\/","title":{"rendered":"7 mai-15 juin : Richard Serra au Grand Palais"},"content":{"rendered":"<p>Apr\u00e8s le succ\u00e8s de la premi\u00e8re \u00e9dition de Monumenta confi\u00e9e en 2007 \u00e0 Anselm Kiefer, visit\u00e9e par plus de 135 000 visiteurs en moins de cinq semaines, c&rsquo;est le sculpteur am\u00e9ricain Richard Serra qui rel\u00e8ve, en 2008, le d\u00e9fi. Confrontation artistique de tr\u00e8s grande ambition, Monumenta invite chaque ann\u00e9e un artiste contemporain de renomm\u00e9e internationale \u00e0 investir les 13.500 m2 de la nef du Grand Palais avec un ensemble d\u0092\u009c&rsquo;oeuvres con\u00e7ues sp\u00e9cialement pour l\u0092&rsquo;occasion. Plus que jamais, favoriser la rencontre de tous les publics avec les grands artistes vivants de notre temps est une priorit\u00e9 du minist\u00e8re de la Culture et de la Communication dans le cadre de cette manifestation singuli\u00e8re. Sous le nom \u00e9vocateur de Promenade, Richard Serra propose, pour Monumenta 2008, une installation que le visiteur d\u00e9couvre sous la forme d&rsquo;\u0092un paysage d&rsquo;\u0092acier \u00e0 la fois radical, minimal et mouvement\u00e9. \u00c9pur\u00e9e et majestueuse, son \u009coeuvre joue d\u0092&rsquo;effets de contraste avec l&rsquo;\u0092architecture a\u00e9rienne de m\u00e9tal et de verre de la nef du Grand Palais. L&rsquo;\u0092artiste bouleverse le rapport du visiteur \u00e0 l\u0092&rsquo;espace et propose une exp\u00e9rience unique qui d\u00e9fie notre perception de l&rsquo;\u0092\u00e9quilibre et de la gravit\u00e9.<\/p>\n","protected":false},"excerpt":{"rendered":"<p>Apr\u00e8s le succ\u00e8s de la premi\u00e8re \u00e9dition de Monumenta confi\u00e9e en 2007 \u00e0 Anselm Kiefer, visit\u00e9e par plus de 135 000 visiteurs en moins de cinq semaines, c&rsquo;est le sculpteur am\u00e9ricain Richard Serra qui rel\u00e8ve, en 2008, le d\u00e9fi. Confrontation artistique de tr\u00e8s grande ambition, Monumenta invite chaque ann\u00e9e un artiste contemporain de renomm\u00e9e internationale [&hellip;]<\/p>\n","protected":false},"author":1,"featured_media":0,"comment_status":"open","ping_status":"closed","sticky":false,"template":"","format":"standard","meta":{"_et_pb_use_builder":"","_et_pb_old_content":"","_et_gb_content_width":"","footnotes":""},"categories":[6340],"tags":[8514],"class_list":["post-76109","post","type-post","status-publish","format-standard","hentry","category-architecture-conception","tag-monumenta"],"yoast_head":"<!-- This site is optimized with the Yoast SEO plugin v27.4 - https:\/\/yoast.com\/product\/yoast-seo-wordpress\/ -->\n<title>7 mai-15 juin : Richard Serra au Grand Palais<\/title>\n<meta name=\"robots\" content=\"index, follow, max-snippet:-1, max-image-preview:large, max-video-preview:-1\" \/>\n<link rel=\"canonical\" href=\"https:\/\/batijournal.com\/index.php\/7-mai-15-juin-richard-serra-au-grand-palais\/76109\/\" \/>\n<meta property=\"og:locale\" content=\"fr_FR\" \/>\n<meta property=\"og:type\" content=\"article\" \/>\n<meta property=\"og:title\" content=\"7 mai-15 juin : Richard Serra au Grand Palais\" \/>\n<meta property=\"og:description\" content=\"Apr\u00e8s le succ\u00e8s de la premi\u00e8re \u00e9dition de Monumenta confi\u00e9e en 2007 \u00e0 Anselm Kiefer, visit\u00e9e par plus de 135 000 visiteurs en moins de cinq semaines, c&rsquo;est le sculpteur am\u00e9ricain Richard Serra qui rel\u00e8ve, en 2008, le d\u00e9fi. Confrontation artistique de tr\u00e8s grande ambition, Monumenta invite chaque ann\u00e9e un artiste contemporain de renomm\u00e9e internationale [&hellip;]\" \/>\n<meta property=\"og:url\" content=\"https:\/\/batijournal.com\/index.php\/7-mai-15-juin-richard-serra-au-grand-palais\/76109\/\" \/>\n<meta property=\"og:site_name\" content=\"Batijournal\" \/>\n<meta property=\"article:published_time\" content=\"2008-04-15T22:00:00+00:00\" \/>\n<meta property=\"article:modified_time\" content=\"2019-07-15T09:19:56+00:00\" \/>\n<meta name=\"author\" content=\"Bati-journal\" \/>\n<meta name=\"twitter:card\" content=\"summary_large_image\" \/>\n<meta name=\"twitter:creator\" content=\"@bati_journal\" \/>\n<meta name=\"twitter:site\" content=\"@bati_journal\" \/>\n<meta name=\"twitter:label1\" content=\"\u00c9crit par\" \/>\n\t<meta name=\"twitter:data1\" content=\"Bati-journal\" \/>\n\t<meta name=\"twitter:label2\" content=\"Dur\u00e9e de lecture estim\u00e9e\" \/>\n\t<meta name=\"twitter:data2\" content=\"1 minute\" \/>\n<script type=\"application\/ld+json\" class=\"yoast-schema-graph\">{\"@context\":\"https:\\\/\\\/schema.org\",\"@graph\":[{\"@type\":\"Article\",\"@id\":\"https:\\\/\\\/batijournal.com\\\/index.php\\\/7-mai-15-juin-richard-serra-au-grand-palais\\\/76109\\\/#article\",\"isPartOf\":{\"@id\":\"https:\\\/\\\/batijournal.com\\\/index.php\\\/7-mai-15-juin-richard-serra-au-grand-palais\\\/76109\\\/\"},\"author\":{\"name\":\"Bati-journal\",\"@id\":\"https:\\\/\\\/batijournal.com\\\/#\\\/schema\\\/person\\\/6a657e8967569e1b299972574848aa76\"},\"headline\":\"7 mai-15 juin : Richard Serra au Grand Palais\",\"datePublished\":\"2008-04-15T22:00:00+00:00\",\"dateModified\":\"2019-07-15T09:19:56+00:00\",\"mainEntityOfPage\":{\"@id\":\"https:\\\/\\\/batijournal.com\\\/index.php\\\/7-mai-15-juin-richard-serra-au-grand-palais\\\/76109\\\/\"},\"wordCount\":216,\"commentCount\":0,\"keywords\":[\"monumenta\"],\"articleSection\":[\"Architecture &amp; Conception\"],\"inLanguage\":\"fr-FR\",\"potentialAction\":[{\"@type\":\"CommentAction\",\"name\":\"Comment\",\"target\":[\"https:\\\/\\\/batijournal.com\\\/index.php\\\/7-mai-15-juin-richard-serra-au-grand-palais\\\/76109\\\/#respond\"]}]},{\"@type\":\"WebPage\",\"@id\":\"https:\\\/\\\/batijournal.com\\\/index.php\\\/7-mai-15-juin-richard-serra-au-grand-palais\\\/76109\\\/\",\"url\":\"https:\\\/\\\/batijournal.com\\\/index.php\\\/7-mai-15-juin-richard-serra-au-grand-palais\\\/76109\\\/\",\"name\":\"7 mai-15 juin : Richard Serra au Grand Palais\",\"isPartOf\":{\"@id\":\"https:\\\/\\\/batijournal.com\\\/#website\"},\"datePublished\":\"2008-04-15T22:00:00+00:00\",\"dateModified\":\"2019-07-15T09:19:56+00:00\",\"author\":{\"@id\":\"https:\\\/\\\/batijournal.com\\\/#\\\/schema\\\/person\\\/6a657e8967569e1b299972574848aa76\"},\"breadcrumb\":{\"@id\":\"https:\\\/\\\/batijournal.com\\\/index.php\\\/7-mai-15-juin-richard-serra-au-grand-palais\\\/76109\\\/#breadcrumb\"},\"inLanguage\":\"fr-FR\",\"potentialAction\":[{\"@type\":\"ReadAction\",\"target\":[\"https:\\\/\\\/batijournal.com\\\/index.php\\\/7-mai-15-juin-richard-serra-au-grand-palais\\\/76109\\\/\"]}]},{\"@type\":\"BreadcrumbList\",\"@id\":\"https:\\\/\\\/batijournal.com\\\/index.php\\\/7-mai-15-juin-richard-serra-au-grand-palais\\\/76109\\\/#breadcrumb\",\"itemListElement\":[{\"@type\":\"ListItem\",\"position\":1,\"name\":\"Accueil\",\"item\":\"https:\\\/\\\/batijournal.com\\\/\"},{\"@type\":\"ListItem\",\"position\":2,\"name\":\"Actualit\u00e9s\",\"item\":\"https:\\\/\\\/batijournal.com\\\/index.php\\\/category\\\/actualites\\\/\"},{\"@type\":\"ListItem\",\"position\":3,\"name\":\"Architecture &amp; Conception\",\"item\":\"https:\\\/\\\/batijournal.com\\\/index.php\\\/category\\\/actualites\\\/architecture-conception\\\/\"},{\"@type\":\"ListItem\",\"position\":4,\"name\":\"7 mai-15 juin : Richard Serra au Grand Palais\"}]},{\"@type\":\"WebSite\",\"@id\":\"https:\\\/\\\/batijournal.com\\\/#website\",\"url\":\"https:\\\/\\\/batijournal.com\\\/\",\"name\":\"Batijournal\",\"description\":\"L&#039;actualit\u00e9 du b\u00e2timent\",\"potentialAction\":[{\"@type\":\"SearchAction\",\"target\":{\"@type\":\"EntryPoint\",\"urlTemplate\":\"https:\\\/\\\/batijournal.com\\\/?s={search_term_string}\"},\"query-input\":{\"@type\":\"PropertyValueSpecification\",\"valueRequired\":true,\"valueName\":\"search_term_string\"}}],\"inLanguage\":\"fr-FR\"},{\"@type\":\"Person\",\"@id\":\"https:\\\/\\\/batijournal.com\\\/#\\\/schema\\\/person\\\/6a657e8967569e1b299972574848aa76\",\"name\":\"Bati-journal\",\"image\":{\"@type\":\"ImageObject\",\"inLanguage\":\"fr-FR\",\"@id\":\"https:\\\/\\\/secure.gravatar.com\\\/avatar\\\/a64364ea26392f9b4dd47e017ddaec74ff03aefc073b49e492e847201258f777?s=96&d=mm&r=g\",\"url\":\"https:\\\/\\\/secure.gravatar.com\\\/avatar\\\/a64364ea26392f9b4dd47e017ddaec74ff03aefc073b49e492e847201258f777?s=96&d=mm&r=g\",\"contentUrl\":\"https:\\\/\\\/secure.gravatar.com\\\/avatar\\\/a64364ea26392f9b4dd47e017ddaec74ff03aefc073b49e492e847201258f777?s=96&d=mm&r=g\",\"caption\":\"Bati-journal\"},\"url\":\"https:\\\/\\\/batijournal.com\\\/index.php\\\/author\\\/elodie\\\/\"}]}<\/script>\n<!-- \/ Yoast SEO plugin. -->","yoast_head_json":{"title":"7 mai-15 juin : Richard Serra au Grand Palais","robots":{"index":"index","follow":"follow","max-snippet":"max-snippet:-1","max-image-preview":"max-image-preview:large","max-video-preview":"max-video-preview:-1"},"canonical":"https:\/\/batijournal.com\/index.php\/7-mai-15-juin-richard-serra-au-grand-palais\/76109\/","og_locale":"fr_FR","og_type":"article","og_title":"7 mai-15 juin : Richard Serra au Grand Palais","og_description":"Apr\u00e8s le succ\u00e8s de la premi\u00e8re \u00e9dition de Monumenta confi\u00e9e en 2007 \u00e0 Anselm Kiefer, visit\u00e9e par plus de 135 000 visiteurs en moins de cinq semaines, c&rsquo;est le sculpteur am\u00e9ricain Richard Serra qui rel\u00e8ve, en 2008, le d\u00e9fi. Confrontation artistique de tr\u00e8s grande ambition, Monumenta invite chaque ann\u00e9e un artiste contemporain de renomm\u00e9e internationale [&hellip;]","og_url":"https:\/\/batijournal.com\/index.php\/7-mai-15-juin-richard-serra-au-grand-palais\/76109\/","og_site_name":"Batijournal","article_published_time":"2008-04-15T22:00:00+00:00","article_modified_time":"2019-07-15T09:19:56+00:00","author":"Bati-journal","twitter_card":"summary_large_image","twitter_creator":"@bati_journal","twitter_site":"@bati_journal","twitter_misc":{"\u00c9crit par":"Bati-journal","Dur\u00e9e de lecture estim\u00e9e":"1 minute"},"schema":{"@context":"https:\/\/schema.org","@graph":[{"@type":"Article","@id":"https:\/\/batijournal.com\/index.php\/7-mai-15-juin-richard-serra-au-grand-palais\/76109\/#article","isPartOf":{"@id":"https:\/\/batijournal.com\/index.php\/7-mai-15-juin-richard-serra-au-grand-palais\/76109\/"},"author":{"name":"Bati-journal","@id":"https:\/\/batijournal.com\/#\/schema\/person\/6a657e8967569e1b299972574848aa76"},"headline":"7 mai-15 juin : Richard Serra au Grand Palais","datePublished":"2008-04-15T22:00:00+00:00","dateModified":"2019-07-15T09:19:56+00:00","mainEntityOfPage":{"@id":"https:\/\/batijournal.com\/index.php\/7-mai-15-juin-richard-serra-au-grand-palais\/76109\/"},"wordCount":216,"commentCount":0,"keywords":["monumenta"],"articleSection":["Architecture &amp; Conception"],"inLanguage":"fr-FR","potentialAction":[{"@type":"CommentAction","name":"Comment","target":["https:\/\/batijournal.com\/index.php\/7-mai-15-juin-richard-serra-au-grand-palais\/76109\/#respond"]}]},{"@type":"WebPage","@id":"https:\/\/batijournal.com\/index.php\/7-mai-15-juin-richard-serra-au-grand-palais\/76109\/","url":"https:\/\/batijournal.com\/index.php\/7-mai-15-juin-richard-serra-au-grand-palais\/76109\/","name":"7 mai-15 juin : Richard Serra au Grand Palais","isPartOf":{"@id":"https:\/\/batijournal.com\/#website"},"datePublished":"2008-04-15T22:00:00+00:00","dateModified":"2019-07-15T09:19:56+00:00","author":{"@id":"https:\/\/batijournal.com\/#\/schema\/person\/6a657e8967569e1b299972574848aa76"},"breadcrumb":{"@id":"https:\/\/batijournal.com\/index.php\/7-mai-15-juin-richard-serra-au-grand-palais\/76109\/#breadcrumb"},"inLanguage":"fr-FR","potentialAction":[{"@type":"ReadAction","target":["https:\/\/batijournal.com\/index.php\/7-mai-15-juin-richard-serra-au-grand-palais\/76109\/"]}]},{"@type":"BreadcrumbList","@id":"https:\/\/batijournal.com\/index.php\/7-mai-15-juin-richard-serra-au-grand-palais\/76109\/#breadcrumb","itemListElement":[{"@type":"ListItem","position":1,"name":"Accueil","item":"https:\/\/batijournal.com\/"},{"@type":"ListItem","position":2,"name":"Actualit\u00e9s","item":"https:\/\/batijournal.com\/index.php\/category\/actualites\/"},{"@type":"ListItem","position":3,"name":"Architecture &amp; Conception","item":"https:\/\/batijournal.com\/index.php\/category\/actualites\/architecture-conception\/"},{"@type":"ListItem","position":4,"name":"7 mai-15 juin : Richard Serra au Grand Palais"}]},{"@type":"WebSite","@id":"https:\/\/batijournal.com\/#website","url":"https:\/\/batijournal.com\/","name":"Batijournal","description":"L&#039;actualit\u00e9 du b\u00e2timent","potentialAction":[{"@type":"SearchAction","target":{"@type":"EntryPoint","urlTemplate":"https:\/\/batijournal.com\/?s={search_term_string}"},"query-input":{"@type":"PropertyValueSpecification","valueRequired":true,"valueName":"search_term_string"}}],"inLanguage":"fr-FR"},{"@type":"Person","@id":"https:\/\/batijournal.com\/#\/schema\/person\/6a657e8967569e1b299972574848aa76","name":"Bati-journal","image":{"@type":"ImageObject","inLanguage":"fr-FR","@id":"https:\/\/secure.gravatar.com\/avatar\/a64364ea26392f9b4dd47e017ddaec74ff03aefc073b49e492e847201258f777?s=96&d=mm&r=g","url":"https:\/\/secure.gravatar.com\/avatar\/a64364ea26392f9b4dd47e017ddaec74ff03aefc073b49e492e847201258f777?s=96&d=mm&r=g","contentUrl":"https:\/\/secure.gravatar.com\/avatar\/a64364ea26392f9b4dd47e017ddaec74ff03aefc073b49e492e847201258f777?s=96&d=mm&r=g","caption":"Bati-journal"},"url":"https:\/\/batijournal.com\/index.php\/author\/elodie\/"}]}},"_links":{"self":[{"href":"https:\/\/batijournal.com\/index.php\/wp-json\/wp\/v2\/posts\/76109","targetHints":{"allow":["GET"]}}],"collection":[{"href":"https:\/\/batijournal.com\/index.php\/wp-json\/wp\/v2\/posts"}],"about":[{"href":"https:\/\/batijournal.com\/index.php\/wp-json\/wp\/v2\/types\/post"}],"author":[{"embeddable":true,"href":"https:\/\/batijournal.com\/index.php\/wp-json\/wp\/v2\/users\/1"}],"replies":[{"embeddable":true,"href":"https:\/\/batijournal.com\/index.php\/wp-json\/wp\/v2\/comments?post=76109"}],"version-history":[{"count":0,"href":"https:\/\/batijournal.com\/index.php\/wp-json\/wp\/v2\/posts\/76109\/revisions"}],"wp:attachment":[{"href":"https:\/\/batijournal.com\/index.php\/wp-json\/wp\/v2\/media?parent=76109"}],"wp:term":[{"taxonomy":"category","embeddable":true,"href":"https:\/\/batijournal.com\/index.php\/wp-json\/wp\/v2\/categories?post=76109"},{"taxonomy":"post_tag","embeddable":true,"href":"https:\/\/batijournal.com\/index.php\/wp-json\/wp\/v2\/tags?post=76109"}],"curies":[{"name":"wp","href":"https:\/\/api.w.org\/{rel}","templated":true}]}}