{"id":76148,"date":"2008-12-03T00:00:00","date_gmt":"2008-12-02T23:00:00","guid":{"rendered":"http:\/\/b.bati-journal.com\/le-regime-monuments-historiques-ne-constitue-pas-une-niche-fiscale\/76148"},"modified":"2019-07-15T11:19:52","modified_gmt":"2019-07-15T09:19:52","slug":"le-regime-monuments-historiques-ne-constitue-pas-une-niche-fiscale","status":"publish","type":"post","link":"https:\/\/batijournal.com\/index.php\/le-regime-monuments-historiques-ne-constitue-pas-une-niche-fiscale\/76148\/","title":{"rendered":"Le r\u00e9gime \u00ab Monuments historiques \u00bb ne constitue pas une \u00abniche fiscale\u00bb !"},"content":{"rendered":"<p>A l\u0092&rsquo;occasion de l\u0092&rsquo;examen du budget pour 2009 de la mission \u00ab Culture \u00bb, la commission des affaires culturelles, pr\u00e9sid\u00e9e par Jacques Legendre (UMP &#8211; Nord), a rappel\u00e9 son attachement aux dispositifs fiscaux \u00ab Malraux \u00bb et \u00ab Monuments historiques \u00bb : ils apportent, dans un contexte budg\u00e9taire contraint, un soutien efficace \u00e0 l&rsquo;\u0092initiative priv\u00e9e, pour assurer la pr\u00e9servation des secteurs sauvegard\u00e9s et de notre patrimoine national. En outre, leurs retomb\u00e9es \u00e9conomiques sont importantes, en termes d\u0092emplois notamment. Elle a adopt\u00e9 deux amendements pr\u00e9sent\u00e9s par Philippe Nachbar (UMP &#8211; Meurthe-et-Moselle), rapporteur pour avis, afin de supprimer le plafonnement \u00e0 200 000 euros du montant des charges imputables au titre des travaux r\u00e9alis\u00e9s sur des monuments historiques non ouverts au public, adopt\u00e9 par l\u0092&rsquo;Assembl\u00e9e nationale contre l&rsquo;\u0092avis du Gouvernement. Elle a \u00e9galement exclu cet avantage fiscal du plafond global des \u00ab niches \u00bb introduit par les d\u00e9put\u00e9s dans le projet de loi de finances. La commission a rappel\u00e9 que le r\u00e9gime \u00ab Monuments historiques \u00bb ne constitue pas une \u00abniche fiscale\u00bb : il s\u0092&rsquo;agit de la juste compensation de l\u0092&rsquo;effort consenti par les propri\u00e9taires priv\u00e9s, dans l&rsquo;\u0092int\u00e9r\u00eat g\u00e9n\u00e9ral, pour assurer la conservation de ce patrimoine et sa transmission aux g\u00e9n\u00e9rations futures. Elle a enfin appel\u00e9 de ses voe\u009cux l\u0092&rsquo;affectation d&rsquo;\u0092une ressource compl\u00e9mentaire p\u00e9renne en faveur de l&rsquo;\u0092entretien et de la restauration des monuments historiques, d\u00e9j\u00e0 pr\u00e9conis\u00e9e en 2006 par la mission d&rsquo;\u0092information pr\u00e9sid\u00e9e par Philippe Richert (UMP \u0096 Bas-Rhin).<\/p>\n","protected":false},"excerpt":{"rendered":"<p>A l\u0092&rsquo;occasion de l\u0092&rsquo;examen du budget pour 2009 de la mission \u00ab Culture \u00bb, la commission des affaires culturelles, pr\u00e9sid\u00e9e par Jacques Legendre (UMP &#8211; Nord), a rappel\u00e9 son attachement aux dispositifs fiscaux \u00ab Malraux \u00bb et \u00ab Monuments historiques \u00bb : ils apportent, dans un contexte budg\u00e9taire contraint, un soutien efficace \u00e0 l&rsquo;\u0092initiative priv\u00e9e, [&hellip;]<\/p>\n","protected":false},"author":1,"featured_media":0,"comment_status":"open","ping_status":"closed","sticky":false,"template":"","format":"standard","meta":{"_et_pb_use_builder":"","_et_pb_old_content":"","_et_gb_content_width":"","footnotes":""},"categories":[6340],"tags":[4474],"class_list":["post-76148","post","type-post","status-publish","format-standard","hentry","category-architecture-conception","tag-monuments-historiques"],"yoast_head":"<!-- This site is optimized with the Yoast SEO plugin v27.4 - https:\/\/yoast.com\/product\/yoast-seo-wordpress\/ -->\n<title>Le r\u00e9gime \u00ab Monuments historiques \u00bb ne constitue pas une \u00abniche fiscale\u00bb !<\/title>\n<meta name=\"robots\" content=\"index, follow, max-snippet:-1, max-image-preview:large, max-video-preview:-1\" \/>\n<link rel=\"canonical\" href=\"https:\/\/batijournal.com\/index.php\/le-regime-monuments-historiques-ne-constitue-pas-une-niche-fiscale\/76148\/\" \/>\n<meta property=\"og:locale\" content=\"fr_FR\" \/>\n<meta property=\"og:type\" content=\"article\" \/>\n<meta property=\"og:title\" content=\"Le r\u00e9gime \u00ab Monuments historiques \u00bb ne constitue pas une \u00abniche fiscale\u00bb !\" \/>\n<meta property=\"og:description\" content=\"A l\u0092&rsquo;occasion de l\u0092&rsquo;examen du budget pour 2009 de la mission \u00ab Culture \u00bb, la commission des affaires culturelles, pr\u00e9sid\u00e9e par Jacques Legendre (UMP &#8211; Nord), a rappel\u00e9 son attachement aux dispositifs fiscaux \u00ab Malraux \u00bb et \u00ab Monuments historiques \u00bb : ils apportent, dans un contexte budg\u00e9taire contraint, un soutien efficace \u00e0 l&rsquo;\u0092initiative priv\u00e9e, [&hellip;]\" \/>\n<meta property=\"og:url\" content=\"https:\/\/batijournal.com\/index.php\/le-regime-monuments-historiques-ne-constitue-pas-une-niche-fiscale\/76148\/\" \/>\n<meta property=\"og:site_name\" content=\"Batijournal\" \/>\n<meta property=\"article:published_time\" content=\"2008-12-02T23:00:00+00:00\" \/>\n<meta property=\"article:modified_time\" content=\"2019-07-15T09:19:52+00:00\" \/>\n<meta name=\"author\" content=\"Bati-journal\" \/>\n<meta name=\"twitter:card\" content=\"summary_large_image\" \/>\n<meta name=\"twitter:creator\" content=\"@bati_journal\" \/>\n<meta name=\"twitter:site\" content=\"@bati_journal\" \/>\n<meta name=\"twitter:label1\" content=\"\u00c9crit par\" \/>\n\t<meta name=\"twitter:data1\" content=\"Bati-journal\" \/>\n\t<meta name=\"twitter:label2\" content=\"Dur\u00e9e de lecture estim\u00e9e\" \/>\n\t<meta name=\"twitter:data2\" content=\"1 minute\" \/>\n<script type=\"application\/ld+json\" class=\"yoast-schema-graph\">{\"@context\":\"https:\\\/\\\/schema.org\",\"@graph\":[{\"@type\":\"Article\",\"@id\":\"https:\\\/\\\/batijournal.com\\\/index.php\\\/le-regime-monuments-historiques-ne-constitue-pas-une-niche-fiscale\\\/76148\\\/#article\",\"isPartOf\":{\"@id\":\"https:\\\/\\\/batijournal.com\\\/index.php\\\/le-regime-monuments-historiques-ne-constitue-pas-une-niche-fiscale\\\/76148\\\/\"},\"author\":{\"name\":\"Bati-journal\",\"@id\":\"https:\\\/\\\/batijournal.com\\\/#\\\/schema\\\/person\\\/6a657e8967569e1b299972574848aa76\"},\"headline\":\"Le r\u00e9gime \u00ab Monuments historiques \u00bb ne constitue pas une \u00abniche fiscale\u00bb !\",\"datePublished\":\"2008-12-02T23:00:00+00:00\",\"dateModified\":\"2019-07-15T09:19:52+00:00\",\"mainEntityOfPage\":{\"@id\":\"https:\\\/\\\/batijournal.com\\\/index.php\\\/le-regime-monuments-historiques-ne-constitue-pas-une-niche-fiscale\\\/76148\\\/\"},\"wordCount\":274,\"commentCount\":0,\"keywords\":[\"monuments historiques\"],\"articleSection\":[\"Architecture &amp; Conception\"],\"inLanguage\":\"fr-FR\",\"potentialAction\":[{\"@type\":\"CommentAction\",\"name\":\"Comment\",\"target\":[\"https:\\\/\\\/batijournal.com\\\/index.php\\\/le-regime-monuments-historiques-ne-constitue-pas-une-niche-fiscale\\\/76148\\\/#respond\"]}]},{\"@type\":\"WebPage\",\"@id\":\"https:\\\/\\\/batijournal.com\\\/index.php\\\/le-regime-monuments-historiques-ne-constitue-pas-une-niche-fiscale\\\/76148\\\/\",\"url\":\"https:\\\/\\\/batijournal.com\\\/index.php\\\/le-regime-monuments-historiques-ne-constitue-pas-une-niche-fiscale\\\/76148\\\/\",\"name\":\"Le r\u00e9gime \u00ab Monuments historiques \u00bb ne constitue pas une \u00abniche fiscale\u00bb !\",\"isPartOf\":{\"@id\":\"https:\\\/\\\/batijournal.com\\\/#website\"},\"datePublished\":\"2008-12-02T23:00:00+00:00\",\"dateModified\":\"2019-07-15T09:19:52+00:00\",\"author\":{\"@id\":\"https:\\\/\\\/batijournal.com\\\/#\\\/schema\\\/person\\\/6a657e8967569e1b299972574848aa76\"},\"breadcrumb\":{\"@id\":\"https:\\\/\\\/batijournal.com\\\/index.php\\\/le-regime-monuments-historiques-ne-constitue-pas-une-niche-fiscale\\\/76148\\\/#breadcrumb\"},\"inLanguage\":\"fr-FR\",\"potentialAction\":[{\"@type\":\"ReadAction\",\"target\":[\"https:\\\/\\\/batijournal.com\\\/index.php\\\/le-regime-monuments-historiques-ne-constitue-pas-une-niche-fiscale\\\/76148\\\/\"]}]},{\"@type\":\"BreadcrumbList\",\"@id\":\"https:\\\/\\\/batijournal.com\\\/index.php\\\/le-regime-monuments-historiques-ne-constitue-pas-une-niche-fiscale\\\/76148\\\/#breadcrumb\",\"itemListElement\":[{\"@type\":\"ListItem\",\"position\":1,\"name\":\"Accueil\",\"item\":\"https:\\\/\\\/batijournal.com\\\/\"},{\"@type\":\"ListItem\",\"position\":2,\"name\":\"Actualit\u00e9s\",\"item\":\"https:\\\/\\\/batijournal.com\\\/index.php\\\/category\\\/actualites\\\/\"},{\"@type\":\"ListItem\",\"position\":3,\"name\":\"Architecture &amp; Conception\",\"item\":\"https:\\\/\\\/batijournal.com\\\/index.php\\\/category\\\/actualites\\\/architecture-conception\\\/\"},{\"@type\":\"ListItem\",\"position\":4,\"name\":\"Le r\u00e9gime \u00ab Monuments historiques \u00bb ne constitue pas une \u00abniche fiscale\u00bb !\"}]},{\"@type\":\"WebSite\",\"@id\":\"https:\\\/\\\/batijournal.com\\\/#website\",\"url\":\"https:\\\/\\\/batijournal.com\\\/\",\"name\":\"Batijournal\",\"description\":\"L&#039;actualit\u00e9 du b\u00e2timent\",\"potentialAction\":[{\"@type\":\"SearchAction\",\"target\":{\"@type\":\"EntryPoint\",\"urlTemplate\":\"https:\\\/\\\/batijournal.com\\\/?s={search_term_string}\"},\"query-input\":{\"@type\":\"PropertyValueSpecification\",\"valueRequired\":true,\"valueName\":\"search_term_string\"}}],\"inLanguage\":\"fr-FR\"},{\"@type\":\"Person\",\"@id\":\"https:\\\/\\\/batijournal.com\\\/#\\\/schema\\\/person\\\/6a657e8967569e1b299972574848aa76\",\"name\":\"Bati-journal\",\"image\":{\"@type\":\"ImageObject\",\"inLanguage\":\"fr-FR\",\"@id\":\"https:\\\/\\\/secure.gravatar.com\\\/avatar\\\/a64364ea26392f9b4dd47e017ddaec74ff03aefc073b49e492e847201258f777?s=96&d=mm&r=g\",\"url\":\"https:\\\/\\\/secure.gravatar.com\\\/avatar\\\/a64364ea26392f9b4dd47e017ddaec74ff03aefc073b49e492e847201258f777?s=96&d=mm&r=g\",\"contentUrl\":\"https:\\\/\\\/secure.gravatar.com\\\/avatar\\\/a64364ea26392f9b4dd47e017ddaec74ff03aefc073b49e492e847201258f777?s=96&d=mm&r=g\",\"caption\":\"Bati-journal\"},\"url\":\"https:\\\/\\\/batijournal.com\\\/index.php\\\/author\\\/elodie\\\/\"}]}<\/script>\n<!-- \/ Yoast SEO plugin. -->","yoast_head_json":{"title":"Le r\u00e9gime \u00ab Monuments historiques \u00bb ne constitue pas une \u00abniche fiscale\u00bb !","robots":{"index":"index","follow":"follow","max-snippet":"max-snippet:-1","max-image-preview":"max-image-preview:large","max-video-preview":"max-video-preview:-1"},"canonical":"https:\/\/batijournal.com\/index.php\/le-regime-monuments-historiques-ne-constitue-pas-une-niche-fiscale\/76148\/","og_locale":"fr_FR","og_type":"article","og_title":"Le r\u00e9gime \u00ab Monuments historiques \u00bb ne constitue pas une \u00abniche fiscale\u00bb !","og_description":"A l\u0092&rsquo;occasion de l\u0092&rsquo;examen du budget pour 2009 de la mission \u00ab Culture \u00bb, la commission des affaires culturelles, pr\u00e9sid\u00e9e par Jacques Legendre (UMP &#8211; Nord), a rappel\u00e9 son attachement aux dispositifs fiscaux \u00ab Malraux \u00bb et \u00ab Monuments historiques \u00bb : ils apportent, dans un contexte budg\u00e9taire contraint, un soutien efficace \u00e0 l&rsquo;\u0092initiative priv\u00e9e, [&hellip;]","og_url":"https:\/\/batijournal.com\/index.php\/le-regime-monuments-historiques-ne-constitue-pas-une-niche-fiscale\/76148\/","og_site_name":"Batijournal","article_published_time":"2008-12-02T23:00:00+00:00","article_modified_time":"2019-07-15T09:19:52+00:00","author":"Bati-journal","twitter_card":"summary_large_image","twitter_creator":"@bati_journal","twitter_site":"@bati_journal","twitter_misc":{"\u00c9crit par":"Bati-journal","Dur\u00e9e de lecture estim\u00e9e":"1 minute"},"schema":{"@context":"https:\/\/schema.org","@graph":[{"@type":"Article","@id":"https:\/\/batijournal.com\/index.php\/le-regime-monuments-historiques-ne-constitue-pas-une-niche-fiscale\/76148\/#article","isPartOf":{"@id":"https:\/\/batijournal.com\/index.php\/le-regime-monuments-historiques-ne-constitue-pas-une-niche-fiscale\/76148\/"},"author":{"name":"Bati-journal","@id":"https:\/\/batijournal.com\/#\/schema\/person\/6a657e8967569e1b299972574848aa76"},"headline":"Le r\u00e9gime \u00ab Monuments historiques \u00bb ne constitue pas une \u00abniche fiscale\u00bb !","datePublished":"2008-12-02T23:00:00+00:00","dateModified":"2019-07-15T09:19:52+00:00","mainEntityOfPage":{"@id":"https:\/\/batijournal.com\/index.php\/le-regime-monuments-historiques-ne-constitue-pas-une-niche-fiscale\/76148\/"},"wordCount":274,"commentCount":0,"keywords":["monuments historiques"],"articleSection":["Architecture &amp; Conception"],"inLanguage":"fr-FR","potentialAction":[{"@type":"CommentAction","name":"Comment","target":["https:\/\/batijournal.com\/index.php\/le-regime-monuments-historiques-ne-constitue-pas-une-niche-fiscale\/76148\/#respond"]}]},{"@type":"WebPage","@id":"https:\/\/batijournal.com\/index.php\/le-regime-monuments-historiques-ne-constitue-pas-une-niche-fiscale\/76148\/","url":"https:\/\/batijournal.com\/index.php\/le-regime-monuments-historiques-ne-constitue-pas-une-niche-fiscale\/76148\/","name":"Le r\u00e9gime \u00ab Monuments historiques \u00bb ne constitue pas une \u00abniche fiscale\u00bb !","isPartOf":{"@id":"https:\/\/batijournal.com\/#website"},"datePublished":"2008-12-02T23:00:00+00:00","dateModified":"2019-07-15T09:19:52+00:00","author":{"@id":"https:\/\/batijournal.com\/#\/schema\/person\/6a657e8967569e1b299972574848aa76"},"breadcrumb":{"@id":"https:\/\/batijournal.com\/index.php\/le-regime-monuments-historiques-ne-constitue-pas-une-niche-fiscale\/76148\/#breadcrumb"},"inLanguage":"fr-FR","potentialAction":[{"@type":"ReadAction","target":["https:\/\/batijournal.com\/index.php\/le-regime-monuments-historiques-ne-constitue-pas-une-niche-fiscale\/76148\/"]}]},{"@type":"BreadcrumbList","@id":"https:\/\/batijournal.com\/index.php\/le-regime-monuments-historiques-ne-constitue-pas-une-niche-fiscale\/76148\/#breadcrumb","itemListElement":[{"@type":"ListItem","position":1,"name":"Accueil","item":"https:\/\/batijournal.com\/"},{"@type":"ListItem","position":2,"name":"Actualit\u00e9s","item":"https:\/\/batijournal.com\/index.php\/category\/actualites\/"},{"@type":"ListItem","position":3,"name":"Architecture &amp; Conception","item":"https:\/\/batijournal.com\/index.php\/category\/actualites\/architecture-conception\/"},{"@type":"ListItem","position":4,"name":"Le r\u00e9gime \u00ab Monuments historiques \u00bb ne constitue pas une \u00abniche fiscale\u00bb !"}]},{"@type":"WebSite","@id":"https:\/\/batijournal.com\/#website","url":"https:\/\/batijournal.com\/","name":"Batijournal","description":"L&#039;actualit\u00e9 du b\u00e2timent","potentialAction":[{"@type":"SearchAction","target":{"@type":"EntryPoint","urlTemplate":"https:\/\/batijournal.com\/?s={search_term_string}"},"query-input":{"@type":"PropertyValueSpecification","valueRequired":true,"valueName":"search_term_string"}}],"inLanguage":"fr-FR"},{"@type":"Person","@id":"https:\/\/batijournal.com\/#\/schema\/person\/6a657e8967569e1b299972574848aa76","name":"Bati-journal","image":{"@type":"ImageObject","inLanguage":"fr-FR","@id":"https:\/\/secure.gravatar.com\/avatar\/a64364ea26392f9b4dd47e017ddaec74ff03aefc073b49e492e847201258f777?s=96&d=mm&r=g","url":"https:\/\/secure.gravatar.com\/avatar\/a64364ea26392f9b4dd47e017ddaec74ff03aefc073b49e492e847201258f777?s=96&d=mm&r=g","contentUrl":"https:\/\/secure.gravatar.com\/avatar\/a64364ea26392f9b4dd47e017ddaec74ff03aefc073b49e492e847201258f777?s=96&d=mm&r=g","caption":"Bati-journal"},"url":"https:\/\/batijournal.com\/index.php\/author\/elodie\/"}]}},"_links":{"self":[{"href":"https:\/\/batijournal.com\/index.php\/wp-json\/wp\/v2\/posts\/76148","targetHints":{"allow":["GET"]}}],"collection":[{"href":"https:\/\/batijournal.com\/index.php\/wp-json\/wp\/v2\/posts"}],"about":[{"href":"https:\/\/batijournal.com\/index.php\/wp-json\/wp\/v2\/types\/post"}],"author":[{"embeddable":true,"href":"https:\/\/batijournal.com\/index.php\/wp-json\/wp\/v2\/users\/1"}],"replies":[{"embeddable":true,"href":"https:\/\/batijournal.com\/index.php\/wp-json\/wp\/v2\/comments?post=76148"}],"version-history":[{"count":0,"href":"https:\/\/batijournal.com\/index.php\/wp-json\/wp\/v2\/posts\/76148\/revisions"}],"wp:attachment":[{"href":"https:\/\/batijournal.com\/index.php\/wp-json\/wp\/v2\/media?parent=76148"}],"wp:term":[{"taxonomy":"category","embeddable":true,"href":"https:\/\/batijournal.com\/index.php\/wp-json\/wp\/v2\/categories?post=76148"},{"taxonomy":"post_tag","embeddable":true,"href":"https:\/\/batijournal.com\/index.php\/wp-json\/wp\/v2\/tags?post=76148"}],"curies":[{"name":"wp","href":"https:\/\/api.w.org\/{rel}","templated":true}]}}