{"id":76149,"date":"2008-12-03T00:00:00","date_gmt":"2008-12-02T23:00:00","guid":{"rendered":"http:\/\/b.bati-journal.com\/christine-albanel-a-decerne-le-titre-de-maitre-d%c2%92art-a-des-professionnels-d%c2%92exception\/76149"},"modified":"2019-07-15T11:19:52","modified_gmt":"2019-07-15T09:19:52","slug":"christine-albanel-a-decerne-le-titre-de-maitre-d%c2%92art-a-des-professionnels-d%c2%92exception","status":"publish","type":"post","link":"https:\/\/batijournal.com\/index.php\/christine-albanel-a-decerne-le-titre-de-maitre-d%c2%92art-a-des-professionnels-d%c2%92exception\/76149\/","title":{"rendered":"Christine Albanel a d\u00e9cern\u00e9 le titre de \u00ab Ma\u00eetre d\u0092&rsquo;art \u00bb \u00e0 des professionnels d&rsquo;\u0092exception"},"content":{"rendered":"<p>La nomination en qualit\u00e9 de ma\u00eetre d\u0092&rsquo;art vient soutenir les m\u00e9tiers d\u0092&rsquo;art et la transmission des savoir-faire. Cette proc\u00e9dure existe depuis 1994 et distingue des professionnels d\u0092&rsquo;excellence. Les ma\u00eetres d&rsquo;\u0092art sont reconnus et s\u00e9lectionn\u00e9s par leurs pairs pour leur exp\u00e9rience, leurs talents et leurs comp\u00e9tences p\u00e9dagogiques. Porteur d&rsquo;\u0092une comp\u00e9tence rare, le ma\u00eetre d\u0092&rsquo;art s\u0092engage \u00e0 transmettre ses connaissances et son tour de main \u00e0 un \u00e9l\u00e8ve qualifi\u00e9 afin qu&rsquo;\u0092il le perp\u00e9tue.De bas en haut et de gauche \u00e0 droite sur la photo : Etienne Vatelot, Christine Albanel. Lionel H\u00fcck, Pierre Corthay, Fran\u00e7oise Hoffmann, Nelly Saunier, Etienne Rayssac. Herv\u00e9 Debitus, Georges Alloro, Christian Adrien, Philippe Nicolas, Patrice Cloud, Rafaelle Ilardo, Alain de St Exup\u00e9ry. Eric Seydoux, Michel Jamet, Jo\u00ebl Laplane.<\/p>\n","protected":false},"excerpt":{"rendered":"<p>La nomination en qualit\u00e9 de ma\u00eetre d\u0092&rsquo;art vient soutenir les m\u00e9tiers d\u0092&rsquo;art et la transmission des savoir-faire. Cette proc\u00e9dure existe depuis 1994 et distingue des professionnels d\u0092&rsquo;excellence. Les ma\u00eetres d&rsquo;\u0092art sont reconnus et s\u00e9lectionn\u00e9s par leurs pairs pour leur exp\u00e9rience, leurs talents et leurs comp\u00e9tences p\u00e9dagogiques. Porteur d&rsquo;\u0092une comp\u00e9tence rare, le ma\u00eetre d\u0092&rsquo;art s\u0092engage \u00e0 [&hellip;]<\/p>\n","protected":false},"author":1,"featured_media":0,"comment_status":"open","ping_status":"closed","sticky":false,"template":"","format":"standard","meta":{"_et_pb_use_builder":"","_et_pb_old_content":"","_et_gb_content_width":"","footnotes":""},"categories":[6340],"tags":[8572],"class_list":["post-76149","post","type-post","status-publish","format-standard","hentry","category-architecture-conception","tag-christine-albanel"],"yoast_head":"<!-- This site is optimized with the Yoast SEO plugin v27.4 - https:\/\/yoast.com\/product\/yoast-seo-wordpress\/ -->\n<title>Christine Albanel a d\u00e9cern\u00e9 le titre de \u00ab Ma\u00eetre d\u0092&#039;art \u00bb \u00e0 des professionnels d&#039;\u0092exception<\/title>\n<meta name=\"robots\" content=\"index, follow, max-snippet:-1, max-image-preview:large, max-video-preview:-1\" \/>\n<link rel=\"canonical\" href=\"https:\/\/batijournal.com\/index.php\/christine-albanel-a-decerne-le-titre-de-maitre-d\u0092art-a-des-professionnels-d\u0092exception\/76149\/\" \/>\n<meta property=\"og:locale\" content=\"fr_FR\" \/>\n<meta property=\"og:type\" content=\"article\" \/>\n<meta property=\"og:title\" content=\"Christine Albanel a d\u00e9cern\u00e9 le titre de \u00ab Ma\u00eetre d\u0092&#039;art \u00bb \u00e0 des professionnels d&#039;\u0092exception\" \/>\n<meta property=\"og:description\" content=\"La nomination en qualit\u00e9 de ma\u00eetre d\u0092&rsquo;art vient soutenir les m\u00e9tiers d\u0092&rsquo;art et la transmission des savoir-faire. Cette proc\u00e9dure existe depuis 1994 et distingue des professionnels d\u0092&rsquo;excellence. Les ma\u00eetres d&rsquo;\u0092art sont reconnus et s\u00e9lectionn\u00e9s par leurs pairs pour leur exp\u00e9rience, leurs talents et leurs comp\u00e9tences p\u00e9dagogiques. Porteur d&rsquo;\u0092une comp\u00e9tence rare, le ma\u00eetre d\u0092&rsquo;art s\u0092engage \u00e0 [&hellip;]\" \/>\n<meta property=\"og:url\" content=\"https:\/\/batijournal.com\/index.php\/christine-albanel-a-decerne-le-titre-de-maitre-d\u0092art-a-des-professionnels-d\u0092exception\/76149\/\" \/>\n<meta property=\"og:site_name\" content=\"Batijournal\" \/>\n<meta property=\"article:published_time\" content=\"2008-12-02T23:00:00+00:00\" \/>\n<meta property=\"article:modified_time\" content=\"2019-07-15T09:19:52+00:00\" \/>\n<meta name=\"author\" content=\"Bati-journal\" \/>\n<meta name=\"twitter:card\" content=\"summary_large_image\" \/>\n<meta name=\"twitter:creator\" content=\"@bati_journal\" \/>\n<meta name=\"twitter:site\" content=\"@bati_journal\" \/>\n<meta name=\"twitter:label1\" content=\"\u00c9crit par\" \/>\n\t<meta name=\"twitter:data1\" content=\"Bati-journal\" \/>\n\t<meta name=\"twitter:label2\" content=\"Dur\u00e9e de lecture estim\u00e9e\" \/>\n\t<meta name=\"twitter:data2\" content=\"1 minute\" \/>\n<script type=\"application\/ld+json\" class=\"yoast-schema-graph\">{\"@context\":\"https:\\\/\\\/schema.org\",\"@graph\":[{\"@type\":\"Article\",\"@id\":\"https:\\\/\\\/batijournal.com\\\/index.php\\\/christine-albanel-a-decerne-le-titre-de-maitre-d%c2%92art-a-des-professionnels-d%c2%92exception\\\/76149\\\/#article\",\"isPartOf\":{\"@id\":\"https:\\\/\\\/batijournal.com\\\/index.php\\\/christine-albanel-a-decerne-le-titre-de-maitre-d%c2%92art-a-des-professionnels-d%c2%92exception\\\/76149\\\/\"},\"author\":{\"name\":\"Bati-journal\",\"@id\":\"https:\\\/\\\/batijournal.com\\\/#\\\/schema\\\/person\\\/6a657e8967569e1b299972574848aa76\"},\"headline\":\"Christine Albanel a d\u00e9cern\u00e9 le titre de \u00ab Ma\u00eetre d\u0092&rsquo;art \u00bb \u00e0 des professionnels d&rsquo;\u0092exception\",\"datePublished\":\"2008-12-02T23:00:00+00:00\",\"dateModified\":\"2019-07-15T09:19:52+00:00\",\"mainEntityOfPage\":{\"@id\":\"https:\\\/\\\/batijournal.com\\\/index.php\\\/christine-albanel-a-decerne-le-titre-de-maitre-d%c2%92art-a-des-professionnels-d%c2%92exception\\\/76149\\\/\"},\"wordCount\":156,\"commentCount\":0,\"keywords\":[\"christine albanel\"],\"articleSection\":[\"Architecture &amp; Conception\"],\"inLanguage\":\"fr-FR\",\"potentialAction\":[{\"@type\":\"CommentAction\",\"name\":\"Comment\",\"target\":[\"https:\\\/\\\/batijournal.com\\\/index.php\\\/christine-albanel-a-decerne-le-titre-de-maitre-d%c2%92art-a-des-professionnels-d%c2%92exception\\\/76149\\\/#respond\"]}]},{\"@type\":\"WebPage\",\"@id\":\"https:\\\/\\\/batijournal.com\\\/index.php\\\/christine-albanel-a-decerne-le-titre-de-maitre-d%c2%92art-a-des-professionnels-d%c2%92exception\\\/76149\\\/\",\"url\":\"https:\\\/\\\/batijournal.com\\\/index.php\\\/christine-albanel-a-decerne-le-titre-de-maitre-d%c2%92art-a-des-professionnels-d%c2%92exception\\\/76149\\\/\",\"name\":\"Christine Albanel a d\u00e9cern\u00e9 le titre de \u00ab Ma\u00eetre d\u0092'art \u00bb \u00e0 des professionnels d'\u0092exception\",\"isPartOf\":{\"@id\":\"https:\\\/\\\/batijournal.com\\\/#website\"},\"datePublished\":\"2008-12-02T23:00:00+00:00\",\"dateModified\":\"2019-07-15T09:19:52+00:00\",\"author\":{\"@id\":\"https:\\\/\\\/batijournal.com\\\/#\\\/schema\\\/person\\\/6a657e8967569e1b299972574848aa76\"},\"breadcrumb\":{\"@id\":\"https:\\\/\\\/batijournal.com\\\/index.php\\\/christine-albanel-a-decerne-le-titre-de-maitre-d%c2%92art-a-des-professionnels-d%c2%92exception\\\/76149\\\/#breadcrumb\"},\"inLanguage\":\"fr-FR\",\"potentialAction\":[{\"@type\":\"ReadAction\",\"target\":[\"https:\\\/\\\/batijournal.com\\\/index.php\\\/christine-albanel-a-decerne-le-titre-de-maitre-d%c2%92art-a-des-professionnels-d%c2%92exception\\\/76149\\\/\"]}]},{\"@type\":\"BreadcrumbList\",\"@id\":\"https:\\\/\\\/batijournal.com\\\/index.php\\\/christine-albanel-a-decerne-le-titre-de-maitre-d%c2%92art-a-des-professionnels-d%c2%92exception\\\/76149\\\/#breadcrumb\",\"itemListElement\":[{\"@type\":\"ListItem\",\"position\":1,\"name\":\"Accueil\",\"item\":\"https:\\\/\\\/batijournal.com\\\/\"},{\"@type\":\"ListItem\",\"position\":2,\"name\":\"Actualit\u00e9s\",\"item\":\"https:\\\/\\\/batijournal.com\\\/index.php\\\/category\\\/actualites\\\/\"},{\"@type\":\"ListItem\",\"position\":3,\"name\":\"Architecture &amp; Conception\",\"item\":\"https:\\\/\\\/batijournal.com\\\/index.php\\\/category\\\/actualites\\\/architecture-conception\\\/\"},{\"@type\":\"ListItem\",\"position\":4,\"name\":\"Christine Albanel a d\u00e9cern\u00e9 le titre de \u00ab Ma\u00eetre d\u0092&rsquo;art \u00bb \u00e0 des professionnels d&rsquo;\u0092exception\"}]},{\"@type\":\"WebSite\",\"@id\":\"https:\\\/\\\/batijournal.com\\\/#website\",\"url\":\"https:\\\/\\\/batijournal.com\\\/\",\"name\":\"Batijournal\",\"description\":\"L&#039;actualit\u00e9 du b\u00e2timent\",\"potentialAction\":[{\"@type\":\"SearchAction\",\"target\":{\"@type\":\"EntryPoint\",\"urlTemplate\":\"https:\\\/\\\/batijournal.com\\\/?s={search_term_string}\"},\"query-input\":{\"@type\":\"PropertyValueSpecification\",\"valueRequired\":true,\"valueName\":\"search_term_string\"}}],\"inLanguage\":\"fr-FR\"},{\"@type\":\"Person\",\"@id\":\"https:\\\/\\\/batijournal.com\\\/#\\\/schema\\\/person\\\/6a657e8967569e1b299972574848aa76\",\"name\":\"Bati-journal\",\"image\":{\"@type\":\"ImageObject\",\"inLanguage\":\"fr-FR\",\"@id\":\"https:\\\/\\\/secure.gravatar.com\\\/avatar\\\/a64364ea26392f9b4dd47e017ddaec74ff03aefc073b49e492e847201258f777?s=96&d=mm&r=g\",\"url\":\"https:\\\/\\\/secure.gravatar.com\\\/avatar\\\/a64364ea26392f9b4dd47e017ddaec74ff03aefc073b49e492e847201258f777?s=96&d=mm&r=g\",\"contentUrl\":\"https:\\\/\\\/secure.gravatar.com\\\/avatar\\\/a64364ea26392f9b4dd47e017ddaec74ff03aefc073b49e492e847201258f777?s=96&d=mm&r=g\",\"caption\":\"Bati-journal\"},\"url\":\"https:\\\/\\\/batijournal.com\\\/index.php\\\/author\\\/elodie\\\/\"}]}<\/script>\n<!-- \/ Yoast SEO plugin. -->","yoast_head_json":{"title":"Christine Albanel a d\u00e9cern\u00e9 le titre de \u00ab Ma\u00eetre d\u0092'art \u00bb \u00e0 des professionnels d'\u0092exception","robots":{"index":"index","follow":"follow","max-snippet":"max-snippet:-1","max-image-preview":"max-image-preview:large","max-video-preview":"max-video-preview:-1"},"canonical":"https:\/\/batijournal.com\/index.php\/christine-albanel-a-decerne-le-titre-de-maitre-d\u0092art-a-des-professionnels-d\u0092exception\/76149\/","og_locale":"fr_FR","og_type":"article","og_title":"Christine Albanel a d\u00e9cern\u00e9 le titre de \u00ab Ma\u00eetre d\u0092'art \u00bb \u00e0 des professionnels d'\u0092exception","og_description":"La nomination en qualit\u00e9 de ma\u00eetre d\u0092&rsquo;art vient soutenir les m\u00e9tiers d\u0092&rsquo;art et la transmission des savoir-faire. Cette proc\u00e9dure existe depuis 1994 et distingue des professionnels d\u0092&rsquo;excellence. Les ma\u00eetres d&rsquo;\u0092art sont reconnus et s\u00e9lectionn\u00e9s par leurs pairs pour leur exp\u00e9rience, leurs talents et leurs comp\u00e9tences p\u00e9dagogiques. Porteur d&rsquo;\u0092une comp\u00e9tence rare, le ma\u00eetre d\u0092&rsquo;art s\u0092engage \u00e0 [&hellip;]","og_url":"https:\/\/batijournal.com\/index.php\/christine-albanel-a-decerne-le-titre-de-maitre-d\u0092art-a-des-professionnels-d\u0092exception\/76149\/","og_site_name":"Batijournal","article_published_time":"2008-12-02T23:00:00+00:00","article_modified_time":"2019-07-15T09:19:52+00:00","author":"Bati-journal","twitter_card":"summary_large_image","twitter_creator":"@bati_journal","twitter_site":"@bati_journal","twitter_misc":{"\u00c9crit par":"Bati-journal","Dur\u00e9e de lecture estim\u00e9e":"1 minute"},"schema":{"@context":"https:\/\/schema.org","@graph":[{"@type":"Article","@id":"https:\/\/batijournal.com\/index.php\/christine-albanel-a-decerne-le-titre-de-maitre-d%c2%92art-a-des-professionnels-d%c2%92exception\/76149\/#article","isPartOf":{"@id":"https:\/\/batijournal.com\/index.php\/christine-albanel-a-decerne-le-titre-de-maitre-d%c2%92art-a-des-professionnels-d%c2%92exception\/76149\/"},"author":{"name":"Bati-journal","@id":"https:\/\/batijournal.com\/#\/schema\/person\/6a657e8967569e1b299972574848aa76"},"headline":"Christine Albanel a d\u00e9cern\u00e9 le titre de \u00ab Ma\u00eetre d\u0092&rsquo;art \u00bb \u00e0 des professionnels d&rsquo;\u0092exception","datePublished":"2008-12-02T23:00:00+00:00","dateModified":"2019-07-15T09:19:52+00:00","mainEntityOfPage":{"@id":"https:\/\/batijournal.com\/index.php\/christine-albanel-a-decerne-le-titre-de-maitre-d%c2%92art-a-des-professionnels-d%c2%92exception\/76149\/"},"wordCount":156,"commentCount":0,"keywords":["christine albanel"],"articleSection":["Architecture &amp; Conception"],"inLanguage":"fr-FR","potentialAction":[{"@type":"CommentAction","name":"Comment","target":["https:\/\/batijournal.com\/index.php\/christine-albanel-a-decerne-le-titre-de-maitre-d%c2%92art-a-des-professionnels-d%c2%92exception\/76149\/#respond"]}]},{"@type":"WebPage","@id":"https:\/\/batijournal.com\/index.php\/christine-albanel-a-decerne-le-titre-de-maitre-d%c2%92art-a-des-professionnels-d%c2%92exception\/76149\/","url":"https:\/\/batijournal.com\/index.php\/christine-albanel-a-decerne-le-titre-de-maitre-d%c2%92art-a-des-professionnels-d%c2%92exception\/76149\/","name":"Christine Albanel a d\u00e9cern\u00e9 le titre de \u00ab Ma\u00eetre d\u0092'art \u00bb \u00e0 des professionnels d'\u0092exception","isPartOf":{"@id":"https:\/\/batijournal.com\/#website"},"datePublished":"2008-12-02T23:00:00+00:00","dateModified":"2019-07-15T09:19:52+00:00","author":{"@id":"https:\/\/batijournal.com\/#\/schema\/person\/6a657e8967569e1b299972574848aa76"},"breadcrumb":{"@id":"https:\/\/batijournal.com\/index.php\/christine-albanel-a-decerne-le-titre-de-maitre-d%c2%92art-a-des-professionnels-d%c2%92exception\/76149\/#breadcrumb"},"inLanguage":"fr-FR","potentialAction":[{"@type":"ReadAction","target":["https:\/\/batijournal.com\/index.php\/christine-albanel-a-decerne-le-titre-de-maitre-d%c2%92art-a-des-professionnels-d%c2%92exception\/76149\/"]}]},{"@type":"BreadcrumbList","@id":"https:\/\/batijournal.com\/index.php\/christine-albanel-a-decerne-le-titre-de-maitre-d%c2%92art-a-des-professionnels-d%c2%92exception\/76149\/#breadcrumb","itemListElement":[{"@type":"ListItem","position":1,"name":"Accueil","item":"https:\/\/batijournal.com\/"},{"@type":"ListItem","position":2,"name":"Actualit\u00e9s","item":"https:\/\/batijournal.com\/index.php\/category\/actualites\/"},{"@type":"ListItem","position":3,"name":"Architecture &amp; Conception","item":"https:\/\/batijournal.com\/index.php\/category\/actualites\/architecture-conception\/"},{"@type":"ListItem","position":4,"name":"Christine Albanel a d\u00e9cern\u00e9 le titre de \u00ab Ma\u00eetre d\u0092&rsquo;art \u00bb \u00e0 des professionnels d&rsquo;\u0092exception"}]},{"@type":"WebSite","@id":"https:\/\/batijournal.com\/#website","url":"https:\/\/batijournal.com\/","name":"Batijournal","description":"L&#039;actualit\u00e9 du b\u00e2timent","potentialAction":[{"@type":"SearchAction","target":{"@type":"EntryPoint","urlTemplate":"https:\/\/batijournal.com\/?s={search_term_string}"},"query-input":{"@type":"PropertyValueSpecification","valueRequired":true,"valueName":"search_term_string"}}],"inLanguage":"fr-FR"},{"@type":"Person","@id":"https:\/\/batijournal.com\/#\/schema\/person\/6a657e8967569e1b299972574848aa76","name":"Bati-journal","image":{"@type":"ImageObject","inLanguage":"fr-FR","@id":"https:\/\/secure.gravatar.com\/avatar\/a64364ea26392f9b4dd47e017ddaec74ff03aefc073b49e492e847201258f777?s=96&d=mm&r=g","url":"https:\/\/secure.gravatar.com\/avatar\/a64364ea26392f9b4dd47e017ddaec74ff03aefc073b49e492e847201258f777?s=96&d=mm&r=g","contentUrl":"https:\/\/secure.gravatar.com\/avatar\/a64364ea26392f9b4dd47e017ddaec74ff03aefc073b49e492e847201258f777?s=96&d=mm&r=g","caption":"Bati-journal"},"url":"https:\/\/batijournal.com\/index.php\/author\/elodie\/"}]}},"_links":{"self":[{"href":"https:\/\/batijournal.com\/index.php\/wp-json\/wp\/v2\/posts\/76149","targetHints":{"allow":["GET"]}}],"collection":[{"href":"https:\/\/batijournal.com\/index.php\/wp-json\/wp\/v2\/posts"}],"about":[{"href":"https:\/\/batijournal.com\/index.php\/wp-json\/wp\/v2\/types\/post"}],"author":[{"embeddable":true,"href":"https:\/\/batijournal.com\/index.php\/wp-json\/wp\/v2\/users\/1"}],"replies":[{"embeddable":true,"href":"https:\/\/batijournal.com\/index.php\/wp-json\/wp\/v2\/comments?post=76149"}],"version-history":[{"count":0,"href":"https:\/\/batijournal.com\/index.php\/wp-json\/wp\/v2\/posts\/76149\/revisions"}],"wp:attachment":[{"href":"https:\/\/batijournal.com\/index.php\/wp-json\/wp\/v2\/media?parent=76149"}],"wp:term":[{"taxonomy":"category","embeddable":true,"href":"https:\/\/batijournal.com\/index.php\/wp-json\/wp\/v2\/categories?post=76149"},{"taxonomy":"post_tag","embeddable":true,"href":"https:\/\/batijournal.com\/index.php\/wp-json\/wp\/v2\/tags?post=76149"}],"curies":[{"name":"wp","href":"https:\/\/api.w.org\/{rel}","templated":true}]}}