{"id":76152,"date":"2008-12-10T00:00:00","date_gmt":"2008-12-09T23:00:00","guid":{"rendered":"http:\/\/b.bati-journal.com\/cycle-tresors-des-reserves-a-la-cite-de-larchitecture-et-du-patrimoine\/76152"},"modified":"2019-07-15T11:19:52","modified_gmt":"2019-07-15T09:19:52","slug":"cycle-tresors-des-reserves-a-la-cite-de-larchitecture-et-du-patrimoine","status":"publish","type":"post","link":"https:\/\/batijournal.com\/index.php\/cycle-tresors-des-reserves-a-la-cite-de-larchitecture-et-du-patrimoine\/76152\/","title":{"rendered":"Cycle \u00ab\u00a0Tr\u00e9sors des r\u00e9serves\u00a0\u00bb \u00e0 la Cit\u00e9 de l&rsquo;architecture et du patrimoine"},"content":{"rendered":"<p>Le cycle \u00ab Tr\u00e9sors des r\u00e9serves \u00bb propose un nouveau regard sur des oe\u009cuvres non expos\u00e9es dans les collections permanentes du mus\u00e9e. Deux \u00e0 trois fois par an, ces \u009coeuvres feront l\u0092&rsquo;objet d&rsquo;\u0092une pr\u00e9sentation exceptionnelle autour de th\u00e8mes diff\u00e9rents. \u00abLes Vierges \u00e0 l\u0092Enfant \u00bb inaugurent ce cycle, du 17 d\u00e9cembre 2008 \u00e0 avril 2009. Elles seront suivies de la pr\u00e9sentation de maquettes et de dessins de l\u0092&rsquo;architecte Guillaume Gillet (1912-1987). Neuf moulages de statues de Vierges \u00e0 l\u0092&rsquo;Enfant du XIIIe au XVIe si\u00e8cles seront pr\u00e9sent\u00e9s dans la galerie des peintures murales et des vitraux, sous la r\u00e9plique de la coupole de la cath\u00e9drale Saint-\u00c9tienne de Cahors. Les oeuvres originales sont de nos jours conserv\u00e9es dans des mus\u00e9es fran\u00e7ais (mus\u00e9e Pierre de Luxembourg \u00e0 Villeneuve-l\u00e8s-Avignon), \u00e9trangers (Metropolitan Museum of Art \u00e0 New York) ou enfin dans l\u0092&rsquo;\u00e9glise d\u0092&rsquo;origine (Cath\u00e9drale Saint-Di\u00e9 \u00e0 Saint-Di\u00e9-des-Vosges ). Ce rassemblement d\u0092\u009c&rsquo;oeuvres est aussi l&rsquo;\u0092occasion de voir, ou de revoir, les Vierges romanes et gothiques expos\u00e9es dans les collections permanentes du mus\u00e9e : la Vierge Dor\u00e9e d&rsquo;\u0092Amiens, la Vierge allaitant de Ballan-Mir\u00e9&#8230;<\/p>\n","protected":false},"excerpt":{"rendered":"<p>Le cycle \u00ab Tr\u00e9sors des r\u00e9serves \u00bb propose un nouveau regard sur des oe\u009cuvres non expos\u00e9es dans les collections permanentes du mus\u00e9e. Deux \u00e0 trois fois par an, ces \u009coeuvres feront l\u0092&rsquo;objet d&rsquo;\u0092une pr\u00e9sentation exceptionnelle autour de th\u00e8mes diff\u00e9rents. \u00abLes Vierges \u00e0 l\u0092Enfant \u00bb inaugurent ce cycle, du 17 d\u00e9cembre 2008 \u00e0 avril 2009. Elles [&hellip;]<\/p>\n","protected":false},"author":1,"featured_media":0,"comment_status":"open","ping_status":"closed","sticky":false,"template":"","format":"standard","meta":{"_et_pb_use_builder":"","_et_pb_old_content":"","_et_gb_content_width":"","footnotes":""},"categories":[6340],"tags":[569],"class_list":["post-76152","post","type-post","status-publish","format-standard","hentry","category-architecture-conception","tag-cite-de-larchitecture-et-du-patrimoine"],"yoast_head":"<!-- This site is optimized with the Yoast SEO plugin v27.4 - https:\/\/yoast.com\/product\/yoast-seo-wordpress\/ -->\n<title>Cycle &quot;Tr\u00e9sors des r\u00e9serves&quot; \u00e0 la Cit\u00e9 de l&#039;architecture et du patrimoine<\/title>\n<meta name=\"robots\" content=\"index, follow, max-snippet:-1, max-image-preview:large, max-video-preview:-1\" \/>\n<link rel=\"canonical\" href=\"https:\/\/batijournal.com\/index.php\/cycle-tresors-des-reserves-a-la-cite-de-larchitecture-et-du-patrimoine\/76152\/\" \/>\n<meta property=\"og:locale\" content=\"fr_FR\" \/>\n<meta property=\"og:type\" content=\"article\" \/>\n<meta property=\"og:title\" content=\"Cycle &quot;Tr\u00e9sors des r\u00e9serves&quot; \u00e0 la Cit\u00e9 de l&#039;architecture et du patrimoine\" \/>\n<meta property=\"og:description\" content=\"Le cycle \u00ab Tr\u00e9sors des r\u00e9serves \u00bb propose un nouveau regard sur des oe\u009cuvres non expos\u00e9es dans les collections permanentes du mus\u00e9e. Deux \u00e0 trois fois par an, ces \u009coeuvres feront l\u0092&rsquo;objet d&rsquo;\u0092une pr\u00e9sentation exceptionnelle autour de th\u00e8mes diff\u00e9rents. \u00abLes Vierges \u00e0 l\u0092Enfant \u00bb inaugurent ce cycle, du 17 d\u00e9cembre 2008 \u00e0 avril 2009. Elles [&hellip;]\" \/>\n<meta property=\"og:url\" content=\"https:\/\/batijournal.com\/index.php\/cycle-tresors-des-reserves-a-la-cite-de-larchitecture-et-du-patrimoine\/76152\/\" \/>\n<meta property=\"og:site_name\" content=\"Batijournal\" \/>\n<meta property=\"article:published_time\" content=\"2008-12-09T23:00:00+00:00\" \/>\n<meta property=\"article:modified_time\" content=\"2019-07-15T09:19:52+00:00\" \/>\n<meta name=\"author\" content=\"Bati-journal\" \/>\n<meta name=\"twitter:card\" content=\"summary_large_image\" \/>\n<meta name=\"twitter:creator\" content=\"@bati_journal\" \/>\n<meta name=\"twitter:site\" content=\"@bati_journal\" \/>\n<meta name=\"twitter:label1\" content=\"\u00c9crit par\" \/>\n\t<meta name=\"twitter:data1\" content=\"Bati-journal\" \/>\n\t<meta name=\"twitter:label2\" content=\"Dur\u00e9e de lecture estim\u00e9e\" \/>\n\t<meta name=\"twitter:data2\" content=\"1 minute\" \/>\n<script type=\"application\/ld+json\" class=\"yoast-schema-graph\">{\"@context\":\"https:\\\/\\\/schema.org\",\"@graph\":[{\"@type\":\"Article\",\"@id\":\"https:\\\/\\\/batijournal.com\\\/index.php\\\/cycle-tresors-des-reserves-a-la-cite-de-larchitecture-et-du-patrimoine\\\/76152\\\/#article\",\"isPartOf\":{\"@id\":\"https:\\\/\\\/batijournal.com\\\/index.php\\\/cycle-tresors-des-reserves-a-la-cite-de-larchitecture-et-du-patrimoine\\\/76152\\\/\"},\"author\":{\"name\":\"Bati-journal\",\"@id\":\"https:\\\/\\\/batijournal.com\\\/#\\\/schema\\\/person\\\/6a657e8967569e1b299972574848aa76\"},\"headline\":\"Cycle \u00ab\u00a0Tr\u00e9sors des r\u00e9serves\u00a0\u00bb \u00e0 la Cit\u00e9 de l&rsquo;architecture et du patrimoine\",\"datePublished\":\"2008-12-09T23:00:00+00:00\",\"dateModified\":\"2019-07-15T09:19:52+00:00\",\"mainEntityOfPage\":{\"@id\":\"https:\\\/\\\/batijournal.com\\\/index.php\\\/cycle-tresors-des-reserves-a-la-cite-de-larchitecture-et-du-patrimoine\\\/76152\\\/\"},\"wordCount\":210,\"commentCount\":0,\"keywords\":[\"Cit\u00e9 de l'architecture et du patrimoine\"],\"articleSection\":[\"Architecture &amp; Conception\"],\"inLanguage\":\"fr-FR\",\"potentialAction\":[{\"@type\":\"CommentAction\",\"name\":\"Comment\",\"target\":[\"https:\\\/\\\/batijournal.com\\\/index.php\\\/cycle-tresors-des-reserves-a-la-cite-de-larchitecture-et-du-patrimoine\\\/76152\\\/#respond\"]}]},{\"@type\":\"WebPage\",\"@id\":\"https:\\\/\\\/batijournal.com\\\/index.php\\\/cycle-tresors-des-reserves-a-la-cite-de-larchitecture-et-du-patrimoine\\\/76152\\\/\",\"url\":\"https:\\\/\\\/batijournal.com\\\/index.php\\\/cycle-tresors-des-reserves-a-la-cite-de-larchitecture-et-du-patrimoine\\\/76152\\\/\",\"name\":\"Cycle \\\"Tr\u00e9sors des r\u00e9serves\\\" \u00e0 la Cit\u00e9 de l'architecture et du patrimoine\",\"isPartOf\":{\"@id\":\"https:\\\/\\\/batijournal.com\\\/#website\"},\"datePublished\":\"2008-12-09T23:00:00+00:00\",\"dateModified\":\"2019-07-15T09:19:52+00:00\",\"author\":{\"@id\":\"https:\\\/\\\/batijournal.com\\\/#\\\/schema\\\/person\\\/6a657e8967569e1b299972574848aa76\"},\"breadcrumb\":{\"@id\":\"https:\\\/\\\/batijournal.com\\\/index.php\\\/cycle-tresors-des-reserves-a-la-cite-de-larchitecture-et-du-patrimoine\\\/76152\\\/#breadcrumb\"},\"inLanguage\":\"fr-FR\",\"potentialAction\":[{\"@type\":\"ReadAction\",\"target\":[\"https:\\\/\\\/batijournal.com\\\/index.php\\\/cycle-tresors-des-reserves-a-la-cite-de-larchitecture-et-du-patrimoine\\\/76152\\\/\"]}]},{\"@type\":\"BreadcrumbList\",\"@id\":\"https:\\\/\\\/batijournal.com\\\/index.php\\\/cycle-tresors-des-reserves-a-la-cite-de-larchitecture-et-du-patrimoine\\\/76152\\\/#breadcrumb\",\"itemListElement\":[{\"@type\":\"ListItem\",\"position\":1,\"name\":\"Accueil\",\"item\":\"https:\\\/\\\/batijournal.com\\\/\"},{\"@type\":\"ListItem\",\"position\":2,\"name\":\"Actualit\u00e9s\",\"item\":\"https:\\\/\\\/batijournal.com\\\/index.php\\\/category\\\/actualites\\\/\"},{\"@type\":\"ListItem\",\"position\":3,\"name\":\"Architecture &amp; Conception\",\"item\":\"https:\\\/\\\/batijournal.com\\\/index.php\\\/category\\\/actualites\\\/architecture-conception\\\/\"},{\"@type\":\"ListItem\",\"position\":4,\"name\":\"Cycle \u00ab\u00a0Tr\u00e9sors des r\u00e9serves\u00a0\u00bb \u00e0 la Cit\u00e9 de l&rsquo;architecture et du patrimoine\"}]},{\"@type\":\"WebSite\",\"@id\":\"https:\\\/\\\/batijournal.com\\\/#website\",\"url\":\"https:\\\/\\\/batijournal.com\\\/\",\"name\":\"Batijournal\",\"description\":\"L&#039;actualit\u00e9 du b\u00e2timent\",\"potentialAction\":[{\"@type\":\"SearchAction\",\"target\":{\"@type\":\"EntryPoint\",\"urlTemplate\":\"https:\\\/\\\/batijournal.com\\\/?s={search_term_string}\"},\"query-input\":{\"@type\":\"PropertyValueSpecification\",\"valueRequired\":true,\"valueName\":\"search_term_string\"}}],\"inLanguage\":\"fr-FR\"},{\"@type\":\"Person\",\"@id\":\"https:\\\/\\\/batijournal.com\\\/#\\\/schema\\\/person\\\/6a657e8967569e1b299972574848aa76\",\"name\":\"Bati-journal\",\"image\":{\"@type\":\"ImageObject\",\"inLanguage\":\"fr-FR\",\"@id\":\"https:\\\/\\\/secure.gravatar.com\\\/avatar\\\/a64364ea26392f9b4dd47e017ddaec74ff03aefc073b49e492e847201258f777?s=96&d=mm&r=g\",\"url\":\"https:\\\/\\\/secure.gravatar.com\\\/avatar\\\/a64364ea26392f9b4dd47e017ddaec74ff03aefc073b49e492e847201258f777?s=96&d=mm&r=g\",\"contentUrl\":\"https:\\\/\\\/secure.gravatar.com\\\/avatar\\\/a64364ea26392f9b4dd47e017ddaec74ff03aefc073b49e492e847201258f777?s=96&d=mm&r=g\",\"caption\":\"Bati-journal\"},\"url\":\"https:\\\/\\\/batijournal.com\\\/index.php\\\/author\\\/elodie\\\/\"}]}<\/script>\n<!-- \/ Yoast SEO plugin. -->","yoast_head_json":{"title":"Cycle \"Tr\u00e9sors des r\u00e9serves\" \u00e0 la Cit\u00e9 de l'architecture et du patrimoine","robots":{"index":"index","follow":"follow","max-snippet":"max-snippet:-1","max-image-preview":"max-image-preview:large","max-video-preview":"max-video-preview:-1"},"canonical":"https:\/\/batijournal.com\/index.php\/cycle-tresors-des-reserves-a-la-cite-de-larchitecture-et-du-patrimoine\/76152\/","og_locale":"fr_FR","og_type":"article","og_title":"Cycle \"Tr\u00e9sors des r\u00e9serves\" \u00e0 la Cit\u00e9 de l'architecture et du patrimoine","og_description":"Le cycle \u00ab Tr\u00e9sors des r\u00e9serves \u00bb propose un nouveau regard sur des oe\u009cuvres non expos\u00e9es dans les collections permanentes du mus\u00e9e. Deux \u00e0 trois fois par an, ces \u009coeuvres feront l\u0092&rsquo;objet d&rsquo;\u0092une pr\u00e9sentation exceptionnelle autour de th\u00e8mes diff\u00e9rents. \u00abLes Vierges \u00e0 l\u0092Enfant \u00bb inaugurent ce cycle, du 17 d\u00e9cembre 2008 \u00e0 avril 2009. Elles [&hellip;]","og_url":"https:\/\/batijournal.com\/index.php\/cycle-tresors-des-reserves-a-la-cite-de-larchitecture-et-du-patrimoine\/76152\/","og_site_name":"Batijournal","article_published_time":"2008-12-09T23:00:00+00:00","article_modified_time":"2019-07-15T09:19:52+00:00","author":"Bati-journal","twitter_card":"summary_large_image","twitter_creator":"@bati_journal","twitter_site":"@bati_journal","twitter_misc":{"\u00c9crit par":"Bati-journal","Dur\u00e9e de lecture estim\u00e9e":"1 minute"},"schema":{"@context":"https:\/\/schema.org","@graph":[{"@type":"Article","@id":"https:\/\/batijournal.com\/index.php\/cycle-tresors-des-reserves-a-la-cite-de-larchitecture-et-du-patrimoine\/76152\/#article","isPartOf":{"@id":"https:\/\/batijournal.com\/index.php\/cycle-tresors-des-reserves-a-la-cite-de-larchitecture-et-du-patrimoine\/76152\/"},"author":{"name":"Bati-journal","@id":"https:\/\/batijournal.com\/#\/schema\/person\/6a657e8967569e1b299972574848aa76"},"headline":"Cycle \u00ab\u00a0Tr\u00e9sors des r\u00e9serves\u00a0\u00bb \u00e0 la Cit\u00e9 de l&rsquo;architecture et du patrimoine","datePublished":"2008-12-09T23:00:00+00:00","dateModified":"2019-07-15T09:19:52+00:00","mainEntityOfPage":{"@id":"https:\/\/batijournal.com\/index.php\/cycle-tresors-des-reserves-a-la-cite-de-larchitecture-et-du-patrimoine\/76152\/"},"wordCount":210,"commentCount":0,"keywords":["Cit\u00e9 de l'architecture et du patrimoine"],"articleSection":["Architecture &amp; Conception"],"inLanguage":"fr-FR","potentialAction":[{"@type":"CommentAction","name":"Comment","target":["https:\/\/batijournal.com\/index.php\/cycle-tresors-des-reserves-a-la-cite-de-larchitecture-et-du-patrimoine\/76152\/#respond"]}]},{"@type":"WebPage","@id":"https:\/\/batijournal.com\/index.php\/cycle-tresors-des-reserves-a-la-cite-de-larchitecture-et-du-patrimoine\/76152\/","url":"https:\/\/batijournal.com\/index.php\/cycle-tresors-des-reserves-a-la-cite-de-larchitecture-et-du-patrimoine\/76152\/","name":"Cycle \"Tr\u00e9sors des r\u00e9serves\" \u00e0 la Cit\u00e9 de l'architecture et du patrimoine","isPartOf":{"@id":"https:\/\/batijournal.com\/#website"},"datePublished":"2008-12-09T23:00:00+00:00","dateModified":"2019-07-15T09:19:52+00:00","author":{"@id":"https:\/\/batijournal.com\/#\/schema\/person\/6a657e8967569e1b299972574848aa76"},"breadcrumb":{"@id":"https:\/\/batijournal.com\/index.php\/cycle-tresors-des-reserves-a-la-cite-de-larchitecture-et-du-patrimoine\/76152\/#breadcrumb"},"inLanguage":"fr-FR","potentialAction":[{"@type":"ReadAction","target":["https:\/\/batijournal.com\/index.php\/cycle-tresors-des-reserves-a-la-cite-de-larchitecture-et-du-patrimoine\/76152\/"]}]},{"@type":"BreadcrumbList","@id":"https:\/\/batijournal.com\/index.php\/cycle-tresors-des-reserves-a-la-cite-de-larchitecture-et-du-patrimoine\/76152\/#breadcrumb","itemListElement":[{"@type":"ListItem","position":1,"name":"Accueil","item":"https:\/\/batijournal.com\/"},{"@type":"ListItem","position":2,"name":"Actualit\u00e9s","item":"https:\/\/batijournal.com\/index.php\/category\/actualites\/"},{"@type":"ListItem","position":3,"name":"Architecture &amp; Conception","item":"https:\/\/batijournal.com\/index.php\/category\/actualites\/architecture-conception\/"},{"@type":"ListItem","position":4,"name":"Cycle \u00ab\u00a0Tr\u00e9sors des r\u00e9serves\u00a0\u00bb \u00e0 la Cit\u00e9 de l&rsquo;architecture et du patrimoine"}]},{"@type":"WebSite","@id":"https:\/\/batijournal.com\/#website","url":"https:\/\/batijournal.com\/","name":"Batijournal","description":"L&#039;actualit\u00e9 du b\u00e2timent","potentialAction":[{"@type":"SearchAction","target":{"@type":"EntryPoint","urlTemplate":"https:\/\/batijournal.com\/?s={search_term_string}"},"query-input":{"@type":"PropertyValueSpecification","valueRequired":true,"valueName":"search_term_string"}}],"inLanguage":"fr-FR"},{"@type":"Person","@id":"https:\/\/batijournal.com\/#\/schema\/person\/6a657e8967569e1b299972574848aa76","name":"Bati-journal","image":{"@type":"ImageObject","inLanguage":"fr-FR","@id":"https:\/\/secure.gravatar.com\/avatar\/a64364ea26392f9b4dd47e017ddaec74ff03aefc073b49e492e847201258f777?s=96&d=mm&r=g","url":"https:\/\/secure.gravatar.com\/avatar\/a64364ea26392f9b4dd47e017ddaec74ff03aefc073b49e492e847201258f777?s=96&d=mm&r=g","contentUrl":"https:\/\/secure.gravatar.com\/avatar\/a64364ea26392f9b4dd47e017ddaec74ff03aefc073b49e492e847201258f777?s=96&d=mm&r=g","caption":"Bati-journal"},"url":"https:\/\/batijournal.com\/index.php\/author\/elodie\/"}]}},"_links":{"self":[{"href":"https:\/\/batijournal.com\/index.php\/wp-json\/wp\/v2\/posts\/76152","targetHints":{"allow":["GET"]}}],"collection":[{"href":"https:\/\/batijournal.com\/index.php\/wp-json\/wp\/v2\/posts"}],"about":[{"href":"https:\/\/batijournal.com\/index.php\/wp-json\/wp\/v2\/types\/post"}],"author":[{"embeddable":true,"href":"https:\/\/batijournal.com\/index.php\/wp-json\/wp\/v2\/users\/1"}],"replies":[{"embeddable":true,"href":"https:\/\/batijournal.com\/index.php\/wp-json\/wp\/v2\/comments?post=76152"}],"version-history":[{"count":0,"href":"https:\/\/batijournal.com\/index.php\/wp-json\/wp\/v2\/posts\/76152\/revisions"}],"wp:attachment":[{"href":"https:\/\/batijournal.com\/index.php\/wp-json\/wp\/v2\/media?parent=76152"}],"wp:term":[{"taxonomy":"category","embeddable":true,"href":"https:\/\/batijournal.com\/index.php\/wp-json\/wp\/v2\/categories?post=76152"},{"taxonomy":"post_tag","embeddable":true,"href":"https:\/\/batijournal.com\/index.php\/wp-json\/wp\/v2\/tags?post=76152"}],"curies":[{"name":"wp","href":"https:\/\/api.w.org\/{rel}","templated":true}]}}