{"id":76153,"date":"2008-12-10T00:00:00","date_gmt":"2008-12-09T23:00:00","guid":{"rendered":"http:\/\/b.bati-journal.com\/1er-forum-international-des-musees-futurs\/76153"},"modified":"2019-07-15T11:19:52","modified_gmt":"2019-07-15T09:19:52","slug":"1er-forum-international-des-musees-futurs","status":"publish","type":"post","link":"https:\/\/batijournal.com\/index.php\/1er-forum-international-des-musees-futurs\/76153\/","title":{"rendered":"1er Forum International des Mus\u00e9es Futurs"},"content":{"rendered":"<p>Museumexperts organise les 27, 28 et 29 janvier prochains au Carrousel du Louvre (Paris) la 1\u00e8re \u00e9dition du Forum International des Mus\u00e9es Futurs. Trois jours durant lesquels les professionnels pourront s\u0092&rsquo;informer, rencontrer, s\u0092&rsquo;immerger et s&rsquo;\u0092interroger sur les besoins des 5 grands chantiers mus\u00e9ographiques que sont : le Centre Pompidou (Metz), Confluences (Lyon), Louvre (Lens), Muceum (Marseille) et le Mus\u00e9e Soulages (Rodez). Ce Forum, r\u00e9serv\u00e9 aux professionnels, sera le lieu de rencontres et d&rsquo;\u0092\u00e9changes indiscutables de toute la profession avec l&rsquo;\u0092ensemble de ses clients publics et priv\u00e9s. Pendant 3 jours, les 5 mus\u00e9es, leurs responsables au sein des collectivit\u00e9s, leurs \u00e9quipes de direction et leurs architectes interviendront lors de conf\u00e9rences th\u00e9matiques afin d\u0092&rsquo;\u00e9changer et d\u0092&rsquo;analyser les diff\u00e9rentes probl\u00e9matiques li\u00e9es aux mus\u00e9es, \u00e0 leurs environnements respectifs qu&rsquo;\u0092ils soient d\u0092&rsquo;ordre culturel, \u00e9conomique et architectural. Le Forum proposera \u00e9galement un \u00ab workshop \u00bb qui permettra de mettre en contact direct les diff\u00e9rentes \u00e9quipes des mus\u00e9es avec des professionnels capables de r\u00e9pondre \u00e0 leurs besoins en mati\u00e8re de conception, d\u0092&rsquo;organisation et d\u0092&rsquo;exploitation.<\/p>\n","protected":false},"excerpt":{"rendered":"<p>Museumexperts organise les 27, 28 et 29 janvier prochains au Carrousel du Louvre (Paris) la 1\u00e8re \u00e9dition du Forum International des Mus\u00e9es Futurs. Trois jours durant lesquels les professionnels pourront s\u0092&rsquo;informer, rencontrer, s\u0092&rsquo;immerger et s&rsquo;\u0092interroger sur les besoins des 5 grands chantiers mus\u00e9ographiques que sont : le Centre Pompidou (Metz), Confluences (Lyon), Louvre (Lens), Muceum [&hellip;]<\/p>\n","protected":false},"author":1,"featured_media":0,"comment_status":"open","ping_status":"closed","sticky":false,"template":"","format":"standard","meta":{"_et_pb_use_builder":"","_et_pb_old_content":"","_et_gb_content_width":"","footnotes":""},"categories":[6340],"tags":[],"class_list":["post-76153","post","type-post","status-publish","format-standard","hentry","category-architecture-conception"],"yoast_head":"<!-- This site is optimized with the Yoast SEO plugin v27.4 - https:\/\/yoast.com\/product\/yoast-seo-wordpress\/ -->\n<title>1er Forum International des Mus\u00e9es Futurs<\/title>\n<meta name=\"robots\" content=\"index, follow, max-snippet:-1, max-image-preview:large, max-video-preview:-1\" \/>\n<link rel=\"canonical\" href=\"https:\/\/batijournal.com\/index.php\/1er-forum-international-des-musees-futurs\/76153\/\" \/>\n<meta property=\"og:locale\" content=\"fr_FR\" \/>\n<meta property=\"og:type\" content=\"article\" \/>\n<meta property=\"og:title\" content=\"1er Forum International des Mus\u00e9es Futurs\" \/>\n<meta property=\"og:description\" content=\"Museumexperts organise les 27, 28 et 29 janvier prochains au Carrousel du Louvre (Paris) la 1\u00e8re \u00e9dition du Forum International des Mus\u00e9es Futurs. Trois jours durant lesquels les professionnels pourront s\u0092&rsquo;informer, rencontrer, s\u0092&rsquo;immerger et s&rsquo;\u0092interroger sur les besoins des 5 grands chantiers mus\u00e9ographiques que sont : le Centre Pompidou (Metz), Confluences (Lyon), Louvre (Lens), Muceum [&hellip;]\" \/>\n<meta property=\"og:url\" content=\"https:\/\/batijournal.com\/index.php\/1er-forum-international-des-musees-futurs\/76153\/\" \/>\n<meta property=\"og:site_name\" content=\"Batijournal\" \/>\n<meta property=\"article:published_time\" content=\"2008-12-09T23:00:00+00:00\" \/>\n<meta property=\"article:modified_time\" content=\"2019-07-15T09:19:52+00:00\" \/>\n<meta name=\"author\" content=\"Bati-journal\" \/>\n<meta name=\"twitter:card\" content=\"summary_large_image\" \/>\n<meta name=\"twitter:creator\" content=\"@bati_journal\" \/>\n<meta name=\"twitter:site\" content=\"@bati_journal\" \/>\n<meta name=\"twitter:label1\" content=\"\u00c9crit par\" \/>\n\t<meta name=\"twitter:data1\" content=\"Bati-journal\" \/>\n\t<meta name=\"twitter:label2\" content=\"Dur\u00e9e de lecture estim\u00e9e\" \/>\n\t<meta name=\"twitter:data2\" content=\"1 minute\" \/>\n<script type=\"application\/ld+json\" class=\"yoast-schema-graph\">{\"@context\":\"https:\\\/\\\/schema.org\",\"@graph\":[{\"@type\":\"Article\",\"@id\":\"https:\\\/\\\/batijournal.com\\\/index.php\\\/1er-forum-international-des-musees-futurs\\\/76153\\\/#article\",\"isPartOf\":{\"@id\":\"https:\\\/\\\/batijournal.com\\\/index.php\\\/1er-forum-international-des-musees-futurs\\\/76153\\\/\"},\"author\":{\"name\":\"Bati-journal\",\"@id\":\"https:\\\/\\\/batijournal.com\\\/#\\\/schema\\\/person\\\/6a657e8967569e1b299972574848aa76\"},\"headline\":\"1er Forum International des Mus\u00e9es Futurs\",\"datePublished\":\"2008-12-09T23:00:00+00:00\",\"dateModified\":\"2019-07-15T09:19:52+00:00\",\"mainEntityOfPage\":{\"@id\":\"https:\\\/\\\/batijournal.com\\\/index.php\\\/1er-forum-international-des-musees-futurs\\\/76153\\\/\"},\"wordCount\":191,\"commentCount\":0,\"articleSection\":[\"Architecture &amp; Conception\"],\"inLanguage\":\"fr-FR\",\"potentialAction\":[{\"@type\":\"CommentAction\",\"name\":\"Comment\",\"target\":[\"https:\\\/\\\/batijournal.com\\\/index.php\\\/1er-forum-international-des-musees-futurs\\\/76153\\\/#respond\"]}]},{\"@type\":\"WebPage\",\"@id\":\"https:\\\/\\\/batijournal.com\\\/index.php\\\/1er-forum-international-des-musees-futurs\\\/76153\\\/\",\"url\":\"https:\\\/\\\/batijournal.com\\\/index.php\\\/1er-forum-international-des-musees-futurs\\\/76153\\\/\",\"name\":\"1er Forum International des Mus\u00e9es Futurs\",\"isPartOf\":{\"@id\":\"https:\\\/\\\/batijournal.com\\\/#website\"},\"datePublished\":\"2008-12-09T23:00:00+00:00\",\"dateModified\":\"2019-07-15T09:19:52+00:00\",\"author\":{\"@id\":\"https:\\\/\\\/batijournal.com\\\/#\\\/schema\\\/person\\\/6a657e8967569e1b299972574848aa76\"},\"breadcrumb\":{\"@id\":\"https:\\\/\\\/batijournal.com\\\/index.php\\\/1er-forum-international-des-musees-futurs\\\/76153\\\/#breadcrumb\"},\"inLanguage\":\"fr-FR\",\"potentialAction\":[{\"@type\":\"ReadAction\",\"target\":[\"https:\\\/\\\/batijournal.com\\\/index.php\\\/1er-forum-international-des-musees-futurs\\\/76153\\\/\"]}]},{\"@type\":\"BreadcrumbList\",\"@id\":\"https:\\\/\\\/batijournal.com\\\/index.php\\\/1er-forum-international-des-musees-futurs\\\/76153\\\/#breadcrumb\",\"itemListElement\":[{\"@type\":\"ListItem\",\"position\":1,\"name\":\"Accueil\",\"item\":\"https:\\\/\\\/batijournal.com\\\/\"},{\"@type\":\"ListItem\",\"position\":2,\"name\":\"Actualit\u00e9s\",\"item\":\"https:\\\/\\\/batijournal.com\\\/index.php\\\/category\\\/actualites\\\/\"},{\"@type\":\"ListItem\",\"position\":3,\"name\":\"Architecture &amp; Conception\",\"item\":\"https:\\\/\\\/batijournal.com\\\/index.php\\\/category\\\/actualites\\\/architecture-conception\\\/\"},{\"@type\":\"ListItem\",\"position\":4,\"name\":\"1er Forum International des Mus\u00e9es Futurs\"}]},{\"@type\":\"WebSite\",\"@id\":\"https:\\\/\\\/batijournal.com\\\/#website\",\"url\":\"https:\\\/\\\/batijournal.com\\\/\",\"name\":\"Batijournal\",\"description\":\"L&#039;actualit\u00e9 du b\u00e2timent\",\"potentialAction\":[{\"@type\":\"SearchAction\",\"target\":{\"@type\":\"EntryPoint\",\"urlTemplate\":\"https:\\\/\\\/batijournal.com\\\/?s={search_term_string}\"},\"query-input\":{\"@type\":\"PropertyValueSpecification\",\"valueRequired\":true,\"valueName\":\"search_term_string\"}}],\"inLanguage\":\"fr-FR\"},{\"@type\":\"Person\",\"@id\":\"https:\\\/\\\/batijournal.com\\\/#\\\/schema\\\/person\\\/6a657e8967569e1b299972574848aa76\",\"name\":\"Bati-journal\",\"image\":{\"@type\":\"ImageObject\",\"inLanguage\":\"fr-FR\",\"@id\":\"https:\\\/\\\/secure.gravatar.com\\\/avatar\\\/a64364ea26392f9b4dd47e017ddaec74ff03aefc073b49e492e847201258f777?s=96&d=mm&r=g\",\"url\":\"https:\\\/\\\/secure.gravatar.com\\\/avatar\\\/a64364ea26392f9b4dd47e017ddaec74ff03aefc073b49e492e847201258f777?s=96&d=mm&r=g\",\"contentUrl\":\"https:\\\/\\\/secure.gravatar.com\\\/avatar\\\/a64364ea26392f9b4dd47e017ddaec74ff03aefc073b49e492e847201258f777?s=96&d=mm&r=g\",\"caption\":\"Bati-journal\"},\"url\":\"https:\\\/\\\/batijournal.com\\\/index.php\\\/author\\\/elodie\\\/\"}]}<\/script>\n<!-- \/ Yoast SEO plugin. -->","yoast_head_json":{"title":"1er Forum International des Mus\u00e9es Futurs","robots":{"index":"index","follow":"follow","max-snippet":"max-snippet:-1","max-image-preview":"max-image-preview:large","max-video-preview":"max-video-preview:-1"},"canonical":"https:\/\/batijournal.com\/index.php\/1er-forum-international-des-musees-futurs\/76153\/","og_locale":"fr_FR","og_type":"article","og_title":"1er Forum International des Mus\u00e9es Futurs","og_description":"Museumexperts organise les 27, 28 et 29 janvier prochains au Carrousel du Louvre (Paris) la 1\u00e8re \u00e9dition du Forum International des Mus\u00e9es Futurs. Trois jours durant lesquels les professionnels pourront s\u0092&rsquo;informer, rencontrer, s\u0092&rsquo;immerger et s&rsquo;\u0092interroger sur les besoins des 5 grands chantiers mus\u00e9ographiques que sont : le Centre Pompidou (Metz), Confluences (Lyon), Louvre (Lens), Muceum [&hellip;]","og_url":"https:\/\/batijournal.com\/index.php\/1er-forum-international-des-musees-futurs\/76153\/","og_site_name":"Batijournal","article_published_time":"2008-12-09T23:00:00+00:00","article_modified_time":"2019-07-15T09:19:52+00:00","author":"Bati-journal","twitter_card":"summary_large_image","twitter_creator":"@bati_journal","twitter_site":"@bati_journal","twitter_misc":{"\u00c9crit par":"Bati-journal","Dur\u00e9e de lecture estim\u00e9e":"1 minute"},"schema":{"@context":"https:\/\/schema.org","@graph":[{"@type":"Article","@id":"https:\/\/batijournal.com\/index.php\/1er-forum-international-des-musees-futurs\/76153\/#article","isPartOf":{"@id":"https:\/\/batijournal.com\/index.php\/1er-forum-international-des-musees-futurs\/76153\/"},"author":{"name":"Bati-journal","@id":"https:\/\/batijournal.com\/#\/schema\/person\/6a657e8967569e1b299972574848aa76"},"headline":"1er Forum International des Mus\u00e9es Futurs","datePublished":"2008-12-09T23:00:00+00:00","dateModified":"2019-07-15T09:19:52+00:00","mainEntityOfPage":{"@id":"https:\/\/batijournal.com\/index.php\/1er-forum-international-des-musees-futurs\/76153\/"},"wordCount":191,"commentCount":0,"articleSection":["Architecture &amp; Conception"],"inLanguage":"fr-FR","potentialAction":[{"@type":"CommentAction","name":"Comment","target":["https:\/\/batijournal.com\/index.php\/1er-forum-international-des-musees-futurs\/76153\/#respond"]}]},{"@type":"WebPage","@id":"https:\/\/batijournal.com\/index.php\/1er-forum-international-des-musees-futurs\/76153\/","url":"https:\/\/batijournal.com\/index.php\/1er-forum-international-des-musees-futurs\/76153\/","name":"1er Forum International des Mus\u00e9es Futurs","isPartOf":{"@id":"https:\/\/batijournal.com\/#website"},"datePublished":"2008-12-09T23:00:00+00:00","dateModified":"2019-07-15T09:19:52+00:00","author":{"@id":"https:\/\/batijournal.com\/#\/schema\/person\/6a657e8967569e1b299972574848aa76"},"breadcrumb":{"@id":"https:\/\/batijournal.com\/index.php\/1er-forum-international-des-musees-futurs\/76153\/#breadcrumb"},"inLanguage":"fr-FR","potentialAction":[{"@type":"ReadAction","target":["https:\/\/batijournal.com\/index.php\/1er-forum-international-des-musees-futurs\/76153\/"]}]},{"@type":"BreadcrumbList","@id":"https:\/\/batijournal.com\/index.php\/1er-forum-international-des-musees-futurs\/76153\/#breadcrumb","itemListElement":[{"@type":"ListItem","position":1,"name":"Accueil","item":"https:\/\/batijournal.com\/"},{"@type":"ListItem","position":2,"name":"Actualit\u00e9s","item":"https:\/\/batijournal.com\/index.php\/category\/actualites\/"},{"@type":"ListItem","position":3,"name":"Architecture &amp; Conception","item":"https:\/\/batijournal.com\/index.php\/category\/actualites\/architecture-conception\/"},{"@type":"ListItem","position":4,"name":"1er Forum International des Mus\u00e9es Futurs"}]},{"@type":"WebSite","@id":"https:\/\/batijournal.com\/#website","url":"https:\/\/batijournal.com\/","name":"Batijournal","description":"L&#039;actualit\u00e9 du b\u00e2timent","potentialAction":[{"@type":"SearchAction","target":{"@type":"EntryPoint","urlTemplate":"https:\/\/batijournal.com\/?s={search_term_string}"},"query-input":{"@type":"PropertyValueSpecification","valueRequired":true,"valueName":"search_term_string"}}],"inLanguage":"fr-FR"},{"@type":"Person","@id":"https:\/\/batijournal.com\/#\/schema\/person\/6a657e8967569e1b299972574848aa76","name":"Bati-journal","image":{"@type":"ImageObject","inLanguage":"fr-FR","@id":"https:\/\/secure.gravatar.com\/avatar\/a64364ea26392f9b4dd47e017ddaec74ff03aefc073b49e492e847201258f777?s=96&d=mm&r=g","url":"https:\/\/secure.gravatar.com\/avatar\/a64364ea26392f9b4dd47e017ddaec74ff03aefc073b49e492e847201258f777?s=96&d=mm&r=g","contentUrl":"https:\/\/secure.gravatar.com\/avatar\/a64364ea26392f9b4dd47e017ddaec74ff03aefc073b49e492e847201258f777?s=96&d=mm&r=g","caption":"Bati-journal"},"url":"https:\/\/batijournal.com\/index.php\/author\/elodie\/"}]}},"_links":{"self":[{"href":"https:\/\/batijournal.com\/index.php\/wp-json\/wp\/v2\/posts\/76153","targetHints":{"allow":["GET"]}}],"collection":[{"href":"https:\/\/batijournal.com\/index.php\/wp-json\/wp\/v2\/posts"}],"about":[{"href":"https:\/\/batijournal.com\/index.php\/wp-json\/wp\/v2\/types\/post"}],"author":[{"embeddable":true,"href":"https:\/\/batijournal.com\/index.php\/wp-json\/wp\/v2\/users\/1"}],"replies":[{"embeddable":true,"href":"https:\/\/batijournal.com\/index.php\/wp-json\/wp\/v2\/comments?post=76153"}],"version-history":[{"count":0,"href":"https:\/\/batijournal.com\/index.php\/wp-json\/wp\/v2\/posts\/76153\/revisions"}],"wp:attachment":[{"href":"https:\/\/batijournal.com\/index.php\/wp-json\/wp\/v2\/media?parent=76153"}],"wp:term":[{"taxonomy":"category","embeddable":true,"href":"https:\/\/batijournal.com\/index.php\/wp-json\/wp\/v2\/categories?post=76153"},{"taxonomy":"post_tag","embeddable":true,"href":"https:\/\/batijournal.com\/index.php\/wp-json\/wp\/v2\/tags?post=76153"}],"curies":[{"name":"wp","href":"https:\/\/api.w.org\/{rel}","templated":true}]}}