{"id":76154,"date":"2008-12-17T00:00:00","date_gmt":"2008-12-16T23:00:00","guid":{"rendered":"http:\/\/b.bati-journal.com\/les-sols-de-l%c2%92eglise-du-dome-de-l%c2%92hotel-national-des-invalides-sont-restaures\/76154"},"modified":"2019-07-15T11:19:52","modified_gmt":"2019-07-15T09:19:52","slug":"les-sols-de-l%c2%92eglise-du-dome-de-l%c2%92hotel-national-des-invalides-sont-restaures","status":"publish","type":"post","link":"https:\/\/batijournal.com\/index.php\/les-sols-de-l%c2%92eglise-du-dome-de-l%c2%92hotel-national-des-invalides-sont-restaures\/76154\/","title":{"rendered":"Les sols de l\u0092&rsquo;\u00e9glise du D\u00f4me de l&rsquo;\u0092H\u00f4tel national des Invalides sont restaur\u00e9s"},"content":{"rendered":"<p>Dans le cadre du protocole d\u00e9fense-culture, les sols de l&rsquo;\u00e9glise du D\u00f4me de l&rsquo;\u0092H\u00f4tel national des Invalides ont fait l\u0092objet en 2008 de travaux de restauration, men\u00e9s sous la ma\u00eetrise d&rsquo;\u0092ouvrage du minist\u00e8re de la Culture et de la Communication (Service national des travaux) et la ma\u00eetrise d&rsquo;oe\u0092\u009cuvre de Benjamin Mouton, architecte en chef des monuments historiques. Les travaux de restauration, r\u00e9alis\u00e9s par des entreprises fran\u00e7aises sp\u00e9cialis\u00e9es, consistaient \u00e0 remplacer pi\u00e8ce par pi\u00e8ce les \u00e9l\u00e9ments de marqueterie de marbre disparus ou cass\u00e9s. Les m\u00e9daillons en p\u00e2tes de verre dans la crypte ont \u00e9t\u00e9 restitu\u00e9s et les originaux mis en d\u00e9p\u00f4t conservatoire. (Source : minist\u00e8re de la culture et de la communication)<\/p>\n","protected":false},"excerpt":{"rendered":"<p>Dans le cadre du protocole d\u00e9fense-culture, les sols de l&rsquo;\u00e9glise du D\u00f4me de l&rsquo;\u0092H\u00f4tel national des Invalides ont fait l\u0092objet en 2008 de travaux de restauration, men\u00e9s sous la ma\u00eetrise d&rsquo;\u0092ouvrage du minist\u00e8re de la Culture et de la Communication (Service national des travaux) et la ma\u00eetrise d&rsquo;oe\u0092\u009cuvre de Benjamin Mouton, architecte en chef des [&hellip;]<\/p>\n","protected":false},"author":1,"featured_media":0,"comment_status":"open","ping_status":"closed","sticky":false,"template":"","format":"standard","meta":{"_et_pb_use_builder":"","_et_pb_old_content":"","_et_gb_content_width":"","footnotes":""},"categories":[6340],"tags":[],"class_list":["post-76154","post","type-post","status-publish","format-standard","hentry","category-architecture-conception"],"yoast_head":"<!-- This site is optimized with the Yoast SEO plugin v27.4 - https:\/\/yoast.com\/product\/yoast-seo-wordpress\/ -->\n<title>Les sols de l\u0092&#039;\u00e9glise du D\u00f4me de l&#039;\u0092H\u00f4tel national des Invalides sont restaur\u00e9s<\/title>\n<meta name=\"robots\" content=\"index, follow, max-snippet:-1, max-image-preview:large, max-video-preview:-1\" \/>\n<link rel=\"canonical\" href=\"https:\/\/batijournal.com\/index.php\/les-sols-de-l\u0092eglise-du-dome-de-l\u0092hotel-national-des-invalides-sont-restaures\/76154\/\" \/>\n<meta property=\"og:locale\" content=\"fr_FR\" \/>\n<meta property=\"og:type\" content=\"article\" \/>\n<meta property=\"og:title\" content=\"Les sols de l\u0092&#039;\u00e9glise du D\u00f4me de l&#039;\u0092H\u00f4tel national des Invalides sont restaur\u00e9s\" \/>\n<meta property=\"og:description\" content=\"Dans le cadre du protocole d\u00e9fense-culture, les sols de l&rsquo;\u00e9glise du D\u00f4me de l&rsquo;\u0092H\u00f4tel national des Invalides ont fait l\u0092objet en 2008 de travaux de restauration, men\u00e9s sous la ma\u00eetrise d&rsquo;\u0092ouvrage du minist\u00e8re de la Culture et de la Communication (Service national des travaux) et la ma\u00eetrise d&rsquo;oe\u0092\u009cuvre de Benjamin Mouton, architecte en chef des [&hellip;]\" \/>\n<meta property=\"og:url\" content=\"https:\/\/batijournal.com\/index.php\/les-sols-de-l\u0092eglise-du-dome-de-l\u0092hotel-national-des-invalides-sont-restaures\/76154\/\" \/>\n<meta property=\"og:site_name\" content=\"Batijournal\" \/>\n<meta property=\"article:published_time\" content=\"2008-12-16T23:00:00+00:00\" \/>\n<meta property=\"article:modified_time\" content=\"2019-07-15T09:19:52+00:00\" \/>\n<meta name=\"author\" content=\"Bati-journal\" \/>\n<meta name=\"twitter:card\" content=\"summary_large_image\" \/>\n<meta name=\"twitter:creator\" content=\"@bati_journal\" \/>\n<meta name=\"twitter:site\" content=\"@bati_journal\" \/>\n<meta name=\"twitter:label1\" content=\"\u00c9crit par\" \/>\n\t<meta name=\"twitter:data1\" content=\"Bati-journal\" \/>\n\t<meta name=\"twitter:label2\" content=\"Dur\u00e9e de lecture estim\u00e9e\" \/>\n\t<meta name=\"twitter:data2\" content=\"1 minute\" \/>\n<script type=\"application\/ld+json\" class=\"yoast-schema-graph\">{\"@context\":\"https:\\\/\\\/schema.org\",\"@graph\":[{\"@type\":\"Article\",\"@id\":\"https:\\\/\\\/batijournal.com\\\/index.php\\\/les-sols-de-l%c2%92eglise-du-dome-de-l%c2%92hotel-national-des-invalides-sont-restaures\\\/76154\\\/#article\",\"isPartOf\":{\"@id\":\"https:\\\/\\\/batijournal.com\\\/index.php\\\/les-sols-de-l%c2%92eglise-du-dome-de-l%c2%92hotel-national-des-invalides-sont-restaures\\\/76154\\\/\"},\"author\":{\"name\":\"Bati-journal\",\"@id\":\"https:\\\/\\\/batijournal.com\\\/#\\\/schema\\\/person\\\/6a657e8967569e1b299972574848aa76\"},\"headline\":\"Les sols de l\u0092&rsquo;\u00e9glise du D\u00f4me de l&rsquo;\u0092H\u00f4tel national des Invalides sont restaur\u00e9s\",\"datePublished\":\"2008-12-16T23:00:00+00:00\",\"dateModified\":\"2019-07-15T09:19:52+00:00\",\"mainEntityOfPage\":{\"@id\":\"https:\\\/\\\/batijournal.com\\\/index.php\\\/les-sols-de-l%c2%92eglise-du-dome-de-l%c2%92hotel-national-des-invalides-sont-restaures\\\/76154\\\/\"},\"wordCount\":154,\"commentCount\":0,\"articleSection\":[\"Architecture &amp; Conception\"],\"inLanguage\":\"fr-FR\",\"potentialAction\":[{\"@type\":\"CommentAction\",\"name\":\"Comment\",\"target\":[\"https:\\\/\\\/batijournal.com\\\/index.php\\\/les-sols-de-l%c2%92eglise-du-dome-de-l%c2%92hotel-national-des-invalides-sont-restaures\\\/76154\\\/#respond\"]}]},{\"@type\":\"WebPage\",\"@id\":\"https:\\\/\\\/batijournal.com\\\/index.php\\\/les-sols-de-l%c2%92eglise-du-dome-de-l%c2%92hotel-national-des-invalides-sont-restaures\\\/76154\\\/\",\"url\":\"https:\\\/\\\/batijournal.com\\\/index.php\\\/les-sols-de-l%c2%92eglise-du-dome-de-l%c2%92hotel-national-des-invalides-sont-restaures\\\/76154\\\/\",\"name\":\"Les sols de l\u0092'\u00e9glise du D\u00f4me de l'\u0092H\u00f4tel national des Invalides sont restaur\u00e9s\",\"isPartOf\":{\"@id\":\"https:\\\/\\\/batijournal.com\\\/#website\"},\"datePublished\":\"2008-12-16T23:00:00+00:00\",\"dateModified\":\"2019-07-15T09:19:52+00:00\",\"author\":{\"@id\":\"https:\\\/\\\/batijournal.com\\\/#\\\/schema\\\/person\\\/6a657e8967569e1b299972574848aa76\"},\"breadcrumb\":{\"@id\":\"https:\\\/\\\/batijournal.com\\\/index.php\\\/les-sols-de-l%c2%92eglise-du-dome-de-l%c2%92hotel-national-des-invalides-sont-restaures\\\/76154\\\/#breadcrumb\"},\"inLanguage\":\"fr-FR\",\"potentialAction\":[{\"@type\":\"ReadAction\",\"target\":[\"https:\\\/\\\/batijournal.com\\\/index.php\\\/les-sols-de-l%c2%92eglise-du-dome-de-l%c2%92hotel-national-des-invalides-sont-restaures\\\/76154\\\/\"]}]},{\"@type\":\"BreadcrumbList\",\"@id\":\"https:\\\/\\\/batijournal.com\\\/index.php\\\/les-sols-de-l%c2%92eglise-du-dome-de-l%c2%92hotel-national-des-invalides-sont-restaures\\\/76154\\\/#breadcrumb\",\"itemListElement\":[{\"@type\":\"ListItem\",\"position\":1,\"name\":\"Accueil\",\"item\":\"https:\\\/\\\/batijournal.com\\\/\"},{\"@type\":\"ListItem\",\"position\":2,\"name\":\"Actualit\u00e9s\",\"item\":\"https:\\\/\\\/batijournal.com\\\/index.php\\\/category\\\/actualites\\\/\"},{\"@type\":\"ListItem\",\"position\":3,\"name\":\"Architecture &amp; Conception\",\"item\":\"https:\\\/\\\/batijournal.com\\\/index.php\\\/category\\\/actualites\\\/architecture-conception\\\/\"},{\"@type\":\"ListItem\",\"position\":4,\"name\":\"Les sols de l\u0092&rsquo;\u00e9glise du D\u00f4me de l&rsquo;\u0092H\u00f4tel national des Invalides sont restaur\u00e9s\"}]},{\"@type\":\"WebSite\",\"@id\":\"https:\\\/\\\/batijournal.com\\\/#website\",\"url\":\"https:\\\/\\\/batijournal.com\\\/\",\"name\":\"Batijournal\",\"description\":\"L&#039;actualit\u00e9 du b\u00e2timent\",\"potentialAction\":[{\"@type\":\"SearchAction\",\"target\":{\"@type\":\"EntryPoint\",\"urlTemplate\":\"https:\\\/\\\/batijournal.com\\\/?s={search_term_string}\"},\"query-input\":{\"@type\":\"PropertyValueSpecification\",\"valueRequired\":true,\"valueName\":\"search_term_string\"}}],\"inLanguage\":\"fr-FR\"},{\"@type\":\"Person\",\"@id\":\"https:\\\/\\\/batijournal.com\\\/#\\\/schema\\\/person\\\/6a657e8967569e1b299972574848aa76\",\"name\":\"Bati-journal\",\"image\":{\"@type\":\"ImageObject\",\"inLanguage\":\"fr-FR\",\"@id\":\"https:\\\/\\\/secure.gravatar.com\\\/avatar\\\/a64364ea26392f9b4dd47e017ddaec74ff03aefc073b49e492e847201258f777?s=96&d=mm&r=g\",\"url\":\"https:\\\/\\\/secure.gravatar.com\\\/avatar\\\/a64364ea26392f9b4dd47e017ddaec74ff03aefc073b49e492e847201258f777?s=96&d=mm&r=g\",\"contentUrl\":\"https:\\\/\\\/secure.gravatar.com\\\/avatar\\\/a64364ea26392f9b4dd47e017ddaec74ff03aefc073b49e492e847201258f777?s=96&d=mm&r=g\",\"caption\":\"Bati-journal\"},\"url\":\"https:\\\/\\\/batijournal.com\\\/index.php\\\/author\\\/elodie\\\/\"}]}<\/script>\n<!-- \/ Yoast SEO plugin. -->","yoast_head_json":{"title":"Les sols de l\u0092'\u00e9glise du D\u00f4me de l'\u0092H\u00f4tel national des Invalides sont restaur\u00e9s","robots":{"index":"index","follow":"follow","max-snippet":"max-snippet:-1","max-image-preview":"max-image-preview:large","max-video-preview":"max-video-preview:-1"},"canonical":"https:\/\/batijournal.com\/index.php\/les-sols-de-l\u0092eglise-du-dome-de-l\u0092hotel-national-des-invalides-sont-restaures\/76154\/","og_locale":"fr_FR","og_type":"article","og_title":"Les sols de l\u0092'\u00e9glise du D\u00f4me de l'\u0092H\u00f4tel national des Invalides sont restaur\u00e9s","og_description":"Dans le cadre du protocole d\u00e9fense-culture, les sols de l&rsquo;\u00e9glise du D\u00f4me de l&rsquo;\u0092H\u00f4tel national des Invalides ont fait l\u0092objet en 2008 de travaux de restauration, men\u00e9s sous la ma\u00eetrise d&rsquo;\u0092ouvrage du minist\u00e8re de la Culture et de la Communication (Service national des travaux) et la ma\u00eetrise d&rsquo;oe\u0092\u009cuvre de Benjamin Mouton, architecte en chef des [&hellip;]","og_url":"https:\/\/batijournal.com\/index.php\/les-sols-de-l\u0092eglise-du-dome-de-l\u0092hotel-national-des-invalides-sont-restaures\/76154\/","og_site_name":"Batijournal","article_published_time":"2008-12-16T23:00:00+00:00","article_modified_time":"2019-07-15T09:19:52+00:00","author":"Bati-journal","twitter_card":"summary_large_image","twitter_creator":"@bati_journal","twitter_site":"@bati_journal","twitter_misc":{"\u00c9crit par":"Bati-journal","Dur\u00e9e de lecture estim\u00e9e":"1 minute"},"schema":{"@context":"https:\/\/schema.org","@graph":[{"@type":"Article","@id":"https:\/\/batijournal.com\/index.php\/les-sols-de-l%c2%92eglise-du-dome-de-l%c2%92hotel-national-des-invalides-sont-restaures\/76154\/#article","isPartOf":{"@id":"https:\/\/batijournal.com\/index.php\/les-sols-de-l%c2%92eglise-du-dome-de-l%c2%92hotel-national-des-invalides-sont-restaures\/76154\/"},"author":{"name":"Bati-journal","@id":"https:\/\/batijournal.com\/#\/schema\/person\/6a657e8967569e1b299972574848aa76"},"headline":"Les sols de l\u0092&rsquo;\u00e9glise du D\u00f4me de l&rsquo;\u0092H\u00f4tel national des Invalides sont restaur\u00e9s","datePublished":"2008-12-16T23:00:00+00:00","dateModified":"2019-07-15T09:19:52+00:00","mainEntityOfPage":{"@id":"https:\/\/batijournal.com\/index.php\/les-sols-de-l%c2%92eglise-du-dome-de-l%c2%92hotel-national-des-invalides-sont-restaures\/76154\/"},"wordCount":154,"commentCount":0,"articleSection":["Architecture &amp; Conception"],"inLanguage":"fr-FR","potentialAction":[{"@type":"CommentAction","name":"Comment","target":["https:\/\/batijournal.com\/index.php\/les-sols-de-l%c2%92eglise-du-dome-de-l%c2%92hotel-national-des-invalides-sont-restaures\/76154\/#respond"]}]},{"@type":"WebPage","@id":"https:\/\/batijournal.com\/index.php\/les-sols-de-l%c2%92eglise-du-dome-de-l%c2%92hotel-national-des-invalides-sont-restaures\/76154\/","url":"https:\/\/batijournal.com\/index.php\/les-sols-de-l%c2%92eglise-du-dome-de-l%c2%92hotel-national-des-invalides-sont-restaures\/76154\/","name":"Les sols de l\u0092'\u00e9glise du D\u00f4me de l'\u0092H\u00f4tel national des Invalides sont restaur\u00e9s","isPartOf":{"@id":"https:\/\/batijournal.com\/#website"},"datePublished":"2008-12-16T23:00:00+00:00","dateModified":"2019-07-15T09:19:52+00:00","author":{"@id":"https:\/\/batijournal.com\/#\/schema\/person\/6a657e8967569e1b299972574848aa76"},"breadcrumb":{"@id":"https:\/\/batijournal.com\/index.php\/les-sols-de-l%c2%92eglise-du-dome-de-l%c2%92hotel-national-des-invalides-sont-restaures\/76154\/#breadcrumb"},"inLanguage":"fr-FR","potentialAction":[{"@type":"ReadAction","target":["https:\/\/batijournal.com\/index.php\/les-sols-de-l%c2%92eglise-du-dome-de-l%c2%92hotel-national-des-invalides-sont-restaures\/76154\/"]}]},{"@type":"BreadcrumbList","@id":"https:\/\/batijournal.com\/index.php\/les-sols-de-l%c2%92eglise-du-dome-de-l%c2%92hotel-national-des-invalides-sont-restaures\/76154\/#breadcrumb","itemListElement":[{"@type":"ListItem","position":1,"name":"Accueil","item":"https:\/\/batijournal.com\/"},{"@type":"ListItem","position":2,"name":"Actualit\u00e9s","item":"https:\/\/batijournal.com\/index.php\/category\/actualites\/"},{"@type":"ListItem","position":3,"name":"Architecture &amp; Conception","item":"https:\/\/batijournal.com\/index.php\/category\/actualites\/architecture-conception\/"},{"@type":"ListItem","position":4,"name":"Les sols de l\u0092&rsquo;\u00e9glise du D\u00f4me de l&rsquo;\u0092H\u00f4tel national des Invalides sont restaur\u00e9s"}]},{"@type":"WebSite","@id":"https:\/\/batijournal.com\/#website","url":"https:\/\/batijournal.com\/","name":"Batijournal","description":"L&#039;actualit\u00e9 du b\u00e2timent","potentialAction":[{"@type":"SearchAction","target":{"@type":"EntryPoint","urlTemplate":"https:\/\/batijournal.com\/?s={search_term_string}"},"query-input":{"@type":"PropertyValueSpecification","valueRequired":true,"valueName":"search_term_string"}}],"inLanguage":"fr-FR"},{"@type":"Person","@id":"https:\/\/batijournal.com\/#\/schema\/person\/6a657e8967569e1b299972574848aa76","name":"Bati-journal","image":{"@type":"ImageObject","inLanguage":"fr-FR","@id":"https:\/\/secure.gravatar.com\/avatar\/a64364ea26392f9b4dd47e017ddaec74ff03aefc073b49e492e847201258f777?s=96&d=mm&r=g","url":"https:\/\/secure.gravatar.com\/avatar\/a64364ea26392f9b4dd47e017ddaec74ff03aefc073b49e492e847201258f777?s=96&d=mm&r=g","contentUrl":"https:\/\/secure.gravatar.com\/avatar\/a64364ea26392f9b4dd47e017ddaec74ff03aefc073b49e492e847201258f777?s=96&d=mm&r=g","caption":"Bati-journal"},"url":"https:\/\/batijournal.com\/index.php\/author\/elodie\/"}]}},"_links":{"self":[{"href":"https:\/\/batijournal.com\/index.php\/wp-json\/wp\/v2\/posts\/76154","targetHints":{"allow":["GET"]}}],"collection":[{"href":"https:\/\/batijournal.com\/index.php\/wp-json\/wp\/v2\/posts"}],"about":[{"href":"https:\/\/batijournal.com\/index.php\/wp-json\/wp\/v2\/types\/post"}],"author":[{"embeddable":true,"href":"https:\/\/batijournal.com\/index.php\/wp-json\/wp\/v2\/users\/1"}],"replies":[{"embeddable":true,"href":"https:\/\/batijournal.com\/index.php\/wp-json\/wp\/v2\/comments?post=76154"}],"version-history":[{"count":0,"href":"https:\/\/batijournal.com\/index.php\/wp-json\/wp\/v2\/posts\/76154\/revisions"}],"wp:attachment":[{"href":"https:\/\/batijournal.com\/index.php\/wp-json\/wp\/v2\/media?parent=76154"}],"wp:term":[{"taxonomy":"category","embeddable":true,"href":"https:\/\/batijournal.com\/index.php\/wp-json\/wp\/v2\/categories?post=76154"},{"taxonomy":"post_tag","embeddable":true,"href":"https:\/\/batijournal.com\/index.php\/wp-json\/wp\/v2\/tags?post=76154"}],"curies":[{"name":"wp","href":"https:\/\/api.w.org\/{rel}","templated":true}]}}