{"id":76166,"date":"2009-03-04T00:00:00","date_gmt":"2009-03-03T23:00:00","guid":{"rendered":"http:\/\/b.bati-journal.com\/nouveau-projet-d%c2%92accessibilite-au-chateau-du-haut-k%c2%9coenigsbourg\/76166"},"modified":"2019-07-15T11:19:50","modified_gmt":"2019-07-15T09:19:50","slug":"nouveau-projet-d%c2%92accessibilite-au-chateau-du-haut-k%c2%9coenigsbourg","status":"publish","type":"post","link":"https:\/\/batijournal.com\/index.php\/nouveau-projet-d%c2%92accessibilite-au-chateau-du-haut-k%c2%9coenigsbourg\/76166\/","title":{"rendered":"Nouveau projet d&rsquo;\u0092accessibilit\u00e9 au ch\u00e2teau du Haut-K\u009coenigsbourg"},"content":{"rendered":"<p>Le circuit de visite traditionnel compte pr\u00e8s de 300 marches. Actuellement, seules la premi\u00e8re enceinte et la cour basse sont accessibles aux personnes \u00e0 mobilit\u00e9 r\u00e9duite. Mais bient\u00f4t le visiteur dans l\u0092&rsquo;incapacit\u00e9 permanente ou temporaire d\u0092&rsquo;acc\u00e9der \u00e0 l\u0092int\u00e9gralit\u00e9 du monument pourra, gr\u00e2ce un nouvel espace d&rsquo;\u0092interpr\u00e9tation audiovisuel, d\u00e9couvrir l&rsquo;\u0092ensemble du ch\u00e2teau et ses collections. 8 entreprises alsaciennes &#8211; ma\u00e7onnerie\/pierre de taille, serrurerie, menuiserie, pl\u00e2trerie, peinture, \u00e9lectricit\u00e9, mobilier et multim\u00e9dias \u0096 se relayeront durant les 5 prochains mois sur le chantier. Cet espace voit le jour gr\u00e2ce \u00e0 la politique volontariste du Conseil G\u00e9n\u00e9ral du Bas-Rhin d\u0092&rsquo;am\u00e9lioration de l\u0092&rsquo;acc\u00e8s \u00e0 la vie sociale et culturelle des personnes handicap\u00e9es. 500 000 \u0080 sont engag\u00e9s dans son am\u00e9nagement. L\u0092&rsquo;ouverture au public est pr\u00e9vue au courant de l\u0092&rsquo;\u00e9t\u00e9 2009.<\/p>\n","protected":false},"excerpt":{"rendered":"<p>Le circuit de visite traditionnel compte pr\u00e8s de 300 marches. Actuellement, seules la premi\u00e8re enceinte et la cour basse sont accessibles aux personnes \u00e0 mobilit\u00e9 r\u00e9duite. Mais bient\u00f4t le visiteur dans l\u0092&rsquo;incapacit\u00e9 permanente ou temporaire d\u0092&rsquo;acc\u00e9der \u00e0 l\u0092int\u00e9gralit\u00e9 du monument pourra, gr\u00e2ce un nouvel espace d&rsquo;\u0092interpr\u00e9tation audiovisuel, d\u00e9couvrir l&rsquo;\u0092ensemble du ch\u00e2teau et ses collections. 8 [&hellip;]<\/p>\n","protected":false},"author":1,"featured_media":0,"comment_status":"open","ping_status":"closed","sticky":false,"template":"","format":"standard","meta":{"_et_pb_use_builder":"","_et_pb_old_content":"","_et_gb_content_width":"","footnotes":""},"categories":[6340],"tags":[8624],"class_list":["post-76166","post","type-post","status-publish","format-standard","hentry","category-architecture-conception","tag-chateau-du-haut-koenigsbourg"],"yoast_head":"<!-- This site is optimized with the Yoast SEO plugin v27.4 - https:\/\/yoast.com\/product\/yoast-seo-wordpress\/ -->\n<title>Nouveau projet d&#039;\u0092accessibilit\u00e9 au ch\u00e2teau du Haut-K\u009coenigsbourg<\/title>\n<meta name=\"robots\" content=\"index, follow, max-snippet:-1, max-image-preview:large, max-video-preview:-1\" \/>\n<link rel=\"canonical\" href=\"https:\/\/batijournal.com\/index.php\/nouveau-projet-d\u0092accessibilite-au-chateau-du-haut-k\u009coenigsbourg\/76166\/\" \/>\n<meta property=\"og:locale\" content=\"fr_FR\" \/>\n<meta property=\"og:type\" content=\"article\" \/>\n<meta property=\"og:title\" content=\"Nouveau projet d&#039;\u0092accessibilit\u00e9 au ch\u00e2teau du Haut-K\u009coenigsbourg\" \/>\n<meta property=\"og:description\" content=\"Le circuit de visite traditionnel compte pr\u00e8s de 300 marches. Actuellement, seules la premi\u00e8re enceinte et la cour basse sont accessibles aux personnes \u00e0 mobilit\u00e9 r\u00e9duite. Mais bient\u00f4t le visiteur dans l\u0092&rsquo;incapacit\u00e9 permanente ou temporaire d\u0092&rsquo;acc\u00e9der \u00e0 l\u0092int\u00e9gralit\u00e9 du monument pourra, gr\u00e2ce un nouvel espace d&rsquo;\u0092interpr\u00e9tation audiovisuel, d\u00e9couvrir l&rsquo;\u0092ensemble du ch\u00e2teau et ses collections. 8 [&hellip;]\" \/>\n<meta property=\"og:url\" content=\"https:\/\/batijournal.com\/index.php\/nouveau-projet-d\u0092accessibilite-au-chateau-du-haut-k\u009coenigsbourg\/76166\/\" \/>\n<meta property=\"og:site_name\" content=\"Batijournal\" \/>\n<meta property=\"article:published_time\" content=\"2009-03-03T23:00:00+00:00\" \/>\n<meta property=\"article:modified_time\" content=\"2019-07-15T09:19:50+00:00\" \/>\n<meta name=\"author\" content=\"Bati-journal\" \/>\n<meta name=\"twitter:card\" content=\"summary_large_image\" \/>\n<meta name=\"twitter:creator\" content=\"@bati_journal\" \/>\n<meta name=\"twitter:site\" content=\"@bati_journal\" \/>\n<meta name=\"twitter:label1\" content=\"\u00c9crit par\" \/>\n\t<meta name=\"twitter:data1\" content=\"Bati-journal\" \/>\n\t<meta name=\"twitter:label2\" content=\"Dur\u00e9e de lecture estim\u00e9e\" \/>\n\t<meta name=\"twitter:data2\" content=\"1 minute\" \/>\n<script type=\"application\/ld+json\" class=\"yoast-schema-graph\">{\"@context\":\"https:\\\/\\\/schema.org\",\"@graph\":[{\"@type\":\"Article\",\"@id\":\"https:\\\/\\\/batijournal.com\\\/index.php\\\/nouveau-projet-d%c2%92accessibilite-au-chateau-du-haut-k%c2%9coenigsbourg\\\/76166\\\/#article\",\"isPartOf\":{\"@id\":\"https:\\\/\\\/batijournal.com\\\/index.php\\\/nouveau-projet-d%c2%92accessibilite-au-chateau-du-haut-k%c2%9coenigsbourg\\\/76166\\\/\"},\"author\":{\"name\":\"Bati-journal\",\"@id\":\"https:\\\/\\\/batijournal.com\\\/#\\\/schema\\\/person\\\/6a657e8967569e1b299972574848aa76\"},\"headline\":\"Nouveau projet d&rsquo;\u0092accessibilit\u00e9 au ch\u00e2teau du Haut-K\u009coenigsbourg\",\"datePublished\":\"2009-03-03T23:00:00+00:00\",\"dateModified\":\"2019-07-15T09:19:50+00:00\",\"mainEntityOfPage\":{\"@id\":\"https:\\\/\\\/batijournal.com\\\/index.php\\\/nouveau-projet-d%c2%92accessibilite-au-chateau-du-haut-k%c2%9coenigsbourg\\\/76166\\\/\"},\"wordCount\":155,\"commentCount\":0,\"keywords\":[\"chateau du haut koenigsbourg\"],\"articleSection\":[\"Architecture &amp; Conception\"],\"inLanguage\":\"fr-FR\",\"potentialAction\":[{\"@type\":\"CommentAction\",\"name\":\"Comment\",\"target\":[\"https:\\\/\\\/batijournal.com\\\/index.php\\\/nouveau-projet-d%c2%92accessibilite-au-chateau-du-haut-k%c2%9coenigsbourg\\\/76166\\\/#respond\"]}]},{\"@type\":\"WebPage\",\"@id\":\"https:\\\/\\\/batijournal.com\\\/index.php\\\/nouveau-projet-d%c2%92accessibilite-au-chateau-du-haut-k%c2%9coenigsbourg\\\/76166\\\/\",\"url\":\"https:\\\/\\\/batijournal.com\\\/index.php\\\/nouveau-projet-d%c2%92accessibilite-au-chateau-du-haut-k%c2%9coenigsbourg\\\/76166\\\/\",\"name\":\"Nouveau projet d'\u0092accessibilit\u00e9 au ch\u00e2teau du Haut-K\u009coenigsbourg\",\"isPartOf\":{\"@id\":\"https:\\\/\\\/batijournal.com\\\/#website\"},\"datePublished\":\"2009-03-03T23:00:00+00:00\",\"dateModified\":\"2019-07-15T09:19:50+00:00\",\"author\":{\"@id\":\"https:\\\/\\\/batijournal.com\\\/#\\\/schema\\\/person\\\/6a657e8967569e1b299972574848aa76\"},\"breadcrumb\":{\"@id\":\"https:\\\/\\\/batijournal.com\\\/index.php\\\/nouveau-projet-d%c2%92accessibilite-au-chateau-du-haut-k%c2%9coenigsbourg\\\/76166\\\/#breadcrumb\"},\"inLanguage\":\"fr-FR\",\"potentialAction\":[{\"@type\":\"ReadAction\",\"target\":[\"https:\\\/\\\/batijournal.com\\\/index.php\\\/nouveau-projet-d%c2%92accessibilite-au-chateau-du-haut-k%c2%9coenigsbourg\\\/76166\\\/\"]}]},{\"@type\":\"BreadcrumbList\",\"@id\":\"https:\\\/\\\/batijournal.com\\\/index.php\\\/nouveau-projet-d%c2%92accessibilite-au-chateau-du-haut-k%c2%9coenigsbourg\\\/76166\\\/#breadcrumb\",\"itemListElement\":[{\"@type\":\"ListItem\",\"position\":1,\"name\":\"Accueil\",\"item\":\"https:\\\/\\\/batijournal.com\\\/\"},{\"@type\":\"ListItem\",\"position\":2,\"name\":\"Actualit\u00e9s\",\"item\":\"https:\\\/\\\/batijournal.com\\\/index.php\\\/category\\\/actualites\\\/\"},{\"@type\":\"ListItem\",\"position\":3,\"name\":\"Architecture &amp; Conception\",\"item\":\"https:\\\/\\\/batijournal.com\\\/index.php\\\/category\\\/actualites\\\/architecture-conception\\\/\"},{\"@type\":\"ListItem\",\"position\":4,\"name\":\"Nouveau projet d&rsquo;\u0092accessibilit\u00e9 au ch\u00e2teau du Haut-K\u009coenigsbourg\"}]},{\"@type\":\"WebSite\",\"@id\":\"https:\\\/\\\/batijournal.com\\\/#website\",\"url\":\"https:\\\/\\\/batijournal.com\\\/\",\"name\":\"Batijournal\",\"description\":\"L&#039;actualit\u00e9 du b\u00e2timent\",\"potentialAction\":[{\"@type\":\"SearchAction\",\"target\":{\"@type\":\"EntryPoint\",\"urlTemplate\":\"https:\\\/\\\/batijournal.com\\\/?s={search_term_string}\"},\"query-input\":{\"@type\":\"PropertyValueSpecification\",\"valueRequired\":true,\"valueName\":\"search_term_string\"}}],\"inLanguage\":\"fr-FR\"},{\"@type\":\"Person\",\"@id\":\"https:\\\/\\\/batijournal.com\\\/#\\\/schema\\\/person\\\/6a657e8967569e1b299972574848aa76\",\"name\":\"Bati-journal\",\"image\":{\"@type\":\"ImageObject\",\"inLanguage\":\"fr-FR\",\"@id\":\"https:\\\/\\\/secure.gravatar.com\\\/avatar\\\/a64364ea26392f9b4dd47e017ddaec74ff03aefc073b49e492e847201258f777?s=96&d=mm&r=g\",\"url\":\"https:\\\/\\\/secure.gravatar.com\\\/avatar\\\/a64364ea26392f9b4dd47e017ddaec74ff03aefc073b49e492e847201258f777?s=96&d=mm&r=g\",\"contentUrl\":\"https:\\\/\\\/secure.gravatar.com\\\/avatar\\\/a64364ea26392f9b4dd47e017ddaec74ff03aefc073b49e492e847201258f777?s=96&d=mm&r=g\",\"caption\":\"Bati-journal\"},\"url\":\"https:\\\/\\\/batijournal.com\\\/index.php\\\/author\\\/elodie\\\/\"}]}<\/script>\n<!-- \/ Yoast SEO plugin. -->","yoast_head_json":{"title":"Nouveau projet d'\u0092accessibilit\u00e9 au ch\u00e2teau du Haut-K\u009coenigsbourg","robots":{"index":"index","follow":"follow","max-snippet":"max-snippet:-1","max-image-preview":"max-image-preview:large","max-video-preview":"max-video-preview:-1"},"canonical":"https:\/\/batijournal.com\/index.php\/nouveau-projet-d\u0092accessibilite-au-chateau-du-haut-k\u009coenigsbourg\/76166\/","og_locale":"fr_FR","og_type":"article","og_title":"Nouveau projet d'\u0092accessibilit\u00e9 au ch\u00e2teau du Haut-K\u009coenigsbourg","og_description":"Le circuit de visite traditionnel compte pr\u00e8s de 300 marches. Actuellement, seules la premi\u00e8re enceinte et la cour basse sont accessibles aux personnes \u00e0 mobilit\u00e9 r\u00e9duite. Mais bient\u00f4t le visiteur dans l\u0092&rsquo;incapacit\u00e9 permanente ou temporaire d\u0092&rsquo;acc\u00e9der \u00e0 l\u0092int\u00e9gralit\u00e9 du monument pourra, gr\u00e2ce un nouvel espace d&rsquo;\u0092interpr\u00e9tation audiovisuel, d\u00e9couvrir l&rsquo;\u0092ensemble du ch\u00e2teau et ses collections. 8 [&hellip;]","og_url":"https:\/\/batijournal.com\/index.php\/nouveau-projet-d\u0092accessibilite-au-chateau-du-haut-k\u009coenigsbourg\/76166\/","og_site_name":"Batijournal","article_published_time":"2009-03-03T23:00:00+00:00","article_modified_time":"2019-07-15T09:19:50+00:00","author":"Bati-journal","twitter_card":"summary_large_image","twitter_creator":"@bati_journal","twitter_site":"@bati_journal","twitter_misc":{"\u00c9crit par":"Bati-journal","Dur\u00e9e de lecture estim\u00e9e":"1 minute"},"schema":{"@context":"https:\/\/schema.org","@graph":[{"@type":"Article","@id":"https:\/\/batijournal.com\/index.php\/nouveau-projet-d%c2%92accessibilite-au-chateau-du-haut-k%c2%9coenigsbourg\/76166\/#article","isPartOf":{"@id":"https:\/\/batijournal.com\/index.php\/nouveau-projet-d%c2%92accessibilite-au-chateau-du-haut-k%c2%9coenigsbourg\/76166\/"},"author":{"name":"Bati-journal","@id":"https:\/\/batijournal.com\/#\/schema\/person\/6a657e8967569e1b299972574848aa76"},"headline":"Nouveau projet d&rsquo;\u0092accessibilit\u00e9 au ch\u00e2teau du Haut-K\u009coenigsbourg","datePublished":"2009-03-03T23:00:00+00:00","dateModified":"2019-07-15T09:19:50+00:00","mainEntityOfPage":{"@id":"https:\/\/batijournal.com\/index.php\/nouveau-projet-d%c2%92accessibilite-au-chateau-du-haut-k%c2%9coenigsbourg\/76166\/"},"wordCount":155,"commentCount":0,"keywords":["chateau du haut koenigsbourg"],"articleSection":["Architecture &amp; Conception"],"inLanguage":"fr-FR","potentialAction":[{"@type":"CommentAction","name":"Comment","target":["https:\/\/batijournal.com\/index.php\/nouveau-projet-d%c2%92accessibilite-au-chateau-du-haut-k%c2%9coenigsbourg\/76166\/#respond"]}]},{"@type":"WebPage","@id":"https:\/\/batijournal.com\/index.php\/nouveau-projet-d%c2%92accessibilite-au-chateau-du-haut-k%c2%9coenigsbourg\/76166\/","url":"https:\/\/batijournal.com\/index.php\/nouveau-projet-d%c2%92accessibilite-au-chateau-du-haut-k%c2%9coenigsbourg\/76166\/","name":"Nouveau projet d'\u0092accessibilit\u00e9 au ch\u00e2teau du Haut-K\u009coenigsbourg","isPartOf":{"@id":"https:\/\/batijournal.com\/#website"},"datePublished":"2009-03-03T23:00:00+00:00","dateModified":"2019-07-15T09:19:50+00:00","author":{"@id":"https:\/\/batijournal.com\/#\/schema\/person\/6a657e8967569e1b299972574848aa76"},"breadcrumb":{"@id":"https:\/\/batijournal.com\/index.php\/nouveau-projet-d%c2%92accessibilite-au-chateau-du-haut-k%c2%9coenigsbourg\/76166\/#breadcrumb"},"inLanguage":"fr-FR","potentialAction":[{"@type":"ReadAction","target":["https:\/\/batijournal.com\/index.php\/nouveau-projet-d%c2%92accessibilite-au-chateau-du-haut-k%c2%9coenigsbourg\/76166\/"]}]},{"@type":"BreadcrumbList","@id":"https:\/\/batijournal.com\/index.php\/nouveau-projet-d%c2%92accessibilite-au-chateau-du-haut-k%c2%9coenigsbourg\/76166\/#breadcrumb","itemListElement":[{"@type":"ListItem","position":1,"name":"Accueil","item":"https:\/\/batijournal.com\/"},{"@type":"ListItem","position":2,"name":"Actualit\u00e9s","item":"https:\/\/batijournal.com\/index.php\/category\/actualites\/"},{"@type":"ListItem","position":3,"name":"Architecture &amp; Conception","item":"https:\/\/batijournal.com\/index.php\/category\/actualites\/architecture-conception\/"},{"@type":"ListItem","position":4,"name":"Nouveau projet d&rsquo;\u0092accessibilit\u00e9 au ch\u00e2teau du Haut-K\u009coenigsbourg"}]},{"@type":"WebSite","@id":"https:\/\/batijournal.com\/#website","url":"https:\/\/batijournal.com\/","name":"Batijournal","description":"L&#039;actualit\u00e9 du b\u00e2timent","potentialAction":[{"@type":"SearchAction","target":{"@type":"EntryPoint","urlTemplate":"https:\/\/batijournal.com\/?s={search_term_string}"},"query-input":{"@type":"PropertyValueSpecification","valueRequired":true,"valueName":"search_term_string"}}],"inLanguage":"fr-FR"},{"@type":"Person","@id":"https:\/\/batijournal.com\/#\/schema\/person\/6a657e8967569e1b299972574848aa76","name":"Bati-journal","image":{"@type":"ImageObject","inLanguage":"fr-FR","@id":"https:\/\/secure.gravatar.com\/avatar\/a64364ea26392f9b4dd47e017ddaec74ff03aefc073b49e492e847201258f777?s=96&d=mm&r=g","url":"https:\/\/secure.gravatar.com\/avatar\/a64364ea26392f9b4dd47e017ddaec74ff03aefc073b49e492e847201258f777?s=96&d=mm&r=g","contentUrl":"https:\/\/secure.gravatar.com\/avatar\/a64364ea26392f9b4dd47e017ddaec74ff03aefc073b49e492e847201258f777?s=96&d=mm&r=g","caption":"Bati-journal"},"url":"https:\/\/batijournal.com\/index.php\/author\/elodie\/"}]}},"_links":{"self":[{"href":"https:\/\/batijournal.com\/index.php\/wp-json\/wp\/v2\/posts\/76166","targetHints":{"allow":["GET"]}}],"collection":[{"href":"https:\/\/batijournal.com\/index.php\/wp-json\/wp\/v2\/posts"}],"about":[{"href":"https:\/\/batijournal.com\/index.php\/wp-json\/wp\/v2\/types\/post"}],"author":[{"embeddable":true,"href":"https:\/\/batijournal.com\/index.php\/wp-json\/wp\/v2\/users\/1"}],"replies":[{"embeddable":true,"href":"https:\/\/batijournal.com\/index.php\/wp-json\/wp\/v2\/comments?post=76166"}],"version-history":[{"count":0,"href":"https:\/\/batijournal.com\/index.php\/wp-json\/wp\/v2\/posts\/76166\/revisions"}],"wp:attachment":[{"href":"https:\/\/batijournal.com\/index.php\/wp-json\/wp\/v2\/media?parent=76166"}],"wp:term":[{"taxonomy":"category","embeddable":true,"href":"https:\/\/batijournal.com\/index.php\/wp-json\/wp\/v2\/categories?post=76166"},{"taxonomy":"post_tag","embeddable":true,"href":"https:\/\/batijournal.com\/index.php\/wp-json\/wp\/v2\/tags?post=76166"}],"curies":[{"name":"wp","href":"https:\/\/api.w.org\/{rel}","templated":true}]}}