{"id":76170,"date":"2009-03-25T00:00:00","date_gmt":"2009-03-24T23:00:00","guid":{"rendered":"http:\/\/b.bati-journal.com\/filippo-et-filippino-lippi-au-musee-du-luxembourg\/76170"},"modified":"2019-07-15T11:19:50","modified_gmt":"2019-07-15T09:19:50","slug":"filippo-et-filippino-lippi-au-musee-du-luxembourg","status":"publish","type":"post","link":"https:\/\/batijournal.com\/index.php\/filippo-et-filippino-lippi-au-musee-du-luxembourg\/76170\/","title":{"rendered":"Filippo et Filippino Lippi au mus\u00e9e du Luxembourg"},"content":{"rendered":"<p>Cette exposition majeure pour la compr\u00e9hension de la Renaissance italienne se tient du 25 mars au 2 ao\u00fbt. Elle rassemble une cinquantaine de tableaux et sculptures du XIVe au XVIe si\u00e8cle, encore jamais pr\u00e9sent\u00e9s en France (et pour certaines oeuvres jamais sorties d\u0092Italie), provenant en partie du mus\u00e9e municipal de Prato, situ\u00e9 dans le Palazzo  Pretorio et ferm\u00e9  pour cause de travaux. Le commissariat de l&rsquo;exposition est assur\u00e9 par Maria Pia Mannini, directrice du mus\u00e9e municipal de Prato, et Cristina Gnoni Mavarelli, historienne de l&rsquo;art, surintendante du Patrimoine historique et artistique des r\u00e9gions de Florence, Prato et Pistoia. Les Lippi, Filippo (Florence, c.1406, Spol\u00e8te, 1469) et son \ufb01ls Filippino (Prato,c.1457, Florence,1504), \ufb01gurent parmi les artistes les plus respect\u00e9s \u00e0 Prato au XVe si\u00e8cle. Chapelain du couvent de sainte Marguerite, Filippo m\u00e8ne une vie pourtant particuli\u00e8rement dissolue que seul le patronage de son m\u00e9c\u00e8ne C\u00f4me de M\u00e9dicis met \u00e0 l&rsquo;abri de la justice \ufb02orentine. En effet, Filippino est n\u00e9 des transports amoureux de Filippo avec une religieuse, Lucrezia Buti.<\/p>\n","protected":false},"excerpt":{"rendered":"<p>Cette exposition majeure pour la compr\u00e9hension de la Renaissance italienne se tient du 25 mars au 2 ao\u00fbt. Elle rassemble une cinquantaine de tableaux et sculptures du XIVe au XVIe si\u00e8cle, encore jamais pr\u00e9sent\u00e9s en France (et pour certaines oeuvres jamais sorties d\u0092Italie), provenant en partie du mus\u00e9e municipal de Prato, situ\u00e9 dans le Palazzo [&hellip;]<\/p>\n","protected":false},"author":1,"featured_media":0,"comment_status":"open","ping_status":"closed","sticky":false,"template":"","format":"standard","meta":{"_et_pb_use_builder":"","_et_pb_old_content":"","_et_gb_content_width":"","footnotes":""},"categories":[6340],"tags":[],"class_list":["post-76170","post","type-post","status-publish","format-standard","hentry","category-architecture-conception"],"yoast_head":"<!-- This site is optimized with the Yoast SEO plugin v27.4 - https:\/\/yoast.com\/product\/yoast-seo-wordpress\/ -->\n<title>Filippo et Filippino Lippi au mus\u00e9e du Luxembourg<\/title>\n<meta name=\"robots\" content=\"index, follow, max-snippet:-1, max-image-preview:large, max-video-preview:-1\" \/>\n<link rel=\"canonical\" href=\"https:\/\/batijournal.com\/index.php\/filippo-et-filippino-lippi-au-musee-du-luxembourg\/76170\/\" \/>\n<meta property=\"og:locale\" content=\"fr_FR\" \/>\n<meta property=\"og:type\" content=\"article\" \/>\n<meta property=\"og:title\" content=\"Filippo et Filippino Lippi au mus\u00e9e du Luxembourg\" \/>\n<meta property=\"og:description\" content=\"Cette exposition majeure pour la compr\u00e9hension de la Renaissance italienne se tient du 25 mars au 2 ao\u00fbt. Elle rassemble une cinquantaine de tableaux et sculptures du XIVe au XVIe si\u00e8cle, encore jamais pr\u00e9sent\u00e9s en France (et pour certaines oeuvres jamais sorties d\u0092Italie), provenant en partie du mus\u00e9e municipal de Prato, situ\u00e9 dans le Palazzo [&hellip;]\" \/>\n<meta property=\"og:url\" content=\"https:\/\/batijournal.com\/index.php\/filippo-et-filippino-lippi-au-musee-du-luxembourg\/76170\/\" \/>\n<meta property=\"og:site_name\" content=\"Batijournal\" \/>\n<meta property=\"article:published_time\" content=\"2009-03-24T23:00:00+00:00\" \/>\n<meta property=\"article:modified_time\" content=\"2019-07-15T09:19:50+00:00\" \/>\n<meta name=\"author\" content=\"Bati-journal\" \/>\n<meta name=\"twitter:card\" content=\"summary_large_image\" \/>\n<meta name=\"twitter:creator\" content=\"@bati_journal\" \/>\n<meta name=\"twitter:site\" content=\"@bati_journal\" \/>\n<meta name=\"twitter:label1\" content=\"\u00c9crit par\" \/>\n\t<meta name=\"twitter:data1\" content=\"Bati-journal\" \/>\n\t<meta name=\"twitter:label2\" content=\"Dur\u00e9e de lecture estim\u00e9e\" \/>\n\t<meta name=\"twitter:data2\" content=\"1 minute\" \/>\n<script type=\"application\/ld+json\" class=\"yoast-schema-graph\">{\"@context\":\"https:\\\/\\\/schema.org\",\"@graph\":[{\"@type\":\"Article\",\"@id\":\"https:\\\/\\\/batijournal.com\\\/index.php\\\/filippo-et-filippino-lippi-au-musee-du-luxembourg\\\/76170\\\/#article\",\"isPartOf\":{\"@id\":\"https:\\\/\\\/batijournal.com\\\/index.php\\\/filippo-et-filippino-lippi-au-musee-du-luxembourg\\\/76170\\\/\"},\"author\":{\"name\":\"Bati-journal\",\"@id\":\"https:\\\/\\\/batijournal.com\\\/#\\\/schema\\\/person\\\/6a657e8967569e1b299972574848aa76\"},\"headline\":\"Filippo et Filippino Lippi au mus\u00e9e du Luxembourg\",\"datePublished\":\"2009-03-24T23:00:00+00:00\",\"dateModified\":\"2019-07-15T09:19:50+00:00\",\"mainEntityOfPage\":{\"@id\":\"https:\\\/\\\/batijournal.com\\\/index.php\\\/filippo-et-filippino-lippi-au-musee-du-luxembourg\\\/76170\\\/\"},\"wordCount\":194,\"commentCount\":0,\"articleSection\":[\"Architecture &amp; Conception\"],\"inLanguage\":\"fr-FR\",\"potentialAction\":[{\"@type\":\"CommentAction\",\"name\":\"Comment\",\"target\":[\"https:\\\/\\\/batijournal.com\\\/index.php\\\/filippo-et-filippino-lippi-au-musee-du-luxembourg\\\/76170\\\/#respond\"]}]},{\"@type\":\"WebPage\",\"@id\":\"https:\\\/\\\/batijournal.com\\\/index.php\\\/filippo-et-filippino-lippi-au-musee-du-luxembourg\\\/76170\\\/\",\"url\":\"https:\\\/\\\/batijournal.com\\\/index.php\\\/filippo-et-filippino-lippi-au-musee-du-luxembourg\\\/76170\\\/\",\"name\":\"Filippo et Filippino Lippi au mus\u00e9e du Luxembourg\",\"isPartOf\":{\"@id\":\"https:\\\/\\\/batijournal.com\\\/#website\"},\"datePublished\":\"2009-03-24T23:00:00+00:00\",\"dateModified\":\"2019-07-15T09:19:50+00:00\",\"author\":{\"@id\":\"https:\\\/\\\/batijournal.com\\\/#\\\/schema\\\/person\\\/6a657e8967569e1b299972574848aa76\"},\"breadcrumb\":{\"@id\":\"https:\\\/\\\/batijournal.com\\\/index.php\\\/filippo-et-filippino-lippi-au-musee-du-luxembourg\\\/76170\\\/#breadcrumb\"},\"inLanguage\":\"fr-FR\",\"potentialAction\":[{\"@type\":\"ReadAction\",\"target\":[\"https:\\\/\\\/batijournal.com\\\/index.php\\\/filippo-et-filippino-lippi-au-musee-du-luxembourg\\\/76170\\\/\"]}]},{\"@type\":\"BreadcrumbList\",\"@id\":\"https:\\\/\\\/batijournal.com\\\/index.php\\\/filippo-et-filippino-lippi-au-musee-du-luxembourg\\\/76170\\\/#breadcrumb\",\"itemListElement\":[{\"@type\":\"ListItem\",\"position\":1,\"name\":\"Accueil\",\"item\":\"https:\\\/\\\/batijournal.com\\\/\"},{\"@type\":\"ListItem\",\"position\":2,\"name\":\"Actualit\u00e9s\",\"item\":\"https:\\\/\\\/batijournal.com\\\/index.php\\\/category\\\/actualites\\\/\"},{\"@type\":\"ListItem\",\"position\":3,\"name\":\"Architecture &amp; Conception\",\"item\":\"https:\\\/\\\/batijournal.com\\\/index.php\\\/category\\\/actualites\\\/architecture-conception\\\/\"},{\"@type\":\"ListItem\",\"position\":4,\"name\":\"Filippo et Filippino Lippi au mus\u00e9e du Luxembourg\"}]},{\"@type\":\"WebSite\",\"@id\":\"https:\\\/\\\/batijournal.com\\\/#website\",\"url\":\"https:\\\/\\\/batijournal.com\\\/\",\"name\":\"Batijournal\",\"description\":\"L&#039;actualit\u00e9 du b\u00e2timent\",\"potentialAction\":[{\"@type\":\"SearchAction\",\"target\":{\"@type\":\"EntryPoint\",\"urlTemplate\":\"https:\\\/\\\/batijournal.com\\\/?s={search_term_string}\"},\"query-input\":{\"@type\":\"PropertyValueSpecification\",\"valueRequired\":true,\"valueName\":\"search_term_string\"}}],\"inLanguage\":\"fr-FR\"},{\"@type\":\"Person\",\"@id\":\"https:\\\/\\\/batijournal.com\\\/#\\\/schema\\\/person\\\/6a657e8967569e1b299972574848aa76\",\"name\":\"Bati-journal\",\"image\":{\"@type\":\"ImageObject\",\"inLanguage\":\"fr-FR\",\"@id\":\"https:\\\/\\\/secure.gravatar.com\\\/avatar\\\/a64364ea26392f9b4dd47e017ddaec74ff03aefc073b49e492e847201258f777?s=96&d=mm&r=g\",\"url\":\"https:\\\/\\\/secure.gravatar.com\\\/avatar\\\/a64364ea26392f9b4dd47e017ddaec74ff03aefc073b49e492e847201258f777?s=96&d=mm&r=g\",\"contentUrl\":\"https:\\\/\\\/secure.gravatar.com\\\/avatar\\\/a64364ea26392f9b4dd47e017ddaec74ff03aefc073b49e492e847201258f777?s=96&d=mm&r=g\",\"caption\":\"Bati-journal\"},\"url\":\"https:\\\/\\\/batijournal.com\\\/index.php\\\/author\\\/elodie\\\/\"}]}<\/script>\n<!-- \/ Yoast SEO plugin. -->","yoast_head_json":{"title":"Filippo et Filippino Lippi au mus\u00e9e du Luxembourg","robots":{"index":"index","follow":"follow","max-snippet":"max-snippet:-1","max-image-preview":"max-image-preview:large","max-video-preview":"max-video-preview:-1"},"canonical":"https:\/\/batijournal.com\/index.php\/filippo-et-filippino-lippi-au-musee-du-luxembourg\/76170\/","og_locale":"fr_FR","og_type":"article","og_title":"Filippo et Filippino Lippi au mus\u00e9e du Luxembourg","og_description":"Cette exposition majeure pour la compr\u00e9hension de la Renaissance italienne se tient du 25 mars au 2 ao\u00fbt. Elle rassemble une cinquantaine de tableaux et sculptures du XIVe au XVIe si\u00e8cle, encore jamais pr\u00e9sent\u00e9s en France (et pour certaines oeuvres jamais sorties d\u0092Italie), provenant en partie du mus\u00e9e municipal de Prato, situ\u00e9 dans le Palazzo [&hellip;]","og_url":"https:\/\/batijournal.com\/index.php\/filippo-et-filippino-lippi-au-musee-du-luxembourg\/76170\/","og_site_name":"Batijournal","article_published_time":"2009-03-24T23:00:00+00:00","article_modified_time":"2019-07-15T09:19:50+00:00","author":"Bati-journal","twitter_card":"summary_large_image","twitter_creator":"@bati_journal","twitter_site":"@bati_journal","twitter_misc":{"\u00c9crit par":"Bati-journal","Dur\u00e9e de lecture estim\u00e9e":"1 minute"},"schema":{"@context":"https:\/\/schema.org","@graph":[{"@type":"Article","@id":"https:\/\/batijournal.com\/index.php\/filippo-et-filippino-lippi-au-musee-du-luxembourg\/76170\/#article","isPartOf":{"@id":"https:\/\/batijournal.com\/index.php\/filippo-et-filippino-lippi-au-musee-du-luxembourg\/76170\/"},"author":{"name":"Bati-journal","@id":"https:\/\/batijournal.com\/#\/schema\/person\/6a657e8967569e1b299972574848aa76"},"headline":"Filippo et Filippino Lippi au mus\u00e9e du Luxembourg","datePublished":"2009-03-24T23:00:00+00:00","dateModified":"2019-07-15T09:19:50+00:00","mainEntityOfPage":{"@id":"https:\/\/batijournal.com\/index.php\/filippo-et-filippino-lippi-au-musee-du-luxembourg\/76170\/"},"wordCount":194,"commentCount":0,"articleSection":["Architecture &amp; Conception"],"inLanguage":"fr-FR","potentialAction":[{"@type":"CommentAction","name":"Comment","target":["https:\/\/batijournal.com\/index.php\/filippo-et-filippino-lippi-au-musee-du-luxembourg\/76170\/#respond"]}]},{"@type":"WebPage","@id":"https:\/\/batijournal.com\/index.php\/filippo-et-filippino-lippi-au-musee-du-luxembourg\/76170\/","url":"https:\/\/batijournal.com\/index.php\/filippo-et-filippino-lippi-au-musee-du-luxembourg\/76170\/","name":"Filippo et Filippino Lippi au mus\u00e9e du Luxembourg","isPartOf":{"@id":"https:\/\/batijournal.com\/#website"},"datePublished":"2009-03-24T23:00:00+00:00","dateModified":"2019-07-15T09:19:50+00:00","author":{"@id":"https:\/\/batijournal.com\/#\/schema\/person\/6a657e8967569e1b299972574848aa76"},"breadcrumb":{"@id":"https:\/\/batijournal.com\/index.php\/filippo-et-filippino-lippi-au-musee-du-luxembourg\/76170\/#breadcrumb"},"inLanguage":"fr-FR","potentialAction":[{"@type":"ReadAction","target":["https:\/\/batijournal.com\/index.php\/filippo-et-filippino-lippi-au-musee-du-luxembourg\/76170\/"]}]},{"@type":"BreadcrumbList","@id":"https:\/\/batijournal.com\/index.php\/filippo-et-filippino-lippi-au-musee-du-luxembourg\/76170\/#breadcrumb","itemListElement":[{"@type":"ListItem","position":1,"name":"Accueil","item":"https:\/\/batijournal.com\/"},{"@type":"ListItem","position":2,"name":"Actualit\u00e9s","item":"https:\/\/batijournal.com\/index.php\/category\/actualites\/"},{"@type":"ListItem","position":3,"name":"Architecture &amp; Conception","item":"https:\/\/batijournal.com\/index.php\/category\/actualites\/architecture-conception\/"},{"@type":"ListItem","position":4,"name":"Filippo et Filippino Lippi au mus\u00e9e du Luxembourg"}]},{"@type":"WebSite","@id":"https:\/\/batijournal.com\/#website","url":"https:\/\/batijournal.com\/","name":"Batijournal","description":"L&#039;actualit\u00e9 du b\u00e2timent","potentialAction":[{"@type":"SearchAction","target":{"@type":"EntryPoint","urlTemplate":"https:\/\/batijournal.com\/?s={search_term_string}"},"query-input":{"@type":"PropertyValueSpecification","valueRequired":true,"valueName":"search_term_string"}}],"inLanguage":"fr-FR"},{"@type":"Person","@id":"https:\/\/batijournal.com\/#\/schema\/person\/6a657e8967569e1b299972574848aa76","name":"Bati-journal","image":{"@type":"ImageObject","inLanguage":"fr-FR","@id":"https:\/\/secure.gravatar.com\/avatar\/a64364ea26392f9b4dd47e017ddaec74ff03aefc073b49e492e847201258f777?s=96&d=mm&r=g","url":"https:\/\/secure.gravatar.com\/avatar\/a64364ea26392f9b4dd47e017ddaec74ff03aefc073b49e492e847201258f777?s=96&d=mm&r=g","contentUrl":"https:\/\/secure.gravatar.com\/avatar\/a64364ea26392f9b4dd47e017ddaec74ff03aefc073b49e492e847201258f777?s=96&d=mm&r=g","caption":"Bati-journal"},"url":"https:\/\/batijournal.com\/index.php\/author\/elodie\/"}]}},"_links":{"self":[{"href":"https:\/\/batijournal.com\/index.php\/wp-json\/wp\/v2\/posts\/76170","targetHints":{"allow":["GET"]}}],"collection":[{"href":"https:\/\/batijournal.com\/index.php\/wp-json\/wp\/v2\/posts"}],"about":[{"href":"https:\/\/batijournal.com\/index.php\/wp-json\/wp\/v2\/types\/post"}],"author":[{"embeddable":true,"href":"https:\/\/batijournal.com\/index.php\/wp-json\/wp\/v2\/users\/1"}],"replies":[{"embeddable":true,"href":"https:\/\/batijournal.com\/index.php\/wp-json\/wp\/v2\/comments?post=76170"}],"version-history":[{"count":0,"href":"https:\/\/batijournal.com\/index.php\/wp-json\/wp\/v2\/posts\/76170\/revisions"}],"wp:attachment":[{"href":"https:\/\/batijournal.com\/index.php\/wp-json\/wp\/v2\/media?parent=76170"}],"wp:term":[{"taxonomy":"category","embeddable":true,"href":"https:\/\/batijournal.com\/index.php\/wp-json\/wp\/v2\/categories?post=76170"},{"taxonomy":"post_tag","embeddable":true,"href":"https:\/\/batijournal.com\/index.php\/wp-json\/wp\/v2\/tags?post=76170"}],"curies":[{"name":"wp","href":"https:\/\/api.w.org\/{rel}","templated":true}]}}