{"id":76177,"date":"2009-04-29T00:00:00","date_gmt":"2009-04-28T22:00:00","guid":{"rendered":"http:\/\/b.bati-journal.com\/la-nuit-des-musees-approche\/76177"},"modified":"2019-07-15T11:19:49","modified_gmt":"2019-07-15T09:19:49","slug":"la-nuit-des-musees-approche","status":"publish","type":"post","link":"https:\/\/batijournal.com\/index.php\/la-nuit-des-musees-approche\/76177\/","title":{"rendered":"La Nuit des Mus\u00e9es approche !"},"content":{"rendered":"<p>La 5e \u00e9dition de la Nuit europ\u00e9enne des Mus\u00e9es se tiendra samedi 16 mai 2009. Elle sera l\u0092&rsquo;occasion pour les mus\u00e9es de France et d&rsquo;\u0092Europe de f\u00e9d\u00e9rer tous les publics lors d&rsquo;\u0092une nocturne exceptionnelle. Cette nuit est pour tous, l&rsquo;\u0092occasion de (re)d\u00e9couvrir les mus\u00e9es et leurs collections dans une ambiance insolite. Cette ann\u00e9e encore les mus\u00e9es vont rivaliser d&rsquo;\u0092imagination et d&rsquo;\u0092inventivit\u00e9 pour proposer une programmation originale, de visites et d\u0092animations, magnifi\u00e9es par la nuit. La Nuit europ\u00e9enne des Mus\u00e9es est organis\u00e9e par le minist\u00e8re de la Culture et de la Communication, la direction des mus\u00e9es de France (DMF) et les directions r\u00e9gionales des affaires culturelles (DRAC) avec le concours de la R\u00e9union des mus\u00e9es nationaux (RMN). Elle b\u00e9n\u00e9ficie du soutien de Neuflize OBC et de Neuflize Vie, ainsi que de nombreux partenaires m\u00e9dias. Cette manifestation est plac\u00e9e sous le haut patronage du Conseil de l\u0092&rsquo;Europe et, pour la premi\u00e8re fois, sous le patronage de l\u0092&rsquo;UNESCO.<\/p>\n","protected":false},"excerpt":{"rendered":"<p>La 5e \u00e9dition de la Nuit europ\u00e9enne des Mus\u00e9es se tiendra samedi 16 mai 2009. Elle sera l\u0092&rsquo;occasion pour les mus\u00e9es de France et d&rsquo;\u0092Europe de f\u00e9d\u00e9rer tous les publics lors d&rsquo;\u0092une nocturne exceptionnelle. Cette nuit est pour tous, l&rsquo;\u0092occasion de (re)d\u00e9couvrir les mus\u00e9es et leurs collections dans une ambiance insolite. Cette ann\u00e9e encore les [&hellip;]<\/p>\n","protected":false},"author":1,"featured_media":0,"comment_status":"open","ping_status":"closed","sticky":false,"template":"","format":"standard","meta":{"_et_pb_use_builder":"","_et_pb_old_content":"","_et_gb_content_width":"","footnotes":""},"categories":[6340],"tags":[6031],"class_list":["post-76177","post","type-post","status-publish","format-standard","hentry","category-architecture-conception","tag-nuit-des-musees"],"yoast_head":"<!-- This site is optimized with the Yoast SEO plugin v27.4 - https:\/\/yoast.com\/product\/yoast-seo-wordpress\/ -->\n<title>La Nuit des Mus\u00e9es approche !<\/title>\n<meta name=\"robots\" content=\"index, follow, max-snippet:-1, max-image-preview:large, max-video-preview:-1\" \/>\n<link rel=\"canonical\" href=\"https:\/\/batijournal.com\/index.php\/la-nuit-des-musees-approche\/76177\/\" \/>\n<meta property=\"og:locale\" content=\"fr_FR\" \/>\n<meta property=\"og:type\" content=\"article\" \/>\n<meta property=\"og:title\" content=\"La Nuit des Mus\u00e9es approche !\" \/>\n<meta property=\"og:description\" content=\"La 5e \u00e9dition de la Nuit europ\u00e9enne des Mus\u00e9es se tiendra samedi 16 mai 2009. Elle sera l\u0092&rsquo;occasion pour les mus\u00e9es de France et d&rsquo;\u0092Europe de f\u00e9d\u00e9rer tous les publics lors d&rsquo;\u0092une nocturne exceptionnelle. Cette nuit est pour tous, l&rsquo;\u0092occasion de (re)d\u00e9couvrir les mus\u00e9es et leurs collections dans une ambiance insolite. Cette ann\u00e9e encore les [&hellip;]\" \/>\n<meta property=\"og:url\" content=\"https:\/\/batijournal.com\/index.php\/la-nuit-des-musees-approche\/76177\/\" \/>\n<meta property=\"og:site_name\" content=\"Batijournal\" \/>\n<meta property=\"article:published_time\" content=\"2009-04-28T22:00:00+00:00\" \/>\n<meta property=\"article:modified_time\" content=\"2019-07-15T09:19:49+00:00\" \/>\n<meta name=\"author\" content=\"Bati-journal\" \/>\n<meta name=\"twitter:card\" content=\"summary_large_image\" \/>\n<meta name=\"twitter:creator\" content=\"@bati_journal\" \/>\n<meta name=\"twitter:site\" content=\"@bati_journal\" \/>\n<meta name=\"twitter:label1\" content=\"\u00c9crit par\" \/>\n\t<meta name=\"twitter:data1\" content=\"Bati-journal\" \/>\n\t<meta name=\"twitter:label2\" content=\"Dur\u00e9e de lecture estim\u00e9e\" \/>\n\t<meta name=\"twitter:data2\" content=\"1 minute\" \/>\n<script type=\"application\/ld+json\" class=\"yoast-schema-graph\">{\"@context\":\"https:\\\/\\\/schema.org\",\"@graph\":[{\"@type\":\"Article\",\"@id\":\"https:\\\/\\\/batijournal.com\\\/index.php\\\/la-nuit-des-musees-approche\\\/76177\\\/#article\",\"isPartOf\":{\"@id\":\"https:\\\/\\\/batijournal.com\\\/index.php\\\/la-nuit-des-musees-approche\\\/76177\\\/\"},\"author\":{\"name\":\"Bati-journal\",\"@id\":\"https:\\\/\\\/batijournal.com\\\/#\\\/schema\\\/person\\\/6a657e8967569e1b299972574848aa76\"},\"headline\":\"La Nuit des Mus\u00e9es approche !\",\"datePublished\":\"2009-04-28T22:00:00+00:00\",\"dateModified\":\"2019-07-15T09:19:49+00:00\",\"mainEntityOfPage\":{\"@id\":\"https:\\\/\\\/batijournal.com\\\/index.php\\\/la-nuit-des-musees-approche\\\/76177\\\/\"},\"wordCount\":192,\"commentCount\":0,\"keywords\":[\"nuit des mus\u00e9es\"],\"articleSection\":[\"Architecture &amp; Conception\"],\"inLanguage\":\"fr-FR\",\"potentialAction\":[{\"@type\":\"CommentAction\",\"name\":\"Comment\",\"target\":[\"https:\\\/\\\/batijournal.com\\\/index.php\\\/la-nuit-des-musees-approche\\\/76177\\\/#respond\"]}]},{\"@type\":\"WebPage\",\"@id\":\"https:\\\/\\\/batijournal.com\\\/index.php\\\/la-nuit-des-musees-approche\\\/76177\\\/\",\"url\":\"https:\\\/\\\/batijournal.com\\\/index.php\\\/la-nuit-des-musees-approche\\\/76177\\\/\",\"name\":\"La Nuit des Mus\u00e9es approche !\",\"isPartOf\":{\"@id\":\"https:\\\/\\\/batijournal.com\\\/#website\"},\"datePublished\":\"2009-04-28T22:00:00+00:00\",\"dateModified\":\"2019-07-15T09:19:49+00:00\",\"author\":{\"@id\":\"https:\\\/\\\/batijournal.com\\\/#\\\/schema\\\/person\\\/6a657e8967569e1b299972574848aa76\"},\"breadcrumb\":{\"@id\":\"https:\\\/\\\/batijournal.com\\\/index.php\\\/la-nuit-des-musees-approche\\\/76177\\\/#breadcrumb\"},\"inLanguage\":\"fr-FR\",\"potentialAction\":[{\"@type\":\"ReadAction\",\"target\":[\"https:\\\/\\\/batijournal.com\\\/index.php\\\/la-nuit-des-musees-approche\\\/76177\\\/\"]}]},{\"@type\":\"BreadcrumbList\",\"@id\":\"https:\\\/\\\/batijournal.com\\\/index.php\\\/la-nuit-des-musees-approche\\\/76177\\\/#breadcrumb\",\"itemListElement\":[{\"@type\":\"ListItem\",\"position\":1,\"name\":\"Accueil\",\"item\":\"https:\\\/\\\/batijournal.com\\\/\"},{\"@type\":\"ListItem\",\"position\":2,\"name\":\"Actualit\u00e9s\",\"item\":\"https:\\\/\\\/batijournal.com\\\/index.php\\\/category\\\/actualites\\\/\"},{\"@type\":\"ListItem\",\"position\":3,\"name\":\"Architecture &amp; Conception\",\"item\":\"https:\\\/\\\/batijournal.com\\\/index.php\\\/category\\\/actualites\\\/architecture-conception\\\/\"},{\"@type\":\"ListItem\",\"position\":4,\"name\":\"La Nuit des Mus\u00e9es approche !\"}]},{\"@type\":\"WebSite\",\"@id\":\"https:\\\/\\\/batijournal.com\\\/#website\",\"url\":\"https:\\\/\\\/batijournal.com\\\/\",\"name\":\"Batijournal\",\"description\":\"L&#039;actualit\u00e9 du b\u00e2timent\",\"potentialAction\":[{\"@type\":\"SearchAction\",\"target\":{\"@type\":\"EntryPoint\",\"urlTemplate\":\"https:\\\/\\\/batijournal.com\\\/?s={search_term_string}\"},\"query-input\":{\"@type\":\"PropertyValueSpecification\",\"valueRequired\":true,\"valueName\":\"search_term_string\"}}],\"inLanguage\":\"fr-FR\"},{\"@type\":\"Person\",\"@id\":\"https:\\\/\\\/batijournal.com\\\/#\\\/schema\\\/person\\\/6a657e8967569e1b299972574848aa76\",\"name\":\"Bati-journal\",\"image\":{\"@type\":\"ImageObject\",\"inLanguage\":\"fr-FR\",\"@id\":\"https:\\\/\\\/secure.gravatar.com\\\/avatar\\\/a64364ea26392f9b4dd47e017ddaec74ff03aefc073b49e492e847201258f777?s=96&d=mm&r=g\",\"url\":\"https:\\\/\\\/secure.gravatar.com\\\/avatar\\\/a64364ea26392f9b4dd47e017ddaec74ff03aefc073b49e492e847201258f777?s=96&d=mm&r=g\",\"contentUrl\":\"https:\\\/\\\/secure.gravatar.com\\\/avatar\\\/a64364ea26392f9b4dd47e017ddaec74ff03aefc073b49e492e847201258f777?s=96&d=mm&r=g\",\"caption\":\"Bati-journal\"},\"url\":\"https:\\\/\\\/batijournal.com\\\/index.php\\\/author\\\/elodie\\\/\"}]}<\/script>\n<!-- \/ Yoast SEO plugin. -->","yoast_head_json":{"title":"La Nuit des Mus\u00e9es approche !","robots":{"index":"index","follow":"follow","max-snippet":"max-snippet:-1","max-image-preview":"max-image-preview:large","max-video-preview":"max-video-preview:-1"},"canonical":"https:\/\/batijournal.com\/index.php\/la-nuit-des-musees-approche\/76177\/","og_locale":"fr_FR","og_type":"article","og_title":"La Nuit des Mus\u00e9es approche !","og_description":"La 5e \u00e9dition de la Nuit europ\u00e9enne des Mus\u00e9es se tiendra samedi 16 mai 2009. Elle sera l\u0092&rsquo;occasion pour les mus\u00e9es de France et d&rsquo;\u0092Europe de f\u00e9d\u00e9rer tous les publics lors d&rsquo;\u0092une nocturne exceptionnelle. Cette nuit est pour tous, l&rsquo;\u0092occasion de (re)d\u00e9couvrir les mus\u00e9es et leurs collections dans une ambiance insolite. Cette ann\u00e9e encore les [&hellip;]","og_url":"https:\/\/batijournal.com\/index.php\/la-nuit-des-musees-approche\/76177\/","og_site_name":"Batijournal","article_published_time":"2009-04-28T22:00:00+00:00","article_modified_time":"2019-07-15T09:19:49+00:00","author":"Bati-journal","twitter_card":"summary_large_image","twitter_creator":"@bati_journal","twitter_site":"@bati_journal","twitter_misc":{"\u00c9crit par":"Bati-journal","Dur\u00e9e de lecture estim\u00e9e":"1 minute"},"schema":{"@context":"https:\/\/schema.org","@graph":[{"@type":"Article","@id":"https:\/\/batijournal.com\/index.php\/la-nuit-des-musees-approche\/76177\/#article","isPartOf":{"@id":"https:\/\/batijournal.com\/index.php\/la-nuit-des-musees-approche\/76177\/"},"author":{"name":"Bati-journal","@id":"https:\/\/batijournal.com\/#\/schema\/person\/6a657e8967569e1b299972574848aa76"},"headline":"La Nuit des Mus\u00e9es approche !","datePublished":"2009-04-28T22:00:00+00:00","dateModified":"2019-07-15T09:19:49+00:00","mainEntityOfPage":{"@id":"https:\/\/batijournal.com\/index.php\/la-nuit-des-musees-approche\/76177\/"},"wordCount":192,"commentCount":0,"keywords":["nuit des mus\u00e9es"],"articleSection":["Architecture &amp; Conception"],"inLanguage":"fr-FR","potentialAction":[{"@type":"CommentAction","name":"Comment","target":["https:\/\/batijournal.com\/index.php\/la-nuit-des-musees-approche\/76177\/#respond"]}]},{"@type":"WebPage","@id":"https:\/\/batijournal.com\/index.php\/la-nuit-des-musees-approche\/76177\/","url":"https:\/\/batijournal.com\/index.php\/la-nuit-des-musees-approche\/76177\/","name":"La Nuit des Mus\u00e9es approche !","isPartOf":{"@id":"https:\/\/batijournal.com\/#website"},"datePublished":"2009-04-28T22:00:00+00:00","dateModified":"2019-07-15T09:19:49+00:00","author":{"@id":"https:\/\/batijournal.com\/#\/schema\/person\/6a657e8967569e1b299972574848aa76"},"breadcrumb":{"@id":"https:\/\/batijournal.com\/index.php\/la-nuit-des-musees-approche\/76177\/#breadcrumb"},"inLanguage":"fr-FR","potentialAction":[{"@type":"ReadAction","target":["https:\/\/batijournal.com\/index.php\/la-nuit-des-musees-approche\/76177\/"]}]},{"@type":"BreadcrumbList","@id":"https:\/\/batijournal.com\/index.php\/la-nuit-des-musees-approche\/76177\/#breadcrumb","itemListElement":[{"@type":"ListItem","position":1,"name":"Accueil","item":"https:\/\/batijournal.com\/"},{"@type":"ListItem","position":2,"name":"Actualit\u00e9s","item":"https:\/\/batijournal.com\/index.php\/category\/actualites\/"},{"@type":"ListItem","position":3,"name":"Architecture &amp; Conception","item":"https:\/\/batijournal.com\/index.php\/category\/actualites\/architecture-conception\/"},{"@type":"ListItem","position":4,"name":"La Nuit des Mus\u00e9es approche !"}]},{"@type":"WebSite","@id":"https:\/\/batijournal.com\/#website","url":"https:\/\/batijournal.com\/","name":"Batijournal","description":"L&#039;actualit\u00e9 du b\u00e2timent","potentialAction":[{"@type":"SearchAction","target":{"@type":"EntryPoint","urlTemplate":"https:\/\/batijournal.com\/?s={search_term_string}"},"query-input":{"@type":"PropertyValueSpecification","valueRequired":true,"valueName":"search_term_string"}}],"inLanguage":"fr-FR"},{"@type":"Person","@id":"https:\/\/batijournal.com\/#\/schema\/person\/6a657e8967569e1b299972574848aa76","name":"Bati-journal","image":{"@type":"ImageObject","inLanguage":"fr-FR","@id":"https:\/\/secure.gravatar.com\/avatar\/a64364ea26392f9b4dd47e017ddaec74ff03aefc073b49e492e847201258f777?s=96&d=mm&r=g","url":"https:\/\/secure.gravatar.com\/avatar\/a64364ea26392f9b4dd47e017ddaec74ff03aefc073b49e492e847201258f777?s=96&d=mm&r=g","contentUrl":"https:\/\/secure.gravatar.com\/avatar\/a64364ea26392f9b4dd47e017ddaec74ff03aefc073b49e492e847201258f777?s=96&d=mm&r=g","caption":"Bati-journal"},"url":"https:\/\/batijournal.com\/index.php\/author\/elodie\/"}]}},"_links":{"self":[{"href":"https:\/\/batijournal.com\/index.php\/wp-json\/wp\/v2\/posts\/76177","targetHints":{"allow":["GET"]}}],"collection":[{"href":"https:\/\/batijournal.com\/index.php\/wp-json\/wp\/v2\/posts"}],"about":[{"href":"https:\/\/batijournal.com\/index.php\/wp-json\/wp\/v2\/types\/post"}],"author":[{"embeddable":true,"href":"https:\/\/batijournal.com\/index.php\/wp-json\/wp\/v2\/users\/1"}],"replies":[{"embeddable":true,"href":"https:\/\/batijournal.com\/index.php\/wp-json\/wp\/v2\/comments?post=76177"}],"version-history":[{"count":0,"href":"https:\/\/batijournal.com\/index.php\/wp-json\/wp\/v2\/posts\/76177\/revisions"}],"wp:attachment":[{"href":"https:\/\/batijournal.com\/index.php\/wp-json\/wp\/v2\/media?parent=76177"}],"wp:term":[{"taxonomy":"category","embeddable":true,"href":"https:\/\/batijournal.com\/index.php\/wp-json\/wp\/v2\/categories?post=76177"},{"taxonomy":"post_tag","embeddable":true,"href":"https:\/\/batijournal.com\/index.php\/wp-json\/wp\/v2\/tags?post=76177"}],"curies":[{"name":"wp","href":"https:\/\/api.w.org\/{rel}","templated":true}]}}