{"id":76215,"date":"2009-12-11T00:00:00","date_gmt":"2009-12-10T23:00:00","guid":{"rendered":"http:\/\/b.bati-journal.com\/hommage-a-lun-des-peres-fondateurs-de-la-ville-durable\/76215"},"modified":"2019-07-15T11:19:45","modified_gmt":"2019-07-15T09:19:45","slug":"hommage-a-lun-des-peres-fondateurs-de-la-ville-durable","status":"publish","type":"post","link":"https:\/\/batijournal.com\/index.php\/hommage-a-lun-des-peres-fondateurs-de-la-ville-durable\/76215\/","title":{"rendered":"Hommage \u00e0 l&rsquo;un des \u00ab\u00a0p\u00e8res fondateurs de la ville durable\u00a0\u00bb"},"content":{"rendered":"<p>Ayant appris avec tristesse le d\u00e9c\u00e8s de l&rsquo;architecte Claude Vasconi, survenu le 8 d\u00e9cembre 2009 \u00e0 l&rsquo;issue d&rsquo;une longue maladie, Jean-Louis Borloo, ministre de l&rsquo;Ecologie, de l&rsquo;Energie, du D\u00e9veloppement durable et de la Mer, en charge des Technologies vertes et des N\u00e9gociations sur le Climat, a tenu \u00e0 rendre hommage \u00e0 son engagement en faveur de la ville durable et \u00e0 saluer son immense h\u00e9ritage : le forum des Halles (avec Georges Pancreach), le 57 m\u00e9tal \u00e0 Boulogne, le Corum \u00e0 Montpellier, le palais de justice de Grenoble, le Centre R\u00e9publique \u00e0 Saint-Nazaire, le lyc\u00e9e Gallieni \u00e0 Toulouse, et bien d&rsquo;autres \u00e9quipements, quartiers, centres d&rsquo;affaires en France et en Europe, notamment en Allemagne et au Luxembourg. Pour Claude Vasconi, il \u00e9tait urgent de \u00ab\u00a0cesser de consid\u00e9rer nos territoires comme autant de \u201cFar West\u201d consommables et jetables\u00a0\u00bb [&#8230;] \u00ab\u00a0et d&rsquo;unifier nos connaissances n\u00e9cessaires \u00e0 la construction de la ville durable en fondant une nouvelle \u00e9cole, l&rsquo;Institut d&rsquo;architecture avanc\u00e9e europ\u00e9en\u00a0\u00bb. De ce point de vue, il \u00e9tait l&rsquo;un des \u00ab\u00a0p\u00e8res fondateurs de la ville durable\u00a0\u00bb. D&rsquo;ailleurs, Jean-Louis Borloo lui avait confi\u00e9 ainsi qu&rsquo;\u00e0 Rudy Riciotti, Fran\u00e7is Soler et Julien Rousseau, une mission \u00ab\u00a0sur une nouvelle mani\u00e8re de penser le territoire et de construire la ville\u00a0\u00bb.<\/p>\n","protected":false},"excerpt":{"rendered":"<p>Ayant appris avec tristesse le d\u00e9c\u00e8s de l&rsquo;architecte Claude Vasconi, survenu le 8 d\u00e9cembre 2009 \u00e0 l&rsquo;issue d&rsquo;une longue maladie, Jean-Louis Borloo, ministre de l&rsquo;Ecologie, de l&rsquo;Energie, du D\u00e9veloppement durable et de la Mer, en charge des Technologies vertes et des N\u00e9gociations sur le Climat, a tenu \u00e0 rendre hommage \u00e0 son engagement en faveur [&hellip;]<\/p>\n","protected":false},"author":1,"featured_media":76216,"comment_status":"open","ping_status":"closed","sticky":false,"template":"","format":"standard","meta":{"_et_pb_use_builder":"","_et_pb_old_content":"","_et_gb_content_width":"","footnotes":""},"categories":[6340],"tags":[5135,3841,1663],"class_list":["post-76215","post","type-post","status-publish","format-standard","has-post-thumbnail","hentry","category-architecture-conception","tag-fondation","tag-hommage","tag-ville-durable"],"yoast_head":"<!-- This site is optimized with the Yoast SEO plugin v27.4 - https:\/\/yoast.com\/product\/yoast-seo-wordpress\/ -->\n<title>Hommage \u00e0 l&#039;un des &quot;p\u00e8res fondateurs de la ville durable&quot;<\/title>\n<meta name=\"robots\" content=\"index, follow, max-snippet:-1, max-image-preview:large, max-video-preview:-1\" \/>\n<link rel=\"canonical\" href=\"https:\/\/batijournal.com\/index.php\/hommage-a-lun-des-peres-fondateurs-de-la-ville-durable\/76215\/\" \/>\n<meta property=\"og:locale\" content=\"fr_FR\" \/>\n<meta property=\"og:type\" content=\"article\" \/>\n<meta property=\"og:title\" content=\"Hommage \u00e0 l&#039;un des &quot;p\u00e8res fondateurs de la ville durable&quot;\" \/>\n<meta property=\"og:description\" content=\"Ayant appris avec tristesse le d\u00e9c\u00e8s de l&rsquo;architecte Claude Vasconi, survenu le 8 d\u00e9cembre 2009 \u00e0 l&rsquo;issue d&rsquo;une longue maladie, Jean-Louis Borloo, ministre de l&rsquo;Ecologie, de l&rsquo;Energie, du D\u00e9veloppement durable et de la Mer, en charge des Technologies vertes et des N\u00e9gociations sur le Climat, a tenu \u00e0 rendre hommage \u00e0 son engagement en faveur [&hellip;]\" \/>\n<meta property=\"og:url\" content=\"https:\/\/batijournal.com\/index.php\/hommage-a-lun-des-peres-fondateurs-de-la-ville-durable\/76215\/\" \/>\n<meta property=\"og:site_name\" content=\"Batijournal\" \/>\n<meta property=\"article:published_time\" content=\"2009-12-10T23:00:00+00:00\" \/>\n<meta property=\"article:modified_time\" content=\"2019-07-15T09:19:45+00:00\" \/>\n<meta property=\"og:image\" content=\"https:\/\/batijournal.com\/wp-content\/uploads\/2015\/03\/080378701.jpg\" \/>\n\t<meta property=\"og:image:width\" content=\"600\" \/>\n\t<meta property=\"og:image:height\" content=\"401\" \/>\n\t<meta property=\"og:image:type\" content=\"image\/jpeg\" \/>\n<meta name=\"author\" content=\"Bati-journal\" \/>\n<meta name=\"twitter:card\" content=\"summary_large_image\" \/>\n<meta name=\"twitter:creator\" content=\"@bati_journal\" \/>\n<meta name=\"twitter:site\" content=\"@bati_journal\" \/>\n<meta name=\"twitter:label1\" content=\"\u00c9crit par\" \/>\n\t<meta name=\"twitter:data1\" content=\"Bati-journal\" \/>\n\t<meta name=\"twitter:label2\" content=\"Dur\u00e9e de lecture estim\u00e9e\" \/>\n\t<meta name=\"twitter:data2\" content=\"1 minute\" \/>\n<script type=\"application\/ld+json\" class=\"yoast-schema-graph\">{\"@context\":\"https:\\\/\\\/schema.org\",\"@graph\":[{\"@type\":\"Article\",\"@id\":\"https:\\\/\\\/batijournal.com\\\/index.php\\\/hommage-a-lun-des-peres-fondateurs-de-la-ville-durable\\\/76215\\\/#article\",\"isPartOf\":{\"@id\":\"https:\\\/\\\/batijournal.com\\\/index.php\\\/hommage-a-lun-des-peres-fondateurs-de-la-ville-durable\\\/76215\\\/\"},\"author\":{\"name\":\"Bati-journal\",\"@id\":\"https:\\\/\\\/batijournal.com\\\/#\\\/schema\\\/person\\\/6a657e8967569e1b299972574848aa76\"},\"headline\":\"Hommage \u00e0 l&rsquo;un des \u00ab\u00a0p\u00e8res fondateurs de la ville durable\u00a0\u00bb\",\"datePublished\":\"2009-12-10T23:00:00+00:00\",\"dateModified\":\"2019-07-15T09:19:45+00:00\",\"mainEntityOfPage\":{\"@id\":\"https:\\\/\\\/batijournal.com\\\/index.php\\\/hommage-a-lun-des-peres-fondateurs-de-la-ville-durable\\\/76215\\\/\"},\"wordCount\":228,\"commentCount\":0,\"image\":{\"@id\":\"https:\\\/\\\/batijournal.com\\\/index.php\\\/hommage-a-lun-des-peres-fondateurs-de-la-ville-durable\\\/76215\\\/#primaryimage\"},\"thumbnailUrl\":\"https:\\\/\\\/batijournal.com\\\/wp-content\\\/uploads\\\/2015\\\/03\\\/080378701.jpg\",\"keywords\":[\"Fondation\",\"hommage\",\"ville durable\"],\"articleSection\":[\"Architecture &amp; Conception\"],\"inLanguage\":\"fr-FR\",\"potentialAction\":[{\"@type\":\"CommentAction\",\"name\":\"Comment\",\"target\":[\"https:\\\/\\\/batijournal.com\\\/index.php\\\/hommage-a-lun-des-peres-fondateurs-de-la-ville-durable\\\/76215\\\/#respond\"]}]},{\"@type\":\"WebPage\",\"@id\":\"https:\\\/\\\/batijournal.com\\\/index.php\\\/hommage-a-lun-des-peres-fondateurs-de-la-ville-durable\\\/76215\\\/\",\"url\":\"https:\\\/\\\/batijournal.com\\\/index.php\\\/hommage-a-lun-des-peres-fondateurs-de-la-ville-durable\\\/76215\\\/\",\"name\":\"Hommage \u00e0 l'un des \\\"p\u00e8res fondateurs de la ville durable\\\"\",\"isPartOf\":{\"@id\":\"https:\\\/\\\/batijournal.com\\\/#website\"},\"primaryImageOfPage\":{\"@id\":\"https:\\\/\\\/batijournal.com\\\/index.php\\\/hommage-a-lun-des-peres-fondateurs-de-la-ville-durable\\\/76215\\\/#primaryimage\"},\"image\":{\"@id\":\"https:\\\/\\\/batijournal.com\\\/index.php\\\/hommage-a-lun-des-peres-fondateurs-de-la-ville-durable\\\/76215\\\/#primaryimage\"},\"thumbnailUrl\":\"https:\\\/\\\/batijournal.com\\\/wp-content\\\/uploads\\\/2015\\\/03\\\/080378701.jpg\",\"datePublished\":\"2009-12-10T23:00:00+00:00\",\"dateModified\":\"2019-07-15T09:19:45+00:00\",\"author\":{\"@id\":\"https:\\\/\\\/batijournal.com\\\/#\\\/schema\\\/person\\\/6a657e8967569e1b299972574848aa76\"},\"breadcrumb\":{\"@id\":\"https:\\\/\\\/batijournal.com\\\/index.php\\\/hommage-a-lun-des-peres-fondateurs-de-la-ville-durable\\\/76215\\\/#breadcrumb\"},\"inLanguage\":\"fr-FR\",\"potentialAction\":[{\"@type\":\"ReadAction\",\"target\":[\"https:\\\/\\\/batijournal.com\\\/index.php\\\/hommage-a-lun-des-peres-fondateurs-de-la-ville-durable\\\/76215\\\/\"]}]},{\"@type\":\"ImageObject\",\"inLanguage\":\"fr-FR\",\"@id\":\"https:\\\/\\\/batijournal.com\\\/index.php\\\/hommage-a-lun-des-peres-fondateurs-de-la-ville-durable\\\/76215\\\/#primaryimage\",\"url\":\"https:\\\/\\\/batijournal.com\\\/wp-content\\\/uploads\\\/2015\\\/03\\\/080378701.jpg\",\"contentUrl\":\"https:\\\/\\\/batijournal.com\\\/wp-content\\\/uploads\\\/2015\\\/03\\\/080378701.jpg\",\"width\":600,\"height\":401},{\"@type\":\"BreadcrumbList\",\"@id\":\"https:\\\/\\\/batijournal.com\\\/index.php\\\/hommage-a-lun-des-peres-fondateurs-de-la-ville-durable\\\/76215\\\/#breadcrumb\",\"itemListElement\":[{\"@type\":\"ListItem\",\"position\":1,\"name\":\"Accueil\",\"item\":\"https:\\\/\\\/batijournal.com\\\/\"},{\"@type\":\"ListItem\",\"position\":2,\"name\":\"Actualit\u00e9s\",\"item\":\"https:\\\/\\\/batijournal.com\\\/index.php\\\/category\\\/actualites\\\/\"},{\"@type\":\"ListItem\",\"position\":3,\"name\":\"Architecture &amp; Conception\",\"item\":\"https:\\\/\\\/batijournal.com\\\/index.php\\\/category\\\/actualites\\\/architecture-conception\\\/\"},{\"@type\":\"ListItem\",\"position\":4,\"name\":\"Hommage \u00e0 l&rsquo;un des \u00ab\u00a0p\u00e8res fondateurs de la ville durable\u00a0\u00bb\"}]},{\"@type\":\"WebSite\",\"@id\":\"https:\\\/\\\/batijournal.com\\\/#website\",\"url\":\"https:\\\/\\\/batijournal.com\\\/\",\"name\":\"Batijournal\",\"description\":\"L&#039;actualit\u00e9 du b\u00e2timent\",\"potentialAction\":[{\"@type\":\"SearchAction\",\"target\":{\"@type\":\"EntryPoint\",\"urlTemplate\":\"https:\\\/\\\/batijournal.com\\\/?s={search_term_string}\"},\"query-input\":{\"@type\":\"PropertyValueSpecification\",\"valueRequired\":true,\"valueName\":\"search_term_string\"}}],\"inLanguage\":\"fr-FR\"},{\"@type\":\"Person\",\"@id\":\"https:\\\/\\\/batijournal.com\\\/#\\\/schema\\\/person\\\/6a657e8967569e1b299972574848aa76\",\"name\":\"Bati-journal\",\"image\":{\"@type\":\"ImageObject\",\"inLanguage\":\"fr-FR\",\"@id\":\"https:\\\/\\\/secure.gravatar.com\\\/avatar\\\/a64364ea26392f9b4dd47e017ddaec74ff03aefc073b49e492e847201258f777?s=96&d=mm&r=g\",\"url\":\"https:\\\/\\\/secure.gravatar.com\\\/avatar\\\/a64364ea26392f9b4dd47e017ddaec74ff03aefc073b49e492e847201258f777?s=96&d=mm&r=g\",\"contentUrl\":\"https:\\\/\\\/secure.gravatar.com\\\/avatar\\\/a64364ea26392f9b4dd47e017ddaec74ff03aefc073b49e492e847201258f777?s=96&d=mm&r=g\",\"caption\":\"Bati-journal\"},\"url\":\"https:\\\/\\\/batijournal.com\\\/index.php\\\/author\\\/elodie\\\/\"}]}<\/script>\n<!-- \/ Yoast SEO plugin. -->","yoast_head_json":{"title":"Hommage \u00e0 l'un des \"p\u00e8res fondateurs de la ville durable\"","robots":{"index":"index","follow":"follow","max-snippet":"max-snippet:-1","max-image-preview":"max-image-preview:large","max-video-preview":"max-video-preview:-1"},"canonical":"https:\/\/batijournal.com\/index.php\/hommage-a-lun-des-peres-fondateurs-de-la-ville-durable\/76215\/","og_locale":"fr_FR","og_type":"article","og_title":"Hommage \u00e0 l'un des \"p\u00e8res fondateurs de la ville durable\"","og_description":"Ayant appris avec tristesse le d\u00e9c\u00e8s de l&rsquo;architecte Claude Vasconi, survenu le 8 d\u00e9cembre 2009 \u00e0 l&rsquo;issue d&rsquo;une longue maladie, Jean-Louis Borloo, ministre de l&rsquo;Ecologie, de l&rsquo;Energie, du D\u00e9veloppement durable et de la Mer, en charge des Technologies vertes et des N\u00e9gociations sur le Climat, a tenu \u00e0 rendre hommage \u00e0 son engagement en faveur [&hellip;]","og_url":"https:\/\/batijournal.com\/index.php\/hommage-a-lun-des-peres-fondateurs-de-la-ville-durable\/76215\/","og_site_name":"Batijournal","article_published_time":"2009-12-10T23:00:00+00:00","article_modified_time":"2019-07-15T09:19:45+00:00","og_image":[{"width":600,"height":401,"url":"https:\/\/batijournal.com\/wp-content\/uploads\/2015\/03\/080378701.jpg","type":"image\/jpeg"}],"author":"Bati-journal","twitter_card":"summary_large_image","twitter_creator":"@bati_journal","twitter_site":"@bati_journal","twitter_misc":{"\u00c9crit par":"Bati-journal","Dur\u00e9e de lecture estim\u00e9e":"1 minute"},"schema":{"@context":"https:\/\/schema.org","@graph":[{"@type":"Article","@id":"https:\/\/batijournal.com\/index.php\/hommage-a-lun-des-peres-fondateurs-de-la-ville-durable\/76215\/#article","isPartOf":{"@id":"https:\/\/batijournal.com\/index.php\/hommage-a-lun-des-peres-fondateurs-de-la-ville-durable\/76215\/"},"author":{"name":"Bati-journal","@id":"https:\/\/batijournal.com\/#\/schema\/person\/6a657e8967569e1b299972574848aa76"},"headline":"Hommage \u00e0 l&rsquo;un des \u00ab\u00a0p\u00e8res fondateurs de la ville durable\u00a0\u00bb","datePublished":"2009-12-10T23:00:00+00:00","dateModified":"2019-07-15T09:19:45+00:00","mainEntityOfPage":{"@id":"https:\/\/batijournal.com\/index.php\/hommage-a-lun-des-peres-fondateurs-de-la-ville-durable\/76215\/"},"wordCount":228,"commentCount":0,"image":{"@id":"https:\/\/batijournal.com\/index.php\/hommage-a-lun-des-peres-fondateurs-de-la-ville-durable\/76215\/#primaryimage"},"thumbnailUrl":"https:\/\/batijournal.com\/wp-content\/uploads\/2015\/03\/080378701.jpg","keywords":["Fondation","hommage","ville durable"],"articleSection":["Architecture &amp; Conception"],"inLanguage":"fr-FR","potentialAction":[{"@type":"CommentAction","name":"Comment","target":["https:\/\/batijournal.com\/index.php\/hommage-a-lun-des-peres-fondateurs-de-la-ville-durable\/76215\/#respond"]}]},{"@type":"WebPage","@id":"https:\/\/batijournal.com\/index.php\/hommage-a-lun-des-peres-fondateurs-de-la-ville-durable\/76215\/","url":"https:\/\/batijournal.com\/index.php\/hommage-a-lun-des-peres-fondateurs-de-la-ville-durable\/76215\/","name":"Hommage \u00e0 l'un des \"p\u00e8res fondateurs de la ville durable\"","isPartOf":{"@id":"https:\/\/batijournal.com\/#website"},"primaryImageOfPage":{"@id":"https:\/\/batijournal.com\/index.php\/hommage-a-lun-des-peres-fondateurs-de-la-ville-durable\/76215\/#primaryimage"},"image":{"@id":"https:\/\/batijournal.com\/index.php\/hommage-a-lun-des-peres-fondateurs-de-la-ville-durable\/76215\/#primaryimage"},"thumbnailUrl":"https:\/\/batijournal.com\/wp-content\/uploads\/2015\/03\/080378701.jpg","datePublished":"2009-12-10T23:00:00+00:00","dateModified":"2019-07-15T09:19:45+00:00","author":{"@id":"https:\/\/batijournal.com\/#\/schema\/person\/6a657e8967569e1b299972574848aa76"},"breadcrumb":{"@id":"https:\/\/batijournal.com\/index.php\/hommage-a-lun-des-peres-fondateurs-de-la-ville-durable\/76215\/#breadcrumb"},"inLanguage":"fr-FR","potentialAction":[{"@type":"ReadAction","target":["https:\/\/batijournal.com\/index.php\/hommage-a-lun-des-peres-fondateurs-de-la-ville-durable\/76215\/"]}]},{"@type":"ImageObject","inLanguage":"fr-FR","@id":"https:\/\/batijournal.com\/index.php\/hommage-a-lun-des-peres-fondateurs-de-la-ville-durable\/76215\/#primaryimage","url":"https:\/\/batijournal.com\/wp-content\/uploads\/2015\/03\/080378701.jpg","contentUrl":"https:\/\/batijournal.com\/wp-content\/uploads\/2015\/03\/080378701.jpg","width":600,"height":401},{"@type":"BreadcrumbList","@id":"https:\/\/batijournal.com\/index.php\/hommage-a-lun-des-peres-fondateurs-de-la-ville-durable\/76215\/#breadcrumb","itemListElement":[{"@type":"ListItem","position":1,"name":"Accueil","item":"https:\/\/batijournal.com\/"},{"@type":"ListItem","position":2,"name":"Actualit\u00e9s","item":"https:\/\/batijournal.com\/index.php\/category\/actualites\/"},{"@type":"ListItem","position":3,"name":"Architecture &amp; Conception","item":"https:\/\/batijournal.com\/index.php\/category\/actualites\/architecture-conception\/"},{"@type":"ListItem","position":4,"name":"Hommage \u00e0 l&rsquo;un des \u00ab\u00a0p\u00e8res fondateurs de la ville durable\u00a0\u00bb"}]},{"@type":"WebSite","@id":"https:\/\/batijournal.com\/#website","url":"https:\/\/batijournal.com\/","name":"Batijournal","description":"L&#039;actualit\u00e9 du b\u00e2timent","potentialAction":[{"@type":"SearchAction","target":{"@type":"EntryPoint","urlTemplate":"https:\/\/batijournal.com\/?s={search_term_string}"},"query-input":{"@type":"PropertyValueSpecification","valueRequired":true,"valueName":"search_term_string"}}],"inLanguage":"fr-FR"},{"@type":"Person","@id":"https:\/\/batijournal.com\/#\/schema\/person\/6a657e8967569e1b299972574848aa76","name":"Bati-journal","image":{"@type":"ImageObject","inLanguage":"fr-FR","@id":"https:\/\/secure.gravatar.com\/avatar\/a64364ea26392f9b4dd47e017ddaec74ff03aefc073b49e492e847201258f777?s=96&d=mm&r=g","url":"https:\/\/secure.gravatar.com\/avatar\/a64364ea26392f9b4dd47e017ddaec74ff03aefc073b49e492e847201258f777?s=96&d=mm&r=g","contentUrl":"https:\/\/secure.gravatar.com\/avatar\/a64364ea26392f9b4dd47e017ddaec74ff03aefc073b49e492e847201258f777?s=96&d=mm&r=g","caption":"Bati-journal"},"url":"https:\/\/batijournal.com\/index.php\/author\/elodie\/"}]}},"_links":{"self":[{"href":"https:\/\/batijournal.com\/index.php\/wp-json\/wp\/v2\/posts\/76215","targetHints":{"allow":["GET"]}}],"collection":[{"href":"https:\/\/batijournal.com\/index.php\/wp-json\/wp\/v2\/posts"}],"about":[{"href":"https:\/\/batijournal.com\/index.php\/wp-json\/wp\/v2\/types\/post"}],"author":[{"embeddable":true,"href":"https:\/\/batijournal.com\/index.php\/wp-json\/wp\/v2\/users\/1"}],"replies":[{"embeddable":true,"href":"https:\/\/batijournal.com\/index.php\/wp-json\/wp\/v2\/comments?post=76215"}],"version-history":[{"count":0,"href":"https:\/\/batijournal.com\/index.php\/wp-json\/wp\/v2\/posts\/76215\/revisions"}],"wp:featuredmedia":[{"embeddable":true,"href":"https:\/\/batijournal.com\/index.php\/wp-json\/wp\/v2\/media\/76216"}],"wp:attachment":[{"href":"https:\/\/batijournal.com\/index.php\/wp-json\/wp\/v2\/media?parent=76215"}],"wp:term":[{"taxonomy":"category","embeddable":true,"href":"https:\/\/batijournal.com\/index.php\/wp-json\/wp\/v2\/categories?post=76215"},{"taxonomy":"post_tag","embeddable":true,"href":"https:\/\/batijournal.com\/index.php\/wp-json\/wp\/v2\/tags?post=76215"}],"curies":[{"name":"wp","href":"https:\/\/api.w.org\/{rel}","templated":true}]}}