{"id":76219,"date":"2010-01-27T00:00:00","date_gmt":"2010-01-26T23:00:00","guid":{"rendered":"http:\/\/b.bati-journal.com\/le-bassin-minier-du-nord-pas-de-calais-bientot-au-patrimoine-mondial\/76219"},"modified":"2019-07-15T11:19:44","modified_gmt":"2019-07-15T09:19:44","slug":"le-bassin-minier-du-nord-pas-de-calais-bientot-au-patrimoine-mondial","status":"publish","type":"post","link":"https:\/\/batijournal.com\/index.php\/le-bassin-minier-du-nord-pas-de-calais-bientot-au-patrimoine-mondial\/76219\/","title":{"rendered":"Le bassin minier du Nord-Pas-de-Calais bient\u00f4t au Patrimoine mondial ?"},"content":{"rendered":"<p>Le Gouvernement fran\u00e7ais, repr\u00e9sent\u00e9 par Catherine Colonna, ambassadrice, repr\u00e9sentant permanent de la France aupr\u00e8s de l&rsquo;UNESCO, a d\u00e9pos\u00e9 le dossier de proposition d&rsquo;inscription du bassin minier du Nord-Pas-de-Calais sur la Liste du Patrimoine mondial. Cette candidature concerne un paysage culturel, c&rsquo;est-\u00e0-dire un important territoire o\u00f9 se lit encore aujourd&rsquo;hui l&rsquo;activit\u00e9 mini\u00e8re, \u00e0 travers les installations techniques (terrils, puits de mine, chevalements, installations de traitement et de transport du charbon, les formes d&rsquo;habitat (cit\u00e9s ouvri\u00e8res sans nombre avec leurs \u00e9coles, leurs dispensaires, leurs \u00e9glises), la silhouette du paysage, etc. Fr\u00e9d\u00e9ric Mitterrand salue de cette candidature exceptionnelle par son sujet et son ampleur, qui, en outre, est port\u00e9e avec passion et \u00e9motion par toute une r\u00e9gion. (Source Minist\u00e8re de la culture et de la communication)<\/p>\n","protected":false},"excerpt":{"rendered":"<p>Le Gouvernement fran\u00e7ais, repr\u00e9sent\u00e9 par Catherine Colonna, ambassadrice, repr\u00e9sentant permanent de la France aupr\u00e8s de l&rsquo;UNESCO, a d\u00e9pos\u00e9 le dossier de proposition d&rsquo;inscription du bassin minier du Nord-Pas-de-Calais sur la Liste du Patrimoine mondial. Cette candidature concerne un paysage culturel, c&rsquo;est-\u00e0-dire un important territoire o\u00f9 se lit encore aujourd&rsquo;hui l&rsquo;activit\u00e9 mini\u00e8re, \u00e0 travers les installations [&hellip;]<\/p>\n","protected":false},"author":1,"featured_media":0,"comment_status":"open","ping_status":"closed","sticky":false,"template":"","format":"standard","meta":{"_et_pb_use_builder":"","_et_pb_old_content":"","_et_gb_content_width":"","footnotes":""},"categories":[6340],"tags":[3740,8381],"class_list":["post-76219","post","type-post","status-publish","format-standard","hentry","category-architecture-conception","tag-nord-pas-de-calais","tag-patrimoine-mondial"],"yoast_head":"<!-- This site is optimized with the Yoast SEO plugin v27.4 - https:\/\/yoast.com\/product\/yoast-seo-wordpress\/ -->\n<title>Le bassin minier du Nord-Pas-de-Calais bient\u00f4t au Patrimoine mondial ?<\/title>\n<meta name=\"robots\" content=\"index, follow, max-snippet:-1, max-image-preview:large, max-video-preview:-1\" \/>\n<link rel=\"canonical\" href=\"https:\/\/batijournal.com\/index.php\/le-bassin-minier-du-nord-pas-de-calais-bientot-au-patrimoine-mondial\/76219\/\" \/>\n<meta property=\"og:locale\" content=\"fr_FR\" \/>\n<meta property=\"og:type\" content=\"article\" \/>\n<meta property=\"og:title\" content=\"Le bassin minier du Nord-Pas-de-Calais bient\u00f4t au Patrimoine mondial ?\" \/>\n<meta property=\"og:description\" content=\"Le Gouvernement fran\u00e7ais, repr\u00e9sent\u00e9 par Catherine Colonna, ambassadrice, repr\u00e9sentant permanent de la France aupr\u00e8s de l&rsquo;UNESCO, a d\u00e9pos\u00e9 le dossier de proposition d&rsquo;inscription du bassin minier du Nord-Pas-de-Calais sur la Liste du Patrimoine mondial. Cette candidature concerne un paysage culturel, c&rsquo;est-\u00e0-dire un important territoire o\u00f9 se lit encore aujourd&rsquo;hui l&rsquo;activit\u00e9 mini\u00e8re, \u00e0 travers les installations [&hellip;]\" \/>\n<meta property=\"og:url\" content=\"https:\/\/batijournal.com\/index.php\/le-bassin-minier-du-nord-pas-de-calais-bientot-au-patrimoine-mondial\/76219\/\" \/>\n<meta property=\"og:site_name\" content=\"Batijournal\" \/>\n<meta property=\"article:published_time\" content=\"2010-01-26T23:00:00+00:00\" \/>\n<meta property=\"article:modified_time\" content=\"2019-07-15T09:19:44+00:00\" \/>\n<meta name=\"author\" content=\"Bati-journal\" \/>\n<meta name=\"twitter:card\" content=\"summary_large_image\" \/>\n<meta name=\"twitter:creator\" content=\"@bati_journal\" \/>\n<meta name=\"twitter:site\" content=\"@bati_journal\" \/>\n<meta name=\"twitter:label1\" content=\"\u00c9crit par\" \/>\n\t<meta name=\"twitter:data1\" content=\"Bati-journal\" \/>\n\t<meta name=\"twitter:label2\" content=\"Dur\u00e9e de lecture estim\u00e9e\" \/>\n\t<meta name=\"twitter:data2\" content=\"1 minute\" \/>\n<script type=\"application\/ld+json\" class=\"yoast-schema-graph\">{\"@context\":\"https:\\\/\\\/schema.org\",\"@graph\":[{\"@type\":\"Article\",\"@id\":\"https:\\\/\\\/batijournal.com\\\/index.php\\\/le-bassin-minier-du-nord-pas-de-calais-bientot-au-patrimoine-mondial\\\/76219\\\/#article\",\"isPartOf\":{\"@id\":\"https:\\\/\\\/batijournal.com\\\/index.php\\\/le-bassin-minier-du-nord-pas-de-calais-bientot-au-patrimoine-mondial\\\/76219\\\/\"},\"author\":{\"name\":\"Bati-journal\",\"@id\":\"https:\\\/\\\/batijournal.com\\\/#\\\/schema\\\/person\\\/6a657e8967569e1b299972574848aa76\"},\"headline\":\"Le bassin minier du Nord-Pas-de-Calais bient\u00f4t au Patrimoine mondial ?\",\"datePublished\":\"2010-01-26T23:00:00+00:00\",\"dateModified\":\"2019-07-15T09:19:44+00:00\",\"mainEntityOfPage\":{\"@id\":\"https:\\\/\\\/batijournal.com\\\/index.php\\\/le-bassin-minier-du-nord-pas-de-calais-bientot-au-patrimoine-mondial\\\/76219\\\/\"},\"wordCount\":152,\"commentCount\":0,\"keywords\":[\"Nord Pas-de-Calais\",\"patrimoine mondial\"],\"articleSection\":[\"Architecture &amp; Conception\"],\"inLanguage\":\"fr-FR\",\"potentialAction\":[{\"@type\":\"CommentAction\",\"name\":\"Comment\",\"target\":[\"https:\\\/\\\/batijournal.com\\\/index.php\\\/le-bassin-minier-du-nord-pas-de-calais-bientot-au-patrimoine-mondial\\\/76219\\\/#respond\"]}]},{\"@type\":\"WebPage\",\"@id\":\"https:\\\/\\\/batijournal.com\\\/index.php\\\/le-bassin-minier-du-nord-pas-de-calais-bientot-au-patrimoine-mondial\\\/76219\\\/\",\"url\":\"https:\\\/\\\/batijournal.com\\\/index.php\\\/le-bassin-minier-du-nord-pas-de-calais-bientot-au-patrimoine-mondial\\\/76219\\\/\",\"name\":\"Le bassin minier du Nord-Pas-de-Calais bient\u00f4t au Patrimoine mondial ?\",\"isPartOf\":{\"@id\":\"https:\\\/\\\/batijournal.com\\\/#website\"},\"datePublished\":\"2010-01-26T23:00:00+00:00\",\"dateModified\":\"2019-07-15T09:19:44+00:00\",\"author\":{\"@id\":\"https:\\\/\\\/batijournal.com\\\/#\\\/schema\\\/person\\\/6a657e8967569e1b299972574848aa76\"},\"breadcrumb\":{\"@id\":\"https:\\\/\\\/batijournal.com\\\/index.php\\\/le-bassin-minier-du-nord-pas-de-calais-bientot-au-patrimoine-mondial\\\/76219\\\/#breadcrumb\"},\"inLanguage\":\"fr-FR\",\"potentialAction\":[{\"@type\":\"ReadAction\",\"target\":[\"https:\\\/\\\/batijournal.com\\\/index.php\\\/le-bassin-minier-du-nord-pas-de-calais-bientot-au-patrimoine-mondial\\\/76219\\\/\"]}]},{\"@type\":\"BreadcrumbList\",\"@id\":\"https:\\\/\\\/batijournal.com\\\/index.php\\\/le-bassin-minier-du-nord-pas-de-calais-bientot-au-patrimoine-mondial\\\/76219\\\/#breadcrumb\",\"itemListElement\":[{\"@type\":\"ListItem\",\"position\":1,\"name\":\"Accueil\",\"item\":\"https:\\\/\\\/batijournal.com\\\/\"},{\"@type\":\"ListItem\",\"position\":2,\"name\":\"Actualit\u00e9s\",\"item\":\"https:\\\/\\\/batijournal.com\\\/index.php\\\/category\\\/actualites\\\/\"},{\"@type\":\"ListItem\",\"position\":3,\"name\":\"Architecture &amp; Conception\",\"item\":\"https:\\\/\\\/batijournal.com\\\/index.php\\\/category\\\/actualites\\\/architecture-conception\\\/\"},{\"@type\":\"ListItem\",\"position\":4,\"name\":\"Le bassin minier du Nord-Pas-de-Calais bient\u00f4t au Patrimoine mondial ?\"}]},{\"@type\":\"WebSite\",\"@id\":\"https:\\\/\\\/batijournal.com\\\/#website\",\"url\":\"https:\\\/\\\/batijournal.com\\\/\",\"name\":\"Batijournal\",\"description\":\"L&#039;actualit\u00e9 du b\u00e2timent\",\"potentialAction\":[{\"@type\":\"SearchAction\",\"target\":{\"@type\":\"EntryPoint\",\"urlTemplate\":\"https:\\\/\\\/batijournal.com\\\/?s={search_term_string}\"},\"query-input\":{\"@type\":\"PropertyValueSpecification\",\"valueRequired\":true,\"valueName\":\"search_term_string\"}}],\"inLanguage\":\"fr-FR\"},{\"@type\":\"Person\",\"@id\":\"https:\\\/\\\/batijournal.com\\\/#\\\/schema\\\/person\\\/6a657e8967569e1b299972574848aa76\",\"name\":\"Bati-journal\",\"image\":{\"@type\":\"ImageObject\",\"inLanguage\":\"fr-FR\",\"@id\":\"https:\\\/\\\/secure.gravatar.com\\\/avatar\\\/a64364ea26392f9b4dd47e017ddaec74ff03aefc073b49e492e847201258f777?s=96&d=mm&r=g\",\"url\":\"https:\\\/\\\/secure.gravatar.com\\\/avatar\\\/a64364ea26392f9b4dd47e017ddaec74ff03aefc073b49e492e847201258f777?s=96&d=mm&r=g\",\"contentUrl\":\"https:\\\/\\\/secure.gravatar.com\\\/avatar\\\/a64364ea26392f9b4dd47e017ddaec74ff03aefc073b49e492e847201258f777?s=96&d=mm&r=g\",\"caption\":\"Bati-journal\"},\"url\":\"https:\\\/\\\/batijournal.com\\\/index.php\\\/author\\\/elodie\\\/\"}]}<\/script>\n<!-- \/ Yoast SEO plugin. -->","yoast_head_json":{"title":"Le bassin minier du Nord-Pas-de-Calais bient\u00f4t au Patrimoine mondial ?","robots":{"index":"index","follow":"follow","max-snippet":"max-snippet:-1","max-image-preview":"max-image-preview:large","max-video-preview":"max-video-preview:-1"},"canonical":"https:\/\/batijournal.com\/index.php\/le-bassin-minier-du-nord-pas-de-calais-bientot-au-patrimoine-mondial\/76219\/","og_locale":"fr_FR","og_type":"article","og_title":"Le bassin minier du Nord-Pas-de-Calais bient\u00f4t au Patrimoine mondial ?","og_description":"Le Gouvernement fran\u00e7ais, repr\u00e9sent\u00e9 par Catherine Colonna, ambassadrice, repr\u00e9sentant permanent de la France aupr\u00e8s de l&rsquo;UNESCO, a d\u00e9pos\u00e9 le dossier de proposition d&rsquo;inscription du bassin minier du Nord-Pas-de-Calais sur la Liste du Patrimoine mondial. Cette candidature concerne un paysage culturel, c&rsquo;est-\u00e0-dire un important territoire o\u00f9 se lit encore aujourd&rsquo;hui l&rsquo;activit\u00e9 mini\u00e8re, \u00e0 travers les installations [&hellip;]","og_url":"https:\/\/batijournal.com\/index.php\/le-bassin-minier-du-nord-pas-de-calais-bientot-au-patrimoine-mondial\/76219\/","og_site_name":"Batijournal","article_published_time":"2010-01-26T23:00:00+00:00","article_modified_time":"2019-07-15T09:19:44+00:00","author":"Bati-journal","twitter_card":"summary_large_image","twitter_creator":"@bati_journal","twitter_site":"@bati_journal","twitter_misc":{"\u00c9crit par":"Bati-journal","Dur\u00e9e de lecture estim\u00e9e":"1 minute"},"schema":{"@context":"https:\/\/schema.org","@graph":[{"@type":"Article","@id":"https:\/\/batijournal.com\/index.php\/le-bassin-minier-du-nord-pas-de-calais-bientot-au-patrimoine-mondial\/76219\/#article","isPartOf":{"@id":"https:\/\/batijournal.com\/index.php\/le-bassin-minier-du-nord-pas-de-calais-bientot-au-patrimoine-mondial\/76219\/"},"author":{"name":"Bati-journal","@id":"https:\/\/batijournal.com\/#\/schema\/person\/6a657e8967569e1b299972574848aa76"},"headline":"Le bassin minier du Nord-Pas-de-Calais bient\u00f4t au Patrimoine mondial ?","datePublished":"2010-01-26T23:00:00+00:00","dateModified":"2019-07-15T09:19:44+00:00","mainEntityOfPage":{"@id":"https:\/\/batijournal.com\/index.php\/le-bassin-minier-du-nord-pas-de-calais-bientot-au-patrimoine-mondial\/76219\/"},"wordCount":152,"commentCount":0,"keywords":["Nord Pas-de-Calais","patrimoine mondial"],"articleSection":["Architecture &amp; Conception"],"inLanguage":"fr-FR","potentialAction":[{"@type":"CommentAction","name":"Comment","target":["https:\/\/batijournal.com\/index.php\/le-bassin-minier-du-nord-pas-de-calais-bientot-au-patrimoine-mondial\/76219\/#respond"]}]},{"@type":"WebPage","@id":"https:\/\/batijournal.com\/index.php\/le-bassin-minier-du-nord-pas-de-calais-bientot-au-patrimoine-mondial\/76219\/","url":"https:\/\/batijournal.com\/index.php\/le-bassin-minier-du-nord-pas-de-calais-bientot-au-patrimoine-mondial\/76219\/","name":"Le bassin minier du Nord-Pas-de-Calais bient\u00f4t au Patrimoine mondial ?","isPartOf":{"@id":"https:\/\/batijournal.com\/#website"},"datePublished":"2010-01-26T23:00:00+00:00","dateModified":"2019-07-15T09:19:44+00:00","author":{"@id":"https:\/\/batijournal.com\/#\/schema\/person\/6a657e8967569e1b299972574848aa76"},"breadcrumb":{"@id":"https:\/\/batijournal.com\/index.php\/le-bassin-minier-du-nord-pas-de-calais-bientot-au-patrimoine-mondial\/76219\/#breadcrumb"},"inLanguage":"fr-FR","potentialAction":[{"@type":"ReadAction","target":["https:\/\/batijournal.com\/index.php\/le-bassin-minier-du-nord-pas-de-calais-bientot-au-patrimoine-mondial\/76219\/"]}]},{"@type":"BreadcrumbList","@id":"https:\/\/batijournal.com\/index.php\/le-bassin-minier-du-nord-pas-de-calais-bientot-au-patrimoine-mondial\/76219\/#breadcrumb","itemListElement":[{"@type":"ListItem","position":1,"name":"Accueil","item":"https:\/\/batijournal.com\/"},{"@type":"ListItem","position":2,"name":"Actualit\u00e9s","item":"https:\/\/batijournal.com\/index.php\/category\/actualites\/"},{"@type":"ListItem","position":3,"name":"Architecture &amp; Conception","item":"https:\/\/batijournal.com\/index.php\/category\/actualites\/architecture-conception\/"},{"@type":"ListItem","position":4,"name":"Le bassin minier du Nord-Pas-de-Calais bient\u00f4t au Patrimoine mondial ?"}]},{"@type":"WebSite","@id":"https:\/\/batijournal.com\/#website","url":"https:\/\/batijournal.com\/","name":"Batijournal","description":"L&#039;actualit\u00e9 du b\u00e2timent","potentialAction":[{"@type":"SearchAction","target":{"@type":"EntryPoint","urlTemplate":"https:\/\/batijournal.com\/?s={search_term_string}"},"query-input":{"@type":"PropertyValueSpecification","valueRequired":true,"valueName":"search_term_string"}}],"inLanguage":"fr-FR"},{"@type":"Person","@id":"https:\/\/batijournal.com\/#\/schema\/person\/6a657e8967569e1b299972574848aa76","name":"Bati-journal","image":{"@type":"ImageObject","inLanguage":"fr-FR","@id":"https:\/\/secure.gravatar.com\/avatar\/a64364ea26392f9b4dd47e017ddaec74ff03aefc073b49e492e847201258f777?s=96&d=mm&r=g","url":"https:\/\/secure.gravatar.com\/avatar\/a64364ea26392f9b4dd47e017ddaec74ff03aefc073b49e492e847201258f777?s=96&d=mm&r=g","contentUrl":"https:\/\/secure.gravatar.com\/avatar\/a64364ea26392f9b4dd47e017ddaec74ff03aefc073b49e492e847201258f777?s=96&d=mm&r=g","caption":"Bati-journal"},"url":"https:\/\/batijournal.com\/index.php\/author\/elodie\/"}]}},"_links":{"self":[{"href":"https:\/\/batijournal.com\/index.php\/wp-json\/wp\/v2\/posts\/76219","targetHints":{"allow":["GET"]}}],"collection":[{"href":"https:\/\/batijournal.com\/index.php\/wp-json\/wp\/v2\/posts"}],"about":[{"href":"https:\/\/batijournal.com\/index.php\/wp-json\/wp\/v2\/types\/post"}],"author":[{"embeddable":true,"href":"https:\/\/batijournal.com\/index.php\/wp-json\/wp\/v2\/users\/1"}],"replies":[{"embeddable":true,"href":"https:\/\/batijournal.com\/index.php\/wp-json\/wp\/v2\/comments?post=76219"}],"version-history":[{"count":0,"href":"https:\/\/batijournal.com\/index.php\/wp-json\/wp\/v2\/posts\/76219\/revisions"}],"wp:attachment":[{"href":"https:\/\/batijournal.com\/index.php\/wp-json\/wp\/v2\/media?parent=76219"}],"wp:term":[{"taxonomy":"category","embeddable":true,"href":"https:\/\/batijournal.com\/index.php\/wp-json\/wp\/v2\/categories?post=76219"},{"taxonomy":"post_tag","embeddable":true,"href":"https:\/\/batijournal.com\/index.php\/wp-json\/wp\/v2\/tags?post=76219"}],"curies":[{"name":"wp","href":"https:\/\/api.w.org\/{rel}","templated":true}]}}