{"id":76220,"date":"2010-02-03T00:00:00","date_gmt":"2010-02-02T23:00:00","guid":{"rendered":"http:\/\/b.bati-journal.com\/les-glaives-voles-du-roi-jerome-reviennent-au-chateau-de-fontainebleau\/76220"},"modified":"2019-07-15T11:19:44","modified_gmt":"2019-07-15T09:19:44","slug":"les-glaives-voles-du-roi-jerome-reviennent-au-chateau-de-fontainebleau","status":"publish","type":"post","link":"https:\/\/batijournal.com\/index.php\/les-glaives-voles-du-roi-jerome-reviennent-au-chateau-de-fontainebleau\/76220\/","title":{"rendered":"Les glaives vol\u00e9s du roi J\u00e9r\u00f4me reviennent au ch\u00e2teau de Fontainebleau"},"content":{"rendered":"<p>Fr\u00e9d\u00e9ric Mitterrand a remis officiellement \u00e0 Jean-Fran\u00e7ois H\u00e9bert, pr\u00e9sident de l\u0092&rsquo;\u00e9tablissement public du domaine et ch\u00e2teau de Fontainebleau, les deux glaives qui avaient \u00e9t\u00e9 vol\u00e9s dans la nuit du 15 au 16 novembre 1995. L&rsquo;\u0092Office Central de lutte contre le trafic des Biens Culturels (OCBC), et la Direction R\u00e9gionale de Police Judiciaire (DRPJ) de Versailles avaient \u00e9t\u00e9 saisis imm\u00e9diatement par le juge d\u0092instruction du Tribunal de Grande Instance de Fontainebleau afin de diligenter l\u0092&rsquo;enqu\u00eate. Les objets \u00e9taient d\u00e9tenus par un receleur n\u00e9erlandais, incarc\u00e9r\u00e9 aux Pays-Bas. Ils ont \u00e9t\u00e9 restitu\u00e9s \u00e0 la France le 23 octobre 2009, \u00e0 la suite de l&rsquo;\u0092intervention de l&rsquo;\u0092OCBC. Ces deux glaives ont \u00e9t\u00e9 command\u00e9s en 1807 par J\u00e9r\u00f4me Bonaparte \u00e0 l\u0092&rsquo;orf\u00e8vre Martin-Guillaume Biennais, fournisseur attitr\u00e9 de l\u0092&rsquo;Empereur et de la Cour imp\u00e9riale. Le premier glaive, appel\u00e9 glaive royal de Westphalie, r\u00e9alis\u00e9 en or, acier, et orn\u00e9 de chrysoprases aurait d\u00fb \u00eatre port\u00e9 pour le couronnement de J\u00e9r\u00f4me en tant que roi de Westphalie qui n&rsquo;a jamais eu lieu. Ce glaive est d\u0092&rsquo;ailleurs repr\u00e9sent\u00e9 dans un portrait \u00e9questre du roi J\u00e9r\u00f4me, peint par le Baron Gros et conserv\u00e9 au Ch\u00e2teau de Versailles. Le deuxi\u00e8me glaive, appel\u00e9 glaive royal de c\u00e9r\u00e9monie, dont le fourreau et la fus\u00e9e ont \u00e9t\u00e9 r\u00e9alis\u00e9s en \u00e9caille de tortue, \u00e9tait port\u00e9 lors de certaines manifestations officielles. Ces deux glaives ont \u00e9t\u00e9 donn\u00e9s \u00e0 l\u0092&rsquo;Etat en 1979 par Louis Napol\u00e9on Bonaparte (1914-1997), fils du Prince Victor Napol\u00e9on, et arri\u00e8re petit- fils du roi J\u00e9r\u00f4me. (Source : Minist\u00e8re de la culture et de la communication)<\/p>\n","protected":false},"excerpt":{"rendered":"<p>Fr\u00e9d\u00e9ric Mitterrand a remis officiellement \u00e0 Jean-Fran\u00e7ois H\u00e9bert, pr\u00e9sident de l\u0092&rsquo;\u00e9tablissement public du domaine et ch\u00e2teau de Fontainebleau, les deux glaives qui avaient \u00e9t\u00e9 vol\u00e9s dans la nuit du 15 au 16 novembre 1995. L&rsquo;\u0092Office Central de lutte contre le trafic des Biens Culturels (OCBC), et la Direction R\u00e9gionale de Police Judiciaire (DRPJ) de Versailles [&hellip;]<\/p>\n","protected":false},"author":1,"featured_media":0,"comment_status":"open","ping_status":"closed","sticky":false,"template":"","format":"standard","meta":{"_et_pb_use_builder":"","_et_pb_old_content":"","_et_gb_content_width":"","footnotes":""},"categories":[6340],"tags":[6995],"class_list":["post-76220","post","type-post","status-publish","format-standard","hentry","category-architecture-conception","tag-chateau-de-fontainebleau"],"yoast_head":"<!-- This site is optimized with the Yoast SEO plugin v27.4 - https:\/\/yoast.com\/product\/yoast-seo-wordpress\/ -->\n<title>Les glaives vol\u00e9s du roi J\u00e9r\u00f4me reviennent au ch\u00e2teau de Fontainebleau<\/title>\n<meta name=\"robots\" content=\"index, follow, max-snippet:-1, max-image-preview:large, max-video-preview:-1\" \/>\n<link rel=\"canonical\" href=\"https:\/\/batijournal.com\/index.php\/les-glaives-voles-du-roi-jerome-reviennent-au-chateau-de-fontainebleau\/76220\/\" \/>\n<meta property=\"og:locale\" content=\"fr_FR\" \/>\n<meta property=\"og:type\" content=\"article\" \/>\n<meta property=\"og:title\" content=\"Les glaives vol\u00e9s du roi J\u00e9r\u00f4me reviennent au ch\u00e2teau de Fontainebleau\" \/>\n<meta property=\"og:description\" content=\"Fr\u00e9d\u00e9ric Mitterrand a remis officiellement \u00e0 Jean-Fran\u00e7ois H\u00e9bert, pr\u00e9sident de l\u0092&rsquo;\u00e9tablissement public du domaine et ch\u00e2teau de Fontainebleau, les deux glaives qui avaient \u00e9t\u00e9 vol\u00e9s dans la nuit du 15 au 16 novembre 1995. L&rsquo;\u0092Office Central de lutte contre le trafic des Biens Culturels (OCBC), et la Direction R\u00e9gionale de Police Judiciaire (DRPJ) de Versailles [&hellip;]\" \/>\n<meta property=\"og:url\" content=\"https:\/\/batijournal.com\/index.php\/les-glaives-voles-du-roi-jerome-reviennent-au-chateau-de-fontainebleau\/76220\/\" \/>\n<meta property=\"og:site_name\" content=\"Batijournal\" \/>\n<meta property=\"article:published_time\" content=\"2010-02-02T23:00:00+00:00\" \/>\n<meta property=\"article:modified_time\" content=\"2019-07-15T09:19:44+00:00\" \/>\n<meta name=\"author\" content=\"Bati-journal\" \/>\n<meta name=\"twitter:card\" content=\"summary_large_image\" \/>\n<meta name=\"twitter:creator\" content=\"@bati_journal\" \/>\n<meta name=\"twitter:site\" content=\"@bati_journal\" \/>\n<meta name=\"twitter:label1\" content=\"\u00c9crit par\" \/>\n\t<meta name=\"twitter:data1\" content=\"Bati-journal\" \/>\n\t<meta name=\"twitter:label2\" content=\"Dur\u00e9e de lecture estim\u00e9e\" \/>\n\t<meta name=\"twitter:data2\" content=\"1 minute\" \/>\n<script type=\"application\/ld+json\" class=\"yoast-schema-graph\">{\"@context\":\"https:\\\/\\\/schema.org\",\"@graph\":[{\"@type\":\"Article\",\"@id\":\"https:\\\/\\\/batijournal.com\\\/index.php\\\/les-glaives-voles-du-roi-jerome-reviennent-au-chateau-de-fontainebleau\\\/76220\\\/#article\",\"isPartOf\":{\"@id\":\"https:\\\/\\\/batijournal.com\\\/index.php\\\/les-glaives-voles-du-roi-jerome-reviennent-au-chateau-de-fontainebleau\\\/76220\\\/\"},\"author\":{\"name\":\"Bati-journal\",\"@id\":\"https:\\\/\\\/batijournal.com\\\/#\\\/schema\\\/person\\\/6a657e8967569e1b299972574848aa76\"},\"headline\":\"Les glaives vol\u00e9s du roi J\u00e9r\u00f4me reviennent au ch\u00e2teau de Fontainebleau\",\"datePublished\":\"2010-02-02T23:00:00+00:00\",\"dateModified\":\"2019-07-15T09:19:44+00:00\",\"mainEntityOfPage\":{\"@id\":\"https:\\\/\\\/batijournal.com\\\/index.php\\\/les-glaives-voles-du-roi-jerome-reviennent-au-chateau-de-fontainebleau\\\/76220\\\/\"},\"wordCount\":303,\"commentCount\":0,\"keywords\":[\"chateau de fontainebleau\"],\"articleSection\":[\"Architecture &amp; Conception\"],\"inLanguage\":\"fr-FR\",\"potentialAction\":[{\"@type\":\"CommentAction\",\"name\":\"Comment\",\"target\":[\"https:\\\/\\\/batijournal.com\\\/index.php\\\/les-glaives-voles-du-roi-jerome-reviennent-au-chateau-de-fontainebleau\\\/76220\\\/#respond\"]}]},{\"@type\":\"WebPage\",\"@id\":\"https:\\\/\\\/batijournal.com\\\/index.php\\\/les-glaives-voles-du-roi-jerome-reviennent-au-chateau-de-fontainebleau\\\/76220\\\/\",\"url\":\"https:\\\/\\\/batijournal.com\\\/index.php\\\/les-glaives-voles-du-roi-jerome-reviennent-au-chateau-de-fontainebleau\\\/76220\\\/\",\"name\":\"Les glaives vol\u00e9s du roi J\u00e9r\u00f4me reviennent au ch\u00e2teau de Fontainebleau\",\"isPartOf\":{\"@id\":\"https:\\\/\\\/batijournal.com\\\/#website\"},\"datePublished\":\"2010-02-02T23:00:00+00:00\",\"dateModified\":\"2019-07-15T09:19:44+00:00\",\"author\":{\"@id\":\"https:\\\/\\\/batijournal.com\\\/#\\\/schema\\\/person\\\/6a657e8967569e1b299972574848aa76\"},\"breadcrumb\":{\"@id\":\"https:\\\/\\\/batijournal.com\\\/index.php\\\/les-glaives-voles-du-roi-jerome-reviennent-au-chateau-de-fontainebleau\\\/76220\\\/#breadcrumb\"},\"inLanguage\":\"fr-FR\",\"potentialAction\":[{\"@type\":\"ReadAction\",\"target\":[\"https:\\\/\\\/batijournal.com\\\/index.php\\\/les-glaives-voles-du-roi-jerome-reviennent-au-chateau-de-fontainebleau\\\/76220\\\/\"]}]},{\"@type\":\"BreadcrumbList\",\"@id\":\"https:\\\/\\\/batijournal.com\\\/index.php\\\/les-glaives-voles-du-roi-jerome-reviennent-au-chateau-de-fontainebleau\\\/76220\\\/#breadcrumb\",\"itemListElement\":[{\"@type\":\"ListItem\",\"position\":1,\"name\":\"Accueil\",\"item\":\"https:\\\/\\\/batijournal.com\\\/\"},{\"@type\":\"ListItem\",\"position\":2,\"name\":\"Actualit\u00e9s\",\"item\":\"https:\\\/\\\/batijournal.com\\\/index.php\\\/category\\\/actualites\\\/\"},{\"@type\":\"ListItem\",\"position\":3,\"name\":\"Architecture &amp; Conception\",\"item\":\"https:\\\/\\\/batijournal.com\\\/index.php\\\/category\\\/actualites\\\/architecture-conception\\\/\"},{\"@type\":\"ListItem\",\"position\":4,\"name\":\"Les glaives vol\u00e9s du roi J\u00e9r\u00f4me reviennent au ch\u00e2teau de Fontainebleau\"}]},{\"@type\":\"WebSite\",\"@id\":\"https:\\\/\\\/batijournal.com\\\/#website\",\"url\":\"https:\\\/\\\/batijournal.com\\\/\",\"name\":\"Batijournal\",\"description\":\"L&#039;actualit\u00e9 du b\u00e2timent\",\"potentialAction\":[{\"@type\":\"SearchAction\",\"target\":{\"@type\":\"EntryPoint\",\"urlTemplate\":\"https:\\\/\\\/batijournal.com\\\/?s={search_term_string}\"},\"query-input\":{\"@type\":\"PropertyValueSpecification\",\"valueRequired\":true,\"valueName\":\"search_term_string\"}}],\"inLanguage\":\"fr-FR\"},{\"@type\":\"Person\",\"@id\":\"https:\\\/\\\/batijournal.com\\\/#\\\/schema\\\/person\\\/6a657e8967569e1b299972574848aa76\",\"name\":\"Bati-journal\",\"image\":{\"@type\":\"ImageObject\",\"inLanguage\":\"fr-FR\",\"@id\":\"https:\\\/\\\/secure.gravatar.com\\\/avatar\\\/a64364ea26392f9b4dd47e017ddaec74ff03aefc073b49e492e847201258f777?s=96&d=mm&r=g\",\"url\":\"https:\\\/\\\/secure.gravatar.com\\\/avatar\\\/a64364ea26392f9b4dd47e017ddaec74ff03aefc073b49e492e847201258f777?s=96&d=mm&r=g\",\"contentUrl\":\"https:\\\/\\\/secure.gravatar.com\\\/avatar\\\/a64364ea26392f9b4dd47e017ddaec74ff03aefc073b49e492e847201258f777?s=96&d=mm&r=g\",\"caption\":\"Bati-journal\"},\"url\":\"https:\\\/\\\/batijournal.com\\\/index.php\\\/author\\\/elodie\\\/\"}]}<\/script>\n<!-- \/ Yoast SEO plugin. -->","yoast_head_json":{"title":"Les glaives vol\u00e9s du roi J\u00e9r\u00f4me reviennent au ch\u00e2teau de Fontainebleau","robots":{"index":"index","follow":"follow","max-snippet":"max-snippet:-1","max-image-preview":"max-image-preview:large","max-video-preview":"max-video-preview:-1"},"canonical":"https:\/\/batijournal.com\/index.php\/les-glaives-voles-du-roi-jerome-reviennent-au-chateau-de-fontainebleau\/76220\/","og_locale":"fr_FR","og_type":"article","og_title":"Les glaives vol\u00e9s du roi J\u00e9r\u00f4me reviennent au ch\u00e2teau de Fontainebleau","og_description":"Fr\u00e9d\u00e9ric Mitterrand a remis officiellement \u00e0 Jean-Fran\u00e7ois H\u00e9bert, pr\u00e9sident de l\u0092&rsquo;\u00e9tablissement public du domaine et ch\u00e2teau de Fontainebleau, les deux glaives qui avaient \u00e9t\u00e9 vol\u00e9s dans la nuit du 15 au 16 novembre 1995. L&rsquo;\u0092Office Central de lutte contre le trafic des Biens Culturels (OCBC), et la Direction R\u00e9gionale de Police Judiciaire (DRPJ) de Versailles [&hellip;]","og_url":"https:\/\/batijournal.com\/index.php\/les-glaives-voles-du-roi-jerome-reviennent-au-chateau-de-fontainebleau\/76220\/","og_site_name":"Batijournal","article_published_time":"2010-02-02T23:00:00+00:00","article_modified_time":"2019-07-15T09:19:44+00:00","author":"Bati-journal","twitter_card":"summary_large_image","twitter_creator":"@bati_journal","twitter_site":"@bati_journal","twitter_misc":{"\u00c9crit par":"Bati-journal","Dur\u00e9e de lecture estim\u00e9e":"1 minute"},"schema":{"@context":"https:\/\/schema.org","@graph":[{"@type":"Article","@id":"https:\/\/batijournal.com\/index.php\/les-glaives-voles-du-roi-jerome-reviennent-au-chateau-de-fontainebleau\/76220\/#article","isPartOf":{"@id":"https:\/\/batijournal.com\/index.php\/les-glaives-voles-du-roi-jerome-reviennent-au-chateau-de-fontainebleau\/76220\/"},"author":{"name":"Bati-journal","@id":"https:\/\/batijournal.com\/#\/schema\/person\/6a657e8967569e1b299972574848aa76"},"headline":"Les glaives vol\u00e9s du roi J\u00e9r\u00f4me reviennent au ch\u00e2teau de Fontainebleau","datePublished":"2010-02-02T23:00:00+00:00","dateModified":"2019-07-15T09:19:44+00:00","mainEntityOfPage":{"@id":"https:\/\/batijournal.com\/index.php\/les-glaives-voles-du-roi-jerome-reviennent-au-chateau-de-fontainebleau\/76220\/"},"wordCount":303,"commentCount":0,"keywords":["chateau de fontainebleau"],"articleSection":["Architecture &amp; Conception"],"inLanguage":"fr-FR","potentialAction":[{"@type":"CommentAction","name":"Comment","target":["https:\/\/batijournal.com\/index.php\/les-glaives-voles-du-roi-jerome-reviennent-au-chateau-de-fontainebleau\/76220\/#respond"]}]},{"@type":"WebPage","@id":"https:\/\/batijournal.com\/index.php\/les-glaives-voles-du-roi-jerome-reviennent-au-chateau-de-fontainebleau\/76220\/","url":"https:\/\/batijournal.com\/index.php\/les-glaives-voles-du-roi-jerome-reviennent-au-chateau-de-fontainebleau\/76220\/","name":"Les glaives vol\u00e9s du roi J\u00e9r\u00f4me reviennent au ch\u00e2teau de Fontainebleau","isPartOf":{"@id":"https:\/\/batijournal.com\/#website"},"datePublished":"2010-02-02T23:00:00+00:00","dateModified":"2019-07-15T09:19:44+00:00","author":{"@id":"https:\/\/batijournal.com\/#\/schema\/person\/6a657e8967569e1b299972574848aa76"},"breadcrumb":{"@id":"https:\/\/batijournal.com\/index.php\/les-glaives-voles-du-roi-jerome-reviennent-au-chateau-de-fontainebleau\/76220\/#breadcrumb"},"inLanguage":"fr-FR","potentialAction":[{"@type":"ReadAction","target":["https:\/\/batijournal.com\/index.php\/les-glaives-voles-du-roi-jerome-reviennent-au-chateau-de-fontainebleau\/76220\/"]}]},{"@type":"BreadcrumbList","@id":"https:\/\/batijournal.com\/index.php\/les-glaives-voles-du-roi-jerome-reviennent-au-chateau-de-fontainebleau\/76220\/#breadcrumb","itemListElement":[{"@type":"ListItem","position":1,"name":"Accueil","item":"https:\/\/batijournal.com\/"},{"@type":"ListItem","position":2,"name":"Actualit\u00e9s","item":"https:\/\/batijournal.com\/index.php\/category\/actualites\/"},{"@type":"ListItem","position":3,"name":"Architecture &amp; Conception","item":"https:\/\/batijournal.com\/index.php\/category\/actualites\/architecture-conception\/"},{"@type":"ListItem","position":4,"name":"Les glaives vol\u00e9s du roi J\u00e9r\u00f4me reviennent au ch\u00e2teau de Fontainebleau"}]},{"@type":"WebSite","@id":"https:\/\/batijournal.com\/#website","url":"https:\/\/batijournal.com\/","name":"Batijournal","description":"L&#039;actualit\u00e9 du b\u00e2timent","potentialAction":[{"@type":"SearchAction","target":{"@type":"EntryPoint","urlTemplate":"https:\/\/batijournal.com\/?s={search_term_string}"},"query-input":{"@type":"PropertyValueSpecification","valueRequired":true,"valueName":"search_term_string"}}],"inLanguage":"fr-FR"},{"@type":"Person","@id":"https:\/\/batijournal.com\/#\/schema\/person\/6a657e8967569e1b299972574848aa76","name":"Bati-journal","image":{"@type":"ImageObject","inLanguage":"fr-FR","@id":"https:\/\/secure.gravatar.com\/avatar\/a64364ea26392f9b4dd47e017ddaec74ff03aefc073b49e492e847201258f777?s=96&d=mm&r=g","url":"https:\/\/secure.gravatar.com\/avatar\/a64364ea26392f9b4dd47e017ddaec74ff03aefc073b49e492e847201258f777?s=96&d=mm&r=g","contentUrl":"https:\/\/secure.gravatar.com\/avatar\/a64364ea26392f9b4dd47e017ddaec74ff03aefc073b49e492e847201258f777?s=96&d=mm&r=g","caption":"Bati-journal"},"url":"https:\/\/batijournal.com\/index.php\/author\/elodie\/"}]}},"_links":{"self":[{"href":"https:\/\/batijournal.com\/index.php\/wp-json\/wp\/v2\/posts\/76220","targetHints":{"allow":["GET"]}}],"collection":[{"href":"https:\/\/batijournal.com\/index.php\/wp-json\/wp\/v2\/posts"}],"about":[{"href":"https:\/\/batijournal.com\/index.php\/wp-json\/wp\/v2\/types\/post"}],"author":[{"embeddable":true,"href":"https:\/\/batijournal.com\/index.php\/wp-json\/wp\/v2\/users\/1"}],"replies":[{"embeddable":true,"href":"https:\/\/batijournal.com\/index.php\/wp-json\/wp\/v2\/comments?post=76220"}],"version-history":[{"count":0,"href":"https:\/\/batijournal.com\/index.php\/wp-json\/wp\/v2\/posts\/76220\/revisions"}],"wp:attachment":[{"href":"https:\/\/batijournal.com\/index.php\/wp-json\/wp\/v2\/media?parent=76220"}],"wp:term":[{"taxonomy":"category","embeddable":true,"href":"https:\/\/batijournal.com\/index.php\/wp-json\/wp\/v2\/categories?post=76220"},{"taxonomy":"post_tag","embeddable":true,"href":"https:\/\/batijournal.com\/index.php\/wp-json\/wp\/v2\/tags?post=76220"}],"curies":[{"name":"wp","href":"https:\/\/api.w.org\/{rel}","templated":true}]}}