{"id":76222,"date":"2010-02-10T00:00:00","date_gmt":"2010-02-09T23:00:00","guid":{"rendered":"http:\/\/b.bati-journal.com\/cite-de-larchitecture-et-du-patrimoine-une-affaire-durable\/76222"},"modified":"2019-07-15T11:19:44","modified_gmt":"2019-07-15T09:19:44","slug":"cite-de-larchitecture-et-du-patrimoine-une-affaire-durable","status":"publish","type":"post","link":"https:\/\/batijournal.com\/index.php\/cite-de-larchitecture-et-du-patrimoine-une-affaire-durable\/76222\/","title":{"rendered":"Cit\u00e9 de l&rsquo;Architecture et du Patrimoine : une affaire durable"},"content":{"rendered":"<p>En obtenant aujourd&rsquo;hui et pour un an le label Diversum, la Cit\u00e9 de l&rsquo;Architecture et du Patrimoine s&rsquo;inscrit dans une d\u00e9marche responsable, tous les placements qu&rsquo;elle utilise \u00e9tant investis \u00e0 hauteur de 25 % minimum en titres d&rsquo;\u00e9metteurs qui contribuent \u00e0 promouvoir la diversit\u00e9 culturelle.L&rsquo;\u00e9tablissement public, plac\u00e9 sous la tutelle du minist\u00e8re fran\u00e7ais de la culture et de la communication, marque ainsi d&rsquo;une mani\u00e8re originale son attachement \u00e0 des strat\u00e9gies de d\u00e9veloppement durable qui int\u00e8grent \u00e9galement la dimension culturelle. Le label Diversum Finance est accord\u00e9 sur la base d&rsquo;un audit qui se r\u00e9f\u00e8re \u00e0 un syst\u00e8me de notation ind\u00e9pendant. Il couvre \u00e0 ce jour plus de 1200 entreprises d&rsquo;Europe et d&rsquo;Am\u00e9rique du Nord, \u00e9valu\u00e9es selon leur impact sur l&rsquo;environnement culturel. Diversum est une association fran\u00e7aise ind\u00e9pendante, fond\u00e9e en 2006, avec pour objectif de contribuer \u00e0 la prise en compte des langues et des cultures dans les politiques de d\u00e9veloppement durable.<\/p>\n","protected":false},"excerpt":{"rendered":"<p>En obtenant aujourd&rsquo;hui et pour un an le label Diversum, la Cit\u00e9 de l&rsquo;Architecture et du Patrimoine s&rsquo;inscrit dans une d\u00e9marche responsable, tous les placements qu&rsquo;elle utilise \u00e9tant investis \u00e0 hauteur de 25 % minimum en titres d&rsquo;\u00e9metteurs qui contribuent \u00e0 promouvoir la diversit\u00e9 culturelle.L&rsquo;\u00e9tablissement public, plac\u00e9 sous la tutelle du minist\u00e8re fran\u00e7ais de la [&hellip;]<\/p>\n","protected":false},"author":1,"featured_media":0,"comment_status":"open","ping_status":"closed","sticky":false,"template":"","format":"standard","meta":{"_et_pb_use_builder":"","_et_pb_old_content":"","_et_gb_content_width":"","footnotes":""},"categories":[6340],"tags":[569],"class_list":["post-76222","post","type-post","status-publish","format-standard","hentry","category-architecture-conception","tag-cite-de-larchitecture-et-du-patrimoine"],"yoast_head":"<!-- This site is optimized with the Yoast SEO plugin v27.4 - https:\/\/yoast.com\/product\/yoast-seo-wordpress\/ -->\n<title>Cit\u00e9 de l&#039;Architecture et du Patrimoine : une affaire durable<\/title>\n<meta name=\"robots\" content=\"index, follow, max-snippet:-1, max-image-preview:large, max-video-preview:-1\" \/>\n<link rel=\"canonical\" href=\"https:\/\/batijournal.com\/index.php\/cite-de-larchitecture-et-du-patrimoine-une-affaire-durable\/76222\/\" \/>\n<meta property=\"og:locale\" content=\"fr_FR\" \/>\n<meta property=\"og:type\" content=\"article\" \/>\n<meta property=\"og:title\" content=\"Cit\u00e9 de l&#039;Architecture et du Patrimoine : une affaire durable\" \/>\n<meta property=\"og:description\" content=\"En obtenant aujourd&rsquo;hui et pour un an le label Diversum, la Cit\u00e9 de l&rsquo;Architecture et du Patrimoine s&rsquo;inscrit dans une d\u00e9marche responsable, tous les placements qu&rsquo;elle utilise \u00e9tant investis \u00e0 hauteur de 25 % minimum en titres d&rsquo;\u00e9metteurs qui contribuent \u00e0 promouvoir la diversit\u00e9 culturelle.L&rsquo;\u00e9tablissement public, plac\u00e9 sous la tutelle du minist\u00e8re fran\u00e7ais de la [&hellip;]\" \/>\n<meta property=\"og:url\" content=\"https:\/\/batijournal.com\/index.php\/cite-de-larchitecture-et-du-patrimoine-une-affaire-durable\/76222\/\" \/>\n<meta property=\"og:site_name\" content=\"Batijournal\" \/>\n<meta property=\"article:published_time\" content=\"2010-02-09T23:00:00+00:00\" \/>\n<meta property=\"article:modified_time\" content=\"2019-07-15T09:19:44+00:00\" \/>\n<meta name=\"author\" content=\"Bati-journal\" \/>\n<meta name=\"twitter:card\" content=\"summary_large_image\" \/>\n<meta name=\"twitter:creator\" content=\"@bati_journal\" \/>\n<meta name=\"twitter:site\" content=\"@bati_journal\" \/>\n<meta name=\"twitter:label1\" content=\"\u00c9crit par\" \/>\n\t<meta name=\"twitter:data1\" content=\"Bati-journal\" \/>\n\t<meta name=\"twitter:label2\" content=\"Dur\u00e9e de lecture estim\u00e9e\" \/>\n\t<meta name=\"twitter:data2\" content=\"1 minute\" \/>\n<script type=\"application\/ld+json\" class=\"yoast-schema-graph\">{\"@context\":\"https:\\\/\\\/schema.org\",\"@graph\":[{\"@type\":\"Article\",\"@id\":\"https:\\\/\\\/batijournal.com\\\/index.php\\\/cite-de-larchitecture-et-du-patrimoine-une-affaire-durable\\\/76222\\\/#article\",\"isPartOf\":{\"@id\":\"https:\\\/\\\/batijournal.com\\\/index.php\\\/cite-de-larchitecture-et-du-patrimoine-une-affaire-durable\\\/76222\\\/\"},\"author\":{\"name\":\"Bati-journal\",\"@id\":\"https:\\\/\\\/batijournal.com\\\/#\\\/schema\\\/person\\\/6a657e8967569e1b299972574848aa76\"},\"headline\":\"Cit\u00e9 de l&rsquo;Architecture et du Patrimoine : une affaire durable\",\"datePublished\":\"2010-02-09T23:00:00+00:00\",\"dateModified\":\"2019-07-15T09:19:44+00:00\",\"mainEntityOfPage\":{\"@id\":\"https:\\\/\\\/batijournal.com\\\/index.php\\\/cite-de-larchitecture-et-du-patrimoine-une-affaire-durable\\\/76222\\\/\"},\"wordCount\":179,\"commentCount\":0,\"keywords\":[\"Cit\u00e9 de l'architecture et du patrimoine\"],\"articleSection\":[\"Architecture &amp; Conception\"],\"inLanguage\":\"fr-FR\",\"potentialAction\":[{\"@type\":\"CommentAction\",\"name\":\"Comment\",\"target\":[\"https:\\\/\\\/batijournal.com\\\/index.php\\\/cite-de-larchitecture-et-du-patrimoine-une-affaire-durable\\\/76222\\\/#respond\"]}]},{\"@type\":\"WebPage\",\"@id\":\"https:\\\/\\\/batijournal.com\\\/index.php\\\/cite-de-larchitecture-et-du-patrimoine-une-affaire-durable\\\/76222\\\/\",\"url\":\"https:\\\/\\\/batijournal.com\\\/index.php\\\/cite-de-larchitecture-et-du-patrimoine-une-affaire-durable\\\/76222\\\/\",\"name\":\"Cit\u00e9 de l'Architecture et du Patrimoine : une affaire durable\",\"isPartOf\":{\"@id\":\"https:\\\/\\\/batijournal.com\\\/#website\"},\"datePublished\":\"2010-02-09T23:00:00+00:00\",\"dateModified\":\"2019-07-15T09:19:44+00:00\",\"author\":{\"@id\":\"https:\\\/\\\/batijournal.com\\\/#\\\/schema\\\/person\\\/6a657e8967569e1b299972574848aa76\"},\"breadcrumb\":{\"@id\":\"https:\\\/\\\/batijournal.com\\\/index.php\\\/cite-de-larchitecture-et-du-patrimoine-une-affaire-durable\\\/76222\\\/#breadcrumb\"},\"inLanguage\":\"fr-FR\",\"potentialAction\":[{\"@type\":\"ReadAction\",\"target\":[\"https:\\\/\\\/batijournal.com\\\/index.php\\\/cite-de-larchitecture-et-du-patrimoine-une-affaire-durable\\\/76222\\\/\"]}]},{\"@type\":\"BreadcrumbList\",\"@id\":\"https:\\\/\\\/batijournal.com\\\/index.php\\\/cite-de-larchitecture-et-du-patrimoine-une-affaire-durable\\\/76222\\\/#breadcrumb\",\"itemListElement\":[{\"@type\":\"ListItem\",\"position\":1,\"name\":\"Accueil\",\"item\":\"https:\\\/\\\/batijournal.com\\\/\"},{\"@type\":\"ListItem\",\"position\":2,\"name\":\"Actualit\u00e9s\",\"item\":\"https:\\\/\\\/batijournal.com\\\/index.php\\\/category\\\/actualites\\\/\"},{\"@type\":\"ListItem\",\"position\":3,\"name\":\"Architecture &amp; Conception\",\"item\":\"https:\\\/\\\/batijournal.com\\\/index.php\\\/category\\\/actualites\\\/architecture-conception\\\/\"},{\"@type\":\"ListItem\",\"position\":4,\"name\":\"Cit\u00e9 de l&rsquo;Architecture et du Patrimoine : une affaire durable\"}]},{\"@type\":\"WebSite\",\"@id\":\"https:\\\/\\\/batijournal.com\\\/#website\",\"url\":\"https:\\\/\\\/batijournal.com\\\/\",\"name\":\"Batijournal\",\"description\":\"L&#039;actualit\u00e9 du b\u00e2timent\",\"potentialAction\":[{\"@type\":\"SearchAction\",\"target\":{\"@type\":\"EntryPoint\",\"urlTemplate\":\"https:\\\/\\\/batijournal.com\\\/?s={search_term_string}\"},\"query-input\":{\"@type\":\"PropertyValueSpecification\",\"valueRequired\":true,\"valueName\":\"search_term_string\"}}],\"inLanguage\":\"fr-FR\"},{\"@type\":\"Person\",\"@id\":\"https:\\\/\\\/batijournal.com\\\/#\\\/schema\\\/person\\\/6a657e8967569e1b299972574848aa76\",\"name\":\"Bati-journal\",\"image\":{\"@type\":\"ImageObject\",\"inLanguage\":\"fr-FR\",\"@id\":\"https:\\\/\\\/secure.gravatar.com\\\/avatar\\\/a64364ea26392f9b4dd47e017ddaec74ff03aefc073b49e492e847201258f777?s=96&d=mm&r=g\",\"url\":\"https:\\\/\\\/secure.gravatar.com\\\/avatar\\\/a64364ea26392f9b4dd47e017ddaec74ff03aefc073b49e492e847201258f777?s=96&d=mm&r=g\",\"contentUrl\":\"https:\\\/\\\/secure.gravatar.com\\\/avatar\\\/a64364ea26392f9b4dd47e017ddaec74ff03aefc073b49e492e847201258f777?s=96&d=mm&r=g\",\"caption\":\"Bati-journal\"},\"url\":\"https:\\\/\\\/batijournal.com\\\/index.php\\\/author\\\/elodie\\\/\"}]}<\/script>\n<!-- \/ Yoast SEO plugin. -->","yoast_head_json":{"title":"Cit\u00e9 de l'Architecture et du Patrimoine : une affaire durable","robots":{"index":"index","follow":"follow","max-snippet":"max-snippet:-1","max-image-preview":"max-image-preview:large","max-video-preview":"max-video-preview:-1"},"canonical":"https:\/\/batijournal.com\/index.php\/cite-de-larchitecture-et-du-patrimoine-une-affaire-durable\/76222\/","og_locale":"fr_FR","og_type":"article","og_title":"Cit\u00e9 de l'Architecture et du Patrimoine : une affaire durable","og_description":"En obtenant aujourd&rsquo;hui et pour un an le label Diversum, la Cit\u00e9 de l&rsquo;Architecture et du Patrimoine s&rsquo;inscrit dans une d\u00e9marche responsable, tous les placements qu&rsquo;elle utilise \u00e9tant investis \u00e0 hauteur de 25 % minimum en titres d&rsquo;\u00e9metteurs qui contribuent \u00e0 promouvoir la diversit\u00e9 culturelle.L&rsquo;\u00e9tablissement public, plac\u00e9 sous la tutelle du minist\u00e8re fran\u00e7ais de la [&hellip;]","og_url":"https:\/\/batijournal.com\/index.php\/cite-de-larchitecture-et-du-patrimoine-une-affaire-durable\/76222\/","og_site_name":"Batijournal","article_published_time":"2010-02-09T23:00:00+00:00","article_modified_time":"2019-07-15T09:19:44+00:00","author":"Bati-journal","twitter_card":"summary_large_image","twitter_creator":"@bati_journal","twitter_site":"@bati_journal","twitter_misc":{"\u00c9crit par":"Bati-journal","Dur\u00e9e de lecture estim\u00e9e":"1 minute"},"schema":{"@context":"https:\/\/schema.org","@graph":[{"@type":"Article","@id":"https:\/\/batijournal.com\/index.php\/cite-de-larchitecture-et-du-patrimoine-une-affaire-durable\/76222\/#article","isPartOf":{"@id":"https:\/\/batijournal.com\/index.php\/cite-de-larchitecture-et-du-patrimoine-une-affaire-durable\/76222\/"},"author":{"name":"Bati-journal","@id":"https:\/\/batijournal.com\/#\/schema\/person\/6a657e8967569e1b299972574848aa76"},"headline":"Cit\u00e9 de l&rsquo;Architecture et du Patrimoine : une affaire durable","datePublished":"2010-02-09T23:00:00+00:00","dateModified":"2019-07-15T09:19:44+00:00","mainEntityOfPage":{"@id":"https:\/\/batijournal.com\/index.php\/cite-de-larchitecture-et-du-patrimoine-une-affaire-durable\/76222\/"},"wordCount":179,"commentCount":0,"keywords":["Cit\u00e9 de l'architecture et du patrimoine"],"articleSection":["Architecture &amp; Conception"],"inLanguage":"fr-FR","potentialAction":[{"@type":"CommentAction","name":"Comment","target":["https:\/\/batijournal.com\/index.php\/cite-de-larchitecture-et-du-patrimoine-une-affaire-durable\/76222\/#respond"]}]},{"@type":"WebPage","@id":"https:\/\/batijournal.com\/index.php\/cite-de-larchitecture-et-du-patrimoine-une-affaire-durable\/76222\/","url":"https:\/\/batijournal.com\/index.php\/cite-de-larchitecture-et-du-patrimoine-une-affaire-durable\/76222\/","name":"Cit\u00e9 de l'Architecture et du Patrimoine : une affaire durable","isPartOf":{"@id":"https:\/\/batijournal.com\/#website"},"datePublished":"2010-02-09T23:00:00+00:00","dateModified":"2019-07-15T09:19:44+00:00","author":{"@id":"https:\/\/batijournal.com\/#\/schema\/person\/6a657e8967569e1b299972574848aa76"},"breadcrumb":{"@id":"https:\/\/batijournal.com\/index.php\/cite-de-larchitecture-et-du-patrimoine-une-affaire-durable\/76222\/#breadcrumb"},"inLanguage":"fr-FR","potentialAction":[{"@type":"ReadAction","target":["https:\/\/batijournal.com\/index.php\/cite-de-larchitecture-et-du-patrimoine-une-affaire-durable\/76222\/"]}]},{"@type":"BreadcrumbList","@id":"https:\/\/batijournal.com\/index.php\/cite-de-larchitecture-et-du-patrimoine-une-affaire-durable\/76222\/#breadcrumb","itemListElement":[{"@type":"ListItem","position":1,"name":"Accueil","item":"https:\/\/batijournal.com\/"},{"@type":"ListItem","position":2,"name":"Actualit\u00e9s","item":"https:\/\/batijournal.com\/index.php\/category\/actualites\/"},{"@type":"ListItem","position":3,"name":"Architecture &amp; Conception","item":"https:\/\/batijournal.com\/index.php\/category\/actualites\/architecture-conception\/"},{"@type":"ListItem","position":4,"name":"Cit\u00e9 de l&rsquo;Architecture et du Patrimoine : une affaire durable"}]},{"@type":"WebSite","@id":"https:\/\/batijournal.com\/#website","url":"https:\/\/batijournal.com\/","name":"Batijournal","description":"L&#039;actualit\u00e9 du b\u00e2timent","potentialAction":[{"@type":"SearchAction","target":{"@type":"EntryPoint","urlTemplate":"https:\/\/batijournal.com\/?s={search_term_string}"},"query-input":{"@type":"PropertyValueSpecification","valueRequired":true,"valueName":"search_term_string"}}],"inLanguage":"fr-FR"},{"@type":"Person","@id":"https:\/\/batijournal.com\/#\/schema\/person\/6a657e8967569e1b299972574848aa76","name":"Bati-journal","image":{"@type":"ImageObject","inLanguage":"fr-FR","@id":"https:\/\/secure.gravatar.com\/avatar\/a64364ea26392f9b4dd47e017ddaec74ff03aefc073b49e492e847201258f777?s=96&d=mm&r=g","url":"https:\/\/secure.gravatar.com\/avatar\/a64364ea26392f9b4dd47e017ddaec74ff03aefc073b49e492e847201258f777?s=96&d=mm&r=g","contentUrl":"https:\/\/secure.gravatar.com\/avatar\/a64364ea26392f9b4dd47e017ddaec74ff03aefc073b49e492e847201258f777?s=96&d=mm&r=g","caption":"Bati-journal"},"url":"https:\/\/batijournal.com\/index.php\/author\/elodie\/"}]}},"_links":{"self":[{"href":"https:\/\/batijournal.com\/index.php\/wp-json\/wp\/v2\/posts\/76222","targetHints":{"allow":["GET"]}}],"collection":[{"href":"https:\/\/batijournal.com\/index.php\/wp-json\/wp\/v2\/posts"}],"about":[{"href":"https:\/\/batijournal.com\/index.php\/wp-json\/wp\/v2\/types\/post"}],"author":[{"embeddable":true,"href":"https:\/\/batijournal.com\/index.php\/wp-json\/wp\/v2\/users\/1"}],"replies":[{"embeddable":true,"href":"https:\/\/batijournal.com\/index.php\/wp-json\/wp\/v2\/comments?post=76222"}],"version-history":[{"count":0,"href":"https:\/\/batijournal.com\/index.php\/wp-json\/wp\/v2\/posts\/76222\/revisions"}],"wp:attachment":[{"href":"https:\/\/batijournal.com\/index.php\/wp-json\/wp\/v2\/media?parent=76222"}],"wp:term":[{"taxonomy":"category","embeddable":true,"href":"https:\/\/batijournal.com\/index.php\/wp-json\/wp\/v2\/categories?post=76222"},{"taxonomy":"post_tag","embeddable":true,"href":"https:\/\/batijournal.com\/index.php\/wp-json\/wp\/v2\/tags?post=76222"}],"curies":[{"name":"wp","href":"https:\/\/api.w.org\/{rel}","templated":true}]}}