{"id":76223,"date":"2010-02-10T00:00:00","date_gmt":"2010-02-09T23:00:00","guid":{"rendered":"http:\/\/b.bati-journal.com\/mise-en-lumiere-spectaculaire-a-saint-nicolas-de-port\/76223"},"modified":"2019-07-15T11:19:44","modified_gmt":"2019-07-15T09:19:44","slug":"mise-en-lumiere-spectaculaire-a-saint-nicolas-de-port","status":"publish","type":"post","link":"https:\/\/batijournal.com\/index.php\/mise-en-lumiere-spectaculaire-a-saint-nicolas-de-port\/76223\/","title":{"rendered":"Mise en lumi\u00e8re spectaculaire \u00e0 Saint-Nicolas-de-Port"},"content":{"rendered":"<p>Fort de son expertise dans le domaine de la mise en valeur de patrimoine, Cit\u00e9os a \u00e9t\u00e9 choisi pour illuminer la basilique Saint-Nicolas, symbole et \u00e9l\u00e9ment phare de la ville de Saint-Nicolas-de-Port (Meurthe et Moselle). La mise en lumi\u00e8re de la c\u00e9l\u00e8bre basilique a \u00e9t\u00e9 r\u00e9alis\u00e9e par les \u00e9quipes techniques de Cit\u00e9os sur une id\u00e9e originale du concepteur lumi\u00e8re Guillaume Jeol (Atelier Roland JEOL). Une grande attention a notamment \u00e9t\u00e9 port\u00e9e \u00e0 l&rsquo;int\u00e9gration du mat\u00e9riel d&rsquo;\u00e9clairage sur le b\u00e2ti p\u00e9riph\u00e9rique et l&rsquo;\u00e9difice lui-m\u00eame.Cette r\u00e9alisation permet aux lorrains de red\u00e9couvrir l&rsquo;un des plus prestigieux \u00e9difices de leur r\u00e9gion. Le projet sera pr\u00e9sent\u00e9 en d\u00e9tail dans le prochain num\u00e9ro d&rsquo;Atrium Construction (n\u00b045).<\/p>\n","protected":false},"excerpt":{"rendered":"<p>Fort de son expertise dans le domaine de la mise en valeur de patrimoine, Cit\u00e9os a \u00e9t\u00e9 choisi pour illuminer la basilique Saint-Nicolas, symbole et \u00e9l\u00e9ment phare de la ville de Saint-Nicolas-de-Port (Meurthe et Moselle). La mise en lumi\u00e8re de la c\u00e9l\u00e8bre basilique a \u00e9t\u00e9 r\u00e9alis\u00e9e par les \u00e9quipes techniques de Cit\u00e9os sur une id\u00e9e [&hellip;]<\/p>\n","protected":false},"author":1,"featured_media":76224,"comment_status":"open","ping_status":"closed","sticky":false,"template":"","format":"standard","meta":{"_et_pb_use_builder":"","_et_pb_old_content":"","_et_gb_content_width":"","footnotes":""},"categories":[6340],"tags":[5802],"class_list":["post-76223","post","type-post","status-publish","format-standard","has-post-thumbnail","hentry","category-architecture-conception","tag-illuminations"],"yoast_head":"<!-- This site is optimized with the Yoast SEO plugin v27.4 - https:\/\/yoast.com\/product\/yoast-seo-wordpress\/ -->\n<title>Mise en lumi\u00e8re spectaculaire \u00e0 Saint-Nicolas-de-Port<\/title>\n<meta name=\"robots\" content=\"index, follow, max-snippet:-1, max-image-preview:large, max-video-preview:-1\" \/>\n<link rel=\"canonical\" href=\"https:\/\/batijournal.com\/index.php\/mise-en-lumiere-spectaculaire-a-saint-nicolas-de-port\/76223\/\" \/>\n<meta property=\"og:locale\" content=\"fr_FR\" \/>\n<meta property=\"og:type\" content=\"article\" \/>\n<meta property=\"og:title\" content=\"Mise en lumi\u00e8re spectaculaire \u00e0 Saint-Nicolas-de-Port\" \/>\n<meta property=\"og:description\" content=\"Fort de son expertise dans le domaine de la mise en valeur de patrimoine, Cit\u00e9os a \u00e9t\u00e9 choisi pour illuminer la basilique Saint-Nicolas, symbole et \u00e9l\u00e9ment phare de la ville de Saint-Nicolas-de-Port (Meurthe et Moselle). La mise en lumi\u00e8re de la c\u00e9l\u00e8bre basilique a \u00e9t\u00e9 r\u00e9alis\u00e9e par les \u00e9quipes techniques de Cit\u00e9os sur une id\u00e9e [&hellip;]\" \/>\n<meta property=\"og:url\" content=\"https:\/\/batijournal.com\/index.php\/mise-en-lumiere-spectaculaire-a-saint-nicolas-de-port\/76223\/\" \/>\n<meta property=\"og:site_name\" content=\"Batijournal\" \/>\n<meta property=\"article:published_time\" content=\"2010-02-09T23:00:00+00:00\" \/>\n<meta property=\"article:modified_time\" content=\"2019-07-15T09:19:44+00:00\" \/>\n<meta property=\"og:image\" content=\"https:\/\/batijournal.com\/wp-content\/uploads\/2015\/03\/09307532.jpg\" \/>\n\t<meta property=\"og:image:width\" content=\"419\" \/>\n\t<meta property=\"og:image:height\" content=\"600\" \/>\n\t<meta property=\"og:image:type\" content=\"image\/jpeg\" \/>\n<meta name=\"author\" content=\"Bati-journal\" \/>\n<meta name=\"twitter:card\" content=\"summary_large_image\" \/>\n<meta name=\"twitter:creator\" content=\"@bati_journal\" \/>\n<meta name=\"twitter:site\" content=\"@bati_journal\" \/>\n<meta name=\"twitter:label1\" content=\"\u00c9crit par\" \/>\n\t<meta name=\"twitter:data1\" content=\"Bati-journal\" \/>\n\t<meta name=\"twitter:label2\" content=\"Dur\u00e9e de lecture estim\u00e9e\" \/>\n\t<meta name=\"twitter:data2\" content=\"1 minute\" \/>\n<script type=\"application\/ld+json\" class=\"yoast-schema-graph\">{\"@context\":\"https:\\\/\\\/schema.org\",\"@graph\":[{\"@type\":\"Article\",\"@id\":\"https:\\\/\\\/batijournal.com\\\/index.php\\\/mise-en-lumiere-spectaculaire-a-saint-nicolas-de-port\\\/76223\\\/#article\",\"isPartOf\":{\"@id\":\"https:\\\/\\\/batijournal.com\\\/index.php\\\/mise-en-lumiere-spectaculaire-a-saint-nicolas-de-port\\\/76223\\\/\"},\"author\":{\"name\":\"Bati-journal\",\"@id\":\"https:\\\/\\\/batijournal.com\\\/#\\\/schema\\\/person\\\/6a657e8967569e1b299972574848aa76\"},\"headline\":\"Mise en lumi\u00e8re spectaculaire \u00e0 Saint-Nicolas-de-Port\",\"datePublished\":\"2010-02-09T23:00:00+00:00\",\"dateModified\":\"2019-07-15T09:19:44+00:00\",\"mainEntityOfPage\":{\"@id\":\"https:\\\/\\\/batijournal.com\\\/index.php\\\/mise-en-lumiere-spectaculaire-a-saint-nicolas-de-port\\\/76223\\\/\"},\"wordCount\":144,\"commentCount\":0,\"image\":{\"@id\":\"https:\\\/\\\/batijournal.com\\\/index.php\\\/mise-en-lumiere-spectaculaire-a-saint-nicolas-de-port\\\/76223\\\/#primaryimage\"},\"thumbnailUrl\":\"https:\\\/\\\/batijournal.com\\\/wp-content\\\/uploads\\\/2015\\\/03\\\/09307532.jpg\",\"keywords\":[\"illuminations\"],\"articleSection\":[\"Architecture &amp; Conception\"],\"inLanguage\":\"fr-FR\",\"potentialAction\":[{\"@type\":\"CommentAction\",\"name\":\"Comment\",\"target\":[\"https:\\\/\\\/batijournal.com\\\/index.php\\\/mise-en-lumiere-spectaculaire-a-saint-nicolas-de-port\\\/76223\\\/#respond\"]}]},{\"@type\":\"WebPage\",\"@id\":\"https:\\\/\\\/batijournal.com\\\/index.php\\\/mise-en-lumiere-spectaculaire-a-saint-nicolas-de-port\\\/76223\\\/\",\"url\":\"https:\\\/\\\/batijournal.com\\\/index.php\\\/mise-en-lumiere-spectaculaire-a-saint-nicolas-de-port\\\/76223\\\/\",\"name\":\"Mise en lumi\u00e8re spectaculaire \u00e0 Saint-Nicolas-de-Port\",\"isPartOf\":{\"@id\":\"https:\\\/\\\/batijournal.com\\\/#website\"},\"primaryImageOfPage\":{\"@id\":\"https:\\\/\\\/batijournal.com\\\/index.php\\\/mise-en-lumiere-spectaculaire-a-saint-nicolas-de-port\\\/76223\\\/#primaryimage\"},\"image\":{\"@id\":\"https:\\\/\\\/batijournal.com\\\/index.php\\\/mise-en-lumiere-spectaculaire-a-saint-nicolas-de-port\\\/76223\\\/#primaryimage\"},\"thumbnailUrl\":\"https:\\\/\\\/batijournal.com\\\/wp-content\\\/uploads\\\/2015\\\/03\\\/09307532.jpg\",\"datePublished\":\"2010-02-09T23:00:00+00:00\",\"dateModified\":\"2019-07-15T09:19:44+00:00\",\"author\":{\"@id\":\"https:\\\/\\\/batijournal.com\\\/#\\\/schema\\\/person\\\/6a657e8967569e1b299972574848aa76\"},\"breadcrumb\":{\"@id\":\"https:\\\/\\\/batijournal.com\\\/index.php\\\/mise-en-lumiere-spectaculaire-a-saint-nicolas-de-port\\\/76223\\\/#breadcrumb\"},\"inLanguage\":\"fr-FR\",\"potentialAction\":[{\"@type\":\"ReadAction\",\"target\":[\"https:\\\/\\\/batijournal.com\\\/index.php\\\/mise-en-lumiere-spectaculaire-a-saint-nicolas-de-port\\\/76223\\\/\"]}]},{\"@type\":\"ImageObject\",\"inLanguage\":\"fr-FR\",\"@id\":\"https:\\\/\\\/batijournal.com\\\/index.php\\\/mise-en-lumiere-spectaculaire-a-saint-nicolas-de-port\\\/76223\\\/#primaryimage\",\"url\":\"https:\\\/\\\/batijournal.com\\\/wp-content\\\/uploads\\\/2015\\\/03\\\/09307532.jpg\",\"contentUrl\":\"https:\\\/\\\/batijournal.com\\\/wp-content\\\/uploads\\\/2015\\\/03\\\/09307532.jpg\",\"width\":419,\"height\":600},{\"@type\":\"BreadcrumbList\",\"@id\":\"https:\\\/\\\/batijournal.com\\\/index.php\\\/mise-en-lumiere-spectaculaire-a-saint-nicolas-de-port\\\/76223\\\/#breadcrumb\",\"itemListElement\":[{\"@type\":\"ListItem\",\"position\":1,\"name\":\"Accueil\",\"item\":\"https:\\\/\\\/batijournal.com\\\/\"},{\"@type\":\"ListItem\",\"position\":2,\"name\":\"Actualit\u00e9s\",\"item\":\"https:\\\/\\\/batijournal.com\\\/index.php\\\/category\\\/actualites\\\/\"},{\"@type\":\"ListItem\",\"position\":3,\"name\":\"Architecture &amp; Conception\",\"item\":\"https:\\\/\\\/batijournal.com\\\/index.php\\\/category\\\/actualites\\\/architecture-conception\\\/\"},{\"@type\":\"ListItem\",\"position\":4,\"name\":\"Mise en lumi\u00e8re spectaculaire \u00e0 Saint-Nicolas-de-Port\"}]},{\"@type\":\"WebSite\",\"@id\":\"https:\\\/\\\/batijournal.com\\\/#website\",\"url\":\"https:\\\/\\\/batijournal.com\\\/\",\"name\":\"Batijournal\",\"description\":\"L&#039;actualit\u00e9 du b\u00e2timent\",\"potentialAction\":[{\"@type\":\"SearchAction\",\"target\":{\"@type\":\"EntryPoint\",\"urlTemplate\":\"https:\\\/\\\/batijournal.com\\\/?s={search_term_string}\"},\"query-input\":{\"@type\":\"PropertyValueSpecification\",\"valueRequired\":true,\"valueName\":\"search_term_string\"}}],\"inLanguage\":\"fr-FR\"},{\"@type\":\"Person\",\"@id\":\"https:\\\/\\\/batijournal.com\\\/#\\\/schema\\\/person\\\/6a657e8967569e1b299972574848aa76\",\"name\":\"Bati-journal\",\"image\":{\"@type\":\"ImageObject\",\"inLanguage\":\"fr-FR\",\"@id\":\"https:\\\/\\\/secure.gravatar.com\\\/avatar\\\/a64364ea26392f9b4dd47e017ddaec74ff03aefc073b49e492e847201258f777?s=96&d=mm&r=g\",\"url\":\"https:\\\/\\\/secure.gravatar.com\\\/avatar\\\/a64364ea26392f9b4dd47e017ddaec74ff03aefc073b49e492e847201258f777?s=96&d=mm&r=g\",\"contentUrl\":\"https:\\\/\\\/secure.gravatar.com\\\/avatar\\\/a64364ea26392f9b4dd47e017ddaec74ff03aefc073b49e492e847201258f777?s=96&d=mm&r=g\",\"caption\":\"Bati-journal\"},\"url\":\"https:\\\/\\\/batijournal.com\\\/index.php\\\/author\\\/elodie\\\/\"}]}<\/script>\n<!-- \/ Yoast SEO plugin. -->","yoast_head_json":{"title":"Mise en lumi\u00e8re spectaculaire \u00e0 Saint-Nicolas-de-Port","robots":{"index":"index","follow":"follow","max-snippet":"max-snippet:-1","max-image-preview":"max-image-preview:large","max-video-preview":"max-video-preview:-1"},"canonical":"https:\/\/batijournal.com\/index.php\/mise-en-lumiere-spectaculaire-a-saint-nicolas-de-port\/76223\/","og_locale":"fr_FR","og_type":"article","og_title":"Mise en lumi\u00e8re spectaculaire \u00e0 Saint-Nicolas-de-Port","og_description":"Fort de son expertise dans le domaine de la mise en valeur de patrimoine, Cit\u00e9os a \u00e9t\u00e9 choisi pour illuminer la basilique Saint-Nicolas, symbole et \u00e9l\u00e9ment phare de la ville de Saint-Nicolas-de-Port (Meurthe et Moselle). La mise en lumi\u00e8re de la c\u00e9l\u00e8bre basilique a \u00e9t\u00e9 r\u00e9alis\u00e9e par les \u00e9quipes techniques de Cit\u00e9os sur une id\u00e9e [&hellip;]","og_url":"https:\/\/batijournal.com\/index.php\/mise-en-lumiere-spectaculaire-a-saint-nicolas-de-port\/76223\/","og_site_name":"Batijournal","article_published_time":"2010-02-09T23:00:00+00:00","article_modified_time":"2019-07-15T09:19:44+00:00","og_image":[{"width":419,"height":600,"url":"https:\/\/batijournal.com\/wp-content\/uploads\/2015\/03\/09307532.jpg","type":"image\/jpeg"}],"author":"Bati-journal","twitter_card":"summary_large_image","twitter_creator":"@bati_journal","twitter_site":"@bati_journal","twitter_misc":{"\u00c9crit par":"Bati-journal","Dur\u00e9e de lecture estim\u00e9e":"1 minute"},"schema":{"@context":"https:\/\/schema.org","@graph":[{"@type":"Article","@id":"https:\/\/batijournal.com\/index.php\/mise-en-lumiere-spectaculaire-a-saint-nicolas-de-port\/76223\/#article","isPartOf":{"@id":"https:\/\/batijournal.com\/index.php\/mise-en-lumiere-spectaculaire-a-saint-nicolas-de-port\/76223\/"},"author":{"name":"Bati-journal","@id":"https:\/\/batijournal.com\/#\/schema\/person\/6a657e8967569e1b299972574848aa76"},"headline":"Mise en lumi\u00e8re spectaculaire \u00e0 Saint-Nicolas-de-Port","datePublished":"2010-02-09T23:00:00+00:00","dateModified":"2019-07-15T09:19:44+00:00","mainEntityOfPage":{"@id":"https:\/\/batijournal.com\/index.php\/mise-en-lumiere-spectaculaire-a-saint-nicolas-de-port\/76223\/"},"wordCount":144,"commentCount":0,"image":{"@id":"https:\/\/batijournal.com\/index.php\/mise-en-lumiere-spectaculaire-a-saint-nicolas-de-port\/76223\/#primaryimage"},"thumbnailUrl":"https:\/\/batijournal.com\/wp-content\/uploads\/2015\/03\/09307532.jpg","keywords":["illuminations"],"articleSection":["Architecture &amp; Conception"],"inLanguage":"fr-FR","potentialAction":[{"@type":"CommentAction","name":"Comment","target":["https:\/\/batijournal.com\/index.php\/mise-en-lumiere-spectaculaire-a-saint-nicolas-de-port\/76223\/#respond"]}]},{"@type":"WebPage","@id":"https:\/\/batijournal.com\/index.php\/mise-en-lumiere-spectaculaire-a-saint-nicolas-de-port\/76223\/","url":"https:\/\/batijournal.com\/index.php\/mise-en-lumiere-spectaculaire-a-saint-nicolas-de-port\/76223\/","name":"Mise en lumi\u00e8re spectaculaire \u00e0 Saint-Nicolas-de-Port","isPartOf":{"@id":"https:\/\/batijournal.com\/#website"},"primaryImageOfPage":{"@id":"https:\/\/batijournal.com\/index.php\/mise-en-lumiere-spectaculaire-a-saint-nicolas-de-port\/76223\/#primaryimage"},"image":{"@id":"https:\/\/batijournal.com\/index.php\/mise-en-lumiere-spectaculaire-a-saint-nicolas-de-port\/76223\/#primaryimage"},"thumbnailUrl":"https:\/\/batijournal.com\/wp-content\/uploads\/2015\/03\/09307532.jpg","datePublished":"2010-02-09T23:00:00+00:00","dateModified":"2019-07-15T09:19:44+00:00","author":{"@id":"https:\/\/batijournal.com\/#\/schema\/person\/6a657e8967569e1b299972574848aa76"},"breadcrumb":{"@id":"https:\/\/batijournal.com\/index.php\/mise-en-lumiere-spectaculaire-a-saint-nicolas-de-port\/76223\/#breadcrumb"},"inLanguage":"fr-FR","potentialAction":[{"@type":"ReadAction","target":["https:\/\/batijournal.com\/index.php\/mise-en-lumiere-spectaculaire-a-saint-nicolas-de-port\/76223\/"]}]},{"@type":"ImageObject","inLanguage":"fr-FR","@id":"https:\/\/batijournal.com\/index.php\/mise-en-lumiere-spectaculaire-a-saint-nicolas-de-port\/76223\/#primaryimage","url":"https:\/\/batijournal.com\/wp-content\/uploads\/2015\/03\/09307532.jpg","contentUrl":"https:\/\/batijournal.com\/wp-content\/uploads\/2015\/03\/09307532.jpg","width":419,"height":600},{"@type":"BreadcrumbList","@id":"https:\/\/batijournal.com\/index.php\/mise-en-lumiere-spectaculaire-a-saint-nicolas-de-port\/76223\/#breadcrumb","itemListElement":[{"@type":"ListItem","position":1,"name":"Accueil","item":"https:\/\/batijournal.com\/"},{"@type":"ListItem","position":2,"name":"Actualit\u00e9s","item":"https:\/\/batijournal.com\/index.php\/category\/actualites\/"},{"@type":"ListItem","position":3,"name":"Architecture &amp; Conception","item":"https:\/\/batijournal.com\/index.php\/category\/actualites\/architecture-conception\/"},{"@type":"ListItem","position":4,"name":"Mise en lumi\u00e8re spectaculaire \u00e0 Saint-Nicolas-de-Port"}]},{"@type":"WebSite","@id":"https:\/\/batijournal.com\/#website","url":"https:\/\/batijournal.com\/","name":"Batijournal","description":"L&#039;actualit\u00e9 du b\u00e2timent","potentialAction":[{"@type":"SearchAction","target":{"@type":"EntryPoint","urlTemplate":"https:\/\/batijournal.com\/?s={search_term_string}"},"query-input":{"@type":"PropertyValueSpecification","valueRequired":true,"valueName":"search_term_string"}}],"inLanguage":"fr-FR"},{"@type":"Person","@id":"https:\/\/batijournal.com\/#\/schema\/person\/6a657e8967569e1b299972574848aa76","name":"Bati-journal","image":{"@type":"ImageObject","inLanguage":"fr-FR","@id":"https:\/\/secure.gravatar.com\/avatar\/a64364ea26392f9b4dd47e017ddaec74ff03aefc073b49e492e847201258f777?s=96&d=mm&r=g","url":"https:\/\/secure.gravatar.com\/avatar\/a64364ea26392f9b4dd47e017ddaec74ff03aefc073b49e492e847201258f777?s=96&d=mm&r=g","contentUrl":"https:\/\/secure.gravatar.com\/avatar\/a64364ea26392f9b4dd47e017ddaec74ff03aefc073b49e492e847201258f777?s=96&d=mm&r=g","caption":"Bati-journal"},"url":"https:\/\/batijournal.com\/index.php\/author\/elodie\/"}]}},"_links":{"self":[{"href":"https:\/\/batijournal.com\/index.php\/wp-json\/wp\/v2\/posts\/76223","targetHints":{"allow":["GET"]}}],"collection":[{"href":"https:\/\/batijournal.com\/index.php\/wp-json\/wp\/v2\/posts"}],"about":[{"href":"https:\/\/batijournal.com\/index.php\/wp-json\/wp\/v2\/types\/post"}],"author":[{"embeddable":true,"href":"https:\/\/batijournal.com\/index.php\/wp-json\/wp\/v2\/users\/1"}],"replies":[{"embeddable":true,"href":"https:\/\/batijournal.com\/index.php\/wp-json\/wp\/v2\/comments?post=76223"}],"version-history":[{"count":0,"href":"https:\/\/batijournal.com\/index.php\/wp-json\/wp\/v2\/posts\/76223\/revisions"}],"wp:featuredmedia":[{"embeddable":true,"href":"https:\/\/batijournal.com\/index.php\/wp-json\/wp\/v2\/media\/76224"}],"wp:attachment":[{"href":"https:\/\/batijournal.com\/index.php\/wp-json\/wp\/v2\/media?parent=76223"}],"wp:term":[{"taxonomy":"category","embeddable":true,"href":"https:\/\/batijournal.com\/index.php\/wp-json\/wp\/v2\/categories?post=76223"},{"taxonomy":"post_tag","embeddable":true,"href":"https:\/\/batijournal.com\/index.php\/wp-json\/wp\/v2\/tags?post=76223"}],"curies":[{"name":"wp","href":"https:\/\/api.w.org\/{rel}","templated":true}]}}