{"id":76225,"date":"2010-02-17T00:00:00","date_gmt":"2010-02-16T23:00:00","guid":{"rendered":"http:\/\/b.bati-journal.com\/la-commission-de-la-culture-du-senat-s%c2%92interroge-sur-le-cmn\/76225"},"modified":"2019-07-15T11:19:43","modified_gmt":"2019-07-15T09:19:43","slug":"la-commission-de-la-culture-du-senat-s%c2%92interroge-sur-le-cmn","status":"publish","type":"post","link":"https:\/\/batijournal.com\/index.php\/la-commission-de-la-culture-du-senat-s%c2%92interroge-sur-le-cmn\/76225\/","title":{"rendered":"La commission de la culture du S\u00e9nat s&rsquo;\u0092interroge sur le CMN"},"content":{"rendered":"<p>La commission de la culture, de l&rsquo;\u00e9ducation et de la communication, pr\u00e9sid\u00e9e par Jacques Legendre (UMP, Nord), a d\u00e9cid\u00e9 de constituer en son sein un groupe de travail sur le Centre des monuments nationaux. Les travaux de ce groupe ont pour objectif de dresser le bilan et les perspectives d&rsquo;avenir de l&rsquo;\u00e9volution des missions et du p\u00e9rim\u00e8tre du CMN, notamment au regard d&rsquo;une \u00e9ventuelle d\u00e9volution du patrimoine monumental de l&rsquo;\u00c9tat aux collectivit\u00e9s territoriales. Une telle relance du mouvement de d\u00e9centralisation avait effectivement \u00e9t\u00e9 envisag\u00e9e dans le projet de loi de finances pour 2010, sans qu&rsquo;aucun bilan des transferts op\u00e9r\u00e9s en application de la loi du 13 ao\u00fbt 2004 relative aux libert\u00e9s et responsabilit\u00e9s locales n&rsquo;ait eu lieu. Dans le cadre de la pr\u00e9paration du rapport, le groupe visitera des monuments historiques g\u00e9r\u00e9s par le CMN ainsi que certains de ceux ayant fait l&rsquo;objet de la premi\u00e8re vague de transferts en application de la loi de 2004. Il recueillera \u00e9galement le t\u00e9moignage d&rsquo;acteurs du patrimoine \u00e0 l&rsquo;\u00e9tranger. Les conclusions du groupe de travail seront rendues publiques avant l&rsquo;\u00e9t\u00e9 2010 et pourraient se traduire par le d\u00e9p\u00f4t d&rsquo;une nouvelle proposition de loi sur le transfert des monuments historiques aux collectivit\u00e9s territoriales.<\/p>\n","protected":false},"excerpt":{"rendered":"<p>La commission de la culture, de l&rsquo;\u00e9ducation et de la communication, pr\u00e9sid\u00e9e par Jacques Legendre (UMP, Nord), a d\u00e9cid\u00e9 de constituer en son sein un groupe de travail sur le Centre des monuments nationaux. Les travaux de ce groupe ont pour objectif de dresser le bilan et les perspectives d&rsquo;avenir de l&rsquo;\u00e9volution des missions et [&hellip;]<\/p>\n","protected":false},"author":1,"featured_media":76226,"comment_status":"open","ping_status":"closed","sticky":false,"template":"","format":"standard","meta":{"_et_pb_use_builder":"","_et_pb_old_content":"","_et_gb_content_width":"","footnotes":""},"categories":[6340],"tags":[8651,7211],"class_list":["post-76225","post","type-post","status-publish","format-standard","has-post-thumbnail","hentry","category-architecture-conception","tag-cmn","tag-senat"],"yoast_head":"<!-- This site is optimized with the Yoast SEO plugin v27.4 - https:\/\/yoast.com\/product\/yoast-seo-wordpress\/ -->\n<title>La commission de la culture du S\u00e9nat s&#039;\u0092interroge sur le CMN<\/title>\n<meta name=\"robots\" content=\"index, follow, max-snippet:-1, max-image-preview:large, max-video-preview:-1\" \/>\n<link rel=\"canonical\" href=\"https:\/\/batijournal.com\/index.php\/la-commission-de-la-culture-du-senat-s\u0092interroge-sur-le-cmn\/76225\/\" \/>\n<meta property=\"og:locale\" content=\"fr_FR\" \/>\n<meta property=\"og:type\" content=\"article\" \/>\n<meta property=\"og:title\" content=\"La commission de la culture du S\u00e9nat s&#039;\u0092interroge sur le CMN\" \/>\n<meta property=\"og:description\" content=\"La commission de la culture, de l&rsquo;\u00e9ducation et de la communication, pr\u00e9sid\u00e9e par Jacques Legendre (UMP, Nord), a d\u00e9cid\u00e9 de constituer en son sein un groupe de travail sur le Centre des monuments nationaux. Les travaux de ce groupe ont pour objectif de dresser le bilan et les perspectives d&rsquo;avenir de l&rsquo;\u00e9volution des missions et [&hellip;]\" \/>\n<meta property=\"og:url\" content=\"https:\/\/batijournal.com\/index.php\/la-commission-de-la-culture-du-senat-s\u0092interroge-sur-le-cmn\/76225\/\" \/>\n<meta property=\"og:site_name\" content=\"Batijournal\" \/>\n<meta property=\"article:published_time\" content=\"2010-02-16T23:00:00+00:00\" \/>\n<meta property=\"article:modified_time\" content=\"2019-07-15T09:19:43+00:00\" \/>\n<meta property=\"og:image\" content=\"https:\/\/batijournal.com\/wp-content\/uploads\/2015\/03\/09617136.jpg\" \/>\n\t<meta property=\"og:image:width\" content=\"600\" \/>\n\t<meta property=\"og:image:height\" content=\"450\" \/>\n\t<meta property=\"og:image:type\" content=\"image\/jpeg\" \/>\n<meta name=\"author\" content=\"Bati-journal\" \/>\n<meta name=\"twitter:card\" content=\"summary_large_image\" \/>\n<meta name=\"twitter:creator\" content=\"@bati_journal\" \/>\n<meta name=\"twitter:site\" content=\"@bati_journal\" \/>\n<meta name=\"twitter:label1\" content=\"\u00c9crit par\" \/>\n\t<meta name=\"twitter:data1\" content=\"Bati-journal\" \/>\n\t<meta name=\"twitter:label2\" content=\"Dur\u00e9e de lecture estim\u00e9e\" \/>\n\t<meta name=\"twitter:data2\" content=\"1 minute\" \/>\n<script type=\"application\/ld+json\" class=\"yoast-schema-graph\">{\"@context\":\"https:\\\/\\\/schema.org\",\"@graph\":[{\"@type\":\"Article\",\"@id\":\"https:\\\/\\\/batijournal.com\\\/index.php\\\/la-commission-de-la-culture-du-senat-s%c2%92interroge-sur-le-cmn\\\/76225\\\/#article\",\"isPartOf\":{\"@id\":\"https:\\\/\\\/batijournal.com\\\/index.php\\\/la-commission-de-la-culture-du-senat-s%c2%92interroge-sur-le-cmn\\\/76225\\\/\"},\"author\":{\"name\":\"Bati-journal\",\"@id\":\"https:\\\/\\\/batijournal.com\\\/#\\\/schema\\\/person\\\/6a657e8967569e1b299972574848aa76\"},\"headline\":\"La commission de la culture du S\u00e9nat s&rsquo;\u0092interroge sur le CMN\",\"datePublished\":\"2010-02-16T23:00:00+00:00\",\"dateModified\":\"2019-07-15T09:19:43+00:00\",\"mainEntityOfPage\":{\"@id\":\"https:\\\/\\\/batijournal.com\\\/index.php\\\/la-commission-de-la-culture-du-senat-s%c2%92interroge-sur-le-cmn\\\/76225\\\/\"},\"wordCount\":240,\"commentCount\":0,\"image\":{\"@id\":\"https:\\\/\\\/batijournal.com\\\/index.php\\\/la-commission-de-la-culture-du-senat-s%c2%92interroge-sur-le-cmn\\\/76225\\\/#primaryimage\"},\"thumbnailUrl\":\"https:\\\/\\\/batijournal.com\\\/wp-content\\\/uploads\\\/2015\\\/03\\\/09617136.jpg\",\"keywords\":[\"cmn\",\"senat\"],\"articleSection\":[\"Architecture &amp; Conception\"],\"inLanguage\":\"fr-FR\",\"potentialAction\":[{\"@type\":\"CommentAction\",\"name\":\"Comment\",\"target\":[\"https:\\\/\\\/batijournal.com\\\/index.php\\\/la-commission-de-la-culture-du-senat-s%c2%92interroge-sur-le-cmn\\\/76225\\\/#respond\"]}]},{\"@type\":\"WebPage\",\"@id\":\"https:\\\/\\\/batijournal.com\\\/index.php\\\/la-commission-de-la-culture-du-senat-s%c2%92interroge-sur-le-cmn\\\/76225\\\/\",\"url\":\"https:\\\/\\\/batijournal.com\\\/index.php\\\/la-commission-de-la-culture-du-senat-s%c2%92interroge-sur-le-cmn\\\/76225\\\/\",\"name\":\"La commission de la culture du S\u00e9nat s'\u0092interroge sur le CMN\",\"isPartOf\":{\"@id\":\"https:\\\/\\\/batijournal.com\\\/#website\"},\"primaryImageOfPage\":{\"@id\":\"https:\\\/\\\/batijournal.com\\\/index.php\\\/la-commission-de-la-culture-du-senat-s%c2%92interroge-sur-le-cmn\\\/76225\\\/#primaryimage\"},\"image\":{\"@id\":\"https:\\\/\\\/batijournal.com\\\/index.php\\\/la-commission-de-la-culture-du-senat-s%c2%92interroge-sur-le-cmn\\\/76225\\\/#primaryimage\"},\"thumbnailUrl\":\"https:\\\/\\\/batijournal.com\\\/wp-content\\\/uploads\\\/2015\\\/03\\\/09617136.jpg\",\"datePublished\":\"2010-02-16T23:00:00+00:00\",\"dateModified\":\"2019-07-15T09:19:43+00:00\",\"author\":{\"@id\":\"https:\\\/\\\/batijournal.com\\\/#\\\/schema\\\/person\\\/6a657e8967569e1b299972574848aa76\"},\"breadcrumb\":{\"@id\":\"https:\\\/\\\/batijournal.com\\\/index.php\\\/la-commission-de-la-culture-du-senat-s%c2%92interroge-sur-le-cmn\\\/76225\\\/#breadcrumb\"},\"inLanguage\":\"fr-FR\",\"potentialAction\":[{\"@type\":\"ReadAction\",\"target\":[\"https:\\\/\\\/batijournal.com\\\/index.php\\\/la-commission-de-la-culture-du-senat-s%c2%92interroge-sur-le-cmn\\\/76225\\\/\"]}]},{\"@type\":\"ImageObject\",\"inLanguage\":\"fr-FR\",\"@id\":\"https:\\\/\\\/batijournal.com\\\/index.php\\\/la-commission-de-la-culture-du-senat-s%c2%92interroge-sur-le-cmn\\\/76225\\\/#primaryimage\",\"url\":\"https:\\\/\\\/batijournal.com\\\/wp-content\\\/uploads\\\/2015\\\/03\\\/09617136.jpg\",\"contentUrl\":\"https:\\\/\\\/batijournal.com\\\/wp-content\\\/uploads\\\/2015\\\/03\\\/09617136.jpg\",\"width\":600,\"height\":450},{\"@type\":\"BreadcrumbList\",\"@id\":\"https:\\\/\\\/batijournal.com\\\/index.php\\\/la-commission-de-la-culture-du-senat-s%c2%92interroge-sur-le-cmn\\\/76225\\\/#breadcrumb\",\"itemListElement\":[{\"@type\":\"ListItem\",\"position\":1,\"name\":\"Accueil\",\"item\":\"https:\\\/\\\/batijournal.com\\\/\"},{\"@type\":\"ListItem\",\"position\":2,\"name\":\"Actualit\u00e9s\",\"item\":\"https:\\\/\\\/batijournal.com\\\/index.php\\\/category\\\/actualites\\\/\"},{\"@type\":\"ListItem\",\"position\":3,\"name\":\"Architecture &amp; Conception\",\"item\":\"https:\\\/\\\/batijournal.com\\\/index.php\\\/category\\\/actualites\\\/architecture-conception\\\/\"},{\"@type\":\"ListItem\",\"position\":4,\"name\":\"La commission de la culture du S\u00e9nat s&rsquo;\u0092interroge sur le CMN\"}]},{\"@type\":\"WebSite\",\"@id\":\"https:\\\/\\\/batijournal.com\\\/#website\",\"url\":\"https:\\\/\\\/batijournal.com\\\/\",\"name\":\"Batijournal\",\"description\":\"L&#039;actualit\u00e9 du b\u00e2timent\",\"potentialAction\":[{\"@type\":\"SearchAction\",\"target\":{\"@type\":\"EntryPoint\",\"urlTemplate\":\"https:\\\/\\\/batijournal.com\\\/?s={search_term_string}\"},\"query-input\":{\"@type\":\"PropertyValueSpecification\",\"valueRequired\":true,\"valueName\":\"search_term_string\"}}],\"inLanguage\":\"fr-FR\"},{\"@type\":\"Person\",\"@id\":\"https:\\\/\\\/batijournal.com\\\/#\\\/schema\\\/person\\\/6a657e8967569e1b299972574848aa76\",\"name\":\"Bati-journal\",\"image\":{\"@type\":\"ImageObject\",\"inLanguage\":\"fr-FR\",\"@id\":\"https:\\\/\\\/secure.gravatar.com\\\/avatar\\\/a64364ea26392f9b4dd47e017ddaec74ff03aefc073b49e492e847201258f777?s=96&d=mm&r=g\",\"url\":\"https:\\\/\\\/secure.gravatar.com\\\/avatar\\\/a64364ea26392f9b4dd47e017ddaec74ff03aefc073b49e492e847201258f777?s=96&d=mm&r=g\",\"contentUrl\":\"https:\\\/\\\/secure.gravatar.com\\\/avatar\\\/a64364ea26392f9b4dd47e017ddaec74ff03aefc073b49e492e847201258f777?s=96&d=mm&r=g\",\"caption\":\"Bati-journal\"},\"url\":\"https:\\\/\\\/batijournal.com\\\/index.php\\\/author\\\/elodie\\\/\"}]}<\/script>\n<!-- \/ Yoast SEO plugin. -->","yoast_head_json":{"title":"La commission de la culture du S\u00e9nat s'\u0092interroge sur le CMN","robots":{"index":"index","follow":"follow","max-snippet":"max-snippet:-1","max-image-preview":"max-image-preview:large","max-video-preview":"max-video-preview:-1"},"canonical":"https:\/\/batijournal.com\/index.php\/la-commission-de-la-culture-du-senat-s\u0092interroge-sur-le-cmn\/76225\/","og_locale":"fr_FR","og_type":"article","og_title":"La commission de la culture du S\u00e9nat s'\u0092interroge sur le CMN","og_description":"La commission de la culture, de l&rsquo;\u00e9ducation et de la communication, pr\u00e9sid\u00e9e par Jacques Legendre (UMP, Nord), a d\u00e9cid\u00e9 de constituer en son sein un groupe de travail sur le Centre des monuments nationaux. Les travaux de ce groupe ont pour objectif de dresser le bilan et les perspectives d&rsquo;avenir de l&rsquo;\u00e9volution des missions et [&hellip;]","og_url":"https:\/\/batijournal.com\/index.php\/la-commission-de-la-culture-du-senat-s\u0092interroge-sur-le-cmn\/76225\/","og_site_name":"Batijournal","article_published_time":"2010-02-16T23:00:00+00:00","article_modified_time":"2019-07-15T09:19:43+00:00","og_image":[{"width":600,"height":450,"url":"https:\/\/batijournal.com\/wp-content\/uploads\/2015\/03\/09617136.jpg","type":"image\/jpeg"}],"author":"Bati-journal","twitter_card":"summary_large_image","twitter_creator":"@bati_journal","twitter_site":"@bati_journal","twitter_misc":{"\u00c9crit par":"Bati-journal","Dur\u00e9e de lecture estim\u00e9e":"1 minute"},"schema":{"@context":"https:\/\/schema.org","@graph":[{"@type":"Article","@id":"https:\/\/batijournal.com\/index.php\/la-commission-de-la-culture-du-senat-s%c2%92interroge-sur-le-cmn\/76225\/#article","isPartOf":{"@id":"https:\/\/batijournal.com\/index.php\/la-commission-de-la-culture-du-senat-s%c2%92interroge-sur-le-cmn\/76225\/"},"author":{"name":"Bati-journal","@id":"https:\/\/batijournal.com\/#\/schema\/person\/6a657e8967569e1b299972574848aa76"},"headline":"La commission de la culture du S\u00e9nat s&rsquo;\u0092interroge sur le CMN","datePublished":"2010-02-16T23:00:00+00:00","dateModified":"2019-07-15T09:19:43+00:00","mainEntityOfPage":{"@id":"https:\/\/batijournal.com\/index.php\/la-commission-de-la-culture-du-senat-s%c2%92interroge-sur-le-cmn\/76225\/"},"wordCount":240,"commentCount":0,"image":{"@id":"https:\/\/batijournal.com\/index.php\/la-commission-de-la-culture-du-senat-s%c2%92interroge-sur-le-cmn\/76225\/#primaryimage"},"thumbnailUrl":"https:\/\/batijournal.com\/wp-content\/uploads\/2015\/03\/09617136.jpg","keywords":["cmn","senat"],"articleSection":["Architecture &amp; Conception"],"inLanguage":"fr-FR","potentialAction":[{"@type":"CommentAction","name":"Comment","target":["https:\/\/batijournal.com\/index.php\/la-commission-de-la-culture-du-senat-s%c2%92interroge-sur-le-cmn\/76225\/#respond"]}]},{"@type":"WebPage","@id":"https:\/\/batijournal.com\/index.php\/la-commission-de-la-culture-du-senat-s%c2%92interroge-sur-le-cmn\/76225\/","url":"https:\/\/batijournal.com\/index.php\/la-commission-de-la-culture-du-senat-s%c2%92interroge-sur-le-cmn\/76225\/","name":"La commission de la culture du S\u00e9nat s'\u0092interroge sur le CMN","isPartOf":{"@id":"https:\/\/batijournal.com\/#website"},"primaryImageOfPage":{"@id":"https:\/\/batijournal.com\/index.php\/la-commission-de-la-culture-du-senat-s%c2%92interroge-sur-le-cmn\/76225\/#primaryimage"},"image":{"@id":"https:\/\/batijournal.com\/index.php\/la-commission-de-la-culture-du-senat-s%c2%92interroge-sur-le-cmn\/76225\/#primaryimage"},"thumbnailUrl":"https:\/\/batijournal.com\/wp-content\/uploads\/2015\/03\/09617136.jpg","datePublished":"2010-02-16T23:00:00+00:00","dateModified":"2019-07-15T09:19:43+00:00","author":{"@id":"https:\/\/batijournal.com\/#\/schema\/person\/6a657e8967569e1b299972574848aa76"},"breadcrumb":{"@id":"https:\/\/batijournal.com\/index.php\/la-commission-de-la-culture-du-senat-s%c2%92interroge-sur-le-cmn\/76225\/#breadcrumb"},"inLanguage":"fr-FR","potentialAction":[{"@type":"ReadAction","target":["https:\/\/batijournal.com\/index.php\/la-commission-de-la-culture-du-senat-s%c2%92interroge-sur-le-cmn\/76225\/"]}]},{"@type":"ImageObject","inLanguage":"fr-FR","@id":"https:\/\/batijournal.com\/index.php\/la-commission-de-la-culture-du-senat-s%c2%92interroge-sur-le-cmn\/76225\/#primaryimage","url":"https:\/\/batijournal.com\/wp-content\/uploads\/2015\/03\/09617136.jpg","contentUrl":"https:\/\/batijournal.com\/wp-content\/uploads\/2015\/03\/09617136.jpg","width":600,"height":450},{"@type":"BreadcrumbList","@id":"https:\/\/batijournal.com\/index.php\/la-commission-de-la-culture-du-senat-s%c2%92interroge-sur-le-cmn\/76225\/#breadcrumb","itemListElement":[{"@type":"ListItem","position":1,"name":"Accueil","item":"https:\/\/batijournal.com\/"},{"@type":"ListItem","position":2,"name":"Actualit\u00e9s","item":"https:\/\/batijournal.com\/index.php\/category\/actualites\/"},{"@type":"ListItem","position":3,"name":"Architecture &amp; Conception","item":"https:\/\/batijournal.com\/index.php\/category\/actualites\/architecture-conception\/"},{"@type":"ListItem","position":4,"name":"La commission de la culture du S\u00e9nat s&rsquo;\u0092interroge sur le CMN"}]},{"@type":"WebSite","@id":"https:\/\/batijournal.com\/#website","url":"https:\/\/batijournal.com\/","name":"Batijournal","description":"L&#039;actualit\u00e9 du b\u00e2timent","potentialAction":[{"@type":"SearchAction","target":{"@type":"EntryPoint","urlTemplate":"https:\/\/batijournal.com\/?s={search_term_string}"},"query-input":{"@type":"PropertyValueSpecification","valueRequired":true,"valueName":"search_term_string"}}],"inLanguage":"fr-FR"},{"@type":"Person","@id":"https:\/\/batijournal.com\/#\/schema\/person\/6a657e8967569e1b299972574848aa76","name":"Bati-journal","image":{"@type":"ImageObject","inLanguage":"fr-FR","@id":"https:\/\/secure.gravatar.com\/avatar\/a64364ea26392f9b4dd47e017ddaec74ff03aefc073b49e492e847201258f777?s=96&d=mm&r=g","url":"https:\/\/secure.gravatar.com\/avatar\/a64364ea26392f9b4dd47e017ddaec74ff03aefc073b49e492e847201258f777?s=96&d=mm&r=g","contentUrl":"https:\/\/secure.gravatar.com\/avatar\/a64364ea26392f9b4dd47e017ddaec74ff03aefc073b49e492e847201258f777?s=96&d=mm&r=g","caption":"Bati-journal"},"url":"https:\/\/batijournal.com\/index.php\/author\/elodie\/"}]}},"_links":{"self":[{"href":"https:\/\/batijournal.com\/index.php\/wp-json\/wp\/v2\/posts\/76225","targetHints":{"allow":["GET"]}}],"collection":[{"href":"https:\/\/batijournal.com\/index.php\/wp-json\/wp\/v2\/posts"}],"about":[{"href":"https:\/\/batijournal.com\/index.php\/wp-json\/wp\/v2\/types\/post"}],"author":[{"embeddable":true,"href":"https:\/\/batijournal.com\/index.php\/wp-json\/wp\/v2\/users\/1"}],"replies":[{"embeddable":true,"href":"https:\/\/batijournal.com\/index.php\/wp-json\/wp\/v2\/comments?post=76225"}],"version-history":[{"count":0,"href":"https:\/\/batijournal.com\/index.php\/wp-json\/wp\/v2\/posts\/76225\/revisions"}],"wp:featuredmedia":[{"embeddable":true,"href":"https:\/\/batijournal.com\/index.php\/wp-json\/wp\/v2\/media\/76226"}],"wp:attachment":[{"href":"https:\/\/batijournal.com\/index.php\/wp-json\/wp\/v2\/media?parent=76225"}],"wp:term":[{"taxonomy":"category","embeddable":true,"href":"https:\/\/batijournal.com\/index.php\/wp-json\/wp\/v2\/categories?post=76225"},{"taxonomy":"post_tag","embeddable":true,"href":"https:\/\/batijournal.com\/index.php\/wp-json\/wp\/v2\/tags?post=76225"}],"curies":[{"name":"wp","href":"https:\/\/api.w.org\/{rel}","templated":true}]}}