{"id":76247,"date":"2010-04-14T00:00:00","date_gmt":"2010-04-13T22:00:00","guid":{"rendered":"http:\/\/b.bati-journal.com\/accord-franco-italien-pour-la-reconstruction-de-l%c2%92eglise-de-l%c2%92aquila\/76247"},"modified":"2019-07-15T11:19:42","modified_gmt":"2019-07-15T09:19:42","slug":"accord-franco-italien-pour-la-reconstruction-de-l%c2%92eglise-de-l%c2%92aquila","status":"publish","type":"post","link":"https:\/\/batijournal.com\/index.php\/accord-franco-italien-pour-la-reconstruction-de-l%c2%92eglise-de-l%c2%92aquila\/76247\/","title":{"rendered":"Accord franco-italien pour la reconstruction de l&rsquo;\u0092\u00e9glise de L&rsquo;\u0092Aquila"},"content":{"rendered":"<p>A l\u0092occasion du 28\u00e8me sommet bilat\u00e9ral pr\u00e9sid\u00e9 par Nicolas Sarkozy et Silvio Berlusconi, la France et l&rsquo;Italie ont finalis\u00e9 une coop\u00e9ration en vue de contribuer \u00e0 la reconstruction de L&rsquo;\u0092Aquila, ville des Abruzzes frapp\u00e9e le 6 avril 2009 par un s\u00e9isme d\u00e9vastateur. Bernard Kouchner, ministre des Affaires \u00e9trang\u00e8res et europ\u00e9ennes, et Fr\u00e9d\u00e9ric Mitterrand, ministre de la culture et de la communication, ont sign\u00e9 avec leurs homologues italiens un accord intergouvernemental, qui met en place un partenariat technique et financier pour la reconstruction conjointe de l&rsquo;\u0092\u00e9glise Santa Maria del Suffragio, qui constitue un des monuments les plus embl\u00e9matiques de L&rsquo;\u0092Aquila. Dans le cadre de ce partenariat, la France financera la moiti\u00e9 du co\u00fbt estim\u00e9 de la restauration de l\u0092&rsquo;\u00e9difice, en apportant une contribution jusqu\u0092&rsquo;\u00e0 concurrence de 3,25 millions d\u0092&rsquo;euros. Cette contribution favorisera les \u00e9changes entre professionnels, \u00e9tudiants et artisans des deux pays, notamment dans le cadre de chantiers- \u00e9coles.Les architectes du patrimoine, historiens de l\u0092&rsquo;art et restaurateurs fran\u00e7ais et italiens vont mener, dans le cadre de ce projet, une coop\u00e9ration mod\u00e8le dans un domaine o\u00f9 la France et l\u0092&rsquo;Italie excellent. Cette coop\u00e9ration fera l\u0092&rsquo;objet, \u00e0 l&rsquo;\u0091issue, d&rsquo;\u0092un s\u00e9minaire de restitution. Le calendrier indicatif pr\u00e9voit de mener \u00e0 bien la restauration de l&rsquo;\u0092\u00e9difice d\u0092&rsquo;ici \u00e0 d\u00e9cembre 2012, apr\u00e8s publication des appels d\u0092&rsquo;offre d&rsquo;\u0092ici \u00e0 mars 2011.(Source : Minist\u00e8re de la culture et de la communication)<\/p>\n","protected":false},"excerpt":{"rendered":"<p>A l\u0092occasion du 28\u00e8me sommet bilat\u00e9ral pr\u00e9sid\u00e9 par Nicolas Sarkozy et Silvio Berlusconi, la France et l&rsquo;Italie ont finalis\u00e9 une coop\u00e9ration en vue de contribuer \u00e0 la reconstruction de L&rsquo;\u0092Aquila, ville des Abruzzes frapp\u00e9e le 6 avril 2009 par un s\u00e9isme d\u00e9vastateur. Bernard Kouchner, ministre des Affaires \u00e9trang\u00e8res et europ\u00e9ennes, et Fr\u00e9d\u00e9ric Mitterrand, ministre de [&hellip;]<\/p>\n","protected":false},"author":1,"featured_media":0,"comment_status":"open","ping_status":"closed","sticky":false,"template":"","format":"standard","meta":{"_et_pb_use_builder":"","_et_pb_old_content":"","_et_gb_content_width":"","footnotes":""},"categories":[6340],"tags":[2944],"class_list":["post-76247","post","type-post","status-publish","format-standard","hentry","category-architecture-conception","tag-reconstruction"],"yoast_head":"<!-- This site is optimized with the Yoast SEO plugin v27.4 - https:\/\/yoast.com\/product\/yoast-seo-wordpress\/ -->\n<title>Accord franco-italien pour la reconstruction de l&#039;\u0092\u00e9glise de L&#039;\u0092Aquila<\/title>\n<meta name=\"robots\" content=\"index, follow, max-snippet:-1, max-image-preview:large, max-video-preview:-1\" \/>\n<link rel=\"canonical\" href=\"https:\/\/batijournal.com\/index.php\/accord-franco-italien-pour-la-reconstruction-de-l\u0092eglise-de-l\u0092aquila\/76247\/\" \/>\n<meta property=\"og:locale\" content=\"fr_FR\" \/>\n<meta property=\"og:type\" content=\"article\" \/>\n<meta property=\"og:title\" content=\"Accord franco-italien pour la reconstruction de l&#039;\u0092\u00e9glise de L&#039;\u0092Aquila\" \/>\n<meta property=\"og:description\" content=\"A l\u0092occasion du 28\u00e8me sommet bilat\u00e9ral pr\u00e9sid\u00e9 par Nicolas Sarkozy et Silvio Berlusconi, la France et l&rsquo;Italie ont finalis\u00e9 une coop\u00e9ration en vue de contribuer \u00e0 la reconstruction de L&rsquo;\u0092Aquila, ville des Abruzzes frapp\u00e9e le 6 avril 2009 par un s\u00e9isme d\u00e9vastateur. Bernard Kouchner, ministre des Affaires \u00e9trang\u00e8res et europ\u00e9ennes, et Fr\u00e9d\u00e9ric Mitterrand, ministre de [&hellip;]\" \/>\n<meta property=\"og:url\" content=\"https:\/\/batijournal.com\/index.php\/accord-franco-italien-pour-la-reconstruction-de-l\u0092eglise-de-l\u0092aquila\/76247\/\" \/>\n<meta property=\"og:site_name\" content=\"Batijournal\" \/>\n<meta property=\"article:published_time\" content=\"2010-04-13T22:00:00+00:00\" \/>\n<meta property=\"article:modified_time\" content=\"2019-07-15T09:19:42+00:00\" \/>\n<meta name=\"author\" content=\"Bati-journal\" \/>\n<meta name=\"twitter:card\" content=\"summary_large_image\" \/>\n<meta name=\"twitter:creator\" content=\"@bati_journal\" \/>\n<meta name=\"twitter:site\" content=\"@bati_journal\" \/>\n<meta name=\"twitter:label1\" content=\"\u00c9crit par\" \/>\n\t<meta name=\"twitter:data1\" content=\"Bati-journal\" \/>\n\t<meta name=\"twitter:label2\" content=\"Dur\u00e9e de lecture estim\u00e9e\" \/>\n\t<meta name=\"twitter:data2\" content=\"1 minute\" \/>\n<script type=\"application\/ld+json\" class=\"yoast-schema-graph\">{\"@context\":\"https:\\\/\\\/schema.org\",\"@graph\":[{\"@type\":\"Article\",\"@id\":\"https:\\\/\\\/batijournal.com\\\/index.php\\\/accord-franco-italien-pour-la-reconstruction-de-l%c2%92eglise-de-l%c2%92aquila\\\/76247\\\/#article\",\"isPartOf\":{\"@id\":\"https:\\\/\\\/batijournal.com\\\/index.php\\\/accord-franco-italien-pour-la-reconstruction-de-l%c2%92eglise-de-l%c2%92aquila\\\/76247\\\/\"},\"author\":{\"name\":\"Bati-journal\",\"@id\":\"https:\\\/\\\/batijournal.com\\\/#\\\/schema\\\/person\\\/6a657e8967569e1b299972574848aa76\"},\"headline\":\"Accord franco-italien pour la reconstruction de l&rsquo;\u0092\u00e9glise de L&rsquo;\u0092Aquila\",\"datePublished\":\"2010-04-13T22:00:00+00:00\",\"dateModified\":\"2019-07-15T09:19:42+00:00\",\"mainEntityOfPage\":{\"@id\":\"https:\\\/\\\/batijournal.com\\\/index.php\\\/accord-franco-italien-pour-la-reconstruction-de-l%c2%92eglise-de-l%c2%92aquila\\\/76247\\\/\"},\"wordCount\":262,\"commentCount\":0,\"keywords\":[\"reconstruction\"],\"articleSection\":[\"Architecture &amp; Conception\"],\"inLanguage\":\"fr-FR\",\"potentialAction\":[{\"@type\":\"CommentAction\",\"name\":\"Comment\",\"target\":[\"https:\\\/\\\/batijournal.com\\\/index.php\\\/accord-franco-italien-pour-la-reconstruction-de-l%c2%92eglise-de-l%c2%92aquila\\\/76247\\\/#respond\"]}]},{\"@type\":\"WebPage\",\"@id\":\"https:\\\/\\\/batijournal.com\\\/index.php\\\/accord-franco-italien-pour-la-reconstruction-de-l%c2%92eglise-de-l%c2%92aquila\\\/76247\\\/\",\"url\":\"https:\\\/\\\/batijournal.com\\\/index.php\\\/accord-franco-italien-pour-la-reconstruction-de-l%c2%92eglise-de-l%c2%92aquila\\\/76247\\\/\",\"name\":\"Accord franco-italien pour la reconstruction de l'\u0092\u00e9glise de L'\u0092Aquila\",\"isPartOf\":{\"@id\":\"https:\\\/\\\/batijournal.com\\\/#website\"},\"datePublished\":\"2010-04-13T22:00:00+00:00\",\"dateModified\":\"2019-07-15T09:19:42+00:00\",\"author\":{\"@id\":\"https:\\\/\\\/batijournal.com\\\/#\\\/schema\\\/person\\\/6a657e8967569e1b299972574848aa76\"},\"breadcrumb\":{\"@id\":\"https:\\\/\\\/batijournal.com\\\/index.php\\\/accord-franco-italien-pour-la-reconstruction-de-l%c2%92eglise-de-l%c2%92aquila\\\/76247\\\/#breadcrumb\"},\"inLanguage\":\"fr-FR\",\"potentialAction\":[{\"@type\":\"ReadAction\",\"target\":[\"https:\\\/\\\/batijournal.com\\\/index.php\\\/accord-franco-italien-pour-la-reconstruction-de-l%c2%92eglise-de-l%c2%92aquila\\\/76247\\\/\"]}]},{\"@type\":\"BreadcrumbList\",\"@id\":\"https:\\\/\\\/batijournal.com\\\/index.php\\\/accord-franco-italien-pour-la-reconstruction-de-l%c2%92eglise-de-l%c2%92aquila\\\/76247\\\/#breadcrumb\",\"itemListElement\":[{\"@type\":\"ListItem\",\"position\":1,\"name\":\"Accueil\",\"item\":\"https:\\\/\\\/batijournal.com\\\/\"},{\"@type\":\"ListItem\",\"position\":2,\"name\":\"Actualit\u00e9s\",\"item\":\"https:\\\/\\\/batijournal.com\\\/index.php\\\/category\\\/actualites\\\/\"},{\"@type\":\"ListItem\",\"position\":3,\"name\":\"Architecture &amp; Conception\",\"item\":\"https:\\\/\\\/batijournal.com\\\/index.php\\\/category\\\/actualites\\\/architecture-conception\\\/\"},{\"@type\":\"ListItem\",\"position\":4,\"name\":\"Accord franco-italien pour la reconstruction de l&rsquo;\u0092\u00e9glise de L&rsquo;\u0092Aquila\"}]},{\"@type\":\"WebSite\",\"@id\":\"https:\\\/\\\/batijournal.com\\\/#website\",\"url\":\"https:\\\/\\\/batijournal.com\\\/\",\"name\":\"Batijournal\",\"description\":\"L&#039;actualit\u00e9 du b\u00e2timent\",\"potentialAction\":[{\"@type\":\"SearchAction\",\"target\":{\"@type\":\"EntryPoint\",\"urlTemplate\":\"https:\\\/\\\/batijournal.com\\\/?s={search_term_string}\"},\"query-input\":{\"@type\":\"PropertyValueSpecification\",\"valueRequired\":true,\"valueName\":\"search_term_string\"}}],\"inLanguage\":\"fr-FR\"},{\"@type\":\"Person\",\"@id\":\"https:\\\/\\\/batijournal.com\\\/#\\\/schema\\\/person\\\/6a657e8967569e1b299972574848aa76\",\"name\":\"Bati-journal\",\"image\":{\"@type\":\"ImageObject\",\"inLanguage\":\"fr-FR\",\"@id\":\"https:\\\/\\\/secure.gravatar.com\\\/avatar\\\/a64364ea26392f9b4dd47e017ddaec74ff03aefc073b49e492e847201258f777?s=96&d=mm&r=g\",\"url\":\"https:\\\/\\\/secure.gravatar.com\\\/avatar\\\/a64364ea26392f9b4dd47e017ddaec74ff03aefc073b49e492e847201258f777?s=96&d=mm&r=g\",\"contentUrl\":\"https:\\\/\\\/secure.gravatar.com\\\/avatar\\\/a64364ea26392f9b4dd47e017ddaec74ff03aefc073b49e492e847201258f777?s=96&d=mm&r=g\",\"caption\":\"Bati-journal\"},\"url\":\"https:\\\/\\\/batijournal.com\\\/index.php\\\/author\\\/elodie\\\/\"}]}<\/script>\n<!-- \/ Yoast SEO plugin. -->","yoast_head_json":{"title":"Accord franco-italien pour la reconstruction de l'\u0092\u00e9glise de L'\u0092Aquila","robots":{"index":"index","follow":"follow","max-snippet":"max-snippet:-1","max-image-preview":"max-image-preview:large","max-video-preview":"max-video-preview:-1"},"canonical":"https:\/\/batijournal.com\/index.php\/accord-franco-italien-pour-la-reconstruction-de-l\u0092eglise-de-l\u0092aquila\/76247\/","og_locale":"fr_FR","og_type":"article","og_title":"Accord franco-italien pour la reconstruction de l'\u0092\u00e9glise de L'\u0092Aquila","og_description":"A l\u0092occasion du 28\u00e8me sommet bilat\u00e9ral pr\u00e9sid\u00e9 par Nicolas Sarkozy et Silvio Berlusconi, la France et l&rsquo;Italie ont finalis\u00e9 une coop\u00e9ration en vue de contribuer \u00e0 la reconstruction de L&rsquo;\u0092Aquila, ville des Abruzzes frapp\u00e9e le 6 avril 2009 par un s\u00e9isme d\u00e9vastateur. Bernard Kouchner, ministre des Affaires \u00e9trang\u00e8res et europ\u00e9ennes, et Fr\u00e9d\u00e9ric Mitterrand, ministre de [&hellip;]","og_url":"https:\/\/batijournal.com\/index.php\/accord-franco-italien-pour-la-reconstruction-de-l\u0092eglise-de-l\u0092aquila\/76247\/","og_site_name":"Batijournal","article_published_time":"2010-04-13T22:00:00+00:00","article_modified_time":"2019-07-15T09:19:42+00:00","author":"Bati-journal","twitter_card":"summary_large_image","twitter_creator":"@bati_journal","twitter_site":"@bati_journal","twitter_misc":{"\u00c9crit par":"Bati-journal","Dur\u00e9e de lecture estim\u00e9e":"1 minute"},"schema":{"@context":"https:\/\/schema.org","@graph":[{"@type":"Article","@id":"https:\/\/batijournal.com\/index.php\/accord-franco-italien-pour-la-reconstruction-de-l%c2%92eglise-de-l%c2%92aquila\/76247\/#article","isPartOf":{"@id":"https:\/\/batijournal.com\/index.php\/accord-franco-italien-pour-la-reconstruction-de-l%c2%92eglise-de-l%c2%92aquila\/76247\/"},"author":{"name":"Bati-journal","@id":"https:\/\/batijournal.com\/#\/schema\/person\/6a657e8967569e1b299972574848aa76"},"headline":"Accord franco-italien pour la reconstruction de l&rsquo;\u0092\u00e9glise de L&rsquo;\u0092Aquila","datePublished":"2010-04-13T22:00:00+00:00","dateModified":"2019-07-15T09:19:42+00:00","mainEntityOfPage":{"@id":"https:\/\/batijournal.com\/index.php\/accord-franco-italien-pour-la-reconstruction-de-l%c2%92eglise-de-l%c2%92aquila\/76247\/"},"wordCount":262,"commentCount":0,"keywords":["reconstruction"],"articleSection":["Architecture &amp; Conception"],"inLanguage":"fr-FR","potentialAction":[{"@type":"CommentAction","name":"Comment","target":["https:\/\/batijournal.com\/index.php\/accord-franco-italien-pour-la-reconstruction-de-l%c2%92eglise-de-l%c2%92aquila\/76247\/#respond"]}]},{"@type":"WebPage","@id":"https:\/\/batijournal.com\/index.php\/accord-franco-italien-pour-la-reconstruction-de-l%c2%92eglise-de-l%c2%92aquila\/76247\/","url":"https:\/\/batijournal.com\/index.php\/accord-franco-italien-pour-la-reconstruction-de-l%c2%92eglise-de-l%c2%92aquila\/76247\/","name":"Accord franco-italien pour la reconstruction de l'\u0092\u00e9glise de L'\u0092Aquila","isPartOf":{"@id":"https:\/\/batijournal.com\/#website"},"datePublished":"2010-04-13T22:00:00+00:00","dateModified":"2019-07-15T09:19:42+00:00","author":{"@id":"https:\/\/batijournal.com\/#\/schema\/person\/6a657e8967569e1b299972574848aa76"},"breadcrumb":{"@id":"https:\/\/batijournal.com\/index.php\/accord-franco-italien-pour-la-reconstruction-de-l%c2%92eglise-de-l%c2%92aquila\/76247\/#breadcrumb"},"inLanguage":"fr-FR","potentialAction":[{"@type":"ReadAction","target":["https:\/\/batijournal.com\/index.php\/accord-franco-italien-pour-la-reconstruction-de-l%c2%92eglise-de-l%c2%92aquila\/76247\/"]}]},{"@type":"BreadcrumbList","@id":"https:\/\/batijournal.com\/index.php\/accord-franco-italien-pour-la-reconstruction-de-l%c2%92eglise-de-l%c2%92aquila\/76247\/#breadcrumb","itemListElement":[{"@type":"ListItem","position":1,"name":"Accueil","item":"https:\/\/batijournal.com\/"},{"@type":"ListItem","position":2,"name":"Actualit\u00e9s","item":"https:\/\/batijournal.com\/index.php\/category\/actualites\/"},{"@type":"ListItem","position":3,"name":"Architecture &amp; Conception","item":"https:\/\/batijournal.com\/index.php\/category\/actualites\/architecture-conception\/"},{"@type":"ListItem","position":4,"name":"Accord franco-italien pour la reconstruction de l&rsquo;\u0092\u00e9glise de L&rsquo;\u0092Aquila"}]},{"@type":"WebSite","@id":"https:\/\/batijournal.com\/#website","url":"https:\/\/batijournal.com\/","name":"Batijournal","description":"L&#039;actualit\u00e9 du b\u00e2timent","potentialAction":[{"@type":"SearchAction","target":{"@type":"EntryPoint","urlTemplate":"https:\/\/batijournal.com\/?s={search_term_string}"},"query-input":{"@type":"PropertyValueSpecification","valueRequired":true,"valueName":"search_term_string"}}],"inLanguage":"fr-FR"},{"@type":"Person","@id":"https:\/\/batijournal.com\/#\/schema\/person\/6a657e8967569e1b299972574848aa76","name":"Bati-journal","image":{"@type":"ImageObject","inLanguage":"fr-FR","@id":"https:\/\/secure.gravatar.com\/avatar\/a64364ea26392f9b4dd47e017ddaec74ff03aefc073b49e492e847201258f777?s=96&d=mm&r=g","url":"https:\/\/secure.gravatar.com\/avatar\/a64364ea26392f9b4dd47e017ddaec74ff03aefc073b49e492e847201258f777?s=96&d=mm&r=g","contentUrl":"https:\/\/secure.gravatar.com\/avatar\/a64364ea26392f9b4dd47e017ddaec74ff03aefc073b49e492e847201258f777?s=96&d=mm&r=g","caption":"Bati-journal"},"url":"https:\/\/batijournal.com\/index.php\/author\/elodie\/"}]}},"_links":{"self":[{"href":"https:\/\/batijournal.com\/index.php\/wp-json\/wp\/v2\/posts\/76247","targetHints":{"allow":["GET"]}}],"collection":[{"href":"https:\/\/batijournal.com\/index.php\/wp-json\/wp\/v2\/posts"}],"about":[{"href":"https:\/\/batijournal.com\/index.php\/wp-json\/wp\/v2\/types\/post"}],"author":[{"embeddable":true,"href":"https:\/\/batijournal.com\/index.php\/wp-json\/wp\/v2\/users\/1"}],"replies":[{"embeddable":true,"href":"https:\/\/batijournal.com\/index.php\/wp-json\/wp\/v2\/comments?post=76247"}],"version-history":[{"count":0,"href":"https:\/\/batijournal.com\/index.php\/wp-json\/wp\/v2\/posts\/76247\/revisions"}],"wp:attachment":[{"href":"https:\/\/batijournal.com\/index.php\/wp-json\/wp\/v2\/media?parent=76247"}],"wp:term":[{"taxonomy":"category","embeddable":true,"href":"https:\/\/batijournal.com\/index.php\/wp-json\/wp\/v2\/categories?post=76247"},{"taxonomy":"post_tag","embeddable":true,"href":"https:\/\/batijournal.com\/index.php\/wp-json\/wp\/v2\/tags?post=76247"}],"curies":[{"name":"wp","href":"https:\/\/api.w.org\/{rel}","templated":true}]}}