{"id":76252,"date":"2010-05-05T00:00:00","date_gmt":"2010-05-04T22:00:00","guid":{"rendered":"http:\/\/b.bati-journal.com\/les-etudiants-en-architecture-a-la-decouverte-de-la-pierre-de-bourgogne\/76252"},"modified":"2019-07-15T11:19:40","modified_gmt":"2019-07-15T09:19:40","slug":"les-etudiants-en-architecture-a-la-decouverte-de-la-pierre-de-bourgogne","status":"publish","type":"post","link":"https:\/\/batijournal.com\/index.php\/les-etudiants-en-architecture-a-la-decouverte-de-la-pierre-de-bourgogne\/76252\/","title":{"rendered":"Les \u00e9tudiants en architecture \u00e0 la d\u00e9couverte de la pierre de Bourgogne"},"content":{"rendered":"<p>Le 28 mai prochain, les \u00e9tudiants de la plus grande \u00e9cole d&rsquo;architecture de France, l&rsquo;Ecole de la Villette, passeront la journ\u00e9e en Bourgogne \u00e0 la d\u00e9couverte d&rsquo;un mat\u00e9riau noble et \u00e9cologique : la pierre. Mais pas n&rsquo;importe laquelle, la Pierre de Bourgogne, connue pour sa qualit\u00e9, sa vari\u00e9t\u00e9, ses vertus environnementales et sa beaut\u00e9. L&rsquo;association Pierre de Bourgogne, qui regroupe une trentaine d&rsquo;entreprises bourguignonnes, est \u00e0 l&rsquo;origine de ce projet, et a concoct\u00e9 un programme riche en d\u00e9couvertes pour la journ\u00e9e, en collaboration avec Christian Pedelahore, architecte professeur \u00e0 l&rsquo;Ecole de la Villette. Au menu, une pr\u00e9sentation g\u00e9n\u00e9rale de la pierre suivie d&rsquo;une visite de l&rsquo;usine Rocamat, \u00e0 Ravi\u00e8res (89), accompagn\u00e9e par Jean-Louis Marpillat, directeur du d\u00e9veloppement. Puis les \u00e9tudiants d\u00e9couvriront la carri\u00e8re de Rocamat situ\u00e9e \u00e0 Massangis (89). Enfin, visite de la carri\u00e8re de pierre de l&rsquo;Yonne \u00e0 Saint Vinnemer, \u00e0 c\u00f4t\u00e9 de Tanlay (89), guid\u00e9e par Roland Rongione. Voici donc une belle occasion pour les professionnels de la pierre de faire d\u00e9couvrir ce mat\u00e9riau tant appr\u00e9ci\u00e9 pour la diversit\u00e9 de ses applications, notamment dans les projets architecturaux contemporains prestigieux, comme les mus\u00e9es du Louvre et d&rsquo;Orsay.<\/p>\n","protected":false},"excerpt":{"rendered":"<p>Le 28 mai prochain, les \u00e9tudiants de la plus grande \u00e9cole d&rsquo;architecture de France, l&rsquo;Ecole de la Villette, passeront la journ\u00e9e en Bourgogne \u00e0 la d\u00e9couverte d&rsquo;un mat\u00e9riau noble et \u00e9cologique : la pierre. Mais pas n&rsquo;importe laquelle, la Pierre de Bourgogne, connue pour sa qualit\u00e9, sa vari\u00e9t\u00e9, ses vertus environnementales et sa beaut\u00e9. L&rsquo;association [&hellip;]<\/p>\n","protected":false},"author":1,"featured_media":0,"comment_status":"open","ping_status":"closed","sticky":false,"template":"","format":"standard","meta":{"_et_pb_use_builder":"","_et_pb_old_content":"","_et_gb_content_width":"","footnotes":""},"categories":[6340],"tags":[],"class_list":["post-76252","post","type-post","status-publish","format-standard","hentry","category-architecture-conception"],"yoast_head":"<!-- This site is optimized with the Yoast SEO plugin v27.4 - https:\/\/yoast.com\/product\/yoast-seo-wordpress\/ -->\n<title>Les \u00e9tudiants en architecture \u00e0 la d\u00e9couverte de la pierre de Bourgogne<\/title>\n<meta name=\"robots\" content=\"index, follow, max-snippet:-1, max-image-preview:large, max-video-preview:-1\" \/>\n<link rel=\"canonical\" href=\"https:\/\/batijournal.com\/index.php\/les-etudiants-en-architecture-a-la-decouverte-de-la-pierre-de-bourgogne\/76252\/\" \/>\n<meta property=\"og:locale\" content=\"fr_FR\" \/>\n<meta property=\"og:type\" content=\"article\" \/>\n<meta property=\"og:title\" content=\"Les \u00e9tudiants en architecture \u00e0 la d\u00e9couverte de la pierre de Bourgogne\" \/>\n<meta property=\"og:description\" content=\"Le 28 mai prochain, les \u00e9tudiants de la plus grande \u00e9cole d&rsquo;architecture de France, l&rsquo;Ecole de la Villette, passeront la journ\u00e9e en Bourgogne \u00e0 la d\u00e9couverte d&rsquo;un mat\u00e9riau noble et \u00e9cologique : la pierre. Mais pas n&rsquo;importe laquelle, la Pierre de Bourgogne, connue pour sa qualit\u00e9, sa vari\u00e9t\u00e9, ses vertus environnementales et sa beaut\u00e9. L&rsquo;association [&hellip;]\" \/>\n<meta property=\"og:url\" content=\"https:\/\/batijournal.com\/index.php\/les-etudiants-en-architecture-a-la-decouverte-de-la-pierre-de-bourgogne\/76252\/\" \/>\n<meta property=\"og:site_name\" content=\"Batijournal\" \/>\n<meta property=\"article:published_time\" content=\"2010-05-04T22:00:00+00:00\" \/>\n<meta property=\"article:modified_time\" content=\"2019-07-15T09:19:40+00:00\" \/>\n<meta name=\"author\" content=\"Bati-journal\" \/>\n<meta name=\"twitter:card\" content=\"summary_large_image\" \/>\n<meta name=\"twitter:creator\" content=\"@bati_journal\" \/>\n<meta name=\"twitter:site\" content=\"@bati_journal\" \/>\n<meta name=\"twitter:label1\" content=\"\u00c9crit par\" \/>\n\t<meta name=\"twitter:data1\" content=\"Bati-journal\" \/>\n\t<meta name=\"twitter:label2\" content=\"Dur\u00e9e de lecture estim\u00e9e\" \/>\n\t<meta name=\"twitter:data2\" content=\"1 minute\" \/>\n<script type=\"application\/ld+json\" class=\"yoast-schema-graph\">{\"@context\":\"https:\\\/\\\/schema.org\",\"@graph\":[{\"@type\":\"Article\",\"@id\":\"https:\\\/\\\/batijournal.com\\\/index.php\\\/les-etudiants-en-architecture-a-la-decouverte-de-la-pierre-de-bourgogne\\\/76252\\\/#article\",\"isPartOf\":{\"@id\":\"https:\\\/\\\/batijournal.com\\\/index.php\\\/les-etudiants-en-architecture-a-la-decouverte-de-la-pierre-de-bourgogne\\\/76252\\\/\"},\"author\":{\"name\":\"Bati-journal\",\"@id\":\"https:\\\/\\\/batijournal.com\\\/#\\\/schema\\\/person\\\/6a657e8967569e1b299972574848aa76\"},\"headline\":\"Les \u00e9tudiants en architecture \u00e0 la d\u00e9couverte de la pierre de Bourgogne\",\"datePublished\":\"2010-05-04T22:00:00+00:00\",\"dateModified\":\"2019-07-15T09:19:40+00:00\",\"mainEntityOfPage\":{\"@id\":\"https:\\\/\\\/batijournal.com\\\/index.php\\\/les-etudiants-en-architecture-a-la-decouverte-de-la-pierre-de-bourgogne\\\/76252\\\/\"},\"wordCount\":222,\"commentCount\":0,\"articleSection\":[\"Architecture &amp; Conception\"],\"inLanguage\":\"fr-FR\",\"potentialAction\":[{\"@type\":\"CommentAction\",\"name\":\"Comment\",\"target\":[\"https:\\\/\\\/batijournal.com\\\/index.php\\\/les-etudiants-en-architecture-a-la-decouverte-de-la-pierre-de-bourgogne\\\/76252\\\/#respond\"]}]},{\"@type\":\"WebPage\",\"@id\":\"https:\\\/\\\/batijournal.com\\\/index.php\\\/les-etudiants-en-architecture-a-la-decouverte-de-la-pierre-de-bourgogne\\\/76252\\\/\",\"url\":\"https:\\\/\\\/batijournal.com\\\/index.php\\\/les-etudiants-en-architecture-a-la-decouverte-de-la-pierre-de-bourgogne\\\/76252\\\/\",\"name\":\"Les \u00e9tudiants en architecture \u00e0 la d\u00e9couverte de la pierre de Bourgogne\",\"isPartOf\":{\"@id\":\"https:\\\/\\\/batijournal.com\\\/#website\"},\"datePublished\":\"2010-05-04T22:00:00+00:00\",\"dateModified\":\"2019-07-15T09:19:40+00:00\",\"author\":{\"@id\":\"https:\\\/\\\/batijournal.com\\\/#\\\/schema\\\/person\\\/6a657e8967569e1b299972574848aa76\"},\"breadcrumb\":{\"@id\":\"https:\\\/\\\/batijournal.com\\\/index.php\\\/les-etudiants-en-architecture-a-la-decouverte-de-la-pierre-de-bourgogne\\\/76252\\\/#breadcrumb\"},\"inLanguage\":\"fr-FR\",\"potentialAction\":[{\"@type\":\"ReadAction\",\"target\":[\"https:\\\/\\\/batijournal.com\\\/index.php\\\/les-etudiants-en-architecture-a-la-decouverte-de-la-pierre-de-bourgogne\\\/76252\\\/\"]}]},{\"@type\":\"BreadcrumbList\",\"@id\":\"https:\\\/\\\/batijournal.com\\\/index.php\\\/les-etudiants-en-architecture-a-la-decouverte-de-la-pierre-de-bourgogne\\\/76252\\\/#breadcrumb\",\"itemListElement\":[{\"@type\":\"ListItem\",\"position\":1,\"name\":\"Accueil\",\"item\":\"https:\\\/\\\/batijournal.com\\\/\"},{\"@type\":\"ListItem\",\"position\":2,\"name\":\"Actualit\u00e9s\",\"item\":\"https:\\\/\\\/batijournal.com\\\/index.php\\\/category\\\/actualites\\\/\"},{\"@type\":\"ListItem\",\"position\":3,\"name\":\"Architecture &amp; Conception\",\"item\":\"https:\\\/\\\/batijournal.com\\\/index.php\\\/category\\\/actualites\\\/architecture-conception\\\/\"},{\"@type\":\"ListItem\",\"position\":4,\"name\":\"Les \u00e9tudiants en architecture \u00e0 la d\u00e9couverte de la pierre de Bourgogne\"}]},{\"@type\":\"WebSite\",\"@id\":\"https:\\\/\\\/batijournal.com\\\/#website\",\"url\":\"https:\\\/\\\/batijournal.com\\\/\",\"name\":\"Batijournal\",\"description\":\"L&#039;actualit\u00e9 du b\u00e2timent\",\"potentialAction\":[{\"@type\":\"SearchAction\",\"target\":{\"@type\":\"EntryPoint\",\"urlTemplate\":\"https:\\\/\\\/batijournal.com\\\/?s={search_term_string}\"},\"query-input\":{\"@type\":\"PropertyValueSpecification\",\"valueRequired\":true,\"valueName\":\"search_term_string\"}}],\"inLanguage\":\"fr-FR\"},{\"@type\":\"Person\",\"@id\":\"https:\\\/\\\/batijournal.com\\\/#\\\/schema\\\/person\\\/6a657e8967569e1b299972574848aa76\",\"name\":\"Bati-journal\",\"image\":{\"@type\":\"ImageObject\",\"inLanguage\":\"fr-FR\",\"@id\":\"https:\\\/\\\/secure.gravatar.com\\\/avatar\\\/a64364ea26392f9b4dd47e017ddaec74ff03aefc073b49e492e847201258f777?s=96&d=mm&r=g\",\"url\":\"https:\\\/\\\/secure.gravatar.com\\\/avatar\\\/a64364ea26392f9b4dd47e017ddaec74ff03aefc073b49e492e847201258f777?s=96&d=mm&r=g\",\"contentUrl\":\"https:\\\/\\\/secure.gravatar.com\\\/avatar\\\/a64364ea26392f9b4dd47e017ddaec74ff03aefc073b49e492e847201258f777?s=96&d=mm&r=g\",\"caption\":\"Bati-journal\"},\"url\":\"https:\\\/\\\/batijournal.com\\\/index.php\\\/author\\\/elodie\\\/\"}]}<\/script>\n<!-- \/ Yoast SEO plugin. -->","yoast_head_json":{"title":"Les \u00e9tudiants en architecture \u00e0 la d\u00e9couverte de la pierre de Bourgogne","robots":{"index":"index","follow":"follow","max-snippet":"max-snippet:-1","max-image-preview":"max-image-preview:large","max-video-preview":"max-video-preview:-1"},"canonical":"https:\/\/batijournal.com\/index.php\/les-etudiants-en-architecture-a-la-decouverte-de-la-pierre-de-bourgogne\/76252\/","og_locale":"fr_FR","og_type":"article","og_title":"Les \u00e9tudiants en architecture \u00e0 la d\u00e9couverte de la pierre de Bourgogne","og_description":"Le 28 mai prochain, les \u00e9tudiants de la plus grande \u00e9cole d&rsquo;architecture de France, l&rsquo;Ecole de la Villette, passeront la journ\u00e9e en Bourgogne \u00e0 la d\u00e9couverte d&rsquo;un mat\u00e9riau noble et \u00e9cologique : la pierre. Mais pas n&rsquo;importe laquelle, la Pierre de Bourgogne, connue pour sa qualit\u00e9, sa vari\u00e9t\u00e9, ses vertus environnementales et sa beaut\u00e9. L&rsquo;association [&hellip;]","og_url":"https:\/\/batijournal.com\/index.php\/les-etudiants-en-architecture-a-la-decouverte-de-la-pierre-de-bourgogne\/76252\/","og_site_name":"Batijournal","article_published_time":"2010-05-04T22:00:00+00:00","article_modified_time":"2019-07-15T09:19:40+00:00","author":"Bati-journal","twitter_card":"summary_large_image","twitter_creator":"@bati_journal","twitter_site":"@bati_journal","twitter_misc":{"\u00c9crit par":"Bati-journal","Dur\u00e9e de lecture estim\u00e9e":"1 minute"},"schema":{"@context":"https:\/\/schema.org","@graph":[{"@type":"Article","@id":"https:\/\/batijournal.com\/index.php\/les-etudiants-en-architecture-a-la-decouverte-de-la-pierre-de-bourgogne\/76252\/#article","isPartOf":{"@id":"https:\/\/batijournal.com\/index.php\/les-etudiants-en-architecture-a-la-decouverte-de-la-pierre-de-bourgogne\/76252\/"},"author":{"name":"Bati-journal","@id":"https:\/\/batijournal.com\/#\/schema\/person\/6a657e8967569e1b299972574848aa76"},"headline":"Les \u00e9tudiants en architecture \u00e0 la d\u00e9couverte de la pierre de Bourgogne","datePublished":"2010-05-04T22:00:00+00:00","dateModified":"2019-07-15T09:19:40+00:00","mainEntityOfPage":{"@id":"https:\/\/batijournal.com\/index.php\/les-etudiants-en-architecture-a-la-decouverte-de-la-pierre-de-bourgogne\/76252\/"},"wordCount":222,"commentCount":0,"articleSection":["Architecture &amp; Conception"],"inLanguage":"fr-FR","potentialAction":[{"@type":"CommentAction","name":"Comment","target":["https:\/\/batijournal.com\/index.php\/les-etudiants-en-architecture-a-la-decouverte-de-la-pierre-de-bourgogne\/76252\/#respond"]}]},{"@type":"WebPage","@id":"https:\/\/batijournal.com\/index.php\/les-etudiants-en-architecture-a-la-decouverte-de-la-pierre-de-bourgogne\/76252\/","url":"https:\/\/batijournal.com\/index.php\/les-etudiants-en-architecture-a-la-decouverte-de-la-pierre-de-bourgogne\/76252\/","name":"Les \u00e9tudiants en architecture \u00e0 la d\u00e9couverte de la pierre de Bourgogne","isPartOf":{"@id":"https:\/\/batijournal.com\/#website"},"datePublished":"2010-05-04T22:00:00+00:00","dateModified":"2019-07-15T09:19:40+00:00","author":{"@id":"https:\/\/batijournal.com\/#\/schema\/person\/6a657e8967569e1b299972574848aa76"},"breadcrumb":{"@id":"https:\/\/batijournal.com\/index.php\/les-etudiants-en-architecture-a-la-decouverte-de-la-pierre-de-bourgogne\/76252\/#breadcrumb"},"inLanguage":"fr-FR","potentialAction":[{"@type":"ReadAction","target":["https:\/\/batijournal.com\/index.php\/les-etudiants-en-architecture-a-la-decouverte-de-la-pierre-de-bourgogne\/76252\/"]}]},{"@type":"BreadcrumbList","@id":"https:\/\/batijournal.com\/index.php\/les-etudiants-en-architecture-a-la-decouverte-de-la-pierre-de-bourgogne\/76252\/#breadcrumb","itemListElement":[{"@type":"ListItem","position":1,"name":"Accueil","item":"https:\/\/batijournal.com\/"},{"@type":"ListItem","position":2,"name":"Actualit\u00e9s","item":"https:\/\/batijournal.com\/index.php\/category\/actualites\/"},{"@type":"ListItem","position":3,"name":"Architecture &amp; Conception","item":"https:\/\/batijournal.com\/index.php\/category\/actualites\/architecture-conception\/"},{"@type":"ListItem","position":4,"name":"Les \u00e9tudiants en architecture \u00e0 la d\u00e9couverte de la pierre de Bourgogne"}]},{"@type":"WebSite","@id":"https:\/\/batijournal.com\/#website","url":"https:\/\/batijournal.com\/","name":"Batijournal","description":"L&#039;actualit\u00e9 du b\u00e2timent","potentialAction":[{"@type":"SearchAction","target":{"@type":"EntryPoint","urlTemplate":"https:\/\/batijournal.com\/?s={search_term_string}"},"query-input":{"@type":"PropertyValueSpecification","valueRequired":true,"valueName":"search_term_string"}}],"inLanguage":"fr-FR"},{"@type":"Person","@id":"https:\/\/batijournal.com\/#\/schema\/person\/6a657e8967569e1b299972574848aa76","name":"Bati-journal","image":{"@type":"ImageObject","inLanguage":"fr-FR","@id":"https:\/\/secure.gravatar.com\/avatar\/a64364ea26392f9b4dd47e017ddaec74ff03aefc073b49e492e847201258f777?s=96&d=mm&r=g","url":"https:\/\/secure.gravatar.com\/avatar\/a64364ea26392f9b4dd47e017ddaec74ff03aefc073b49e492e847201258f777?s=96&d=mm&r=g","contentUrl":"https:\/\/secure.gravatar.com\/avatar\/a64364ea26392f9b4dd47e017ddaec74ff03aefc073b49e492e847201258f777?s=96&d=mm&r=g","caption":"Bati-journal"},"url":"https:\/\/batijournal.com\/index.php\/author\/elodie\/"}]}},"_links":{"self":[{"href":"https:\/\/batijournal.com\/index.php\/wp-json\/wp\/v2\/posts\/76252","targetHints":{"allow":["GET"]}}],"collection":[{"href":"https:\/\/batijournal.com\/index.php\/wp-json\/wp\/v2\/posts"}],"about":[{"href":"https:\/\/batijournal.com\/index.php\/wp-json\/wp\/v2\/types\/post"}],"author":[{"embeddable":true,"href":"https:\/\/batijournal.com\/index.php\/wp-json\/wp\/v2\/users\/1"}],"replies":[{"embeddable":true,"href":"https:\/\/batijournal.com\/index.php\/wp-json\/wp\/v2\/comments?post=76252"}],"version-history":[{"count":0,"href":"https:\/\/batijournal.com\/index.php\/wp-json\/wp\/v2\/posts\/76252\/revisions"}],"wp:attachment":[{"href":"https:\/\/batijournal.com\/index.php\/wp-json\/wp\/v2\/media?parent=76252"}],"wp:term":[{"taxonomy":"category","embeddable":true,"href":"https:\/\/batijournal.com\/index.php\/wp-json\/wp\/v2\/categories?post=76252"},{"taxonomy":"post_tag","embeddable":true,"href":"https:\/\/batijournal.com\/index.php\/wp-json\/wp\/v2\/tags?post=76252"}],"curies":[{"name":"wp","href":"https:\/\/api.w.org\/{rel}","templated":true}]}}