{"id":76260,"date":"2010-05-26T00:00:00","date_gmt":"2010-05-25T22:00:00","guid":{"rendered":"http:\/\/b.bati-journal.com\/qui-sera-l%c2%92architecte-qui-amenagera-la-citadelle-damiens\/76260"},"modified":"2019-07-15T11:19:40","modified_gmt":"2019-07-15T09:19:40","slug":"qui-sera-l%c2%92architecte-qui-amenagera-la-citadelle-damiens","status":"publish","type":"post","link":"https:\/\/batijournal.com\/index.php\/qui-sera-l%c2%92architecte-qui-amenagera-la-citadelle-damiens\/76260\/","title":{"rendered":"Qui sera l&rsquo;\u0092architecte qui am\u00e9nagera la Citadelle d&rsquo;Amiens ?"},"content":{"rendered":"<p>L&rsquo;\u0092am\u00e9nagement de la Citadelle d\u0092&rsquo;Amiens m\u00eale plusieurs enjeux\u00a0: urbanistiques, universitaires, patrimoniaux et architecturaux. Un chantier de 163 M\u0080, sans compter les op\u00e9rations de voirie et d\u0092urbanisme alentour, qui permettra d\u0092&rsquo;ouvrir ce site historique de 18 hectares sur la ville et les quartiers voisins. Ce projet d&rsquo;\u0092envergure, l\u0092&rsquo;un des plus gros dossiers en cours sur le territoire d\u0092&rsquo;Amiens M\u00e9tropole, se traduira \u00e9galement par l&rsquo;\u0092accueil de 8\u00a0000 \u00e9tudiants dans l&rsquo;\u0092enceinte de la Citadelle. L&rsquo;\u0092avis d\u0092&rsquo;appel public \u00e0 la concurrence\u00a0relatif au projet d\u0092&rsquo;am\u00e9nagement du site a \u00e9t\u00e9 sign\u00e9. La date de remise des candidatures est arr\u00eat\u00e9e au 1er juin. Afin de s\u00e9lectionner quatre candidatures \u0096 parmi lequel se trouvera le laur\u00e9at qui sera d\u00e9sign\u00e9 en d\u00e9cembre 2010 \u0096, Amiens M\u00e9tropole a compos\u00e9 un jury r\u00e9unissant des sp\u00e9cialistes reconnus internationalement. Ce jury fera conna\u00eetre les noms des quatre agences retenues le 22 juin.<\/p>\n","protected":false},"excerpt":{"rendered":"<p>L&rsquo;\u0092am\u00e9nagement de la Citadelle d\u0092&rsquo;Amiens m\u00eale plusieurs enjeux\u00a0: urbanistiques, universitaires, patrimoniaux et architecturaux. Un chantier de 163 M\u0080, sans compter les op\u00e9rations de voirie et d\u0092urbanisme alentour, qui permettra d\u0092&rsquo;ouvrir ce site historique de 18 hectares sur la ville et les quartiers voisins. Ce projet d&rsquo;\u0092envergure, l\u0092&rsquo;un des plus gros dossiers en cours sur le [&hellip;]<\/p>\n","protected":false},"author":1,"featured_media":0,"comment_status":"open","ping_status":"closed","sticky":false,"template":"","format":"standard","meta":{"_et_pb_use_builder":"","_et_pb_old_content":"","_et_gb_content_width":"","footnotes":""},"categories":[6340],"tags":[6861],"class_list":["post-76260","post","type-post","status-publish","format-standard","hentry","category-architecture-conception","tag-citadelle-damiens"],"yoast_head":"<!-- This site is optimized with the Yoast SEO plugin v27.4 - https:\/\/yoast.com\/product\/yoast-seo-wordpress\/ -->\n<title>Qui sera l&#039;\u0092architecte qui am\u00e9nagera la Citadelle d&#039;Amiens ?<\/title>\n<meta name=\"robots\" content=\"index, follow, max-snippet:-1, max-image-preview:large, max-video-preview:-1\" \/>\n<link rel=\"canonical\" href=\"https:\/\/batijournal.com\/index.php\/qui-sera-l\u0092architecte-qui-amenagera-la-citadelle-damiens\/76260\/\" \/>\n<meta property=\"og:locale\" content=\"fr_FR\" \/>\n<meta property=\"og:type\" content=\"article\" \/>\n<meta property=\"og:title\" content=\"Qui sera l&#039;\u0092architecte qui am\u00e9nagera la Citadelle d&#039;Amiens ?\" \/>\n<meta property=\"og:description\" content=\"L&rsquo;\u0092am\u00e9nagement de la Citadelle d\u0092&rsquo;Amiens m\u00eale plusieurs enjeux\u00a0: urbanistiques, universitaires, patrimoniaux et architecturaux. Un chantier de 163 M\u0080, sans compter les op\u00e9rations de voirie et d\u0092urbanisme alentour, qui permettra d\u0092&rsquo;ouvrir ce site historique de 18 hectares sur la ville et les quartiers voisins. Ce projet d&rsquo;\u0092envergure, l\u0092&rsquo;un des plus gros dossiers en cours sur le [&hellip;]\" \/>\n<meta property=\"og:url\" content=\"https:\/\/batijournal.com\/index.php\/qui-sera-l\u0092architecte-qui-amenagera-la-citadelle-damiens\/76260\/\" \/>\n<meta property=\"og:site_name\" content=\"Batijournal\" \/>\n<meta property=\"article:published_time\" content=\"2010-05-25T22:00:00+00:00\" \/>\n<meta property=\"article:modified_time\" content=\"2019-07-15T09:19:40+00:00\" \/>\n<meta name=\"author\" content=\"Bati-journal\" \/>\n<meta name=\"twitter:card\" content=\"summary_large_image\" \/>\n<meta name=\"twitter:creator\" content=\"@bati_journal\" \/>\n<meta name=\"twitter:site\" content=\"@bati_journal\" \/>\n<meta name=\"twitter:label1\" content=\"\u00c9crit par\" \/>\n\t<meta name=\"twitter:data1\" content=\"Bati-journal\" \/>\n\t<meta name=\"twitter:label2\" content=\"Dur\u00e9e de lecture estim\u00e9e\" \/>\n\t<meta name=\"twitter:data2\" content=\"1 minute\" \/>\n<script type=\"application\/ld+json\" class=\"yoast-schema-graph\">{\"@context\":\"https:\\\/\\\/schema.org\",\"@graph\":[{\"@type\":\"Article\",\"@id\":\"https:\\\/\\\/batijournal.com\\\/index.php\\\/qui-sera-l%c2%92architecte-qui-amenagera-la-citadelle-damiens\\\/76260\\\/#article\",\"isPartOf\":{\"@id\":\"https:\\\/\\\/batijournal.com\\\/index.php\\\/qui-sera-l%c2%92architecte-qui-amenagera-la-citadelle-damiens\\\/76260\\\/\"},\"author\":{\"name\":\"Bati-journal\",\"@id\":\"https:\\\/\\\/batijournal.com\\\/#\\\/schema\\\/person\\\/6a657e8967569e1b299972574848aa76\"},\"headline\":\"Qui sera l&rsquo;\u0092architecte qui am\u00e9nagera la Citadelle d&rsquo;Amiens ?\",\"datePublished\":\"2010-05-25T22:00:00+00:00\",\"dateModified\":\"2019-07-15T09:19:40+00:00\",\"mainEntityOfPage\":{\"@id\":\"https:\\\/\\\/batijournal.com\\\/index.php\\\/qui-sera-l%c2%92architecte-qui-amenagera-la-citadelle-damiens\\\/76260\\\/\"},\"wordCount\":170,\"commentCount\":0,\"keywords\":[\"citadelle damiens\"],\"articleSection\":[\"Architecture &amp; Conception\"],\"inLanguage\":\"fr-FR\",\"potentialAction\":[{\"@type\":\"CommentAction\",\"name\":\"Comment\",\"target\":[\"https:\\\/\\\/batijournal.com\\\/index.php\\\/qui-sera-l%c2%92architecte-qui-amenagera-la-citadelle-damiens\\\/76260\\\/#respond\"]}]},{\"@type\":\"WebPage\",\"@id\":\"https:\\\/\\\/batijournal.com\\\/index.php\\\/qui-sera-l%c2%92architecte-qui-amenagera-la-citadelle-damiens\\\/76260\\\/\",\"url\":\"https:\\\/\\\/batijournal.com\\\/index.php\\\/qui-sera-l%c2%92architecte-qui-amenagera-la-citadelle-damiens\\\/76260\\\/\",\"name\":\"Qui sera l'\u0092architecte qui am\u00e9nagera la Citadelle d'Amiens ?\",\"isPartOf\":{\"@id\":\"https:\\\/\\\/batijournal.com\\\/#website\"},\"datePublished\":\"2010-05-25T22:00:00+00:00\",\"dateModified\":\"2019-07-15T09:19:40+00:00\",\"author\":{\"@id\":\"https:\\\/\\\/batijournal.com\\\/#\\\/schema\\\/person\\\/6a657e8967569e1b299972574848aa76\"},\"breadcrumb\":{\"@id\":\"https:\\\/\\\/batijournal.com\\\/index.php\\\/qui-sera-l%c2%92architecte-qui-amenagera-la-citadelle-damiens\\\/76260\\\/#breadcrumb\"},\"inLanguage\":\"fr-FR\",\"potentialAction\":[{\"@type\":\"ReadAction\",\"target\":[\"https:\\\/\\\/batijournal.com\\\/index.php\\\/qui-sera-l%c2%92architecte-qui-amenagera-la-citadelle-damiens\\\/76260\\\/\"]}]},{\"@type\":\"BreadcrumbList\",\"@id\":\"https:\\\/\\\/batijournal.com\\\/index.php\\\/qui-sera-l%c2%92architecte-qui-amenagera-la-citadelle-damiens\\\/76260\\\/#breadcrumb\",\"itemListElement\":[{\"@type\":\"ListItem\",\"position\":1,\"name\":\"Accueil\",\"item\":\"https:\\\/\\\/batijournal.com\\\/\"},{\"@type\":\"ListItem\",\"position\":2,\"name\":\"Actualit\u00e9s\",\"item\":\"https:\\\/\\\/batijournal.com\\\/index.php\\\/category\\\/actualites\\\/\"},{\"@type\":\"ListItem\",\"position\":3,\"name\":\"Architecture &amp; Conception\",\"item\":\"https:\\\/\\\/batijournal.com\\\/index.php\\\/category\\\/actualites\\\/architecture-conception\\\/\"},{\"@type\":\"ListItem\",\"position\":4,\"name\":\"Qui sera l&rsquo;\u0092architecte qui am\u00e9nagera la Citadelle d&rsquo;Amiens ?\"}]},{\"@type\":\"WebSite\",\"@id\":\"https:\\\/\\\/batijournal.com\\\/#website\",\"url\":\"https:\\\/\\\/batijournal.com\\\/\",\"name\":\"Batijournal\",\"description\":\"L&#039;actualit\u00e9 du b\u00e2timent\",\"potentialAction\":[{\"@type\":\"SearchAction\",\"target\":{\"@type\":\"EntryPoint\",\"urlTemplate\":\"https:\\\/\\\/batijournal.com\\\/?s={search_term_string}\"},\"query-input\":{\"@type\":\"PropertyValueSpecification\",\"valueRequired\":true,\"valueName\":\"search_term_string\"}}],\"inLanguage\":\"fr-FR\"},{\"@type\":\"Person\",\"@id\":\"https:\\\/\\\/batijournal.com\\\/#\\\/schema\\\/person\\\/6a657e8967569e1b299972574848aa76\",\"name\":\"Bati-journal\",\"image\":{\"@type\":\"ImageObject\",\"inLanguage\":\"fr-FR\",\"@id\":\"https:\\\/\\\/secure.gravatar.com\\\/avatar\\\/a64364ea26392f9b4dd47e017ddaec74ff03aefc073b49e492e847201258f777?s=96&d=mm&r=g\",\"url\":\"https:\\\/\\\/secure.gravatar.com\\\/avatar\\\/a64364ea26392f9b4dd47e017ddaec74ff03aefc073b49e492e847201258f777?s=96&d=mm&r=g\",\"contentUrl\":\"https:\\\/\\\/secure.gravatar.com\\\/avatar\\\/a64364ea26392f9b4dd47e017ddaec74ff03aefc073b49e492e847201258f777?s=96&d=mm&r=g\",\"caption\":\"Bati-journal\"},\"url\":\"https:\\\/\\\/batijournal.com\\\/index.php\\\/author\\\/elodie\\\/\"}]}<\/script>\n<!-- \/ Yoast SEO plugin. -->","yoast_head_json":{"title":"Qui sera l'\u0092architecte qui am\u00e9nagera la Citadelle d'Amiens ?","robots":{"index":"index","follow":"follow","max-snippet":"max-snippet:-1","max-image-preview":"max-image-preview:large","max-video-preview":"max-video-preview:-1"},"canonical":"https:\/\/batijournal.com\/index.php\/qui-sera-l\u0092architecte-qui-amenagera-la-citadelle-damiens\/76260\/","og_locale":"fr_FR","og_type":"article","og_title":"Qui sera l'\u0092architecte qui am\u00e9nagera la Citadelle d'Amiens ?","og_description":"L&rsquo;\u0092am\u00e9nagement de la Citadelle d\u0092&rsquo;Amiens m\u00eale plusieurs enjeux\u00a0: urbanistiques, universitaires, patrimoniaux et architecturaux. Un chantier de 163 M\u0080, sans compter les op\u00e9rations de voirie et d\u0092urbanisme alentour, qui permettra d\u0092&rsquo;ouvrir ce site historique de 18 hectares sur la ville et les quartiers voisins. Ce projet d&rsquo;\u0092envergure, l\u0092&rsquo;un des plus gros dossiers en cours sur le [&hellip;]","og_url":"https:\/\/batijournal.com\/index.php\/qui-sera-l\u0092architecte-qui-amenagera-la-citadelle-damiens\/76260\/","og_site_name":"Batijournal","article_published_time":"2010-05-25T22:00:00+00:00","article_modified_time":"2019-07-15T09:19:40+00:00","author":"Bati-journal","twitter_card":"summary_large_image","twitter_creator":"@bati_journal","twitter_site":"@bati_journal","twitter_misc":{"\u00c9crit par":"Bati-journal","Dur\u00e9e de lecture estim\u00e9e":"1 minute"},"schema":{"@context":"https:\/\/schema.org","@graph":[{"@type":"Article","@id":"https:\/\/batijournal.com\/index.php\/qui-sera-l%c2%92architecte-qui-amenagera-la-citadelle-damiens\/76260\/#article","isPartOf":{"@id":"https:\/\/batijournal.com\/index.php\/qui-sera-l%c2%92architecte-qui-amenagera-la-citadelle-damiens\/76260\/"},"author":{"name":"Bati-journal","@id":"https:\/\/batijournal.com\/#\/schema\/person\/6a657e8967569e1b299972574848aa76"},"headline":"Qui sera l&rsquo;\u0092architecte qui am\u00e9nagera la Citadelle d&rsquo;Amiens ?","datePublished":"2010-05-25T22:00:00+00:00","dateModified":"2019-07-15T09:19:40+00:00","mainEntityOfPage":{"@id":"https:\/\/batijournal.com\/index.php\/qui-sera-l%c2%92architecte-qui-amenagera-la-citadelle-damiens\/76260\/"},"wordCount":170,"commentCount":0,"keywords":["citadelle damiens"],"articleSection":["Architecture &amp; Conception"],"inLanguage":"fr-FR","potentialAction":[{"@type":"CommentAction","name":"Comment","target":["https:\/\/batijournal.com\/index.php\/qui-sera-l%c2%92architecte-qui-amenagera-la-citadelle-damiens\/76260\/#respond"]}]},{"@type":"WebPage","@id":"https:\/\/batijournal.com\/index.php\/qui-sera-l%c2%92architecte-qui-amenagera-la-citadelle-damiens\/76260\/","url":"https:\/\/batijournal.com\/index.php\/qui-sera-l%c2%92architecte-qui-amenagera-la-citadelle-damiens\/76260\/","name":"Qui sera l'\u0092architecte qui am\u00e9nagera la Citadelle d'Amiens ?","isPartOf":{"@id":"https:\/\/batijournal.com\/#website"},"datePublished":"2010-05-25T22:00:00+00:00","dateModified":"2019-07-15T09:19:40+00:00","author":{"@id":"https:\/\/batijournal.com\/#\/schema\/person\/6a657e8967569e1b299972574848aa76"},"breadcrumb":{"@id":"https:\/\/batijournal.com\/index.php\/qui-sera-l%c2%92architecte-qui-amenagera-la-citadelle-damiens\/76260\/#breadcrumb"},"inLanguage":"fr-FR","potentialAction":[{"@type":"ReadAction","target":["https:\/\/batijournal.com\/index.php\/qui-sera-l%c2%92architecte-qui-amenagera-la-citadelle-damiens\/76260\/"]}]},{"@type":"BreadcrumbList","@id":"https:\/\/batijournal.com\/index.php\/qui-sera-l%c2%92architecte-qui-amenagera-la-citadelle-damiens\/76260\/#breadcrumb","itemListElement":[{"@type":"ListItem","position":1,"name":"Accueil","item":"https:\/\/batijournal.com\/"},{"@type":"ListItem","position":2,"name":"Actualit\u00e9s","item":"https:\/\/batijournal.com\/index.php\/category\/actualites\/"},{"@type":"ListItem","position":3,"name":"Architecture &amp; Conception","item":"https:\/\/batijournal.com\/index.php\/category\/actualites\/architecture-conception\/"},{"@type":"ListItem","position":4,"name":"Qui sera l&rsquo;\u0092architecte qui am\u00e9nagera la Citadelle d&rsquo;Amiens ?"}]},{"@type":"WebSite","@id":"https:\/\/batijournal.com\/#website","url":"https:\/\/batijournal.com\/","name":"Batijournal","description":"L&#039;actualit\u00e9 du b\u00e2timent","potentialAction":[{"@type":"SearchAction","target":{"@type":"EntryPoint","urlTemplate":"https:\/\/batijournal.com\/?s={search_term_string}"},"query-input":{"@type":"PropertyValueSpecification","valueRequired":true,"valueName":"search_term_string"}}],"inLanguage":"fr-FR"},{"@type":"Person","@id":"https:\/\/batijournal.com\/#\/schema\/person\/6a657e8967569e1b299972574848aa76","name":"Bati-journal","image":{"@type":"ImageObject","inLanguage":"fr-FR","@id":"https:\/\/secure.gravatar.com\/avatar\/a64364ea26392f9b4dd47e017ddaec74ff03aefc073b49e492e847201258f777?s=96&d=mm&r=g","url":"https:\/\/secure.gravatar.com\/avatar\/a64364ea26392f9b4dd47e017ddaec74ff03aefc073b49e492e847201258f777?s=96&d=mm&r=g","contentUrl":"https:\/\/secure.gravatar.com\/avatar\/a64364ea26392f9b4dd47e017ddaec74ff03aefc073b49e492e847201258f777?s=96&d=mm&r=g","caption":"Bati-journal"},"url":"https:\/\/batijournal.com\/index.php\/author\/elodie\/"}]}},"_links":{"self":[{"href":"https:\/\/batijournal.com\/index.php\/wp-json\/wp\/v2\/posts\/76260","targetHints":{"allow":["GET"]}}],"collection":[{"href":"https:\/\/batijournal.com\/index.php\/wp-json\/wp\/v2\/posts"}],"about":[{"href":"https:\/\/batijournal.com\/index.php\/wp-json\/wp\/v2\/types\/post"}],"author":[{"embeddable":true,"href":"https:\/\/batijournal.com\/index.php\/wp-json\/wp\/v2\/users\/1"}],"replies":[{"embeddable":true,"href":"https:\/\/batijournal.com\/index.php\/wp-json\/wp\/v2\/comments?post=76260"}],"version-history":[{"count":0,"href":"https:\/\/batijournal.com\/index.php\/wp-json\/wp\/v2\/posts\/76260\/revisions"}],"wp:attachment":[{"href":"https:\/\/batijournal.com\/index.php\/wp-json\/wp\/v2\/media?parent=76260"}],"wp:term":[{"taxonomy":"category","embeddable":true,"href":"https:\/\/batijournal.com\/index.php\/wp-json\/wp\/v2\/categories?post=76260"},{"taxonomy":"post_tag","embeddable":true,"href":"https:\/\/batijournal.com\/index.php\/wp-json\/wp\/v2\/tags?post=76260"}],"curies":[{"name":"wp","href":"https:\/\/api.w.org\/{rel}","templated":true}]}}