{"id":76287,"date":"2010-09-16T00:00:00","date_gmt":"2010-09-15T22:00:00","guid":{"rendered":"http:\/\/b.bati-journal.com\/eclairage-a-led-au-palais-de-louis-ii-de-baviere\/76287"},"modified":"2019-07-15T11:19:35","modified_gmt":"2019-07-15T09:19:35","slug":"eclairage-a-led-au-palais-de-louis-ii-de-baviere","status":"publish","type":"post","link":"https:\/\/batijournal.com\/index.php\/eclairage-a-led-au-palais-de-louis-ii-de-baviere\/76287\/","title":{"rendered":"\u00c9clairage \u00e0 LED au palais de Louis II de Bavi\u00e8re"},"content":{"rendered":"<p>L&rsquo;\u0092extraordinaire ch\u00e2teau de Neuschwanstein est dot\u00e9 cette ann\u00e9e d\u0092un nouvel \u00e9quipement technique d\u0092\u00e9clairage des salles int\u00e9rieures. Une solution qui permet <br \/>de mettre en valeur des \u009cuvres d\u0092art remarquables sans les agresser, dans un souci <br \/>de coh\u00e9rence avec les volumes architecturaux.<\/p>\n<p>Le ch\u00e2teau de Neuschwanstein, en Bavi\u00e8re, fut ouvert au public sept semaines \u00e0 peine apr\u00e8s la mort de son cr\u00e9ateur, le roi Ludwig II. <br \/>C\u0092est dire qu\u0092il n\u0092a jamais vu son r\u00eave totalement achev\u00e9 \u0096 m\u00eame s\u0092il y v\u00e9cut tout de m\u00eame, \u00e0 l\u0092\u00e9tage sup\u00e9rieur, \u00e0 partir de 1873 \u0096, un r\u00eave qu\u0092il n\u0092avait con\u00e7u que pour lui seul&#8230; et qui re\u00e7oit aujourd\u0092hui 1,3 million de visiteurs par an. C\u0092est l\u0092un des sites historiques les plus connus d\u0092Europe.<\/p>\n<p><span style=\u201cfont-weight: bold;\u201c>Un style m\u00e9di\u00e9val reconstitu\u00e9 avec modernit\u00e9<\/span><br \/>D\u00e8s l\u0092\u00e9t\u00e9 1868, les travaux commenc\u00e8rent ; il fallut d\u00e9blayer des tonnes de roches pour asseoir les <br \/>fondations, et construire une route autorisant <br \/>l\u0092acc\u00e8s \u00e0 ce nid d\u0092aigle. Le souverain \u00e9tant tr\u00e8s attentif aux nouvelles possibilit\u00e9s offertes par les mat\u00e9riaux et techniques modernes, les fondations furent ciment\u00e9es, et les murs, que l\u0092on croirait en pierre de taille comme au Moyen \u00c2ge, sont en fait r\u00e9alis\u00e9s en briques recouvertes d\u0092un parement de calcaire. L\u0092\u00e9difice est \u00e9quip\u00e9 d\u0092un chauffage central \u00e0 air chaud, d\u0092eau courante, de toilettes \u00e0 chasses d\u0092eau automatiques, et m\u00eame d\u0092interphones \u00e9lectriques. La fameuse salle du tr\u00f4ne est ceinte d\u0092une structure en acier. Les salles de prestige d\u00e9cor\u00e9es d\u0092\u009cuvres d\u0092art exceptionnelles, notamment les immenses peintures murales repr\u00e9sentant les l\u00e9gendes m\u00e9di\u00e9vales qui furent \u00e0 l\u0092origine des op\u00e9ras de Wagner, sont, depuis cette ann\u00e9e, \u00e9clair\u00e9es par le fabricant Zumtobel, dont les luminaires \u00e0 LED diffusent une lumi\u00e8re efficace et, surtout, sans danger pour la p\u00e9rennit\u00e9 des peintures et des objets.<\/p>\n<p><span style=\u201cfont-weight: bold;\u201c>Satisfaction des responsables du patrimoine<\/span><br \/>Ma\u00eetre d\u0092ouvrage du chantier, organisme en charge de ce grand site historique, la Bayerische Schl\u00f6sserverwaltung s\u0092exprime par la voix de son responsable du d\u00e9partement construction, Heiko Oehme : \u00ab Les luminaires \u00e0 LED sont remarquables pour nos salles historiques avec leur mobilier, leurs textiles et leurs peintures extr\u00eamement fragiles. Ils ne font pas passer les couleurs des objets pr\u00e9cieux expos\u00e9s et permettent une mise en valeur id\u00e9ale de l\u0092espace gr\u00e2ce \u00e0 leur lumi\u00e8re brillante. La possibilit\u00e9 de choisir la temp\u00e9rature de couleur de la lumi\u00e8re, entre le blanc chaud \u00e0 3000\u00b0 Kelvin et le blanc froid \u00e0 6500\u00b0Kelvin, permet de souligner les d\u00e9tails dans toute leur finesse. \u00bb Qu\u0092en est-il exactement ?<\/p>\n<p><span style=\u201cfont-weight: bold;\u201c>Une r\u00e9ponse adapt\u00e9e aux contraintes du site<\/span><br \/>Cet \u00e9clairage a s\u00e9duit les architectes et les conservateurs pour deux raisons essentielles : d\u0092abord, les dimensions des mat\u00e9riels sont tr\u00e8s r\u00e9duites. En effet, le cahier des charges stipulait qu\u0092il \u00e9tait imp\u00e9ratif soit d\u0092utiliser les points de fixation d\u00e9j\u00e0 existants, soit de travailler avec des dispositifs de raccordement qui n\u0092alt\u00e9raient en rien la structure des mat\u00e9riaux anciens, et, pour ne pas perturber l\u0092\u00e9motion des visiteurs p\u00e9n\u00e9trant dans ces salles historiques remarquables, il fallait absolument minimiser les sources d\u0092\u00e9clairage visibles. Ensuite, les solutions Zumtobel mises en \u009cuvre \u00e0 <br \/>Neuschwanstein r\u00e9solvent l\u0092un des probl\u00e8mes majeurs auxquels les conservateurs \u00e9taient confront\u00e9s : les mat\u00e9riaux \u00e9taient soumis auparavant \u00e0 de fortes contraintes dues aux rayonnements ultraviolets et infrarouges cr\u00e9\u00e9s par la lumi\u00e8re naturelle du soleil et par la lumi\u00e8re artificielle de l\u0092ancien \u00e9quipement. Or, l\u0092\u00e9clairage par LED est exempt de rayonnement ultraviolet. De plus, il ne chauffe pas. C\u0092est pourquoi le choix s\u0092est port\u00e9 sur le Supersystem de Zumtobel, qui apporte une accentuation efficace m\u00eame \u00e0 de grandes distances. Les spots \u00e0 LED de seulement <br \/>2,5W s\u0092adaptent, gr\u00e2ce \u00e0 divers accessoires optiques, \u00e0 des r\u00e9partitions variables de la lumi\u00e8re. Sur les projecteurs de mod\u00e8le Tempura, qui illuminent maintenant les coupoles de la salle du tr\u00f4ne, il suffit d\u0092appuyer sur un bouton pour faire varier la temp\u00e9rature de couleur entre 2700\u00b0Kelvin et 6500\u00b0Kelvin, et les gardiens du ch\u00e2teau peuvent ainsi ajuster la luminosit\u00e9 selon les conditions ambiantes. \u00c0 la performance visuelle s\u0092ajoutent les \u00e9conomies d\u0092\u00e9nergie, les LED consommant peu. Tout au long de l\u0092ann\u00e9e 2010, le chantier va se poursuivre : il est pr\u00e9vu de r\u00e9nover tout l\u0092\u00e9clairage du ch\u00e2teau et d\u0092\u00e9quiper l\u0092une apr\u00e8s l\u0092autre toutes les zones accessibles au public avec des mat\u00e9riels individuels \u00e0 LED de Zumtobel. Nul doute que Louis II lui-m\u00eame, en son temps extr\u00eamement f\u00e9ru de nouveaut\u00e9s technologiques et des avanc\u00e9es de la science, s\u0092en serait r\u00e9joui. <\/p>\n<p><span style=\u201cfont-weight: bold;\u201c>Les acteurs du chantier<\/span><br \/>Ma\u00eetre d\u0092ouvrage : Bayerische Verwaltung der staatlichen Schl\u00f6sser, G\u00e4rten und Seen (Munich) \/ Thomas Rauh, Staatliches Hochbauamt Kempten<br \/>Entreprise d\u0092installation \u00e9lectrique : <br \/>Ambos (F\u00fcssen)<br \/>Fabricant des mat\u00e9riels d\u0092\u00e9clairage : Zumtobel<br \/>Mat\u00e9riels : projecteurs \u00e0 LED Tempura, solution d\u0092\u00e9clairage sp\u00e9ciale \u00e0 LED Supersystem<\/p>\n<p><span style=\u201cfont-weight: bold;\u201c>Ludwig : un jeune souverain troublant et troubl\u00e9<\/span><br \/>N\u00e9 le 25 ao\u00fbt 1845 au ch\u00e2teau de Nymphenburg, <br \/>Ludwig II, roi de Bavi\u00e8re de 1864 \u00e0 1886, est l\u0092un des personnages les plus fascinants du XIXe si\u00e8cle. Couronn\u00e9 \u00e0 18 ans, r\u00eaveur et peu enclin aux mondanit\u00e9s, sa destin\u00e9e romanesque et tragique en ont fait un h\u00e9ros encore tr\u00e8s adul\u00e9 aujourd\u0092hui. Richard Wagner, qu\u0092il a sauv\u00e9 de la mis\u00e8re et dont il devint le m\u00e9c\u00e8ne, \u00e9crivit de lui : \u00ab Il est malheureusement si beau, si charmant, si plein d\u0092\u00e2me et d\u0092esprit, que je crains que sa vie ne se dissipe comme un r\u00eave divin \u00e9ph\u00e9m\u00e8re dans ce mauvais monde.\u00bb Ce fut effectivement le cas. D\u00e9laissant les r\u00e9alit\u00e9s d\u00e9cevantes et parfois effrayantes de l\u0092\u00e9poque \u0096 la Bavi\u00e8re devint d\u00e9pendante de la Prusse en 1866 ! \u0096 et n\u00e9gligeant les obligations de sa mission royale, il se forgea un monde bien \u00e0 lui, entrant dans un imaginaire flamboyant, se comparant \u00e0 Parsifal, et se lan\u00e7ant dans des projets de construction de ch\u00e2teaux extraordinaires, dont celui de Neuschwanstein. Les repr\u00e9sentations lyriques qu\u0092il faisait jouer pour lui seul au Hoftheater, ses \u00e9tranges promenades nocturnes en tra\u00eeneau, drap\u00e9 dans des costumes historiques, sa passion des beaux jeunes hommes, on lui aurait probablement tout pardonn\u00e9 s\u0092il n\u0092avait pas pratiquement ruin\u00e9 l\u0092\u00c9tat par ses d\u00e9lires architecturaux, dont la r\u00e9alisation co\u00fbtait des fortunes que sa cassette personnelle ne pouvait couvrir, au point que les banques \u00e9trang\u00e8res pr\u00eateuses parl\u00e8rent de saisie. On l\u0092informa. Il refusa de r\u00e9agir raisonnablement. Alors, les politiciens de son gouvernement, avec la complicit\u00e9 de m\u00e9decins, le firent passer pour fou, le mirent sous tutelle en 1886, le destitu\u00e8rent et l\u0092enferm\u00e8rent au ch\u00e2teau de Berg. Le 13 juin de la m\u00eame ann\u00e9e, on le retrouva mort dans le lac de Starnberg. La disparition de celui dont Baudelaire disait qu\u0092il fut \u00ab le seul vrai roi de ce si\u00e8cle \u00bb demeure, aujourd\u0092hui encore, l\u0092un des plus grands myst\u00e8res de l\u0092Histoire.<\/p>\n<p><\/p>\n","protected":false},"excerpt":{"rendered":"<p>L&rsquo;\u0092extraordinaire ch\u00e2teau de Neuschwanstein est dot\u00e9 cette ann\u00e9e d\u0092un nouvel \u00e9quipement technique d\u0092\u00e9clairage des salles int\u00e9rieures. Une solution qui permet de mettre en valeur des \u009cuvres d\u0092art remarquables sans les agresser, dans un souci de coh\u00e9rence avec les volumes architecturaux. Le ch\u00e2teau de Neuschwanstein, en Bavi\u00e8re, fut ouvert au public sept semaines \u00e0 peine apr\u00e8s [&hellip;]<\/p>\n","protected":false},"author":1,"featured_media":0,"comment_status":"open","ping_status":"closed","sticky":false,"template":"","format":"standard","meta":{"_et_pb_use_builder":"","_et_pb_old_content":"","_et_gb_content_width":"","footnotes":""},"categories":[6340],"tags":[],"class_list":["post-76287","post","type-post","status-publish","format-standard","hentry","category-architecture-conception"],"yoast_head":"<!-- This site is optimized with the Yoast SEO plugin v27.4 - https:\/\/yoast.com\/product\/yoast-seo-wordpress\/ -->\n<title>\u00c9clairage \u00e0 LED au palais de Louis II de Bavi\u00e8re<\/title>\n<meta name=\"robots\" content=\"index, follow, max-snippet:-1, max-image-preview:large, max-video-preview:-1\" \/>\n<link rel=\"canonical\" href=\"https:\/\/batijournal.com\/index.php\/eclairage-a-led-au-palais-de-louis-ii-de-baviere\/76287\/\" \/>\n<meta property=\"og:locale\" content=\"fr_FR\" \/>\n<meta property=\"og:type\" content=\"article\" \/>\n<meta property=\"og:title\" content=\"\u00c9clairage \u00e0 LED au palais de Louis II de Bavi\u00e8re\" \/>\n<meta property=\"og:description\" content=\"L&rsquo;\u0092extraordinaire ch\u00e2teau de Neuschwanstein est dot\u00e9 cette ann\u00e9e d\u0092un nouvel \u00e9quipement technique d\u0092\u00e9clairage des salles int\u00e9rieures. Une solution qui permet de mettre en valeur des \u009cuvres d\u0092art remarquables sans les agresser, dans un souci de coh\u00e9rence avec les volumes architecturaux. Le ch\u00e2teau de Neuschwanstein, en Bavi\u00e8re, fut ouvert au public sept semaines \u00e0 peine apr\u00e8s [&hellip;]\" \/>\n<meta property=\"og:url\" content=\"https:\/\/batijournal.com\/index.php\/eclairage-a-led-au-palais-de-louis-ii-de-baviere\/76287\/\" \/>\n<meta property=\"og:site_name\" content=\"Batijournal\" \/>\n<meta property=\"article:published_time\" content=\"2010-09-15T22:00:00+00:00\" \/>\n<meta property=\"article:modified_time\" content=\"2019-07-15T09:19:35+00:00\" \/>\n<meta name=\"author\" content=\"Bati-journal\" \/>\n<meta name=\"twitter:card\" content=\"summary_large_image\" \/>\n<meta name=\"twitter:creator\" content=\"@bati_journal\" \/>\n<meta name=\"twitter:site\" content=\"@bati_journal\" \/>\n<meta name=\"twitter:label1\" content=\"\u00c9crit par\" \/>\n\t<meta name=\"twitter:data1\" content=\"Bati-journal\" \/>\n\t<meta name=\"twitter:label2\" content=\"Dur\u00e9e de lecture estim\u00e9e\" \/>\n\t<meta name=\"twitter:data2\" content=\"6 minutes\" \/>\n<script type=\"application\/ld+json\" class=\"yoast-schema-graph\">{\"@context\":\"https:\\\/\\\/schema.org\",\"@graph\":[{\"@type\":\"Article\",\"@id\":\"https:\\\/\\\/batijournal.com\\\/index.php\\\/eclairage-a-led-au-palais-de-louis-ii-de-baviere\\\/76287\\\/#article\",\"isPartOf\":{\"@id\":\"https:\\\/\\\/batijournal.com\\\/index.php\\\/eclairage-a-led-au-palais-de-louis-ii-de-baviere\\\/76287\\\/\"},\"author\":{\"name\":\"Bati-journal\",\"@id\":\"https:\\\/\\\/batijournal.com\\\/#\\\/schema\\\/person\\\/6a657e8967569e1b299972574848aa76\"},\"headline\":\"\u00c9clairage \u00e0 LED au palais de Louis II de Bavi\u00e8re\",\"datePublished\":\"2010-09-15T22:00:00+00:00\",\"dateModified\":\"2019-07-15T09:19:35+00:00\",\"mainEntityOfPage\":{\"@id\":\"https:\\\/\\\/batijournal.com\\\/index.php\\\/eclairage-a-led-au-palais-de-louis-ii-de-baviere\\\/76287\\\/\"},\"wordCount\":1243,\"commentCount\":0,\"articleSection\":[\"Architecture &amp; Conception\"],\"inLanguage\":\"fr-FR\",\"potentialAction\":[{\"@type\":\"CommentAction\",\"name\":\"Comment\",\"target\":[\"https:\\\/\\\/batijournal.com\\\/index.php\\\/eclairage-a-led-au-palais-de-louis-ii-de-baviere\\\/76287\\\/#respond\"]}]},{\"@type\":\"WebPage\",\"@id\":\"https:\\\/\\\/batijournal.com\\\/index.php\\\/eclairage-a-led-au-palais-de-louis-ii-de-baviere\\\/76287\\\/\",\"url\":\"https:\\\/\\\/batijournal.com\\\/index.php\\\/eclairage-a-led-au-palais-de-louis-ii-de-baviere\\\/76287\\\/\",\"name\":\"\u00c9clairage \u00e0 LED au palais de Louis II de Bavi\u00e8re\",\"isPartOf\":{\"@id\":\"https:\\\/\\\/batijournal.com\\\/#website\"},\"datePublished\":\"2010-09-15T22:00:00+00:00\",\"dateModified\":\"2019-07-15T09:19:35+00:00\",\"author\":{\"@id\":\"https:\\\/\\\/batijournal.com\\\/#\\\/schema\\\/person\\\/6a657e8967569e1b299972574848aa76\"},\"breadcrumb\":{\"@id\":\"https:\\\/\\\/batijournal.com\\\/index.php\\\/eclairage-a-led-au-palais-de-louis-ii-de-baviere\\\/76287\\\/#breadcrumb\"},\"inLanguage\":\"fr-FR\",\"potentialAction\":[{\"@type\":\"ReadAction\",\"target\":[\"https:\\\/\\\/batijournal.com\\\/index.php\\\/eclairage-a-led-au-palais-de-louis-ii-de-baviere\\\/76287\\\/\"]}]},{\"@type\":\"BreadcrumbList\",\"@id\":\"https:\\\/\\\/batijournal.com\\\/index.php\\\/eclairage-a-led-au-palais-de-louis-ii-de-baviere\\\/76287\\\/#breadcrumb\",\"itemListElement\":[{\"@type\":\"ListItem\",\"position\":1,\"name\":\"Accueil\",\"item\":\"https:\\\/\\\/batijournal.com\\\/\"},{\"@type\":\"ListItem\",\"position\":2,\"name\":\"Actualit\u00e9s\",\"item\":\"https:\\\/\\\/batijournal.com\\\/index.php\\\/category\\\/actualites\\\/\"},{\"@type\":\"ListItem\",\"position\":3,\"name\":\"Architecture &amp; Conception\",\"item\":\"https:\\\/\\\/batijournal.com\\\/index.php\\\/category\\\/actualites\\\/architecture-conception\\\/\"},{\"@type\":\"ListItem\",\"position\":4,\"name\":\"\u00c9clairage \u00e0 LED au palais de Louis II de Bavi\u00e8re\"}]},{\"@type\":\"WebSite\",\"@id\":\"https:\\\/\\\/batijournal.com\\\/#website\",\"url\":\"https:\\\/\\\/batijournal.com\\\/\",\"name\":\"Batijournal\",\"description\":\"L&#039;actualit\u00e9 du b\u00e2timent\",\"potentialAction\":[{\"@type\":\"SearchAction\",\"target\":{\"@type\":\"EntryPoint\",\"urlTemplate\":\"https:\\\/\\\/batijournal.com\\\/?s={search_term_string}\"},\"query-input\":{\"@type\":\"PropertyValueSpecification\",\"valueRequired\":true,\"valueName\":\"search_term_string\"}}],\"inLanguage\":\"fr-FR\"},{\"@type\":\"Person\",\"@id\":\"https:\\\/\\\/batijournal.com\\\/#\\\/schema\\\/person\\\/6a657e8967569e1b299972574848aa76\",\"name\":\"Bati-journal\",\"image\":{\"@type\":\"ImageObject\",\"inLanguage\":\"fr-FR\",\"@id\":\"https:\\\/\\\/secure.gravatar.com\\\/avatar\\\/a64364ea26392f9b4dd47e017ddaec74ff03aefc073b49e492e847201258f777?s=96&d=mm&r=g\",\"url\":\"https:\\\/\\\/secure.gravatar.com\\\/avatar\\\/a64364ea26392f9b4dd47e017ddaec74ff03aefc073b49e492e847201258f777?s=96&d=mm&r=g\",\"contentUrl\":\"https:\\\/\\\/secure.gravatar.com\\\/avatar\\\/a64364ea26392f9b4dd47e017ddaec74ff03aefc073b49e492e847201258f777?s=96&d=mm&r=g\",\"caption\":\"Bati-journal\"},\"url\":\"https:\\\/\\\/batijournal.com\\\/index.php\\\/author\\\/elodie\\\/\"}]}<\/script>\n<!-- \/ Yoast SEO plugin. -->","yoast_head_json":{"title":"\u00c9clairage \u00e0 LED au palais de Louis II de Bavi\u00e8re","robots":{"index":"index","follow":"follow","max-snippet":"max-snippet:-1","max-image-preview":"max-image-preview:large","max-video-preview":"max-video-preview:-1"},"canonical":"https:\/\/batijournal.com\/index.php\/eclairage-a-led-au-palais-de-louis-ii-de-baviere\/76287\/","og_locale":"fr_FR","og_type":"article","og_title":"\u00c9clairage \u00e0 LED au palais de Louis II de Bavi\u00e8re","og_description":"L&rsquo;\u0092extraordinaire ch\u00e2teau de Neuschwanstein est dot\u00e9 cette ann\u00e9e d\u0092un nouvel \u00e9quipement technique d\u0092\u00e9clairage des salles int\u00e9rieures. Une solution qui permet de mettre en valeur des \u009cuvres d\u0092art remarquables sans les agresser, dans un souci de coh\u00e9rence avec les volumes architecturaux. Le ch\u00e2teau de Neuschwanstein, en Bavi\u00e8re, fut ouvert au public sept semaines \u00e0 peine apr\u00e8s [&hellip;]","og_url":"https:\/\/batijournal.com\/index.php\/eclairage-a-led-au-palais-de-louis-ii-de-baviere\/76287\/","og_site_name":"Batijournal","article_published_time":"2010-09-15T22:00:00+00:00","article_modified_time":"2019-07-15T09:19:35+00:00","author":"Bati-journal","twitter_card":"summary_large_image","twitter_creator":"@bati_journal","twitter_site":"@bati_journal","twitter_misc":{"\u00c9crit par":"Bati-journal","Dur\u00e9e de lecture estim\u00e9e":"6 minutes"},"schema":{"@context":"https:\/\/schema.org","@graph":[{"@type":"Article","@id":"https:\/\/batijournal.com\/index.php\/eclairage-a-led-au-palais-de-louis-ii-de-baviere\/76287\/#article","isPartOf":{"@id":"https:\/\/batijournal.com\/index.php\/eclairage-a-led-au-palais-de-louis-ii-de-baviere\/76287\/"},"author":{"name":"Bati-journal","@id":"https:\/\/batijournal.com\/#\/schema\/person\/6a657e8967569e1b299972574848aa76"},"headline":"\u00c9clairage \u00e0 LED au palais de Louis II de Bavi\u00e8re","datePublished":"2010-09-15T22:00:00+00:00","dateModified":"2019-07-15T09:19:35+00:00","mainEntityOfPage":{"@id":"https:\/\/batijournal.com\/index.php\/eclairage-a-led-au-palais-de-louis-ii-de-baviere\/76287\/"},"wordCount":1243,"commentCount":0,"articleSection":["Architecture &amp; Conception"],"inLanguage":"fr-FR","potentialAction":[{"@type":"CommentAction","name":"Comment","target":["https:\/\/batijournal.com\/index.php\/eclairage-a-led-au-palais-de-louis-ii-de-baviere\/76287\/#respond"]}]},{"@type":"WebPage","@id":"https:\/\/batijournal.com\/index.php\/eclairage-a-led-au-palais-de-louis-ii-de-baviere\/76287\/","url":"https:\/\/batijournal.com\/index.php\/eclairage-a-led-au-palais-de-louis-ii-de-baviere\/76287\/","name":"\u00c9clairage \u00e0 LED au palais de Louis II de Bavi\u00e8re","isPartOf":{"@id":"https:\/\/batijournal.com\/#website"},"datePublished":"2010-09-15T22:00:00+00:00","dateModified":"2019-07-15T09:19:35+00:00","author":{"@id":"https:\/\/batijournal.com\/#\/schema\/person\/6a657e8967569e1b299972574848aa76"},"breadcrumb":{"@id":"https:\/\/batijournal.com\/index.php\/eclairage-a-led-au-palais-de-louis-ii-de-baviere\/76287\/#breadcrumb"},"inLanguage":"fr-FR","potentialAction":[{"@type":"ReadAction","target":["https:\/\/batijournal.com\/index.php\/eclairage-a-led-au-palais-de-louis-ii-de-baviere\/76287\/"]}]},{"@type":"BreadcrumbList","@id":"https:\/\/batijournal.com\/index.php\/eclairage-a-led-au-palais-de-louis-ii-de-baviere\/76287\/#breadcrumb","itemListElement":[{"@type":"ListItem","position":1,"name":"Accueil","item":"https:\/\/batijournal.com\/"},{"@type":"ListItem","position":2,"name":"Actualit\u00e9s","item":"https:\/\/batijournal.com\/index.php\/category\/actualites\/"},{"@type":"ListItem","position":3,"name":"Architecture &amp; Conception","item":"https:\/\/batijournal.com\/index.php\/category\/actualites\/architecture-conception\/"},{"@type":"ListItem","position":4,"name":"\u00c9clairage \u00e0 LED au palais de Louis II de Bavi\u00e8re"}]},{"@type":"WebSite","@id":"https:\/\/batijournal.com\/#website","url":"https:\/\/batijournal.com\/","name":"Batijournal","description":"L&#039;actualit\u00e9 du b\u00e2timent","potentialAction":[{"@type":"SearchAction","target":{"@type":"EntryPoint","urlTemplate":"https:\/\/batijournal.com\/?s={search_term_string}"},"query-input":{"@type":"PropertyValueSpecification","valueRequired":true,"valueName":"search_term_string"}}],"inLanguage":"fr-FR"},{"@type":"Person","@id":"https:\/\/batijournal.com\/#\/schema\/person\/6a657e8967569e1b299972574848aa76","name":"Bati-journal","image":{"@type":"ImageObject","inLanguage":"fr-FR","@id":"https:\/\/secure.gravatar.com\/avatar\/a64364ea26392f9b4dd47e017ddaec74ff03aefc073b49e492e847201258f777?s=96&d=mm&r=g","url":"https:\/\/secure.gravatar.com\/avatar\/a64364ea26392f9b4dd47e017ddaec74ff03aefc073b49e492e847201258f777?s=96&d=mm&r=g","contentUrl":"https:\/\/secure.gravatar.com\/avatar\/a64364ea26392f9b4dd47e017ddaec74ff03aefc073b49e492e847201258f777?s=96&d=mm&r=g","caption":"Bati-journal"},"url":"https:\/\/batijournal.com\/index.php\/author\/elodie\/"}]}},"_links":{"self":[{"href":"https:\/\/batijournal.com\/index.php\/wp-json\/wp\/v2\/posts\/76287","targetHints":{"allow":["GET"]}}],"collection":[{"href":"https:\/\/batijournal.com\/index.php\/wp-json\/wp\/v2\/posts"}],"about":[{"href":"https:\/\/batijournal.com\/index.php\/wp-json\/wp\/v2\/types\/post"}],"author":[{"embeddable":true,"href":"https:\/\/batijournal.com\/index.php\/wp-json\/wp\/v2\/users\/1"}],"replies":[{"embeddable":true,"href":"https:\/\/batijournal.com\/index.php\/wp-json\/wp\/v2\/comments?post=76287"}],"version-history":[{"count":0,"href":"https:\/\/batijournal.com\/index.php\/wp-json\/wp\/v2\/posts\/76287\/revisions"}],"wp:attachment":[{"href":"https:\/\/batijournal.com\/index.php\/wp-json\/wp\/v2\/media?parent=76287"}],"wp:term":[{"taxonomy":"category","embeddable":true,"href":"https:\/\/batijournal.com\/index.php\/wp-json\/wp\/v2\/categories?post=76287"},{"taxonomy":"post_tag","embeddable":true,"href":"https:\/\/batijournal.com\/index.php\/wp-json\/wp\/v2\/tags?post=76287"}],"curies":[{"name":"wp","href":"https:\/\/api.w.org\/{rel}","templated":true}]}}