{"id":76289,"date":"2010-09-16T00:00:00","date_gmt":"2010-09-15T22:00:00","guid":{"rendered":"http:\/\/b.bati-journal.com\/vitre-murailles-rejointoyees-a-la-chaux\/76289"},"modified":"2019-07-15T11:19:35","modified_gmt":"2019-07-15T09:19:35","slug":"vitre-murailles-rejointoyees-a-la-chaux","status":"publish","type":"post","link":"https:\/\/batijournal.com\/index.php\/vitre-murailles-rejointoyees-a-la-chaux\/76289\/","title":{"rendered":"Vitr\u00e9 : murailles rejointoy\u00e9es \u00e0 la chaux"},"content":{"rendered":"<p>C&rsquo;est au XIe si\u00e8cle, vers l&rsquo;an 1060, que le baron <br \/>Robert Ier de Vitr\u00e9 choisit l&rsquo;\u00e9peron rocheux qui domine la Vilaine pour y faire b\u00e2tir son ch\u00e2teau, mais c&rsquo;est bien plus tard, au d\u00e9but du XIIIe si\u00e8cle, que le baron Andr\u00e9 III \u0096 mari\u00e9 en 1212 \u00e0 Catherine de Thouars, dame d&rsquo;Aubign\u00e9, fille de Guy de Thouars, duc de Bretagne \u0096 y fit reconstruire l&rsquo;\u00e9difice de forme triangulaire si caract\u00e9ristique que nous voyons encore aujourd&rsquo;hui, qui comprend des tours puissamment fortifi\u00e9es, reli\u00e9es par des courtines. Au cours des derni\u00e8res ann\u00e9es du XIVe si\u00e8cle, puis au XVe si\u00e8cle, Guy XII, seigneur de Laval, vicomte de Rennes, baron de Vitr\u00e9, seigneur de Gavre et d&rsquo;Acquigny, ch\u00e2telain du D\u00e9sert et gouverneur de Bretagne, \u00e9poux en secondes noces de Jeanne de Laval, dame de Ch\u00e2tillon et veuve du fameux conn\u00e9table Bertrand du Guesclin, fit r\u00e9aliser des transformations et des ajouts significatifs, notamment sur la tour de la Madeleine et la tour Saint-Laurent. Le beau ch\u00e2letet de l&rsquo;entr\u00e9e fut \u00e9rig\u00e9. <\/p>\n<p><span style=\u201cfont-weight: bold;\u201c>Le temps des tourments<\/span><br \/>Au XVIe si\u00e8cle, la peste fit des ravages \u00e0 Rennes. Les rues r\u00e9sonn\u00e8rent des cris gla\u00e7ants des charretiers clamant : \u00ab Sortez vos morts ! \u00bb avant de transporter leur sinistre fardeau aux fosses communes, et le Parlement de Bretagne, en fuite, se r\u00e9fugia au ch\u00e2teau de Vitr\u00e9. Puis, en 1589, le duc de Mercoeur assi\u00e9gea la forteresse, qui tint bon pendant des mois. Au d\u00e9but du XVIIe si\u00e8cle, alors que Guy XX de Laval avait rendu l&rsquo;\u00e2me \u0096 lui qui, enfant, fut secr\u00e8tement emmen\u00e9 \u00e0 Sedan par sa grand-m\u00e8re d\u00e9guis\u00e9e en pauvresse pour le sauver des horreurs des guerres de Religion \u0096, l&rsquo;\u00e9difice passa entre les mains de la famille de La Tr\u00e9moille, puis tout se d\u00e9grada : le site fut peu \u00e0 peu abandonn\u00e9, la tour Saint-Laurent s&rsquo;\u00e9croula \u00e0 moiti\u00e9, un incendie se d\u00e9clara et fit des d\u00e9g\u00e2ts importants. En 1830, le d\u00e9partement se porta acqu\u00e9reur et d\u00e9cida d&rsquo;installer une prison derri\u00e8re les solides murailles m\u00e9di\u00e9vales, laquelle prison fut ensuite transform\u00e9e en caserne de <br \/>garnison. Rachet\u00e9 \u00e0 nouveau, cette fois par l&rsquo;\u00c9tat, le ch\u00e2teau fut class\u00e9 Monument historique en 1872, et une grande campagne de restauration s&rsquo;\u00e9tala sur pr\u00e8s de trente ans, de 1875 \u00e0 1902. Celui que l&rsquo;on a coutume de surnommer le \u00ab p\u00e8re des \u00e9tudes historiques bretonnes \u00bb, Arthur Le Moyne de La Borderie, y installa un premier mus\u00e9e d\u00e8s 1876. Depuis, le b\u00e2timent est r\u00e9guli\u00e8rement entretenu. <br \/>Les caract\u00e9ristiques du chantier<br \/>Ce chantier actuel, sous la responsabilit\u00e9 de la Drac et des B\u00e2timents de France, concerne l&rsquo;int\u00e9rieur de la courtine est du ch\u00e2teau. Les arch\u00e9ologues ont pr\u00e9alablement effectu\u00e9 des recherches sur les parements anciens des murs, et ces \u00e9tudes ont permis de d\u00e9terminer des teintes diff\u00e9rentes sur les joints et les enduits des \u00e9poques pr\u00e9c\u00e9dentes. En effet, cette muraille pr\u00e9sente des \u00e9l\u00e9ments caract\u00e9ristiques allant du XIIIe si\u00e8cle pratiquement jusqu&rsquo;au XIXe si\u00e8cle, se mat\u00e9rialisant par des variations chromatiques, et il fut d\u00e9cid\u00e9 de les restituer au mieux dans le cadre de cette restauration. C&rsquo;est l&rsquo;une des contraintes techniques auxquelles l&rsquo;entreprise Joubrel, en charge de l&rsquo;op\u00e9ration, a d\u00fb faire face. <br \/>La reconstitution des coloris<br \/>Les ma\u00e7onneries \u00e9taient devenues compl\u00e8tement instables \u00e0 cause de l&rsquo;\u00e9rosion \u00e9olienne, de la pluie, et aussi du manque d&rsquo;entretien. G\u00e9rard Br\u00e9gent, responsable de Joubrel, d\u00e9crit : \u00ab La premi\u00e8re \u00e9tape a constitu\u00e9 \u00e0 se d\u00e9barrasser de l&rsquo;ancien mortier par piquage. Le rejointoiement des pierres est ensuite r\u00e9alis\u00e9 en mettant en \u009cuvre la chaux Tradical de BCB, un produit qui s&rsquo;adapte \u00e0 ce que l&rsquo;on attend de lui. Apr\u00e8s de nombreuses recherches, nous avons pu retrouver des sables qui colorent l\u00e9g\u00e8rement le mortier et permettent ainsi de s&rsquo;approcher des teintes d&rsquo;origine, telles que les arch\u00e9ologues ont pu les d\u00e9terminer. \u00bb<\/p>\n<p><span style=\u201cfont-weight: bold;\u201c>\u00c0 la recherche des pierres de remplacement<\/span><br \/>Il est \u00e9galement n\u00e9cessaire de remplacer un certain nombre de pierres, trop fragilis\u00e9es et trop d\u00e9grad\u00e9es, notamment au niveau des ouvertures. Mais un nouveau probl\u00e8me a surgi : en effet, le ch\u00e2teau est essentiellement construit avec des pierres de schiste et de gr\u00e8s, qui \u00e9taient exploit\u00e9es localement dans les si\u00e8cles pass\u00e9s. On note aussi des zones de granit roux. Mais, aujourd&rsquo;hui, ces gisements n&rsquo;existent plus, et les carri\u00e8res sont ferm\u00e9es. D\u00e8s lors qu&rsquo;un approvisionnement r\u00e9gional s&rsquo;av\u00e8re impossible, comment se procurer les blocs de pierre n\u00e9cessaires \u00e0 la bonne conduite d&rsquo;un chantier de cet ordre ? G\u00e9rard Br\u00e9gent r\u00e9pond : \u00ab Lorsqu&rsquo;un cas tel que celui-ci se pr\u00e9sente, nous utilisons des mat\u00e9riaux de r\u00e9emploi issus de d\u00e9molitions de b\u00e2timents locaux, et nous faisons notre possible pour trouver des schistes d&rsquo;Anjou et des gr\u00e8s d&rsquo;Alsace, qui ont la m\u00eame texture et la m\u00eame couleur. \u00bb<br \/>La restauration de la muraille de cette courtine est pr\u00e9vue pour durer un an. <\/p>\n<p>S. V.<\/p>\n<p>Joubrel : <br \/>des sp\u00e9cialistes du patrimoine<br \/>L&rsquo;entreprise Joubrel, implant\u00e9e \u00e0 La M\u00e9zi\u00e8re, en Ille-et-Vilaine, a \u00e9t\u00e9 fond\u00e9e en 1925. Elle est sp\u00e9cialis\u00e9e en ma\u00e7onnerie et pierre de taille. La qualification Monuments historiques lui <br \/>a \u00e9t\u00e9 accord\u00e9e en 1972. \u00c0 l&rsquo;origine, elle prenait surtout en charge des chantiers \u00e0 Rennes, puis sa zone d&rsquo;activit\u00e9 s&rsquo;est \u00e9largie jusqu&rsquo;\u00e0 couvrir aujourd&rsquo;hui toute la Bretagne ainsi que les d\u00e9partements limitrophes. Joubrel, qui <br \/>rassemble une \u00e9quipe de 25 collaborateurs, est membre du GMH (Groupement fran\u00e7ais des entreprises de restauration de monuments historiques).<\/p>\n","protected":false},"excerpt":{"rendered":"<p>C&rsquo;est au XIe si\u00e8cle, vers l&rsquo;an 1060, que le baron Robert Ier de Vitr\u00e9 choisit l&rsquo;\u00e9peron rocheux qui domine la Vilaine pour y faire b\u00e2tir son ch\u00e2teau, mais c&rsquo;est bien plus tard, au d\u00e9but du XIIIe si\u00e8cle, que le baron Andr\u00e9 III \u0096 mari\u00e9 en 1212 \u00e0 Catherine de Thouars, dame d&rsquo;Aubign\u00e9, fille de Guy [&hellip;]<\/p>\n","protected":false},"author":1,"featured_media":0,"comment_status":"open","ping_status":"closed","sticky":false,"template":"","format":"standard","meta":{"_et_pb_use_builder":"","_et_pb_old_content":"","_et_gb_content_width":"","footnotes":""},"categories":[6340],"tags":[],"class_list":["post-76289","post","type-post","status-publish","format-standard","hentry","category-architecture-conception"],"yoast_head":"<!-- This site is optimized with the Yoast SEO plugin v27.4 - https:\/\/yoast.com\/product\/yoast-seo-wordpress\/ -->\n<title>Vitr\u00e9 : murailles rejointoy\u00e9es \u00e0 la chaux<\/title>\n<meta name=\"robots\" content=\"index, follow, max-snippet:-1, max-image-preview:large, max-video-preview:-1\" \/>\n<link rel=\"canonical\" href=\"https:\/\/batijournal.com\/index.php\/vitre-murailles-rejointoyees-a-la-chaux\/76289\/\" \/>\n<meta property=\"og:locale\" content=\"fr_FR\" \/>\n<meta property=\"og:type\" content=\"article\" \/>\n<meta property=\"og:title\" content=\"Vitr\u00e9 : murailles rejointoy\u00e9es \u00e0 la chaux\" \/>\n<meta property=\"og:description\" content=\"C&rsquo;est au XIe si\u00e8cle, vers l&rsquo;an 1060, que le baron Robert Ier de Vitr\u00e9 choisit l&rsquo;\u00e9peron rocheux qui domine la Vilaine pour y faire b\u00e2tir son ch\u00e2teau, mais c&rsquo;est bien plus tard, au d\u00e9but du XIIIe si\u00e8cle, que le baron Andr\u00e9 III \u0096 mari\u00e9 en 1212 \u00e0 Catherine de Thouars, dame d&rsquo;Aubign\u00e9, fille de Guy [&hellip;]\" \/>\n<meta property=\"og:url\" content=\"https:\/\/batijournal.com\/index.php\/vitre-murailles-rejointoyees-a-la-chaux\/76289\/\" \/>\n<meta property=\"og:site_name\" content=\"Batijournal\" \/>\n<meta property=\"article:published_time\" content=\"2010-09-15T22:00:00+00:00\" \/>\n<meta property=\"article:modified_time\" content=\"2019-07-15T09:19:35+00:00\" \/>\n<meta name=\"author\" content=\"Bati-journal\" \/>\n<meta name=\"twitter:card\" content=\"summary_large_image\" \/>\n<meta name=\"twitter:creator\" content=\"@bati_journal\" \/>\n<meta name=\"twitter:site\" content=\"@bati_journal\" \/>\n<meta name=\"twitter:label1\" content=\"\u00c9crit par\" \/>\n\t<meta name=\"twitter:data1\" content=\"Bati-journal\" \/>\n\t<meta name=\"twitter:label2\" content=\"Dur\u00e9e de lecture estim\u00e9e\" \/>\n\t<meta name=\"twitter:data2\" content=\"5 minutes\" \/>\n<script type=\"application\/ld+json\" class=\"yoast-schema-graph\">{\"@context\":\"https:\\\/\\\/schema.org\",\"@graph\":[{\"@type\":\"Article\",\"@id\":\"https:\\\/\\\/batijournal.com\\\/index.php\\\/vitre-murailles-rejointoyees-a-la-chaux\\\/76289\\\/#article\",\"isPartOf\":{\"@id\":\"https:\\\/\\\/batijournal.com\\\/index.php\\\/vitre-murailles-rejointoyees-a-la-chaux\\\/76289\\\/\"},\"author\":{\"name\":\"Bati-journal\",\"@id\":\"https:\\\/\\\/batijournal.com\\\/#\\\/schema\\\/person\\\/6a657e8967569e1b299972574848aa76\"},\"headline\":\"Vitr\u00e9 : murailles rejointoy\u00e9es \u00e0 la chaux\",\"datePublished\":\"2010-09-15T22:00:00+00:00\",\"dateModified\":\"2019-07-15T09:19:35+00:00\",\"mainEntityOfPage\":{\"@id\":\"https:\\\/\\\/batijournal.com\\\/index.php\\\/vitre-murailles-rejointoyees-a-la-chaux\\\/76289\\\/\"},\"wordCount\":989,\"commentCount\":0,\"articleSection\":[\"Architecture &amp; Conception\"],\"inLanguage\":\"fr-FR\",\"potentialAction\":[{\"@type\":\"CommentAction\",\"name\":\"Comment\",\"target\":[\"https:\\\/\\\/batijournal.com\\\/index.php\\\/vitre-murailles-rejointoyees-a-la-chaux\\\/76289\\\/#respond\"]}]},{\"@type\":\"WebPage\",\"@id\":\"https:\\\/\\\/batijournal.com\\\/index.php\\\/vitre-murailles-rejointoyees-a-la-chaux\\\/76289\\\/\",\"url\":\"https:\\\/\\\/batijournal.com\\\/index.php\\\/vitre-murailles-rejointoyees-a-la-chaux\\\/76289\\\/\",\"name\":\"Vitr\u00e9 : murailles rejointoy\u00e9es \u00e0 la chaux\",\"isPartOf\":{\"@id\":\"https:\\\/\\\/batijournal.com\\\/#website\"},\"datePublished\":\"2010-09-15T22:00:00+00:00\",\"dateModified\":\"2019-07-15T09:19:35+00:00\",\"author\":{\"@id\":\"https:\\\/\\\/batijournal.com\\\/#\\\/schema\\\/person\\\/6a657e8967569e1b299972574848aa76\"},\"breadcrumb\":{\"@id\":\"https:\\\/\\\/batijournal.com\\\/index.php\\\/vitre-murailles-rejointoyees-a-la-chaux\\\/76289\\\/#breadcrumb\"},\"inLanguage\":\"fr-FR\",\"potentialAction\":[{\"@type\":\"ReadAction\",\"target\":[\"https:\\\/\\\/batijournal.com\\\/index.php\\\/vitre-murailles-rejointoyees-a-la-chaux\\\/76289\\\/\"]}]},{\"@type\":\"BreadcrumbList\",\"@id\":\"https:\\\/\\\/batijournal.com\\\/index.php\\\/vitre-murailles-rejointoyees-a-la-chaux\\\/76289\\\/#breadcrumb\",\"itemListElement\":[{\"@type\":\"ListItem\",\"position\":1,\"name\":\"Accueil\",\"item\":\"https:\\\/\\\/batijournal.com\\\/\"},{\"@type\":\"ListItem\",\"position\":2,\"name\":\"Actualit\u00e9s\",\"item\":\"https:\\\/\\\/batijournal.com\\\/index.php\\\/category\\\/actualites\\\/\"},{\"@type\":\"ListItem\",\"position\":3,\"name\":\"Architecture &amp; Conception\",\"item\":\"https:\\\/\\\/batijournal.com\\\/index.php\\\/category\\\/actualites\\\/architecture-conception\\\/\"},{\"@type\":\"ListItem\",\"position\":4,\"name\":\"Vitr\u00e9 : murailles rejointoy\u00e9es \u00e0 la chaux\"}]},{\"@type\":\"WebSite\",\"@id\":\"https:\\\/\\\/batijournal.com\\\/#website\",\"url\":\"https:\\\/\\\/batijournal.com\\\/\",\"name\":\"Batijournal\",\"description\":\"L&#039;actualit\u00e9 du b\u00e2timent\",\"potentialAction\":[{\"@type\":\"SearchAction\",\"target\":{\"@type\":\"EntryPoint\",\"urlTemplate\":\"https:\\\/\\\/batijournal.com\\\/?s={search_term_string}\"},\"query-input\":{\"@type\":\"PropertyValueSpecification\",\"valueRequired\":true,\"valueName\":\"search_term_string\"}}],\"inLanguage\":\"fr-FR\"},{\"@type\":\"Person\",\"@id\":\"https:\\\/\\\/batijournal.com\\\/#\\\/schema\\\/person\\\/6a657e8967569e1b299972574848aa76\",\"name\":\"Bati-journal\",\"image\":{\"@type\":\"ImageObject\",\"inLanguage\":\"fr-FR\",\"@id\":\"https:\\\/\\\/secure.gravatar.com\\\/avatar\\\/a64364ea26392f9b4dd47e017ddaec74ff03aefc073b49e492e847201258f777?s=96&d=mm&r=g\",\"url\":\"https:\\\/\\\/secure.gravatar.com\\\/avatar\\\/a64364ea26392f9b4dd47e017ddaec74ff03aefc073b49e492e847201258f777?s=96&d=mm&r=g\",\"contentUrl\":\"https:\\\/\\\/secure.gravatar.com\\\/avatar\\\/a64364ea26392f9b4dd47e017ddaec74ff03aefc073b49e492e847201258f777?s=96&d=mm&r=g\",\"caption\":\"Bati-journal\"},\"url\":\"https:\\\/\\\/batijournal.com\\\/index.php\\\/author\\\/elodie\\\/\"}]}<\/script>\n<!-- \/ Yoast SEO plugin. -->","yoast_head_json":{"title":"Vitr\u00e9 : murailles rejointoy\u00e9es \u00e0 la chaux","robots":{"index":"index","follow":"follow","max-snippet":"max-snippet:-1","max-image-preview":"max-image-preview:large","max-video-preview":"max-video-preview:-1"},"canonical":"https:\/\/batijournal.com\/index.php\/vitre-murailles-rejointoyees-a-la-chaux\/76289\/","og_locale":"fr_FR","og_type":"article","og_title":"Vitr\u00e9 : murailles rejointoy\u00e9es \u00e0 la chaux","og_description":"C&rsquo;est au XIe si\u00e8cle, vers l&rsquo;an 1060, que le baron Robert Ier de Vitr\u00e9 choisit l&rsquo;\u00e9peron rocheux qui domine la Vilaine pour y faire b\u00e2tir son ch\u00e2teau, mais c&rsquo;est bien plus tard, au d\u00e9but du XIIIe si\u00e8cle, que le baron Andr\u00e9 III \u0096 mari\u00e9 en 1212 \u00e0 Catherine de Thouars, dame d&rsquo;Aubign\u00e9, fille de Guy [&hellip;]","og_url":"https:\/\/batijournal.com\/index.php\/vitre-murailles-rejointoyees-a-la-chaux\/76289\/","og_site_name":"Batijournal","article_published_time":"2010-09-15T22:00:00+00:00","article_modified_time":"2019-07-15T09:19:35+00:00","author":"Bati-journal","twitter_card":"summary_large_image","twitter_creator":"@bati_journal","twitter_site":"@bati_journal","twitter_misc":{"\u00c9crit par":"Bati-journal","Dur\u00e9e de lecture estim\u00e9e":"5 minutes"},"schema":{"@context":"https:\/\/schema.org","@graph":[{"@type":"Article","@id":"https:\/\/batijournal.com\/index.php\/vitre-murailles-rejointoyees-a-la-chaux\/76289\/#article","isPartOf":{"@id":"https:\/\/batijournal.com\/index.php\/vitre-murailles-rejointoyees-a-la-chaux\/76289\/"},"author":{"name":"Bati-journal","@id":"https:\/\/batijournal.com\/#\/schema\/person\/6a657e8967569e1b299972574848aa76"},"headline":"Vitr\u00e9 : murailles rejointoy\u00e9es \u00e0 la chaux","datePublished":"2010-09-15T22:00:00+00:00","dateModified":"2019-07-15T09:19:35+00:00","mainEntityOfPage":{"@id":"https:\/\/batijournal.com\/index.php\/vitre-murailles-rejointoyees-a-la-chaux\/76289\/"},"wordCount":989,"commentCount":0,"articleSection":["Architecture &amp; Conception"],"inLanguage":"fr-FR","potentialAction":[{"@type":"CommentAction","name":"Comment","target":["https:\/\/batijournal.com\/index.php\/vitre-murailles-rejointoyees-a-la-chaux\/76289\/#respond"]}]},{"@type":"WebPage","@id":"https:\/\/batijournal.com\/index.php\/vitre-murailles-rejointoyees-a-la-chaux\/76289\/","url":"https:\/\/batijournal.com\/index.php\/vitre-murailles-rejointoyees-a-la-chaux\/76289\/","name":"Vitr\u00e9 : murailles rejointoy\u00e9es \u00e0 la chaux","isPartOf":{"@id":"https:\/\/batijournal.com\/#website"},"datePublished":"2010-09-15T22:00:00+00:00","dateModified":"2019-07-15T09:19:35+00:00","author":{"@id":"https:\/\/batijournal.com\/#\/schema\/person\/6a657e8967569e1b299972574848aa76"},"breadcrumb":{"@id":"https:\/\/batijournal.com\/index.php\/vitre-murailles-rejointoyees-a-la-chaux\/76289\/#breadcrumb"},"inLanguage":"fr-FR","potentialAction":[{"@type":"ReadAction","target":["https:\/\/batijournal.com\/index.php\/vitre-murailles-rejointoyees-a-la-chaux\/76289\/"]}]},{"@type":"BreadcrumbList","@id":"https:\/\/batijournal.com\/index.php\/vitre-murailles-rejointoyees-a-la-chaux\/76289\/#breadcrumb","itemListElement":[{"@type":"ListItem","position":1,"name":"Accueil","item":"https:\/\/batijournal.com\/"},{"@type":"ListItem","position":2,"name":"Actualit\u00e9s","item":"https:\/\/batijournal.com\/index.php\/category\/actualites\/"},{"@type":"ListItem","position":3,"name":"Architecture &amp; Conception","item":"https:\/\/batijournal.com\/index.php\/category\/actualites\/architecture-conception\/"},{"@type":"ListItem","position":4,"name":"Vitr\u00e9 : murailles rejointoy\u00e9es \u00e0 la chaux"}]},{"@type":"WebSite","@id":"https:\/\/batijournal.com\/#website","url":"https:\/\/batijournal.com\/","name":"Batijournal","description":"L&#039;actualit\u00e9 du b\u00e2timent","potentialAction":[{"@type":"SearchAction","target":{"@type":"EntryPoint","urlTemplate":"https:\/\/batijournal.com\/?s={search_term_string}"},"query-input":{"@type":"PropertyValueSpecification","valueRequired":true,"valueName":"search_term_string"}}],"inLanguage":"fr-FR"},{"@type":"Person","@id":"https:\/\/batijournal.com\/#\/schema\/person\/6a657e8967569e1b299972574848aa76","name":"Bati-journal","image":{"@type":"ImageObject","inLanguage":"fr-FR","@id":"https:\/\/secure.gravatar.com\/avatar\/a64364ea26392f9b4dd47e017ddaec74ff03aefc073b49e492e847201258f777?s=96&d=mm&r=g","url":"https:\/\/secure.gravatar.com\/avatar\/a64364ea26392f9b4dd47e017ddaec74ff03aefc073b49e492e847201258f777?s=96&d=mm&r=g","contentUrl":"https:\/\/secure.gravatar.com\/avatar\/a64364ea26392f9b4dd47e017ddaec74ff03aefc073b49e492e847201258f777?s=96&d=mm&r=g","caption":"Bati-journal"},"url":"https:\/\/batijournal.com\/index.php\/author\/elodie\/"}]}},"_links":{"self":[{"href":"https:\/\/batijournal.com\/index.php\/wp-json\/wp\/v2\/posts\/76289","targetHints":{"allow":["GET"]}}],"collection":[{"href":"https:\/\/batijournal.com\/index.php\/wp-json\/wp\/v2\/posts"}],"about":[{"href":"https:\/\/batijournal.com\/index.php\/wp-json\/wp\/v2\/types\/post"}],"author":[{"embeddable":true,"href":"https:\/\/batijournal.com\/index.php\/wp-json\/wp\/v2\/users\/1"}],"replies":[{"embeddable":true,"href":"https:\/\/batijournal.com\/index.php\/wp-json\/wp\/v2\/comments?post=76289"}],"version-history":[{"count":0,"href":"https:\/\/batijournal.com\/index.php\/wp-json\/wp\/v2\/posts\/76289\/revisions"}],"wp:attachment":[{"href":"https:\/\/batijournal.com\/index.php\/wp-json\/wp\/v2\/media?parent=76289"}],"wp:term":[{"taxonomy":"category","embeddable":true,"href":"https:\/\/batijournal.com\/index.php\/wp-json\/wp\/v2\/categories?post=76289"},{"taxonomy":"post_tag","embeddable":true,"href":"https:\/\/batijournal.com\/index.php\/wp-json\/wp\/v2\/tags?post=76289"}],"curies":[{"name":"wp","href":"https:\/\/api.w.org\/{rel}","templated":true}]}}