{"id":76308,"date":"2010-09-29T00:00:00","date_gmt":"2010-09-28T22:00:00","guid":{"rendered":"http:\/\/b.bati-journal.com\/la-maison-de-lhistoire-de-france-sinstallera-aux-archives\/76308"},"modified":"2019-07-15T11:19:34","modified_gmt":"2019-07-15T09:19:34","slug":"la-maison-de-lhistoire-de-france-sinstallera-aux-archives","status":"publish","type":"post","link":"https:\/\/batijournal.com\/index.php\/la-maison-de-lhistoire-de-france-sinstallera-aux-archives\/76308\/","title":{"rendered":"La Maison de l&#039;Histoire de France s&#039;installera aux Archives"},"content":{"rendered":"<p>Sur proposition de Fr\u00e9d\u00e9ric Mitterrand, le pr\u00e9sident Nicolas Sarkozy a choisi d&rsquo;implanter la Maison de l&rsquo;Histoire de France sur le site parisien des Archives Nationales, dans le quartier du Marais, aux c\u00f4t\u00e9s des Archives Nationales qui continueront de se d\u00e9velopper, tant \u00e0 Paris que dans le cadre de leur nouvelle implantation \u00e0 Pierrefitte en 2013. Dans un discours prononc\u00e9 aux Eyzies-de-Tayac, en Dordogne, le pr\u00e9sident a annonc\u00e9 cette d\u00e9cision. La cr\u00e9ation de la Maison de l&rsquo;Histoire de France sera symbolis\u00e9e par l&rsquo;ouverture d\u00e8s juin 2011 des jardins des Archives Nationales. (Source : Minist\u00e8re de la Culture et de la Communication)<\/p>\n","protected":false},"excerpt":{"rendered":"<p>Sur proposition de Fr\u00e9d\u00e9ric Mitterrand, le pr\u00e9sident Nicolas Sarkozy a choisi d&rsquo;implanter la Maison de l&rsquo;Histoire de France sur le site parisien des Archives Nationales, dans le quartier du Marais, aux c\u00f4t\u00e9s des Archives Nationales qui continueront de se d\u00e9velopper, tant \u00e0 Paris que dans le cadre de leur nouvelle implantation \u00e0 Pierrefitte en 2013. [&hellip;]<\/p>\n","protected":false},"author":1,"featured_media":0,"comment_status":"open","ping_status":"closed","sticky":false,"template":"","format":"standard","meta":{"_et_pb_use_builder":"","_et_pb_old_content":"","_et_gb_content_width":"","footnotes":""},"categories":[6340],"tags":[],"class_list":["post-76308","post","type-post","status-publish","format-standard","hentry","category-architecture-conception"],"yoast_head":"<!-- This site is optimized with the Yoast SEO plugin v27.4 - https:\/\/yoast.com\/product\/yoast-seo-wordpress\/ -->\n<title>La Maison de l&#039;Histoire de France s&#039;installera aux Archives<\/title>\n<meta name=\"robots\" content=\"index, follow, max-snippet:-1, max-image-preview:large, max-video-preview:-1\" \/>\n<link rel=\"canonical\" href=\"https:\/\/batijournal.com\/index.php\/la-maison-de-lhistoire-de-france-sinstallera-aux-archives\/76308\/\" \/>\n<meta property=\"og:locale\" content=\"fr_FR\" \/>\n<meta property=\"og:type\" content=\"article\" \/>\n<meta property=\"og:title\" content=\"La Maison de l&#039;Histoire de France s&#039;installera aux Archives\" \/>\n<meta property=\"og:description\" content=\"Sur proposition de Fr\u00e9d\u00e9ric Mitterrand, le pr\u00e9sident Nicolas Sarkozy a choisi d&rsquo;implanter la Maison de l&rsquo;Histoire de France sur le site parisien des Archives Nationales, dans le quartier du Marais, aux c\u00f4t\u00e9s des Archives Nationales qui continueront de se d\u00e9velopper, tant \u00e0 Paris que dans le cadre de leur nouvelle implantation \u00e0 Pierrefitte en 2013. [&hellip;]\" \/>\n<meta property=\"og:url\" content=\"https:\/\/batijournal.com\/index.php\/la-maison-de-lhistoire-de-france-sinstallera-aux-archives\/76308\/\" \/>\n<meta property=\"og:site_name\" content=\"Batijournal\" \/>\n<meta property=\"article:published_time\" content=\"2010-09-28T22:00:00+00:00\" \/>\n<meta property=\"article:modified_time\" content=\"2019-07-15T09:19:34+00:00\" \/>\n<meta name=\"author\" content=\"Bati-journal\" \/>\n<meta name=\"twitter:card\" content=\"summary_large_image\" \/>\n<meta name=\"twitter:creator\" content=\"@bati_journal\" \/>\n<meta name=\"twitter:site\" content=\"@bati_journal\" \/>\n<meta name=\"twitter:label1\" content=\"\u00c9crit par\" \/>\n\t<meta name=\"twitter:data1\" content=\"Bati-journal\" \/>\n\t<meta name=\"twitter:label2\" content=\"Dur\u00e9e de lecture estim\u00e9e\" \/>\n\t<meta name=\"twitter:data2\" content=\"1 minute\" \/>\n<script type=\"application\/ld+json\" class=\"yoast-schema-graph\">{\"@context\":\"https:\\\/\\\/schema.org\",\"@graph\":[{\"@type\":\"Article\",\"@id\":\"https:\\\/\\\/batijournal.com\\\/index.php\\\/la-maison-de-lhistoire-de-france-sinstallera-aux-archives\\\/76308\\\/#article\",\"isPartOf\":{\"@id\":\"https:\\\/\\\/batijournal.com\\\/index.php\\\/la-maison-de-lhistoire-de-france-sinstallera-aux-archives\\\/76308\\\/\"},\"author\":{\"name\":\"Bati-journal\",\"@id\":\"https:\\\/\\\/batijournal.com\\\/#\\\/schema\\\/person\\\/6a657e8967569e1b299972574848aa76\"},\"headline\":\"La Maison de l&#039;Histoire de France s&#039;installera aux Archives\",\"datePublished\":\"2010-09-28T22:00:00+00:00\",\"dateModified\":\"2019-07-15T09:19:34+00:00\",\"mainEntityOfPage\":{\"@id\":\"https:\\\/\\\/batijournal.com\\\/index.php\\\/la-maison-de-lhistoire-de-france-sinstallera-aux-archives\\\/76308\\\/\"},\"wordCount\":122,\"commentCount\":0,\"articleSection\":[\"Architecture &amp; Conception\"],\"inLanguage\":\"fr-FR\",\"potentialAction\":[{\"@type\":\"CommentAction\",\"name\":\"Comment\",\"target\":[\"https:\\\/\\\/batijournal.com\\\/index.php\\\/la-maison-de-lhistoire-de-france-sinstallera-aux-archives\\\/76308\\\/#respond\"]}]},{\"@type\":\"WebPage\",\"@id\":\"https:\\\/\\\/batijournal.com\\\/index.php\\\/la-maison-de-lhistoire-de-france-sinstallera-aux-archives\\\/76308\\\/\",\"url\":\"https:\\\/\\\/batijournal.com\\\/index.php\\\/la-maison-de-lhistoire-de-france-sinstallera-aux-archives\\\/76308\\\/\",\"name\":\"La Maison de l&#039;Histoire de France s&#039;installera aux Archives\",\"isPartOf\":{\"@id\":\"https:\\\/\\\/batijournal.com\\\/#website\"},\"datePublished\":\"2010-09-28T22:00:00+00:00\",\"dateModified\":\"2019-07-15T09:19:34+00:00\",\"author\":{\"@id\":\"https:\\\/\\\/batijournal.com\\\/#\\\/schema\\\/person\\\/6a657e8967569e1b299972574848aa76\"},\"breadcrumb\":{\"@id\":\"https:\\\/\\\/batijournal.com\\\/index.php\\\/la-maison-de-lhistoire-de-france-sinstallera-aux-archives\\\/76308\\\/#breadcrumb\"},\"inLanguage\":\"fr-FR\",\"potentialAction\":[{\"@type\":\"ReadAction\",\"target\":[\"https:\\\/\\\/batijournal.com\\\/index.php\\\/la-maison-de-lhistoire-de-france-sinstallera-aux-archives\\\/76308\\\/\"]}]},{\"@type\":\"BreadcrumbList\",\"@id\":\"https:\\\/\\\/batijournal.com\\\/index.php\\\/la-maison-de-lhistoire-de-france-sinstallera-aux-archives\\\/76308\\\/#breadcrumb\",\"itemListElement\":[{\"@type\":\"ListItem\",\"position\":1,\"name\":\"Accueil\",\"item\":\"https:\\\/\\\/batijournal.com\\\/\"},{\"@type\":\"ListItem\",\"position\":2,\"name\":\"Actualit\u00e9s\",\"item\":\"https:\\\/\\\/batijournal.com\\\/index.php\\\/category\\\/actualites\\\/\"},{\"@type\":\"ListItem\",\"position\":3,\"name\":\"Architecture &amp; Conception\",\"item\":\"https:\\\/\\\/batijournal.com\\\/index.php\\\/category\\\/actualites\\\/architecture-conception\\\/\"},{\"@type\":\"ListItem\",\"position\":4,\"name\":\"La Maison de l&#039;Histoire de France s&#039;installera aux Archives\"}]},{\"@type\":\"WebSite\",\"@id\":\"https:\\\/\\\/batijournal.com\\\/#website\",\"url\":\"https:\\\/\\\/batijournal.com\\\/\",\"name\":\"Batijournal\",\"description\":\"L&#039;actualit\u00e9 du b\u00e2timent\",\"potentialAction\":[{\"@type\":\"SearchAction\",\"target\":{\"@type\":\"EntryPoint\",\"urlTemplate\":\"https:\\\/\\\/batijournal.com\\\/?s={search_term_string}\"},\"query-input\":{\"@type\":\"PropertyValueSpecification\",\"valueRequired\":true,\"valueName\":\"search_term_string\"}}],\"inLanguage\":\"fr-FR\"},{\"@type\":\"Person\",\"@id\":\"https:\\\/\\\/batijournal.com\\\/#\\\/schema\\\/person\\\/6a657e8967569e1b299972574848aa76\",\"name\":\"Bati-journal\",\"image\":{\"@type\":\"ImageObject\",\"inLanguage\":\"fr-FR\",\"@id\":\"https:\\\/\\\/secure.gravatar.com\\\/avatar\\\/a64364ea26392f9b4dd47e017ddaec74ff03aefc073b49e492e847201258f777?s=96&d=mm&r=g\",\"url\":\"https:\\\/\\\/secure.gravatar.com\\\/avatar\\\/a64364ea26392f9b4dd47e017ddaec74ff03aefc073b49e492e847201258f777?s=96&d=mm&r=g\",\"contentUrl\":\"https:\\\/\\\/secure.gravatar.com\\\/avatar\\\/a64364ea26392f9b4dd47e017ddaec74ff03aefc073b49e492e847201258f777?s=96&d=mm&r=g\",\"caption\":\"Bati-journal\"},\"url\":\"https:\\\/\\\/batijournal.com\\\/index.php\\\/author\\\/elodie\\\/\"}]}<\/script>\n<!-- \/ Yoast SEO plugin. -->","yoast_head_json":{"title":"La Maison de l&#039;Histoire de France s&#039;installera aux Archives","robots":{"index":"index","follow":"follow","max-snippet":"max-snippet:-1","max-image-preview":"max-image-preview:large","max-video-preview":"max-video-preview:-1"},"canonical":"https:\/\/batijournal.com\/index.php\/la-maison-de-lhistoire-de-france-sinstallera-aux-archives\/76308\/","og_locale":"fr_FR","og_type":"article","og_title":"La Maison de l&#039;Histoire de France s&#039;installera aux Archives","og_description":"Sur proposition de Fr\u00e9d\u00e9ric Mitterrand, le pr\u00e9sident Nicolas Sarkozy a choisi d&rsquo;implanter la Maison de l&rsquo;Histoire de France sur le site parisien des Archives Nationales, dans le quartier du Marais, aux c\u00f4t\u00e9s des Archives Nationales qui continueront de se d\u00e9velopper, tant \u00e0 Paris que dans le cadre de leur nouvelle implantation \u00e0 Pierrefitte en 2013. [&hellip;]","og_url":"https:\/\/batijournal.com\/index.php\/la-maison-de-lhistoire-de-france-sinstallera-aux-archives\/76308\/","og_site_name":"Batijournal","article_published_time":"2010-09-28T22:00:00+00:00","article_modified_time":"2019-07-15T09:19:34+00:00","author":"Bati-journal","twitter_card":"summary_large_image","twitter_creator":"@bati_journal","twitter_site":"@bati_journal","twitter_misc":{"\u00c9crit par":"Bati-journal","Dur\u00e9e de lecture estim\u00e9e":"1 minute"},"schema":{"@context":"https:\/\/schema.org","@graph":[{"@type":"Article","@id":"https:\/\/batijournal.com\/index.php\/la-maison-de-lhistoire-de-france-sinstallera-aux-archives\/76308\/#article","isPartOf":{"@id":"https:\/\/batijournal.com\/index.php\/la-maison-de-lhistoire-de-france-sinstallera-aux-archives\/76308\/"},"author":{"name":"Bati-journal","@id":"https:\/\/batijournal.com\/#\/schema\/person\/6a657e8967569e1b299972574848aa76"},"headline":"La Maison de l&#039;Histoire de France s&#039;installera aux Archives","datePublished":"2010-09-28T22:00:00+00:00","dateModified":"2019-07-15T09:19:34+00:00","mainEntityOfPage":{"@id":"https:\/\/batijournal.com\/index.php\/la-maison-de-lhistoire-de-france-sinstallera-aux-archives\/76308\/"},"wordCount":122,"commentCount":0,"articleSection":["Architecture &amp; Conception"],"inLanguage":"fr-FR","potentialAction":[{"@type":"CommentAction","name":"Comment","target":["https:\/\/batijournal.com\/index.php\/la-maison-de-lhistoire-de-france-sinstallera-aux-archives\/76308\/#respond"]}]},{"@type":"WebPage","@id":"https:\/\/batijournal.com\/index.php\/la-maison-de-lhistoire-de-france-sinstallera-aux-archives\/76308\/","url":"https:\/\/batijournal.com\/index.php\/la-maison-de-lhistoire-de-france-sinstallera-aux-archives\/76308\/","name":"La Maison de l&#039;Histoire de France s&#039;installera aux Archives","isPartOf":{"@id":"https:\/\/batijournal.com\/#website"},"datePublished":"2010-09-28T22:00:00+00:00","dateModified":"2019-07-15T09:19:34+00:00","author":{"@id":"https:\/\/batijournal.com\/#\/schema\/person\/6a657e8967569e1b299972574848aa76"},"breadcrumb":{"@id":"https:\/\/batijournal.com\/index.php\/la-maison-de-lhistoire-de-france-sinstallera-aux-archives\/76308\/#breadcrumb"},"inLanguage":"fr-FR","potentialAction":[{"@type":"ReadAction","target":["https:\/\/batijournal.com\/index.php\/la-maison-de-lhistoire-de-france-sinstallera-aux-archives\/76308\/"]}]},{"@type":"BreadcrumbList","@id":"https:\/\/batijournal.com\/index.php\/la-maison-de-lhistoire-de-france-sinstallera-aux-archives\/76308\/#breadcrumb","itemListElement":[{"@type":"ListItem","position":1,"name":"Accueil","item":"https:\/\/batijournal.com\/"},{"@type":"ListItem","position":2,"name":"Actualit\u00e9s","item":"https:\/\/batijournal.com\/index.php\/category\/actualites\/"},{"@type":"ListItem","position":3,"name":"Architecture &amp; Conception","item":"https:\/\/batijournal.com\/index.php\/category\/actualites\/architecture-conception\/"},{"@type":"ListItem","position":4,"name":"La Maison de l&#039;Histoire de France s&#039;installera aux Archives"}]},{"@type":"WebSite","@id":"https:\/\/batijournal.com\/#website","url":"https:\/\/batijournal.com\/","name":"Batijournal","description":"L&#039;actualit\u00e9 du b\u00e2timent","potentialAction":[{"@type":"SearchAction","target":{"@type":"EntryPoint","urlTemplate":"https:\/\/batijournal.com\/?s={search_term_string}"},"query-input":{"@type":"PropertyValueSpecification","valueRequired":true,"valueName":"search_term_string"}}],"inLanguage":"fr-FR"},{"@type":"Person","@id":"https:\/\/batijournal.com\/#\/schema\/person\/6a657e8967569e1b299972574848aa76","name":"Bati-journal","image":{"@type":"ImageObject","inLanguage":"fr-FR","@id":"https:\/\/secure.gravatar.com\/avatar\/a64364ea26392f9b4dd47e017ddaec74ff03aefc073b49e492e847201258f777?s=96&d=mm&r=g","url":"https:\/\/secure.gravatar.com\/avatar\/a64364ea26392f9b4dd47e017ddaec74ff03aefc073b49e492e847201258f777?s=96&d=mm&r=g","contentUrl":"https:\/\/secure.gravatar.com\/avatar\/a64364ea26392f9b4dd47e017ddaec74ff03aefc073b49e492e847201258f777?s=96&d=mm&r=g","caption":"Bati-journal"},"url":"https:\/\/batijournal.com\/index.php\/author\/elodie\/"}]}},"_links":{"self":[{"href":"https:\/\/batijournal.com\/index.php\/wp-json\/wp\/v2\/posts\/76308","targetHints":{"allow":["GET"]}}],"collection":[{"href":"https:\/\/batijournal.com\/index.php\/wp-json\/wp\/v2\/posts"}],"about":[{"href":"https:\/\/batijournal.com\/index.php\/wp-json\/wp\/v2\/types\/post"}],"author":[{"embeddable":true,"href":"https:\/\/batijournal.com\/index.php\/wp-json\/wp\/v2\/users\/1"}],"replies":[{"embeddable":true,"href":"https:\/\/batijournal.com\/index.php\/wp-json\/wp\/v2\/comments?post=76308"}],"version-history":[{"count":0,"href":"https:\/\/batijournal.com\/index.php\/wp-json\/wp\/v2\/posts\/76308\/revisions"}],"wp:attachment":[{"href":"https:\/\/batijournal.com\/index.php\/wp-json\/wp\/v2\/media?parent=76308"}],"wp:term":[{"taxonomy":"category","embeddable":true,"href":"https:\/\/batijournal.com\/index.php\/wp-json\/wp\/v2\/categories?post=76308"},{"taxonomy":"post_tag","embeddable":true,"href":"https:\/\/batijournal.com\/index.php\/wp-json\/wp\/v2\/tags?post=76308"}],"curies":[{"name":"wp","href":"https:\/\/api.w.org\/{rel}","templated":true}]}}