{"id":76371,"date":"2011-04-12T00:00:00","date_gmt":"2011-04-11T22:00:00","guid":{"rendered":"http:\/\/b.bati-journal.com\/nouvelle-tranche-de-travaux-sur-le-fort-dentrecasteaux-a-marseille\/76371"},"modified":"2019-07-15T11:19:28","modified_gmt":"2019-07-15T09:19:28","slug":"nouvelle-tranche-de-travaux-sur-le-fort-dentrecasteaux-a-marseille","status":"publish","type":"post","link":"https:\/\/batijournal.com\/index.php\/nouvelle-tranche-de-travaux-sur-le-fort-dentrecasteaux-a-marseille\/76371\/","title":{"rendered":"Nouvelle tranche de travaux sur le fort d&rsquo;Entrecasteaux \u00e0 Marseille"},"content":{"rendered":"<p>Gr\u00e2ce au m\u00e9c\u00e9nat de la Fondation Total, la Fondation du Patrimoine apporte un nouveau soutien \u00e0 l\u0092&rsquo;association Acta Vista, sp\u00e9cialis\u00e9e dans l\u0092&rsquo;insertion sociale et la formation professionnelle via des chantiers de restauration du patrimoine en r\u00e9gion marseillaise. Ce soutien, d&rsquo;\u0092un montant de 250 000 euros (soit 14% du coup global de l\u0092&rsquo;op\u00e9ration) contribuera, aux c\u00f4t\u00e9s d&rsquo;\u0092autres partenaires publics et priv\u00e9s, au financement du projet d&rsquo;\u0092installation du P\u00f4le d&rsquo;\u0092insertion et de formation professionnelle de l\u0092&rsquo;association sur le site du Fort d\u0092&rsquo;Entrecasteaux. Le Fort d&rsquo;\u0092Entrecasteaux constitue la partie sup\u00e9rieure du Fort Saint-Nicolas \u00e0 Marseille. Au XVII\u00e8me si\u00e8cle, bien que Marseille f\u00fbt sous tutelle fran\u00e7aise, elle affichait une grande ind\u00e9pendance \u00e0 l\u0092&rsquo;\u00e9gard de la Couronne et une indiff\u00e9rence aux rappels \u00e0 l\u0092&rsquo;ordre du Roi Soleil. L&rsquo;as des frasques marseillaises et de la d\u00e9fiance ouverte de la ville, Louis XIV prit Marseille par la force en 1660. C&rsquo;\u0092est \u00e0 cette \u00e9poque que fut construit le Fort Saint-Nicolas sur la rive Sud du port. Ce fort a \u00e9t\u00e9 \u00e9difi\u00e9 autant pour d\u00e9fendre la ville que pour prot\u00e9ger le pouvoir et servir le symbole d\u0092autorit\u00e9 aupr\u00e8s de cette population. Ce Fort est une ing\u00e9nieuse construction en \u00e9toile qui s&rsquo;\u0092adapte au relief tourment\u00e9 de cette partie du port. Vauban est intervenu pour am\u00e9liorer le dispositif de d\u00e9fense du site.<\/p>\n","protected":false},"excerpt":{"rendered":"<p>Gr\u00e2ce au m\u00e9c\u00e9nat de la Fondation Total, la Fondation du Patrimoine apporte un nouveau soutien \u00e0 l\u0092&rsquo;association Acta Vista, sp\u00e9cialis\u00e9e dans l\u0092&rsquo;insertion sociale et la formation professionnelle via des chantiers de restauration du patrimoine en r\u00e9gion marseillaise. Ce soutien, d&rsquo;\u0092un montant de 250 000 euros (soit 14% du coup global de l\u0092&rsquo;op\u00e9ration) contribuera, aux c\u00f4t\u00e9s [&hellip;]<\/p>\n","protected":false},"author":1,"featured_media":0,"comment_status":"open","ping_status":"closed","sticky":false,"template":"","format":"standard","meta":{"_et_pb_use_builder":"","_et_pb_old_content":"","_et_gb_content_width":"","footnotes":""},"categories":[6340],"tags":[3592,2720],"class_list":["post-76371","post","type-post","status-publish","format-standard","hentry","category-architecture-conception","tag-marseille","tag-travaux"],"yoast_head":"<!-- This site is optimized with the Yoast SEO plugin v27.4 - https:\/\/yoast.com\/product\/yoast-seo-wordpress\/ -->\n<title>Nouvelle tranche de travaux sur le fort d&#039;Entrecasteaux \u00e0 Marseille<\/title>\n<meta name=\"robots\" content=\"index, follow, max-snippet:-1, max-image-preview:large, max-video-preview:-1\" \/>\n<link rel=\"canonical\" href=\"https:\/\/batijournal.com\/index.php\/nouvelle-tranche-de-travaux-sur-le-fort-dentrecasteaux-a-marseille\/76371\/\" \/>\n<meta property=\"og:locale\" content=\"fr_FR\" \/>\n<meta property=\"og:type\" content=\"article\" \/>\n<meta property=\"og:title\" content=\"Nouvelle tranche de travaux sur le fort d&#039;Entrecasteaux \u00e0 Marseille\" \/>\n<meta property=\"og:description\" content=\"Gr\u00e2ce au m\u00e9c\u00e9nat de la Fondation Total, la Fondation du Patrimoine apporte un nouveau soutien \u00e0 l\u0092&rsquo;association Acta Vista, sp\u00e9cialis\u00e9e dans l\u0092&rsquo;insertion sociale et la formation professionnelle via des chantiers de restauration du patrimoine en r\u00e9gion marseillaise. Ce soutien, d&rsquo;\u0092un montant de 250 000 euros (soit 14% du coup global de l\u0092&rsquo;op\u00e9ration) contribuera, aux c\u00f4t\u00e9s [&hellip;]\" \/>\n<meta property=\"og:url\" content=\"https:\/\/batijournal.com\/index.php\/nouvelle-tranche-de-travaux-sur-le-fort-dentrecasteaux-a-marseille\/76371\/\" \/>\n<meta property=\"og:site_name\" content=\"Batijournal\" \/>\n<meta property=\"article:published_time\" content=\"2011-04-11T22:00:00+00:00\" \/>\n<meta property=\"article:modified_time\" content=\"2019-07-15T09:19:28+00:00\" \/>\n<meta name=\"author\" content=\"Bati-journal\" \/>\n<meta name=\"twitter:card\" content=\"summary_large_image\" \/>\n<meta name=\"twitter:creator\" content=\"@bati_journal\" \/>\n<meta name=\"twitter:site\" content=\"@bati_journal\" \/>\n<meta name=\"twitter:label1\" content=\"\u00c9crit par\" \/>\n\t<meta name=\"twitter:data1\" content=\"Bati-journal\" \/>\n\t<meta name=\"twitter:label2\" content=\"Dur\u00e9e de lecture estim\u00e9e\" \/>\n\t<meta name=\"twitter:data2\" content=\"1 minute\" \/>\n<script type=\"application\/ld+json\" class=\"yoast-schema-graph\">{\"@context\":\"https:\\\/\\\/schema.org\",\"@graph\":[{\"@type\":\"Article\",\"@id\":\"https:\\\/\\\/batijournal.com\\\/index.php\\\/nouvelle-tranche-de-travaux-sur-le-fort-dentrecasteaux-a-marseille\\\/76371\\\/#article\",\"isPartOf\":{\"@id\":\"https:\\\/\\\/batijournal.com\\\/index.php\\\/nouvelle-tranche-de-travaux-sur-le-fort-dentrecasteaux-a-marseille\\\/76371\\\/\"},\"author\":{\"name\":\"Bati-journal\",\"@id\":\"https:\\\/\\\/batijournal.com\\\/#\\\/schema\\\/person\\\/6a657e8967569e1b299972574848aa76\"},\"headline\":\"Nouvelle tranche de travaux sur le fort d&rsquo;Entrecasteaux \u00e0 Marseille\",\"datePublished\":\"2011-04-11T22:00:00+00:00\",\"dateModified\":\"2019-07-15T09:19:28+00:00\",\"mainEntityOfPage\":{\"@id\":\"https:\\\/\\\/batijournal.com\\\/index.php\\\/nouvelle-tranche-de-travaux-sur-le-fort-dentrecasteaux-a-marseille\\\/76371\\\/\"},\"wordCount\":254,\"commentCount\":0,\"keywords\":[\"Marseille\",\"travaux\"],\"articleSection\":[\"Architecture &amp; Conception\"],\"inLanguage\":\"fr-FR\",\"potentialAction\":[{\"@type\":\"CommentAction\",\"name\":\"Comment\",\"target\":[\"https:\\\/\\\/batijournal.com\\\/index.php\\\/nouvelle-tranche-de-travaux-sur-le-fort-dentrecasteaux-a-marseille\\\/76371\\\/#respond\"]}]},{\"@type\":\"WebPage\",\"@id\":\"https:\\\/\\\/batijournal.com\\\/index.php\\\/nouvelle-tranche-de-travaux-sur-le-fort-dentrecasteaux-a-marseille\\\/76371\\\/\",\"url\":\"https:\\\/\\\/batijournal.com\\\/index.php\\\/nouvelle-tranche-de-travaux-sur-le-fort-dentrecasteaux-a-marseille\\\/76371\\\/\",\"name\":\"Nouvelle tranche de travaux sur le fort d'Entrecasteaux \u00e0 Marseille\",\"isPartOf\":{\"@id\":\"https:\\\/\\\/batijournal.com\\\/#website\"},\"datePublished\":\"2011-04-11T22:00:00+00:00\",\"dateModified\":\"2019-07-15T09:19:28+00:00\",\"author\":{\"@id\":\"https:\\\/\\\/batijournal.com\\\/#\\\/schema\\\/person\\\/6a657e8967569e1b299972574848aa76\"},\"breadcrumb\":{\"@id\":\"https:\\\/\\\/batijournal.com\\\/index.php\\\/nouvelle-tranche-de-travaux-sur-le-fort-dentrecasteaux-a-marseille\\\/76371\\\/#breadcrumb\"},\"inLanguage\":\"fr-FR\",\"potentialAction\":[{\"@type\":\"ReadAction\",\"target\":[\"https:\\\/\\\/batijournal.com\\\/index.php\\\/nouvelle-tranche-de-travaux-sur-le-fort-dentrecasteaux-a-marseille\\\/76371\\\/\"]}]},{\"@type\":\"BreadcrumbList\",\"@id\":\"https:\\\/\\\/batijournal.com\\\/index.php\\\/nouvelle-tranche-de-travaux-sur-le-fort-dentrecasteaux-a-marseille\\\/76371\\\/#breadcrumb\",\"itemListElement\":[{\"@type\":\"ListItem\",\"position\":1,\"name\":\"Accueil\",\"item\":\"https:\\\/\\\/batijournal.com\\\/\"},{\"@type\":\"ListItem\",\"position\":2,\"name\":\"Actualit\u00e9s\",\"item\":\"https:\\\/\\\/batijournal.com\\\/index.php\\\/category\\\/actualites\\\/\"},{\"@type\":\"ListItem\",\"position\":3,\"name\":\"Architecture &amp; Conception\",\"item\":\"https:\\\/\\\/batijournal.com\\\/index.php\\\/category\\\/actualites\\\/architecture-conception\\\/\"},{\"@type\":\"ListItem\",\"position\":4,\"name\":\"Nouvelle tranche de travaux sur le fort d&rsquo;Entrecasteaux \u00e0 Marseille\"}]},{\"@type\":\"WebSite\",\"@id\":\"https:\\\/\\\/batijournal.com\\\/#website\",\"url\":\"https:\\\/\\\/batijournal.com\\\/\",\"name\":\"Batijournal\",\"description\":\"L&#039;actualit\u00e9 du b\u00e2timent\",\"potentialAction\":[{\"@type\":\"SearchAction\",\"target\":{\"@type\":\"EntryPoint\",\"urlTemplate\":\"https:\\\/\\\/batijournal.com\\\/?s={search_term_string}\"},\"query-input\":{\"@type\":\"PropertyValueSpecification\",\"valueRequired\":true,\"valueName\":\"search_term_string\"}}],\"inLanguage\":\"fr-FR\"},{\"@type\":\"Person\",\"@id\":\"https:\\\/\\\/batijournal.com\\\/#\\\/schema\\\/person\\\/6a657e8967569e1b299972574848aa76\",\"name\":\"Bati-journal\",\"image\":{\"@type\":\"ImageObject\",\"inLanguage\":\"fr-FR\",\"@id\":\"https:\\\/\\\/secure.gravatar.com\\\/avatar\\\/a64364ea26392f9b4dd47e017ddaec74ff03aefc073b49e492e847201258f777?s=96&d=mm&r=g\",\"url\":\"https:\\\/\\\/secure.gravatar.com\\\/avatar\\\/a64364ea26392f9b4dd47e017ddaec74ff03aefc073b49e492e847201258f777?s=96&d=mm&r=g\",\"contentUrl\":\"https:\\\/\\\/secure.gravatar.com\\\/avatar\\\/a64364ea26392f9b4dd47e017ddaec74ff03aefc073b49e492e847201258f777?s=96&d=mm&r=g\",\"caption\":\"Bati-journal\"},\"url\":\"https:\\\/\\\/batijournal.com\\\/index.php\\\/author\\\/elodie\\\/\"}]}<\/script>\n<!-- \/ Yoast SEO plugin. -->","yoast_head_json":{"title":"Nouvelle tranche de travaux sur le fort d'Entrecasteaux \u00e0 Marseille","robots":{"index":"index","follow":"follow","max-snippet":"max-snippet:-1","max-image-preview":"max-image-preview:large","max-video-preview":"max-video-preview:-1"},"canonical":"https:\/\/batijournal.com\/index.php\/nouvelle-tranche-de-travaux-sur-le-fort-dentrecasteaux-a-marseille\/76371\/","og_locale":"fr_FR","og_type":"article","og_title":"Nouvelle tranche de travaux sur le fort d'Entrecasteaux \u00e0 Marseille","og_description":"Gr\u00e2ce au m\u00e9c\u00e9nat de la Fondation Total, la Fondation du Patrimoine apporte un nouveau soutien \u00e0 l\u0092&rsquo;association Acta Vista, sp\u00e9cialis\u00e9e dans l\u0092&rsquo;insertion sociale et la formation professionnelle via des chantiers de restauration du patrimoine en r\u00e9gion marseillaise. Ce soutien, d&rsquo;\u0092un montant de 250 000 euros (soit 14% du coup global de l\u0092&rsquo;op\u00e9ration) contribuera, aux c\u00f4t\u00e9s [&hellip;]","og_url":"https:\/\/batijournal.com\/index.php\/nouvelle-tranche-de-travaux-sur-le-fort-dentrecasteaux-a-marseille\/76371\/","og_site_name":"Batijournal","article_published_time":"2011-04-11T22:00:00+00:00","article_modified_time":"2019-07-15T09:19:28+00:00","author":"Bati-journal","twitter_card":"summary_large_image","twitter_creator":"@bati_journal","twitter_site":"@bati_journal","twitter_misc":{"\u00c9crit par":"Bati-journal","Dur\u00e9e de lecture estim\u00e9e":"1 minute"},"schema":{"@context":"https:\/\/schema.org","@graph":[{"@type":"Article","@id":"https:\/\/batijournal.com\/index.php\/nouvelle-tranche-de-travaux-sur-le-fort-dentrecasteaux-a-marseille\/76371\/#article","isPartOf":{"@id":"https:\/\/batijournal.com\/index.php\/nouvelle-tranche-de-travaux-sur-le-fort-dentrecasteaux-a-marseille\/76371\/"},"author":{"name":"Bati-journal","@id":"https:\/\/batijournal.com\/#\/schema\/person\/6a657e8967569e1b299972574848aa76"},"headline":"Nouvelle tranche de travaux sur le fort d&rsquo;Entrecasteaux \u00e0 Marseille","datePublished":"2011-04-11T22:00:00+00:00","dateModified":"2019-07-15T09:19:28+00:00","mainEntityOfPage":{"@id":"https:\/\/batijournal.com\/index.php\/nouvelle-tranche-de-travaux-sur-le-fort-dentrecasteaux-a-marseille\/76371\/"},"wordCount":254,"commentCount":0,"keywords":["Marseille","travaux"],"articleSection":["Architecture &amp; Conception"],"inLanguage":"fr-FR","potentialAction":[{"@type":"CommentAction","name":"Comment","target":["https:\/\/batijournal.com\/index.php\/nouvelle-tranche-de-travaux-sur-le-fort-dentrecasteaux-a-marseille\/76371\/#respond"]}]},{"@type":"WebPage","@id":"https:\/\/batijournal.com\/index.php\/nouvelle-tranche-de-travaux-sur-le-fort-dentrecasteaux-a-marseille\/76371\/","url":"https:\/\/batijournal.com\/index.php\/nouvelle-tranche-de-travaux-sur-le-fort-dentrecasteaux-a-marseille\/76371\/","name":"Nouvelle tranche de travaux sur le fort d'Entrecasteaux \u00e0 Marseille","isPartOf":{"@id":"https:\/\/batijournal.com\/#website"},"datePublished":"2011-04-11T22:00:00+00:00","dateModified":"2019-07-15T09:19:28+00:00","author":{"@id":"https:\/\/batijournal.com\/#\/schema\/person\/6a657e8967569e1b299972574848aa76"},"breadcrumb":{"@id":"https:\/\/batijournal.com\/index.php\/nouvelle-tranche-de-travaux-sur-le-fort-dentrecasteaux-a-marseille\/76371\/#breadcrumb"},"inLanguage":"fr-FR","potentialAction":[{"@type":"ReadAction","target":["https:\/\/batijournal.com\/index.php\/nouvelle-tranche-de-travaux-sur-le-fort-dentrecasteaux-a-marseille\/76371\/"]}]},{"@type":"BreadcrumbList","@id":"https:\/\/batijournal.com\/index.php\/nouvelle-tranche-de-travaux-sur-le-fort-dentrecasteaux-a-marseille\/76371\/#breadcrumb","itemListElement":[{"@type":"ListItem","position":1,"name":"Accueil","item":"https:\/\/batijournal.com\/"},{"@type":"ListItem","position":2,"name":"Actualit\u00e9s","item":"https:\/\/batijournal.com\/index.php\/category\/actualites\/"},{"@type":"ListItem","position":3,"name":"Architecture &amp; Conception","item":"https:\/\/batijournal.com\/index.php\/category\/actualites\/architecture-conception\/"},{"@type":"ListItem","position":4,"name":"Nouvelle tranche de travaux sur le fort d&rsquo;Entrecasteaux \u00e0 Marseille"}]},{"@type":"WebSite","@id":"https:\/\/batijournal.com\/#website","url":"https:\/\/batijournal.com\/","name":"Batijournal","description":"L&#039;actualit\u00e9 du b\u00e2timent","potentialAction":[{"@type":"SearchAction","target":{"@type":"EntryPoint","urlTemplate":"https:\/\/batijournal.com\/?s={search_term_string}"},"query-input":{"@type":"PropertyValueSpecification","valueRequired":true,"valueName":"search_term_string"}}],"inLanguage":"fr-FR"},{"@type":"Person","@id":"https:\/\/batijournal.com\/#\/schema\/person\/6a657e8967569e1b299972574848aa76","name":"Bati-journal","image":{"@type":"ImageObject","inLanguage":"fr-FR","@id":"https:\/\/secure.gravatar.com\/avatar\/a64364ea26392f9b4dd47e017ddaec74ff03aefc073b49e492e847201258f777?s=96&d=mm&r=g","url":"https:\/\/secure.gravatar.com\/avatar\/a64364ea26392f9b4dd47e017ddaec74ff03aefc073b49e492e847201258f777?s=96&d=mm&r=g","contentUrl":"https:\/\/secure.gravatar.com\/avatar\/a64364ea26392f9b4dd47e017ddaec74ff03aefc073b49e492e847201258f777?s=96&d=mm&r=g","caption":"Bati-journal"},"url":"https:\/\/batijournal.com\/index.php\/author\/elodie\/"}]}},"_links":{"self":[{"href":"https:\/\/batijournal.com\/index.php\/wp-json\/wp\/v2\/posts\/76371","targetHints":{"allow":["GET"]}}],"collection":[{"href":"https:\/\/batijournal.com\/index.php\/wp-json\/wp\/v2\/posts"}],"about":[{"href":"https:\/\/batijournal.com\/index.php\/wp-json\/wp\/v2\/types\/post"}],"author":[{"embeddable":true,"href":"https:\/\/batijournal.com\/index.php\/wp-json\/wp\/v2\/users\/1"}],"replies":[{"embeddable":true,"href":"https:\/\/batijournal.com\/index.php\/wp-json\/wp\/v2\/comments?post=76371"}],"version-history":[{"count":0,"href":"https:\/\/batijournal.com\/index.php\/wp-json\/wp\/v2\/posts\/76371\/revisions"}],"wp:attachment":[{"href":"https:\/\/batijournal.com\/index.php\/wp-json\/wp\/v2\/media?parent=76371"}],"wp:term":[{"taxonomy":"category","embeddable":true,"href":"https:\/\/batijournal.com\/index.php\/wp-json\/wp\/v2\/categories?post=76371"},{"taxonomy":"post_tag","embeddable":true,"href":"https:\/\/batijournal.com\/index.php\/wp-json\/wp\/v2\/tags?post=76371"}],"curies":[{"name":"wp","href":"https:\/\/api.w.org\/{rel}","templated":true}]}}