{"id":76380,"date":"2011-05-11T00:00:00","date_gmt":"2011-05-10T22:00:00","guid":{"rendered":"http:\/\/b.bati-journal.com\/forum-des-associations-du-patrimoine-de-haute-normandie-2011\/76380"},"modified":"2019-07-15T11:18:39","modified_gmt":"2019-07-15T09:18:39","slug":"forum-des-associations-du-patrimoine-de-haute-normandie-2011","status":"publish","type":"post","link":"https:\/\/batijournal.com\/index.php\/forum-des-associations-du-patrimoine-de-haute-normandie-2011\/76380\/","title":{"rendered":"Forum des associations du patrimoine de Haute-Normandie 2011"},"content":{"rendered":"<p>Le 21 mai 2011, le patrimoine sera mis \u00e0 l&rsquo;honneur \u00e0 l&rsquo;abbaye de Bonport, fond\u00e9e par Richard Coeur de Lion en 1189, dans le cadre du deuxi\u00e8me Forum des associations du patrimoine de Haute-Normandie. C&rsquo;est l&rsquo;occasion pour le public de venir rencontrer des hommes et des femmes passionn\u00e9s par l&rsquo;histoire de leur r\u00e9gion et de (re)d\u00e9couvrir toute la vari\u00e9t\u00e9 des actions men\u00e9es par les associations autour des patrimoines les plus divers, de la sauvegarde des monuments et des sites patrimoniaux \u00e0 la valorisation des musiques traditionnelles. Un rendez-vous \u00e0 ne pas manquer pour approcher la richesse et la diversit\u00e9 du patrimoine haut-normand et venir \u00e0 la rencontre de ses acteurs dans le cadre exceptionnel dune abbaye cistercienne du XIIIe si\u00e8cle. Organis\u00e9 par l&rsquo;association \u00ab Patrimoine (s) \u00bb, avec le soutien de la R\u00e9gion Haute-Normandie et des deux D\u00e9partements Eure et Seine-Maritime, ce Forum rassemblera de nombreuses personnait\u00e9s du secteur patrimonial. Les d\u00e9bats et tables rondes anim\u00e9s par Serge Van den Broucke, r\u00e9dacteur en chef de la revue Atrium Construction.<\/p>\n","protected":false},"excerpt":{"rendered":"<p>Le 21 mai 2011, le patrimoine sera mis \u00e0 l&rsquo;honneur \u00e0 l&rsquo;abbaye de Bonport, fond\u00e9e par Richard Coeur de Lion en 1189, dans le cadre du deuxi\u00e8me Forum des associations du patrimoine de Haute-Normandie. C&rsquo;est l&rsquo;occasion pour le public de venir rencontrer des hommes et des femmes passionn\u00e9s par l&rsquo;histoire de leur r\u00e9gion et de [&hellip;]<\/p>\n","protected":false},"author":1,"featured_media":0,"comment_status":"open","ping_status":"closed","sticky":false,"template":"","format":"standard","meta":{"_et_pb_use_builder":"","_et_pb_old_content":"","_et_gb_content_width":"","footnotes":""},"categories":[6340],"tags":[8590],"class_list":["post-76380","post","type-post","status-publish","format-standard","hentry","category-architecture-conception","tag-forum-des-associations-du-patrimoine"],"yoast_head":"<!-- This site is optimized with the Yoast SEO plugin v27.4 - https:\/\/yoast.com\/product\/yoast-seo-wordpress\/ -->\n<title>Forum des associations du patrimoine de Haute-Normandie 2011<\/title>\n<meta name=\"robots\" content=\"index, follow, max-snippet:-1, max-image-preview:large, max-video-preview:-1\" \/>\n<link rel=\"canonical\" href=\"https:\/\/batijournal.com\/index.php\/forum-des-associations-du-patrimoine-de-haute-normandie-2011\/76380\/\" \/>\n<meta property=\"og:locale\" content=\"fr_FR\" \/>\n<meta property=\"og:type\" content=\"article\" \/>\n<meta property=\"og:title\" content=\"Forum des associations du patrimoine de Haute-Normandie 2011\" \/>\n<meta property=\"og:description\" content=\"Le 21 mai 2011, le patrimoine sera mis \u00e0 l&rsquo;honneur \u00e0 l&rsquo;abbaye de Bonport, fond\u00e9e par Richard Coeur de Lion en 1189, dans le cadre du deuxi\u00e8me Forum des associations du patrimoine de Haute-Normandie. C&rsquo;est l&rsquo;occasion pour le public de venir rencontrer des hommes et des femmes passionn\u00e9s par l&rsquo;histoire de leur r\u00e9gion et de [&hellip;]\" \/>\n<meta property=\"og:url\" content=\"https:\/\/batijournal.com\/index.php\/forum-des-associations-du-patrimoine-de-haute-normandie-2011\/76380\/\" \/>\n<meta property=\"og:site_name\" content=\"Batijournal\" \/>\n<meta property=\"article:published_time\" content=\"2011-05-10T22:00:00+00:00\" \/>\n<meta property=\"article:modified_time\" content=\"2019-07-15T09:18:39+00:00\" \/>\n<meta name=\"author\" content=\"Bati-journal\" \/>\n<meta name=\"twitter:card\" content=\"summary_large_image\" \/>\n<meta name=\"twitter:creator\" content=\"@bati_journal\" \/>\n<meta name=\"twitter:site\" content=\"@bati_journal\" \/>\n<meta name=\"twitter:label1\" content=\"\u00c9crit par\" \/>\n\t<meta name=\"twitter:data1\" content=\"Bati-journal\" \/>\n\t<meta name=\"twitter:label2\" content=\"Dur\u00e9e de lecture estim\u00e9e\" \/>\n\t<meta name=\"twitter:data2\" content=\"1 minute\" \/>\n<script type=\"application\/ld+json\" class=\"yoast-schema-graph\">{\"@context\":\"https:\\\/\\\/schema.org\",\"@graph\":[{\"@type\":\"Article\",\"@id\":\"https:\\\/\\\/batijournal.com\\\/index.php\\\/forum-des-associations-du-patrimoine-de-haute-normandie-2011\\\/76380\\\/#article\",\"isPartOf\":{\"@id\":\"https:\\\/\\\/batijournal.com\\\/index.php\\\/forum-des-associations-du-patrimoine-de-haute-normandie-2011\\\/76380\\\/\"},\"author\":{\"name\":\"Bati-journal\",\"@id\":\"https:\\\/\\\/batijournal.com\\\/#\\\/schema\\\/person\\\/6a657e8967569e1b299972574848aa76\"},\"headline\":\"Forum des associations du patrimoine de Haute-Normandie 2011\",\"datePublished\":\"2011-05-10T22:00:00+00:00\",\"dateModified\":\"2019-07-15T09:18:39+00:00\",\"mainEntityOfPage\":{\"@id\":\"https:\\\/\\\/batijournal.com\\\/index.php\\\/forum-des-associations-du-patrimoine-de-haute-normandie-2011\\\/76380\\\/\"},\"wordCount\":187,\"commentCount\":0,\"keywords\":[\"forum des associations du patrimoine\"],\"articleSection\":[\"Architecture &amp; Conception\"],\"inLanguage\":\"fr-FR\",\"potentialAction\":[{\"@type\":\"CommentAction\",\"name\":\"Comment\",\"target\":[\"https:\\\/\\\/batijournal.com\\\/index.php\\\/forum-des-associations-du-patrimoine-de-haute-normandie-2011\\\/76380\\\/#respond\"]}]},{\"@type\":\"WebPage\",\"@id\":\"https:\\\/\\\/batijournal.com\\\/index.php\\\/forum-des-associations-du-patrimoine-de-haute-normandie-2011\\\/76380\\\/\",\"url\":\"https:\\\/\\\/batijournal.com\\\/index.php\\\/forum-des-associations-du-patrimoine-de-haute-normandie-2011\\\/76380\\\/\",\"name\":\"Forum des associations du patrimoine de Haute-Normandie 2011\",\"isPartOf\":{\"@id\":\"https:\\\/\\\/batijournal.com\\\/#website\"},\"datePublished\":\"2011-05-10T22:00:00+00:00\",\"dateModified\":\"2019-07-15T09:18:39+00:00\",\"author\":{\"@id\":\"https:\\\/\\\/batijournal.com\\\/#\\\/schema\\\/person\\\/6a657e8967569e1b299972574848aa76\"},\"breadcrumb\":{\"@id\":\"https:\\\/\\\/batijournal.com\\\/index.php\\\/forum-des-associations-du-patrimoine-de-haute-normandie-2011\\\/76380\\\/#breadcrumb\"},\"inLanguage\":\"fr-FR\",\"potentialAction\":[{\"@type\":\"ReadAction\",\"target\":[\"https:\\\/\\\/batijournal.com\\\/index.php\\\/forum-des-associations-du-patrimoine-de-haute-normandie-2011\\\/76380\\\/\"]}]},{\"@type\":\"BreadcrumbList\",\"@id\":\"https:\\\/\\\/batijournal.com\\\/index.php\\\/forum-des-associations-du-patrimoine-de-haute-normandie-2011\\\/76380\\\/#breadcrumb\",\"itemListElement\":[{\"@type\":\"ListItem\",\"position\":1,\"name\":\"Accueil\",\"item\":\"https:\\\/\\\/batijournal.com\\\/\"},{\"@type\":\"ListItem\",\"position\":2,\"name\":\"Actualit\u00e9s\",\"item\":\"https:\\\/\\\/batijournal.com\\\/index.php\\\/category\\\/actualites\\\/\"},{\"@type\":\"ListItem\",\"position\":3,\"name\":\"Architecture &amp; Conception\",\"item\":\"https:\\\/\\\/batijournal.com\\\/index.php\\\/category\\\/actualites\\\/architecture-conception\\\/\"},{\"@type\":\"ListItem\",\"position\":4,\"name\":\"Forum des associations du patrimoine de Haute-Normandie 2011\"}]},{\"@type\":\"WebSite\",\"@id\":\"https:\\\/\\\/batijournal.com\\\/#website\",\"url\":\"https:\\\/\\\/batijournal.com\\\/\",\"name\":\"Batijournal\",\"description\":\"L&#039;actualit\u00e9 du b\u00e2timent\",\"potentialAction\":[{\"@type\":\"SearchAction\",\"target\":{\"@type\":\"EntryPoint\",\"urlTemplate\":\"https:\\\/\\\/batijournal.com\\\/?s={search_term_string}\"},\"query-input\":{\"@type\":\"PropertyValueSpecification\",\"valueRequired\":true,\"valueName\":\"search_term_string\"}}],\"inLanguage\":\"fr-FR\"},{\"@type\":\"Person\",\"@id\":\"https:\\\/\\\/batijournal.com\\\/#\\\/schema\\\/person\\\/6a657e8967569e1b299972574848aa76\",\"name\":\"Bati-journal\",\"image\":{\"@type\":\"ImageObject\",\"inLanguage\":\"fr-FR\",\"@id\":\"https:\\\/\\\/secure.gravatar.com\\\/avatar\\\/a64364ea26392f9b4dd47e017ddaec74ff03aefc073b49e492e847201258f777?s=96&d=mm&r=g\",\"url\":\"https:\\\/\\\/secure.gravatar.com\\\/avatar\\\/a64364ea26392f9b4dd47e017ddaec74ff03aefc073b49e492e847201258f777?s=96&d=mm&r=g\",\"contentUrl\":\"https:\\\/\\\/secure.gravatar.com\\\/avatar\\\/a64364ea26392f9b4dd47e017ddaec74ff03aefc073b49e492e847201258f777?s=96&d=mm&r=g\",\"caption\":\"Bati-journal\"},\"url\":\"https:\\\/\\\/batijournal.com\\\/index.php\\\/author\\\/elodie\\\/\"}]}<\/script>\n<!-- \/ Yoast SEO plugin. -->","yoast_head_json":{"title":"Forum des associations du patrimoine de Haute-Normandie 2011","robots":{"index":"index","follow":"follow","max-snippet":"max-snippet:-1","max-image-preview":"max-image-preview:large","max-video-preview":"max-video-preview:-1"},"canonical":"https:\/\/batijournal.com\/index.php\/forum-des-associations-du-patrimoine-de-haute-normandie-2011\/76380\/","og_locale":"fr_FR","og_type":"article","og_title":"Forum des associations du patrimoine de Haute-Normandie 2011","og_description":"Le 21 mai 2011, le patrimoine sera mis \u00e0 l&rsquo;honneur \u00e0 l&rsquo;abbaye de Bonport, fond\u00e9e par Richard Coeur de Lion en 1189, dans le cadre du deuxi\u00e8me Forum des associations du patrimoine de Haute-Normandie. C&rsquo;est l&rsquo;occasion pour le public de venir rencontrer des hommes et des femmes passionn\u00e9s par l&rsquo;histoire de leur r\u00e9gion et de [&hellip;]","og_url":"https:\/\/batijournal.com\/index.php\/forum-des-associations-du-patrimoine-de-haute-normandie-2011\/76380\/","og_site_name":"Batijournal","article_published_time":"2011-05-10T22:00:00+00:00","article_modified_time":"2019-07-15T09:18:39+00:00","author":"Bati-journal","twitter_card":"summary_large_image","twitter_creator":"@bati_journal","twitter_site":"@bati_journal","twitter_misc":{"\u00c9crit par":"Bati-journal","Dur\u00e9e de lecture estim\u00e9e":"1 minute"},"schema":{"@context":"https:\/\/schema.org","@graph":[{"@type":"Article","@id":"https:\/\/batijournal.com\/index.php\/forum-des-associations-du-patrimoine-de-haute-normandie-2011\/76380\/#article","isPartOf":{"@id":"https:\/\/batijournal.com\/index.php\/forum-des-associations-du-patrimoine-de-haute-normandie-2011\/76380\/"},"author":{"name":"Bati-journal","@id":"https:\/\/batijournal.com\/#\/schema\/person\/6a657e8967569e1b299972574848aa76"},"headline":"Forum des associations du patrimoine de Haute-Normandie 2011","datePublished":"2011-05-10T22:00:00+00:00","dateModified":"2019-07-15T09:18:39+00:00","mainEntityOfPage":{"@id":"https:\/\/batijournal.com\/index.php\/forum-des-associations-du-patrimoine-de-haute-normandie-2011\/76380\/"},"wordCount":187,"commentCount":0,"keywords":["forum des associations du patrimoine"],"articleSection":["Architecture &amp; Conception"],"inLanguage":"fr-FR","potentialAction":[{"@type":"CommentAction","name":"Comment","target":["https:\/\/batijournal.com\/index.php\/forum-des-associations-du-patrimoine-de-haute-normandie-2011\/76380\/#respond"]}]},{"@type":"WebPage","@id":"https:\/\/batijournal.com\/index.php\/forum-des-associations-du-patrimoine-de-haute-normandie-2011\/76380\/","url":"https:\/\/batijournal.com\/index.php\/forum-des-associations-du-patrimoine-de-haute-normandie-2011\/76380\/","name":"Forum des associations du patrimoine de Haute-Normandie 2011","isPartOf":{"@id":"https:\/\/batijournal.com\/#website"},"datePublished":"2011-05-10T22:00:00+00:00","dateModified":"2019-07-15T09:18:39+00:00","author":{"@id":"https:\/\/batijournal.com\/#\/schema\/person\/6a657e8967569e1b299972574848aa76"},"breadcrumb":{"@id":"https:\/\/batijournal.com\/index.php\/forum-des-associations-du-patrimoine-de-haute-normandie-2011\/76380\/#breadcrumb"},"inLanguage":"fr-FR","potentialAction":[{"@type":"ReadAction","target":["https:\/\/batijournal.com\/index.php\/forum-des-associations-du-patrimoine-de-haute-normandie-2011\/76380\/"]}]},{"@type":"BreadcrumbList","@id":"https:\/\/batijournal.com\/index.php\/forum-des-associations-du-patrimoine-de-haute-normandie-2011\/76380\/#breadcrumb","itemListElement":[{"@type":"ListItem","position":1,"name":"Accueil","item":"https:\/\/batijournal.com\/"},{"@type":"ListItem","position":2,"name":"Actualit\u00e9s","item":"https:\/\/batijournal.com\/index.php\/category\/actualites\/"},{"@type":"ListItem","position":3,"name":"Architecture &amp; Conception","item":"https:\/\/batijournal.com\/index.php\/category\/actualites\/architecture-conception\/"},{"@type":"ListItem","position":4,"name":"Forum des associations du patrimoine de Haute-Normandie 2011"}]},{"@type":"WebSite","@id":"https:\/\/batijournal.com\/#website","url":"https:\/\/batijournal.com\/","name":"Batijournal","description":"L&#039;actualit\u00e9 du b\u00e2timent","potentialAction":[{"@type":"SearchAction","target":{"@type":"EntryPoint","urlTemplate":"https:\/\/batijournal.com\/?s={search_term_string}"},"query-input":{"@type":"PropertyValueSpecification","valueRequired":true,"valueName":"search_term_string"}}],"inLanguage":"fr-FR"},{"@type":"Person","@id":"https:\/\/batijournal.com\/#\/schema\/person\/6a657e8967569e1b299972574848aa76","name":"Bati-journal","image":{"@type":"ImageObject","inLanguage":"fr-FR","@id":"https:\/\/secure.gravatar.com\/avatar\/a64364ea26392f9b4dd47e017ddaec74ff03aefc073b49e492e847201258f777?s=96&d=mm&r=g","url":"https:\/\/secure.gravatar.com\/avatar\/a64364ea26392f9b4dd47e017ddaec74ff03aefc073b49e492e847201258f777?s=96&d=mm&r=g","contentUrl":"https:\/\/secure.gravatar.com\/avatar\/a64364ea26392f9b4dd47e017ddaec74ff03aefc073b49e492e847201258f777?s=96&d=mm&r=g","caption":"Bati-journal"},"url":"https:\/\/batijournal.com\/index.php\/author\/elodie\/"}]}},"_links":{"self":[{"href":"https:\/\/batijournal.com\/index.php\/wp-json\/wp\/v2\/posts\/76380","targetHints":{"allow":["GET"]}}],"collection":[{"href":"https:\/\/batijournal.com\/index.php\/wp-json\/wp\/v2\/posts"}],"about":[{"href":"https:\/\/batijournal.com\/index.php\/wp-json\/wp\/v2\/types\/post"}],"author":[{"embeddable":true,"href":"https:\/\/batijournal.com\/index.php\/wp-json\/wp\/v2\/users\/1"}],"replies":[{"embeddable":true,"href":"https:\/\/batijournal.com\/index.php\/wp-json\/wp\/v2\/comments?post=76380"}],"version-history":[{"count":0,"href":"https:\/\/batijournal.com\/index.php\/wp-json\/wp\/v2\/posts\/76380\/revisions"}],"wp:attachment":[{"href":"https:\/\/batijournal.com\/index.php\/wp-json\/wp\/v2\/media?parent=76380"}],"wp:term":[{"taxonomy":"category","embeddable":true,"href":"https:\/\/batijournal.com\/index.php\/wp-json\/wp\/v2\/categories?post=76380"},{"taxonomy":"post_tag","embeddable":true,"href":"https:\/\/batijournal.com\/index.php\/wp-json\/wp\/v2\/tags?post=76380"}],"curies":[{"name":"wp","href":"https:\/\/api.w.org\/{rel}","templated":true}]}}