{"id":76395,"date":"2011-06-08T00:00:00","date_gmt":"2011-06-07T22:00:00","guid":{"rendered":"http:\/\/b.bati-journal.com\/beau-succes-pour-le-festival-de-l%c2%92histoire-de-l%c2%92art-a-fontainebleau\/76395"},"modified":"2019-07-15T11:18:37","modified_gmt":"2019-07-15T09:18:37","slug":"beau-succes-pour-le-festival-de-l%c2%92histoire-de-l%c2%92art-a-fontainebleau","status":"publish","type":"post","link":"https:\/\/batijournal.com\/index.php\/beau-succes-pour-le-festival-de-l%c2%92histoire-de-l%c2%92art-a-fontainebleau\/76395\/","title":{"rendered":"Beau succ\u00e8s pour le Festival de l&rsquo;\u0092histoire de l\u0092&rsquo;art \u00e0 Fontainebleau"},"content":{"rendered":"<p>Grande premi\u00e8re europ\u00e9enne, le Festival de l\u0092&rsquo;histoire de l\u0092&rsquo;art a re\u00e7u, \u00e0 Fontainebleau, plus de 15000 visites en trois jours, les 27, 28 et 29 mai 2011. Cette premi\u00e8re \u00e9dition organis\u00e9e par l\u0092&rsquo;Institut national d\u0092&rsquo;histoire de l\u0092&rsquo;art (INHA) et le ch\u00e2teau de Fontainebleau, a permis la rencontre du grand public et des acteurs de cette discipline : universitaires, conservateurs du patrimoine, enseignants, \u00e9diteurs et libraires, diffuseurs, collectionneurs, galeristes, acteurs du tourisme culturel mais aussi autres intervenants du march\u00e9 de l\u0092&rsquo;art&#8230; Trois ans apr\u00e8s l&rsquo;introduction d&rsquo;un enseignement d&rsquo;histoire des arts g\u00e9n\u00e9ralis\u00e9 \u00e0 toute la scolarit\u00e9, une universit\u00e9 de printemps destin\u00e9e aux cadres de l\u0092&rsquo;\u00c9ducation nationale et aux enseignants a aussi marqu\u00e9 une \u00e9tape fructueuse du dialogue entre le monde scolaire et la communaut\u00e9 scientifique. Sur le th\u00e8me de la folie et avec l&rsquo;\u0092Italie comme pays invit\u00e9 d&rsquo;\u0092honneur, plus d&rsquo;une centaine d&rsquo;\u0092\u00e9v\u00e9nements en acc\u00e8s libre et gratuit \u0096 conf\u00e9rences et tables rondes, concerts, expositions, parcours d\u00e9couverte en Seine-et-Marne \u0096 a permis de conjuguer savoirs et plaisirs, r\u00e9flexions et \u00e9motions. Le prochain rendez-vous est fix\u00e9 au printemps 2012, sur le th\u00e8me des voyages. L&rsquo;\u0092Allemagne sera le pays invit\u00e9.<\/p>\n","protected":false},"excerpt":{"rendered":"<p>Grande premi\u00e8re europ\u00e9enne, le Festival de l\u0092&rsquo;histoire de l\u0092&rsquo;art a re\u00e7u, \u00e0 Fontainebleau, plus de 15000 visites en trois jours, les 27, 28 et 29 mai 2011. Cette premi\u00e8re \u00e9dition organis\u00e9e par l\u0092&rsquo;Institut national d\u0092&rsquo;histoire de l\u0092&rsquo;art (INHA) et le ch\u00e2teau de Fontainebleau, a permis la rencontre du grand public et des acteurs de cette [&hellip;]<\/p>\n","protected":false},"author":1,"featured_media":0,"comment_status":"open","ping_status":"closed","sticky":false,"template":"","format":"standard","meta":{"_et_pb_use_builder":"","_et_pb_old_content":"","_et_gb_content_width":"","footnotes":""},"categories":[6340],"tags":[8405,8300],"class_list":["post-76395","post","type-post","status-publish","format-standard","hentry","category-architecture-conception","tag-festival-de-lhistoire-de-lart","tag-fontainebleau"],"yoast_head":"<!-- This site is optimized with the Yoast SEO plugin v27.4 - https:\/\/yoast.com\/product\/yoast-seo-wordpress\/ -->\n<title>Beau succ\u00e8s pour le Festival de l&#039;\u0092histoire de l\u0092&#039;art \u00e0 Fontainebleau<\/title>\n<meta name=\"robots\" content=\"index, follow, max-snippet:-1, max-image-preview:large, max-video-preview:-1\" \/>\n<link rel=\"canonical\" href=\"https:\/\/batijournal.com\/index.php\/beau-succes-pour-le-festival-de-l\u0092histoire-de-l\u0092art-a-fontainebleau\/76395\/\" \/>\n<meta property=\"og:locale\" content=\"fr_FR\" \/>\n<meta property=\"og:type\" content=\"article\" \/>\n<meta property=\"og:title\" content=\"Beau succ\u00e8s pour le Festival de l&#039;\u0092histoire de l\u0092&#039;art \u00e0 Fontainebleau\" \/>\n<meta property=\"og:description\" content=\"Grande premi\u00e8re europ\u00e9enne, le Festival de l\u0092&rsquo;histoire de l\u0092&rsquo;art a re\u00e7u, \u00e0 Fontainebleau, plus de 15000 visites en trois jours, les 27, 28 et 29 mai 2011. Cette premi\u00e8re \u00e9dition organis\u00e9e par l\u0092&rsquo;Institut national d\u0092&rsquo;histoire de l\u0092&rsquo;art (INHA) et le ch\u00e2teau de Fontainebleau, a permis la rencontre du grand public et des acteurs de cette [&hellip;]\" \/>\n<meta property=\"og:url\" content=\"https:\/\/batijournal.com\/index.php\/beau-succes-pour-le-festival-de-l\u0092histoire-de-l\u0092art-a-fontainebleau\/76395\/\" \/>\n<meta property=\"og:site_name\" content=\"Batijournal\" \/>\n<meta property=\"article:published_time\" content=\"2011-06-07T22:00:00+00:00\" \/>\n<meta property=\"article:modified_time\" content=\"2019-07-15T09:18:37+00:00\" \/>\n<meta name=\"author\" content=\"Bati-journal\" \/>\n<meta name=\"twitter:card\" content=\"summary_large_image\" \/>\n<meta name=\"twitter:creator\" content=\"@bati_journal\" \/>\n<meta name=\"twitter:site\" content=\"@bati_journal\" \/>\n<meta name=\"twitter:label1\" content=\"\u00c9crit par\" \/>\n\t<meta name=\"twitter:data1\" content=\"Bati-journal\" \/>\n\t<meta name=\"twitter:label2\" content=\"Dur\u00e9e de lecture estim\u00e9e\" \/>\n\t<meta name=\"twitter:data2\" content=\"1 minute\" \/>\n<script type=\"application\/ld+json\" class=\"yoast-schema-graph\">{\"@context\":\"https:\\\/\\\/schema.org\",\"@graph\":[{\"@type\":\"Article\",\"@id\":\"https:\\\/\\\/batijournal.com\\\/index.php\\\/beau-succes-pour-le-festival-de-l%c2%92histoire-de-l%c2%92art-a-fontainebleau\\\/76395\\\/#article\",\"isPartOf\":{\"@id\":\"https:\\\/\\\/batijournal.com\\\/index.php\\\/beau-succes-pour-le-festival-de-l%c2%92histoire-de-l%c2%92art-a-fontainebleau\\\/76395\\\/\"},\"author\":{\"name\":\"Bati-journal\",\"@id\":\"https:\\\/\\\/batijournal.com\\\/#\\\/schema\\\/person\\\/6a657e8967569e1b299972574848aa76\"},\"headline\":\"Beau succ\u00e8s pour le Festival de l&rsquo;\u0092histoire de l\u0092&rsquo;art \u00e0 Fontainebleau\",\"datePublished\":\"2011-06-07T22:00:00+00:00\",\"dateModified\":\"2019-07-15T09:18:37+00:00\",\"mainEntityOfPage\":{\"@id\":\"https:\\\/\\\/batijournal.com\\\/index.php\\\/beau-succes-pour-le-festival-de-l%c2%92histoire-de-l%c2%92art-a-fontainebleau\\\/76395\\\/\"},\"wordCount\":219,\"commentCount\":0,\"keywords\":[\"festival de lhistoire de lart\",\"fontainebleau\"],\"articleSection\":[\"Architecture &amp; Conception\"],\"inLanguage\":\"fr-FR\",\"potentialAction\":[{\"@type\":\"CommentAction\",\"name\":\"Comment\",\"target\":[\"https:\\\/\\\/batijournal.com\\\/index.php\\\/beau-succes-pour-le-festival-de-l%c2%92histoire-de-l%c2%92art-a-fontainebleau\\\/76395\\\/#respond\"]}]},{\"@type\":\"WebPage\",\"@id\":\"https:\\\/\\\/batijournal.com\\\/index.php\\\/beau-succes-pour-le-festival-de-l%c2%92histoire-de-l%c2%92art-a-fontainebleau\\\/76395\\\/\",\"url\":\"https:\\\/\\\/batijournal.com\\\/index.php\\\/beau-succes-pour-le-festival-de-l%c2%92histoire-de-l%c2%92art-a-fontainebleau\\\/76395\\\/\",\"name\":\"Beau succ\u00e8s pour le Festival de l'\u0092histoire de l\u0092'art \u00e0 Fontainebleau\",\"isPartOf\":{\"@id\":\"https:\\\/\\\/batijournal.com\\\/#website\"},\"datePublished\":\"2011-06-07T22:00:00+00:00\",\"dateModified\":\"2019-07-15T09:18:37+00:00\",\"author\":{\"@id\":\"https:\\\/\\\/batijournal.com\\\/#\\\/schema\\\/person\\\/6a657e8967569e1b299972574848aa76\"},\"breadcrumb\":{\"@id\":\"https:\\\/\\\/batijournal.com\\\/index.php\\\/beau-succes-pour-le-festival-de-l%c2%92histoire-de-l%c2%92art-a-fontainebleau\\\/76395\\\/#breadcrumb\"},\"inLanguage\":\"fr-FR\",\"potentialAction\":[{\"@type\":\"ReadAction\",\"target\":[\"https:\\\/\\\/batijournal.com\\\/index.php\\\/beau-succes-pour-le-festival-de-l%c2%92histoire-de-l%c2%92art-a-fontainebleau\\\/76395\\\/\"]}]},{\"@type\":\"BreadcrumbList\",\"@id\":\"https:\\\/\\\/batijournal.com\\\/index.php\\\/beau-succes-pour-le-festival-de-l%c2%92histoire-de-l%c2%92art-a-fontainebleau\\\/76395\\\/#breadcrumb\",\"itemListElement\":[{\"@type\":\"ListItem\",\"position\":1,\"name\":\"Accueil\",\"item\":\"https:\\\/\\\/batijournal.com\\\/\"},{\"@type\":\"ListItem\",\"position\":2,\"name\":\"Actualit\u00e9s\",\"item\":\"https:\\\/\\\/batijournal.com\\\/index.php\\\/category\\\/actualites\\\/\"},{\"@type\":\"ListItem\",\"position\":3,\"name\":\"Architecture &amp; Conception\",\"item\":\"https:\\\/\\\/batijournal.com\\\/index.php\\\/category\\\/actualites\\\/architecture-conception\\\/\"},{\"@type\":\"ListItem\",\"position\":4,\"name\":\"Beau succ\u00e8s pour le Festival de l&rsquo;\u0092histoire de l\u0092&rsquo;art \u00e0 Fontainebleau\"}]},{\"@type\":\"WebSite\",\"@id\":\"https:\\\/\\\/batijournal.com\\\/#website\",\"url\":\"https:\\\/\\\/batijournal.com\\\/\",\"name\":\"Batijournal\",\"description\":\"L&#039;actualit\u00e9 du b\u00e2timent\",\"potentialAction\":[{\"@type\":\"SearchAction\",\"target\":{\"@type\":\"EntryPoint\",\"urlTemplate\":\"https:\\\/\\\/batijournal.com\\\/?s={search_term_string}\"},\"query-input\":{\"@type\":\"PropertyValueSpecification\",\"valueRequired\":true,\"valueName\":\"search_term_string\"}}],\"inLanguage\":\"fr-FR\"},{\"@type\":\"Person\",\"@id\":\"https:\\\/\\\/batijournal.com\\\/#\\\/schema\\\/person\\\/6a657e8967569e1b299972574848aa76\",\"name\":\"Bati-journal\",\"image\":{\"@type\":\"ImageObject\",\"inLanguage\":\"fr-FR\",\"@id\":\"https:\\\/\\\/secure.gravatar.com\\\/avatar\\\/a64364ea26392f9b4dd47e017ddaec74ff03aefc073b49e492e847201258f777?s=96&d=mm&r=g\",\"url\":\"https:\\\/\\\/secure.gravatar.com\\\/avatar\\\/a64364ea26392f9b4dd47e017ddaec74ff03aefc073b49e492e847201258f777?s=96&d=mm&r=g\",\"contentUrl\":\"https:\\\/\\\/secure.gravatar.com\\\/avatar\\\/a64364ea26392f9b4dd47e017ddaec74ff03aefc073b49e492e847201258f777?s=96&d=mm&r=g\",\"caption\":\"Bati-journal\"},\"url\":\"https:\\\/\\\/batijournal.com\\\/index.php\\\/author\\\/elodie\\\/\"}]}<\/script>\n<!-- \/ Yoast SEO plugin. -->","yoast_head_json":{"title":"Beau succ\u00e8s pour le Festival de l'\u0092histoire de l\u0092'art \u00e0 Fontainebleau","robots":{"index":"index","follow":"follow","max-snippet":"max-snippet:-1","max-image-preview":"max-image-preview:large","max-video-preview":"max-video-preview:-1"},"canonical":"https:\/\/batijournal.com\/index.php\/beau-succes-pour-le-festival-de-l\u0092histoire-de-l\u0092art-a-fontainebleau\/76395\/","og_locale":"fr_FR","og_type":"article","og_title":"Beau succ\u00e8s pour le Festival de l'\u0092histoire de l\u0092'art \u00e0 Fontainebleau","og_description":"Grande premi\u00e8re europ\u00e9enne, le Festival de l\u0092&rsquo;histoire de l\u0092&rsquo;art a re\u00e7u, \u00e0 Fontainebleau, plus de 15000 visites en trois jours, les 27, 28 et 29 mai 2011. Cette premi\u00e8re \u00e9dition organis\u00e9e par l\u0092&rsquo;Institut national d\u0092&rsquo;histoire de l\u0092&rsquo;art (INHA) et le ch\u00e2teau de Fontainebleau, a permis la rencontre du grand public et des acteurs de cette [&hellip;]","og_url":"https:\/\/batijournal.com\/index.php\/beau-succes-pour-le-festival-de-l\u0092histoire-de-l\u0092art-a-fontainebleau\/76395\/","og_site_name":"Batijournal","article_published_time":"2011-06-07T22:00:00+00:00","article_modified_time":"2019-07-15T09:18:37+00:00","author":"Bati-journal","twitter_card":"summary_large_image","twitter_creator":"@bati_journal","twitter_site":"@bati_journal","twitter_misc":{"\u00c9crit par":"Bati-journal","Dur\u00e9e de lecture estim\u00e9e":"1 minute"},"schema":{"@context":"https:\/\/schema.org","@graph":[{"@type":"Article","@id":"https:\/\/batijournal.com\/index.php\/beau-succes-pour-le-festival-de-l%c2%92histoire-de-l%c2%92art-a-fontainebleau\/76395\/#article","isPartOf":{"@id":"https:\/\/batijournal.com\/index.php\/beau-succes-pour-le-festival-de-l%c2%92histoire-de-l%c2%92art-a-fontainebleau\/76395\/"},"author":{"name":"Bati-journal","@id":"https:\/\/batijournal.com\/#\/schema\/person\/6a657e8967569e1b299972574848aa76"},"headline":"Beau succ\u00e8s pour le Festival de l&rsquo;\u0092histoire de l\u0092&rsquo;art \u00e0 Fontainebleau","datePublished":"2011-06-07T22:00:00+00:00","dateModified":"2019-07-15T09:18:37+00:00","mainEntityOfPage":{"@id":"https:\/\/batijournal.com\/index.php\/beau-succes-pour-le-festival-de-l%c2%92histoire-de-l%c2%92art-a-fontainebleau\/76395\/"},"wordCount":219,"commentCount":0,"keywords":["festival de lhistoire de lart","fontainebleau"],"articleSection":["Architecture &amp; Conception"],"inLanguage":"fr-FR","potentialAction":[{"@type":"CommentAction","name":"Comment","target":["https:\/\/batijournal.com\/index.php\/beau-succes-pour-le-festival-de-l%c2%92histoire-de-l%c2%92art-a-fontainebleau\/76395\/#respond"]}]},{"@type":"WebPage","@id":"https:\/\/batijournal.com\/index.php\/beau-succes-pour-le-festival-de-l%c2%92histoire-de-l%c2%92art-a-fontainebleau\/76395\/","url":"https:\/\/batijournal.com\/index.php\/beau-succes-pour-le-festival-de-l%c2%92histoire-de-l%c2%92art-a-fontainebleau\/76395\/","name":"Beau succ\u00e8s pour le Festival de l'\u0092histoire de l\u0092'art \u00e0 Fontainebleau","isPartOf":{"@id":"https:\/\/batijournal.com\/#website"},"datePublished":"2011-06-07T22:00:00+00:00","dateModified":"2019-07-15T09:18:37+00:00","author":{"@id":"https:\/\/batijournal.com\/#\/schema\/person\/6a657e8967569e1b299972574848aa76"},"breadcrumb":{"@id":"https:\/\/batijournal.com\/index.php\/beau-succes-pour-le-festival-de-l%c2%92histoire-de-l%c2%92art-a-fontainebleau\/76395\/#breadcrumb"},"inLanguage":"fr-FR","potentialAction":[{"@type":"ReadAction","target":["https:\/\/batijournal.com\/index.php\/beau-succes-pour-le-festival-de-l%c2%92histoire-de-l%c2%92art-a-fontainebleau\/76395\/"]}]},{"@type":"BreadcrumbList","@id":"https:\/\/batijournal.com\/index.php\/beau-succes-pour-le-festival-de-l%c2%92histoire-de-l%c2%92art-a-fontainebleau\/76395\/#breadcrumb","itemListElement":[{"@type":"ListItem","position":1,"name":"Accueil","item":"https:\/\/batijournal.com\/"},{"@type":"ListItem","position":2,"name":"Actualit\u00e9s","item":"https:\/\/batijournal.com\/index.php\/category\/actualites\/"},{"@type":"ListItem","position":3,"name":"Architecture &amp; Conception","item":"https:\/\/batijournal.com\/index.php\/category\/actualites\/architecture-conception\/"},{"@type":"ListItem","position":4,"name":"Beau succ\u00e8s pour le Festival de l&rsquo;\u0092histoire de l\u0092&rsquo;art \u00e0 Fontainebleau"}]},{"@type":"WebSite","@id":"https:\/\/batijournal.com\/#website","url":"https:\/\/batijournal.com\/","name":"Batijournal","description":"L&#039;actualit\u00e9 du b\u00e2timent","potentialAction":[{"@type":"SearchAction","target":{"@type":"EntryPoint","urlTemplate":"https:\/\/batijournal.com\/?s={search_term_string}"},"query-input":{"@type":"PropertyValueSpecification","valueRequired":true,"valueName":"search_term_string"}}],"inLanguage":"fr-FR"},{"@type":"Person","@id":"https:\/\/batijournal.com\/#\/schema\/person\/6a657e8967569e1b299972574848aa76","name":"Bati-journal","image":{"@type":"ImageObject","inLanguage":"fr-FR","@id":"https:\/\/secure.gravatar.com\/avatar\/a64364ea26392f9b4dd47e017ddaec74ff03aefc073b49e492e847201258f777?s=96&d=mm&r=g","url":"https:\/\/secure.gravatar.com\/avatar\/a64364ea26392f9b4dd47e017ddaec74ff03aefc073b49e492e847201258f777?s=96&d=mm&r=g","contentUrl":"https:\/\/secure.gravatar.com\/avatar\/a64364ea26392f9b4dd47e017ddaec74ff03aefc073b49e492e847201258f777?s=96&d=mm&r=g","caption":"Bati-journal"},"url":"https:\/\/batijournal.com\/index.php\/author\/elodie\/"}]}},"_links":{"self":[{"href":"https:\/\/batijournal.com\/index.php\/wp-json\/wp\/v2\/posts\/76395","targetHints":{"allow":["GET"]}}],"collection":[{"href":"https:\/\/batijournal.com\/index.php\/wp-json\/wp\/v2\/posts"}],"about":[{"href":"https:\/\/batijournal.com\/index.php\/wp-json\/wp\/v2\/types\/post"}],"author":[{"embeddable":true,"href":"https:\/\/batijournal.com\/index.php\/wp-json\/wp\/v2\/users\/1"}],"replies":[{"embeddable":true,"href":"https:\/\/batijournal.com\/index.php\/wp-json\/wp\/v2\/comments?post=76395"}],"version-history":[{"count":0,"href":"https:\/\/batijournal.com\/index.php\/wp-json\/wp\/v2\/posts\/76395\/revisions"}],"wp:attachment":[{"href":"https:\/\/batijournal.com\/index.php\/wp-json\/wp\/v2\/media?parent=76395"}],"wp:term":[{"taxonomy":"category","embeddable":true,"href":"https:\/\/batijournal.com\/index.php\/wp-json\/wp\/v2\/categories?post=76395"},{"taxonomy":"post_tag","embeddable":true,"href":"https:\/\/batijournal.com\/index.php\/wp-json\/wp\/v2\/tags?post=76395"}],"curies":[{"name":"wp","href":"https:\/\/api.w.org\/{rel}","templated":true}]}}