{"id":76396,"date":"2011-06-08T00:00:00","date_gmt":"2011-06-07T22:00:00","guid":{"rendered":"http:\/\/b.bati-journal.com\/frederic-mitterrand-souhaite-un-grand-paris-de-la-culture\/76396"},"modified":"2019-07-15T11:18:38","modified_gmt":"2019-07-15T09:18:38","slug":"frederic-mitterrand-souhaite-un-grand-paris-de-la-culture","status":"publish","type":"post","link":"https:\/\/batijournal.com\/index.php\/frederic-mitterrand-souhaite-un-grand-paris-de-la-culture\/76396\/","title":{"rendered":"Fr\u00e9d\u00e9ric Mitterrand souhaite un Grand Paris de la culture"},"content":{"rendered":"<p>Fr\u00e9d\u00e9ric Mitterrand, ministre de la culture et de la communication, a re\u00e7u longuement les architectes du Grand Paris. Cette rencontre, qui s&rsquo;\u0092est d\u00e9roul\u00e9e en pr\u00e9sence de Daniel Can\u00e9pa, Pr\u00e9fet de la r\u00e9gion Ile-de-France et Pr\u00e9fet de Paris, avait pour objet de d\u00e9battre des enjeux culturels du Grand Paris. Au moment o\u00f9 une nouvelle \u00e9tape s&rsquo;\u0092ouvre avec l\u0092&rsquo;entr\u00e9e dans l&rsquo;\u0092Atelier international du Grand Paris de la ville de Paris, de la r\u00e9gion Ile-de-France, de Paris m\u00e9tropole et de l&rsquo;\u0092association des maires d&rsquo;\u0092Ile-de-France, le Ministre a tenu \u00e0 souligner l&rsquo;\u0092identit\u00e9 fondamentalement culturelle de la construction du Grand Paris. Il a encourag\u00e9 les architectes, au sein de l\u0092&rsquo;Atelier international, \u00e0 enrichir leur proposition d&rsquo;\u0092une contribution culturelle permettant de renforcer le potentiel d\u0092&rsquo;attractivit\u00e9 des territoires de l\u0092&rsquo;aire m\u00e9tropolitaine. Fr\u00e9d\u00e9ric Mitterrand a notamment souhait\u00e9 que le 1% artistique et les contrats de d\u00e9veloppement territorial deviennent des outils de l\u0092&rsquo;\u00e9mergence de nouveaux lieux et de pratiques culturelles au travers d&rsquo;un 1% culturel permettant la r\u00e9unification d\u0092un Grand Paris partag\u00e9.<\/p>\n","protected":false},"excerpt":{"rendered":"<p>Fr\u00e9d\u00e9ric Mitterrand, ministre de la culture et de la communication, a re\u00e7u longuement les architectes du Grand Paris. Cette rencontre, qui s&rsquo;\u0092est d\u00e9roul\u00e9e en pr\u00e9sence de Daniel Can\u00e9pa, Pr\u00e9fet de la r\u00e9gion Ile-de-France et Pr\u00e9fet de Paris, avait pour objet de d\u00e9battre des enjeux culturels du Grand Paris. Au moment o\u00f9 une nouvelle \u00e9tape s&rsquo;\u0092ouvre [&hellip;]<\/p>\n","protected":false},"author":1,"featured_media":0,"comment_status":"open","ping_status":"closed","sticky":false,"template":"","format":"standard","meta":{"_et_pb_use_builder":"","_et_pb_old_content":"","_et_gb_content_width":"","footnotes":""},"categories":[6340],"tags":[4922],"class_list":["post-76396","post","type-post","status-publish","format-standard","hentry","category-architecture-conception","tag-grand-paris"],"yoast_head":"<!-- This site is optimized with the Yoast SEO plugin v27.4 - https:\/\/yoast.com\/product\/yoast-seo-wordpress\/ -->\n<title>Fr\u00e9d\u00e9ric Mitterrand souhaite un Grand Paris de la culture<\/title>\n<meta name=\"robots\" content=\"index, follow, max-snippet:-1, max-image-preview:large, max-video-preview:-1\" \/>\n<link rel=\"canonical\" href=\"https:\/\/batijournal.com\/index.php\/frederic-mitterrand-souhaite-un-grand-paris-de-la-culture\/76396\/\" \/>\n<meta property=\"og:locale\" content=\"fr_FR\" \/>\n<meta property=\"og:type\" content=\"article\" \/>\n<meta property=\"og:title\" content=\"Fr\u00e9d\u00e9ric Mitterrand souhaite un Grand Paris de la culture\" \/>\n<meta property=\"og:description\" content=\"Fr\u00e9d\u00e9ric Mitterrand, ministre de la culture et de la communication, a re\u00e7u longuement les architectes du Grand Paris. Cette rencontre, qui s&rsquo;\u0092est d\u00e9roul\u00e9e en pr\u00e9sence de Daniel Can\u00e9pa, Pr\u00e9fet de la r\u00e9gion Ile-de-France et Pr\u00e9fet de Paris, avait pour objet de d\u00e9battre des enjeux culturels du Grand Paris. Au moment o\u00f9 une nouvelle \u00e9tape s&rsquo;\u0092ouvre [&hellip;]\" \/>\n<meta property=\"og:url\" content=\"https:\/\/batijournal.com\/index.php\/frederic-mitterrand-souhaite-un-grand-paris-de-la-culture\/76396\/\" \/>\n<meta property=\"og:site_name\" content=\"Batijournal\" \/>\n<meta property=\"article:published_time\" content=\"2011-06-07T22:00:00+00:00\" \/>\n<meta property=\"article:modified_time\" content=\"2019-07-15T09:18:38+00:00\" \/>\n<meta name=\"author\" content=\"Bati-journal\" \/>\n<meta name=\"twitter:card\" content=\"summary_large_image\" \/>\n<meta name=\"twitter:creator\" content=\"@bati_journal\" \/>\n<meta name=\"twitter:site\" content=\"@bati_journal\" \/>\n<meta name=\"twitter:label1\" content=\"\u00c9crit par\" \/>\n\t<meta name=\"twitter:data1\" content=\"Bati-journal\" \/>\n\t<meta name=\"twitter:label2\" content=\"Dur\u00e9e de lecture estim\u00e9e\" \/>\n\t<meta name=\"twitter:data2\" content=\"1 minute\" \/>\n<script type=\"application\/ld+json\" class=\"yoast-schema-graph\">{\"@context\":\"https:\\\/\\\/schema.org\",\"@graph\":[{\"@type\":\"Article\",\"@id\":\"https:\\\/\\\/batijournal.com\\\/index.php\\\/frederic-mitterrand-souhaite-un-grand-paris-de-la-culture\\\/76396\\\/#article\",\"isPartOf\":{\"@id\":\"https:\\\/\\\/batijournal.com\\\/index.php\\\/frederic-mitterrand-souhaite-un-grand-paris-de-la-culture\\\/76396\\\/\"},\"author\":{\"name\":\"Bati-journal\",\"@id\":\"https:\\\/\\\/batijournal.com\\\/#\\\/schema\\\/person\\\/6a657e8967569e1b299972574848aa76\"},\"headline\":\"Fr\u00e9d\u00e9ric Mitterrand souhaite un Grand Paris de la culture\",\"datePublished\":\"2011-06-07T22:00:00+00:00\",\"dateModified\":\"2019-07-15T09:18:38+00:00\",\"mainEntityOfPage\":{\"@id\":\"https:\\\/\\\/batijournal.com\\\/index.php\\\/frederic-mitterrand-souhaite-un-grand-paris-de-la-culture\\\/76396\\\/\"},\"wordCount\":203,\"commentCount\":0,\"keywords\":[\"grand paris\"],\"articleSection\":[\"Architecture &amp; Conception\"],\"inLanguage\":\"fr-FR\",\"potentialAction\":[{\"@type\":\"CommentAction\",\"name\":\"Comment\",\"target\":[\"https:\\\/\\\/batijournal.com\\\/index.php\\\/frederic-mitterrand-souhaite-un-grand-paris-de-la-culture\\\/76396\\\/#respond\"]}]},{\"@type\":\"WebPage\",\"@id\":\"https:\\\/\\\/batijournal.com\\\/index.php\\\/frederic-mitterrand-souhaite-un-grand-paris-de-la-culture\\\/76396\\\/\",\"url\":\"https:\\\/\\\/batijournal.com\\\/index.php\\\/frederic-mitterrand-souhaite-un-grand-paris-de-la-culture\\\/76396\\\/\",\"name\":\"Fr\u00e9d\u00e9ric Mitterrand souhaite un Grand Paris de la culture\",\"isPartOf\":{\"@id\":\"https:\\\/\\\/batijournal.com\\\/#website\"},\"datePublished\":\"2011-06-07T22:00:00+00:00\",\"dateModified\":\"2019-07-15T09:18:38+00:00\",\"author\":{\"@id\":\"https:\\\/\\\/batijournal.com\\\/#\\\/schema\\\/person\\\/6a657e8967569e1b299972574848aa76\"},\"breadcrumb\":{\"@id\":\"https:\\\/\\\/batijournal.com\\\/index.php\\\/frederic-mitterrand-souhaite-un-grand-paris-de-la-culture\\\/76396\\\/#breadcrumb\"},\"inLanguage\":\"fr-FR\",\"potentialAction\":[{\"@type\":\"ReadAction\",\"target\":[\"https:\\\/\\\/batijournal.com\\\/index.php\\\/frederic-mitterrand-souhaite-un-grand-paris-de-la-culture\\\/76396\\\/\"]}]},{\"@type\":\"BreadcrumbList\",\"@id\":\"https:\\\/\\\/batijournal.com\\\/index.php\\\/frederic-mitterrand-souhaite-un-grand-paris-de-la-culture\\\/76396\\\/#breadcrumb\",\"itemListElement\":[{\"@type\":\"ListItem\",\"position\":1,\"name\":\"Accueil\",\"item\":\"https:\\\/\\\/batijournal.com\\\/\"},{\"@type\":\"ListItem\",\"position\":2,\"name\":\"Actualit\u00e9s\",\"item\":\"https:\\\/\\\/batijournal.com\\\/index.php\\\/category\\\/actualites\\\/\"},{\"@type\":\"ListItem\",\"position\":3,\"name\":\"Architecture &amp; Conception\",\"item\":\"https:\\\/\\\/batijournal.com\\\/index.php\\\/category\\\/actualites\\\/architecture-conception\\\/\"},{\"@type\":\"ListItem\",\"position\":4,\"name\":\"Fr\u00e9d\u00e9ric Mitterrand souhaite un Grand Paris de la culture\"}]},{\"@type\":\"WebSite\",\"@id\":\"https:\\\/\\\/batijournal.com\\\/#website\",\"url\":\"https:\\\/\\\/batijournal.com\\\/\",\"name\":\"Batijournal\",\"description\":\"L&#039;actualit\u00e9 du b\u00e2timent\",\"potentialAction\":[{\"@type\":\"SearchAction\",\"target\":{\"@type\":\"EntryPoint\",\"urlTemplate\":\"https:\\\/\\\/batijournal.com\\\/?s={search_term_string}\"},\"query-input\":{\"@type\":\"PropertyValueSpecification\",\"valueRequired\":true,\"valueName\":\"search_term_string\"}}],\"inLanguage\":\"fr-FR\"},{\"@type\":\"Person\",\"@id\":\"https:\\\/\\\/batijournal.com\\\/#\\\/schema\\\/person\\\/6a657e8967569e1b299972574848aa76\",\"name\":\"Bati-journal\",\"image\":{\"@type\":\"ImageObject\",\"inLanguage\":\"fr-FR\",\"@id\":\"https:\\\/\\\/secure.gravatar.com\\\/avatar\\\/a64364ea26392f9b4dd47e017ddaec74ff03aefc073b49e492e847201258f777?s=96&d=mm&r=g\",\"url\":\"https:\\\/\\\/secure.gravatar.com\\\/avatar\\\/a64364ea26392f9b4dd47e017ddaec74ff03aefc073b49e492e847201258f777?s=96&d=mm&r=g\",\"contentUrl\":\"https:\\\/\\\/secure.gravatar.com\\\/avatar\\\/a64364ea26392f9b4dd47e017ddaec74ff03aefc073b49e492e847201258f777?s=96&d=mm&r=g\",\"caption\":\"Bati-journal\"},\"url\":\"https:\\\/\\\/batijournal.com\\\/index.php\\\/author\\\/elodie\\\/\"}]}<\/script>\n<!-- \/ Yoast SEO plugin. -->","yoast_head_json":{"title":"Fr\u00e9d\u00e9ric Mitterrand souhaite un Grand Paris de la culture","robots":{"index":"index","follow":"follow","max-snippet":"max-snippet:-1","max-image-preview":"max-image-preview:large","max-video-preview":"max-video-preview:-1"},"canonical":"https:\/\/batijournal.com\/index.php\/frederic-mitterrand-souhaite-un-grand-paris-de-la-culture\/76396\/","og_locale":"fr_FR","og_type":"article","og_title":"Fr\u00e9d\u00e9ric Mitterrand souhaite un Grand Paris de la culture","og_description":"Fr\u00e9d\u00e9ric Mitterrand, ministre de la culture et de la communication, a re\u00e7u longuement les architectes du Grand Paris. Cette rencontre, qui s&rsquo;\u0092est d\u00e9roul\u00e9e en pr\u00e9sence de Daniel Can\u00e9pa, Pr\u00e9fet de la r\u00e9gion Ile-de-France et Pr\u00e9fet de Paris, avait pour objet de d\u00e9battre des enjeux culturels du Grand Paris. Au moment o\u00f9 une nouvelle \u00e9tape s&rsquo;\u0092ouvre [&hellip;]","og_url":"https:\/\/batijournal.com\/index.php\/frederic-mitterrand-souhaite-un-grand-paris-de-la-culture\/76396\/","og_site_name":"Batijournal","article_published_time":"2011-06-07T22:00:00+00:00","article_modified_time":"2019-07-15T09:18:38+00:00","author":"Bati-journal","twitter_card":"summary_large_image","twitter_creator":"@bati_journal","twitter_site":"@bati_journal","twitter_misc":{"\u00c9crit par":"Bati-journal","Dur\u00e9e de lecture estim\u00e9e":"1 minute"},"schema":{"@context":"https:\/\/schema.org","@graph":[{"@type":"Article","@id":"https:\/\/batijournal.com\/index.php\/frederic-mitterrand-souhaite-un-grand-paris-de-la-culture\/76396\/#article","isPartOf":{"@id":"https:\/\/batijournal.com\/index.php\/frederic-mitterrand-souhaite-un-grand-paris-de-la-culture\/76396\/"},"author":{"name":"Bati-journal","@id":"https:\/\/batijournal.com\/#\/schema\/person\/6a657e8967569e1b299972574848aa76"},"headline":"Fr\u00e9d\u00e9ric Mitterrand souhaite un Grand Paris de la culture","datePublished":"2011-06-07T22:00:00+00:00","dateModified":"2019-07-15T09:18:38+00:00","mainEntityOfPage":{"@id":"https:\/\/batijournal.com\/index.php\/frederic-mitterrand-souhaite-un-grand-paris-de-la-culture\/76396\/"},"wordCount":203,"commentCount":0,"keywords":["grand paris"],"articleSection":["Architecture &amp; Conception"],"inLanguage":"fr-FR","potentialAction":[{"@type":"CommentAction","name":"Comment","target":["https:\/\/batijournal.com\/index.php\/frederic-mitterrand-souhaite-un-grand-paris-de-la-culture\/76396\/#respond"]}]},{"@type":"WebPage","@id":"https:\/\/batijournal.com\/index.php\/frederic-mitterrand-souhaite-un-grand-paris-de-la-culture\/76396\/","url":"https:\/\/batijournal.com\/index.php\/frederic-mitterrand-souhaite-un-grand-paris-de-la-culture\/76396\/","name":"Fr\u00e9d\u00e9ric Mitterrand souhaite un Grand Paris de la culture","isPartOf":{"@id":"https:\/\/batijournal.com\/#website"},"datePublished":"2011-06-07T22:00:00+00:00","dateModified":"2019-07-15T09:18:38+00:00","author":{"@id":"https:\/\/batijournal.com\/#\/schema\/person\/6a657e8967569e1b299972574848aa76"},"breadcrumb":{"@id":"https:\/\/batijournal.com\/index.php\/frederic-mitterrand-souhaite-un-grand-paris-de-la-culture\/76396\/#breadcrumb"},"inLanguage":"fr-FR","potentialAction":[{"@type":"ReadAction","target":["https:\/\/batijournal.com\/index.php\/frederic-mitterrand-souhaite-un-grand-paris-de-la-culture\/76396\/"]}]},{"@type":"BreadcrumbList","@id":"https:\/\/batijournal.com\/index.php\/frederic-mitterrand-souhaite-un-grand-paris-de-la-culture\/76396\/#breadcrumb","itemListElement":[{"@type":"ListItem","position":1,"name":"Accueil","item":"https:\/\/batijournal.com\/"},{"@type":"ListItem","position":2,"name":"Actualit\u00e9s","item":"https:\/\/batijournal.com\/index.php\/category\/actualites\/"},{"@type":"ListItem","position":3,"name":"Architecture &amp; Conception","item":"https:\/\/batijournal.com\/index.php\/category\/actualites\/architecture-conception\/"},{"@type":"ListItem","position":4,"name":"Fr\u00e9d\u00e9ric Mitterrand souhaite un Grand Paris de la culture"}]},{"@type":"WebSite","@id":"https:\/\/batijournal.com\/#website","url":"https:\/\/batijournal.com\/","name":"Batijournal","description":"L&#039;actualit\u00e9 du b\u00e2timent","potentialAction":[{"@type":"SearchAction","target":{"@type":"EntryPoint","urlTemplate":"https:\/\/batijournal.com\/?s={search_term_string}"},"query-input":{"@type":"PropertyValueSpecification","valueRequired":true,"valueName":"search_term_string"}}],"inLanguage":"fr-FR"},{"@type":"Person","@id":"https:\/\/batijournal.com\/#\/schema\/person\/6a657e8967569e1b299972574848aa76","name":"Bati-journal","image":{"@type":"ImageObject","inLanguage":"fr-FR","@id":"https:\/\/secure.gravatar.com\/avatar\/a64364ea26392f9b4dd47e017ddaec74ff03aefc073b49e492e847201258f777?s=96&d=mm&r=g","url":"https:\/\/secure.gravatar.com\/avatar\/a64364ea26392f9b4dd47e017ddaec74ff03aefc073b49e492e847201258f777?s=96&d=mm&r=g","contentUrl":"https:\/\/secure.gravatar.com\/avatar\/a64364ea26392f9b4dd47e017ddaec74ff03aefc073b49e492e847201258f777?s=96&d=mm&r=g","caption":"Bati-journal"},"url":"https:\/\/batijournal.com\/index.php\/author\/elodie\/"}]}},"_links":{"self":[{"href":"https:\/\/batijournal.com\/index.php\/wp-json\/wp\/v2\/posts\/76396","targetHints":{"allow":["GET"]}}],"collection":[{"href":"https:\/\/batijournal.com\/index.php\/wp-json\/wp\/v2\/posts"}],"about":[{"href":"https:\/\/batijournal.com\/index.php\/wp-json\/wp\/v2\/types\/post"}],"author":[{"embeddable":true,"href":"https:\/\/batijournal.com\/index.php\/wp-json\/wp\/v2\/users\/1"}],"replies":[{"embeddable":true,"href":"https:\/\/batijournal.com\/index.php\/wp-json\/wp\/v2\/comments?post=76396"}],"version-history":[{"count":0,"href":"https:\/\/batijournal.com\/index.php\/wp-json\/wp\/v2\/posts\/76396\/revisions"}],"wp:attachment":[{"href":"https:\/\/batijournal.com\/index.php\/wp-json\/wp\/v2\/media?parent=76396"}],"wp:term":[{"taxonomy":"category","embeddable":true,"href":"https:\/\/batijournal.com\/index.php\/wp-json\/wp\/v2\/categories?post=76396"},{"taxonomy":"post_tag","embeddable":true,"href":"https:\/\/batijournal.com\/index.php\/wp-json\/wp\/v2\/tags?post=76396"}],"curies":[{"name":"wp","href":"https:\/\/api.w.org\/{rel}","templated":true}]}}