{"id":76401,"date":"2011-06-15T00:00:00","date_gmt":"2011-06-14T22:00:00","guid":{"rendered":"http:\/\/b.bati-journal.com\/mecenat-exceptionnel-pour-la-cathedrale-dalbi\/76401"},"modified":"2019-07-15T11:18:37","modified_gmt":"2019-07-15T09:18:37","slug":"mecenat-exceptionnel-pour-la-cathedrale-dalbi","status":"publish","type":"post","link":"https:\/\/batijournal.com\/index.php\/mecenat-exceptionnel-pour-la-cathedrale-dalbi\/76401\/","title":{"rendered":"M\u00e9c\u00e9nat exceptionnel pour la cath\u00e9drale d&rsquo;Albi"},"content":{"rendered":"<p>Fr\u00e9d\u00e9ric Mitterrand se f\u00e9licite de la d\u00e9cision du World Monuments Fund Europe de s&rsquo;engager aux c\u00f4t\u00e9s de l&rsquo;Etat pour la restauration de la cl\u00f4ture du choeur de la cath\u00e9drale Sainte-C\u00e9cile d&rsquo;Albi. Cette nouvelle initiative du World Monuments Fund Europe va permettre de lancer d\u00e8s 2011 les \u00e9tudes de diagnostic n\u00e9cessaires pour entreprendre la restauration, en 2012, de cet ensemble unique de d\u00e9cors de pierre sculpt\u00e9s et peints, notamment la suite remarquable des statues d&rsquo;\u0092anges musiciens encadr\u00e9es de panneaux peints polychromes. Cette op\u00e9ration de m\u00e9c\u00e9nat exceptionnelle, sous le contr\u00f4le scientifique et technique des services en charge des Monuments historiques, s&rsquo;inscrit en compl\u00e9ment des \u00e9tudes et travaux conduits, depuis quinze ans, par le minist\u00e8re de la Culture et de la communication afin de valoriser les d\u00e9cors peints de la nef de la cath\u00e9drale. Le ministre salue cette initiative exemplaire qui confirme l\u0092&rsquo;importance du m\u00e9c\u00e9nat pour la sauvegarde du patrimoine fran\u00e7ais et remercie le World Monuments Fund Europe qui, une nouvelle fois, a choisi d&rsquo;intervenir en faveur de l&rsquo;un des fleurons du patrimoine fran\u00e7ais.<\/p>\n","protected":false},"excerpt":{"rendered":"<p>Fr\u00e9d\u00e9ric Mitterrand se f\u00e9licite de la d\u00e9cision du World Monuments Fund Europe de s&rsquo;engager aux c\u00f4t\u00e9s de l&rsquo;Etat pour la restauration de la cl\u00f4ture du choeur de la cath\u00e9drale Sainte-C\u00e9cile d&rsquo;Albi. Cette nouvelle initiative du World Monuments Fund Europe va permettre de lancer d\u00e8s 2011 les \u00e9tudes de diagnostic n\u00e9cessaires pour entreprendre la restauration, en [&hellip;]<\/p>\n","protected":false},"author":1,"featured_media":0,"comment_status":"open","ping_status":"closed","sticky":false,"template":"","format":"standard","meta":{"_et_pb_use_builder":"","_et_pb_old_content":"","_et_gb_content_width":"","footnotes":""},"categories":[6340],"tags":[],"class_list":["post-76401","post","type-post","status-publish","format-standard","hentry","category-architecture-conception"],"yoast_head":"<!-- This site is optimized with the Yoast SEO plugin v27.4 - https:\/\/yoast.com\/product\/yoast-seo-wordpress\/ -->\n<title>M\u00e9c\u00e9nat exceptionnel pour la cath\u00e9drale d&#039;Albi<\/title>\n<meta name=\"robots\" content=\"index, follow, max-snippet:-1, max-image-preview:large, max-video-preview:-1\" \/>\n<link rel=\"canonical\" href=\"https:\/\/batijournal.com\/index.php\/mecenat-exceptionnel-pour-la-cathedrale-dalbi\/76401\/\" \/>\n<meta property=\"og:locale\" content=\"fr_FR\" \/>\n<meta property=\"og:type\" content=\"article\" \/>\n<meta property=\"og:title\" content=\"M\u00e9c\u00e9nat exceptionnel pour la cath\u00e9drale d&#039;Albi\" \/>\n<meta property=\"og:description\" content=\"Fr\u00e9d\u00e9ric Mitterrand se f\u00e9licite de la d\u00e9cision du World Monuments Fund Europe de s&rsquo;engager aux c\u00f4t\u00e9s de l&rsquo;Etat pour la restauration de la cl\u00f4ture du choeur de la cath\u00e9drale Sainte-C\u00e9cile d&rsquo;Albi. Cette nouvelle initiative du World Monuments Fund Europe va permettre de lancer d\u00e8s 2011 les \u00e9tudes de diagnostic n\u00e9cessaires pour entreprendre la restauration, en [&hellip;]\" \/>\n<meta property=\"og:url\" content=\"https:\/\/batijournal.com\/index.php\/mecenat-exceptionnel-pour-la-cathedrale-dalbi\/76401\/\" \/>\n<meta property=\"og:site_name\" content=\"Batijournal\" \/>\n<meta property=\"article:published_time\" content=\"2011-06-14T22:00:00+00:00\" \/>\n<meta property=\"article:modified_time\" content=\"2019-07-15T09:18:37+00:00\" \/>\n<meta name=\"author\" content=\"Bati-journal\" \/>\n<meta name=\"twitter:card\" content=\"summary_large_image\" \/>\n<meta name=\"twitter:creator\" content=\"@bati_journal\" \/>\n<meta name=\"twitter:site\" content=\"@bati_journal\" \/>\n<meta name=\"twitter:label1\" content=\"\u00c9crit par\" \/>\n\t<meta name=\"twitter:data1\" content=\"Bati-journal\" \/>\n\t<meta name=\"twitter:label2\" content=\"Dur\u00e9e de lecture estim\u00e9e\" \/>\n\t<meta name=\"twitter:data2\" content=\"1 minute\" \/>\n<script type=\"application\/ld+json\" class=\"yoast-schema-graph\">{\"@context\":\"https:\\\/\\\/schema.org\",\"@graph\":[{\"@type\":\"Article\",\"@id\":\"https:\\\/\\\/batijournal.com\\\/index.php\\\/mecenat-exceptionnel-pour-la-cathedrale-dalbi\\\/76401\\\/#article\",\"isPartOf\":{\"@id\":\"https:\\\/\\\/batijournal.com\\\/index.php\\\/mecenat-exceptionnel-pour-la-cathedrale-dalbi\\\/76401\\\/\"},\"author\":{\"name\":\"Bati-journal\",\"@id\":\"https:\\\/\\\/batijournal.com\\\/#\\\/schema\\\/person\\\/6a657e8967569e1b299972574848aa76\"},\"headline\":\"M\u00e9c\u00e9nat exceptionnel pour la cath\u00e9drale d&rsquo;Albi\",\"datePublished\":\"2011-06-14T22:00:00+00:00\",\"dateModified\":\"2019-07-15T09:18:37+00:00\",\"mainEntityOfPage\":{\"@id\":\"https:\\\/\\\/batijournal.com\\\/index.php\\\/mecenat-exceptionnel-pour-la-cathedrale-dalbi\\\/76401\\\/\"},\"wordCount\":213,\"commentCount\":0,\"articleSection\":[\"Architecture &amp; Conception\"],\"inLanguage\":\"fr-FR\",\"potentialAction\":[{\"@type\":\"CommentAction\",\"name\":\"Comment\",\"target\":[\"https:\\\/\\\/batijournal.com\\\/index.php\\\/mecenat-exceptionnel-pour-la-cathedrale-dalbi\\\/76401\\\/#respond\"]}]},{\"@type\":\"WebPage\",\"@id\":\"https:\\\/\\\/batijournal.com\\\/index.php\\\/mecenat-exceptionnel-pour-la-cathedrale-dalbi\\\/76401\\\/\",\"url\":\"https:\\\/\\\/batijournal.com\\\/index.php\\\/mecenat-exceptionnel-pour-la-cathedrale-dalbi\\\/76401\\\/\",\"name\":\"M\u00e9c\u00e9nat exceptionnel pour la cath\u00e9drale d'Albi\",\"isPartOf\":{\"@id\":\"https:\\\/\\\/batijournal.com\\\/#website\"},\"datePublished\":\"2011-06-14T22:00:00+00:00\",\"dateModified\":\"2019-07-15T09:18:37+00:00\",\"author\":{\"@id\":\"https:\\\/\\\/batijournal.com\\\/#\\\/schema\\\/person\\\/6a657e8967569e1b299972574848aa76\"},\"breadcrumb\":{\"@id\":\"https:\\\/\\\/batijournal.com\\\/index.php\\\/mecenat-exceptionnel-pour-la-cathedrale-dalbi\\\/76401\\\/#breadcrumb\"},\"inLanguage\":\"fr-FR\",\"potentialAction\":[{\"@type\":\"ReadAction\",\"target\":[\"https:\\\/\\\/batijournal.com\\\/index.php\\\/mecenat-exceptionnel-pour-la-cathedrale-dalbi\\\/76401\\\/\"]}]},{\"@type\":\"BreadcrumbList\",\"@id\":\"https:\\\/\\\/batijournal.com\\\/index.php\\\/mecenat-exceptionnel-pour-la-cathedrale-dalbi\\\/76401\\\/#breadcrumb\",\"itemListElement\":[{\"@type\":\"ListItem\",\"position\":1,\"name\":\"Accueil\",\"item\":\"https:\\\/\\\/batijournal.com\\\/\"},{\"@type\":\"ListItem\",\"position\":2,\"name\":\"Actualit\u00e9s\",\"item\":\"https:\\\/\\\/batijournal.com\\\/index.php\\\/category\\\/actualites\\\/\"},{\"@type\":\"ListItem\",\"position\":3,\"name\":\"Architecture &amp; Conception\",\"item\":\"https:\\\/\\\/batijournal.com\\\/index.php\\\/category\\\/actualites\\\/architecture-conception\\\/\"},{\"@type\":\"ListItem\",\"position\":4,\"name\":\"M\u00e9c\u00e9nat exceptionnel pour la cath\u00e9drale d&rsquo;Albi\"}]},{\"@type\":\"WebSite\",\"@id\":\"https:\\\/\\\/batijournal.com\\\/#website\",\"url\":\"https:\\\/\\\/batijournal.com\\\/\",\"name\":\"Batijournal\",\"description\":\"L&#039;actualit\u00e9 du b\u00e2timent\",\"potentialAction\":[{\"@type\":\"SearchAction\",\"target\":{\"@type\":\"EntryPoint\",\"urlTemplate\":\"https:\\\/\\\/batijournal.com\\\/?s={search_term_string}\"},\"query-input\":{\"@type\":\"PropertyValueSpecification\",\"valueRequired\":true,\"valueName\":\"search_term_string\"}}],\"inLanguage\":\"fr-FR\"},{\"@type\":\"Person\",\"@id\":\"https:\\\/\\\/batijournal.com\\\/#\\\/schema\\\/person\\\/6a657e8967569e1b299972574848aa76\",\"name\":\"Bati-journal\",\"image\":{\"@type\":\"ImageObject\",\"inLanguage\":\"fr-FR\",\"@id\":\"https:\\\/\\\/secure.gravatar.com\\\/avatar\\\/a64364ea26392f9b4dd47e017ddaec74ff03aefc073b49e492e847201258f777?s=96&d=mm&r=g\",\"url\":\"https:\\\/\\\/secure.gravatar.com\\\/avatar\\\/a64364ea26392f9b4dd47e017ddaec74ff03aefc073b49e492e847201258f777?s=96&d=mm&r=g\",\"contentUrl\":\"https:\\\/\\\/secure.gravatar.com\\\/avatar\\\/a64364ea26392f9b4dd47e017ddaec74ff03aefc073b49e492e847201258f777?s=96&d=mm&r=g\",\"caption\":\"Bati-journal\"},\"url\":\"https:\\\/\\\/batijournal.com\\\/index.php\\\/author\\\/elodie\\\/\"}]}<\/script>\n<!-- \/ Yoast SEO plugin. -->","yoast_head_json":{"title":"M\u00e9c\u00e9nat exceptionnel pour la cath\u00e9drale d'Albi","robots":{"index":"index","follow":"follow","max-snippet":"max-snippet:-1","max-image-preview":"max-image-preview:large","max-video-preview":"max-video-preview:-1"},"canonical":"https:\/\/batijournal.com\/index.php\/mecenat-exceptionnel-pour-la-cathedrale-dalbi\/76401\/","og_locale":"fr_FR","og_type":"article","og_title":"M\u00e9c\u00e9nat exceptionnel pour la cath\u00e9drale d'Albi","og_description":"Fr\u00e9d\u00e9ric Mitterrand se f\u00e9licite de la d\u00e9cision du World Monuments Fund Europe de s&rsquo;engager aux c\u00f4t\u00e9s de l&rsquo;Etat pour la restauration de la cl\u00f4ture du choeur de la cath\u00e9drale Sainte-C\u00e9cile d&rsquo;Albi. Cette nouvelle initiative du World Monuments Fund Europe va permettre de lancer d\u00e8s 2011 les \u00e9tudes de diagnostic n\u00e9cessaires pour entreprendre la restauration, en [&hellip;]","og_url":"https:\/\/batijournal.com\/index.php\/mecenat-exceptionnel-pour-la-cathedrale-dalbi\/76401\/","og_site_name":"Batijournal","article_published_time":"2011-06-14T22:00:00+00:00","article_modified_time":"2019-07-15T09:18:37+00:00","author":"Bati-journal","twitter_card":"summary_large_image","twitter_creator":"@bati_journal","twitter_site":"@bati_journal","twitter_misc":{"\u00c9crit par":"Bati-journal","Dur\u00e9e de lecture estim\u00e9e":"1 minute"},"schema":{"@context":"https:\/\/schema.org","@graph":[{"@type":"Article","@id":"https:\/\/batijournal.com\/index.php\/mecenat-exceptionnel-pour-la-cathedrale-dalbi\/76401\/#article","isPartOf":{"@id":"https:\/\/batijournal.com\/index.php\/mecenat-exceptionnel-pour-la-cathedrale-dalbi\/76401\/"},"author":{"name":"Bati-journal","@id":"https:\/\/batijournal.com\/#\/schema\/person\/6a657e8967569e1b299972574848aa76"},"headline":"M\u00e9c\u00e9nat exceptionnel pour la cath\u00e9drale d&rsquo;Albi","datePublished":"2011-06-14T22:00:00+00:00","dateModified":"2019-07-15T09:18:37+00:00","mainEntityOfPage":{"@id":"https:\/\/batijournal.com\/index.php\/mecenat-exceptionnel-pour-la-cathedrale-dalbi\/76401\/"},"wordCount":213,"commentCount":0,"articleSection":["Architecture &amp; Conception"],"inLanguage":"fr-FR","potentialAction":[{"@type":"CommentAction","name":"Comment","target":["https:\/\/batijournal.com\/index.php\/mecenat-exceptionnel-pour-la-cathedrale-dalbi\/76401\/#respond"]}]},{"@type":"WebPage","@id":"https:\/\/batijournal.com\/index.php\/mecenat-exceptionnel-pour-la-cathedrale-dalbi\/76401\/","url":"https:\/\/batijournal.com\/index.php\/mecenat-exceptionnel-pour-la-cathedrale-dalbi\/76401\/","name":"M\u00e9c\u00e9nat exceptionnel pour la cath\u00e9drale d'Albi","isPartOf":{"@id":"https:\/\/batijournal.com\/#website"},"datePublished":"2011-06-14T22:00:00+00:00","dateModified":"2019-07-15T09:18:37+00:00","author":{"@id":"https:\/\/batijournal.com\/#\/schema\/person\/6a657e8967569e1b299972574848aa76"},"breadcrumb":{"@id":"https:\/\/batijournal.com\/index.php\/mecenat-exceptionnel-pour-la-cathedrale-dalbi\/76401\/#breadcrumb"},"inLanguage":"fr-FR","potentialAction":[{"@type":"ReadAction","target":["https:\/\/batijournal.com\/index.php\/mecenat-exceptionnel-pour-la-cathedrale-dalbi\/76401\/"]}]},{"@type":"BreadcrumbList","@id":"https:\/\/batijournal.com\/index.php\/mecenat-exceptionnel-pour-la-cathedrale-dalbi\/76401\/#breadcrumb","itemListElement":[{"@type":"ListItem","position":1,"name":"Accueil","item":"https:\/\/batijournal.com\/"},{"@type":"ListItem","position":2,"name":"Actualit\u00e9s","item":"https:\/\/batijournal.com\/index.php\/category\/actualites\/"},{"@type":"ListItem","position":3,"name":"Architecture &amp; Conception","item":"https:\/\/batijournal.com\/index.php\/category\/actualites\/architecture-conception\/"},{"@type":"ListItem","position":4,"name":"M\u00e9c\u00e9nat exceptionnel pour la cath\u00e9drale d&rsquo;Albi"}]},{"@type":"WebSite","@id":"https:\/\/batijournal.com\/#website","url":"https:\/\/batijournal.com\/","name":"Batijournal","description":"L&#039;actualit\u00e9 du b\u00e2timent","potentialAction":[{"@type":"SearchAction","target":{"@type":"EntryPoint","urlTemplate":"https:\/\/batijournal.com\/?s={search_term_string}"},"query-input":{"@type":"PropertyValueSpecification","valueRequired":true,"valueName":"search_term_string"}}],"inLanguage":"fr-FR"},{"@type":"Person","@id":"https:\/\/batijournal.com\/#\/schema\/person\/6a657e8967569e1b299972574848aa76","name":"Bati-journal","image":{"@type":"ImageObject","inLanguage":"fr-FR","@id":"https:\/\/secure.gravatar.com\/avatar\/a64364ea26392f9b4dd47e017ddaec74ff03aefc073b49e492e847201258f777?s=96&d=mm&r=g","url":"https:\/\/secure.gravatar.com\/avatar\/a64364ea26392f9b4dd47e017ddaec74ff03aefc073b49e492e847201258f777?s=96&d=mm&r=g","contentUrl":"https:\/\/secure.gravatar.com\/avatar\/a64364ea26392f9b4dd47e017ddaec74ff03aefc073b49e492e847201258f777?s=96&d=mm&r=g","caption":"Bati-journal"},"url":"https:\/\/batijournal.com\/index.php\/author\/elodie\/"}]}},"_links":{"self":[{"href":"https:\/\/batijournal.com\/index.php\/wp-json\/wp\/v2\/posts\/76401","targetHints":{"allow":["GET"]}}],"collection":[{"href":"https:\/\/batijournal.com\/index.php\/wp-json\/wp\/v2\/posts"}],"about":[{"href":"https:\/\/batijournal.com\/index.php\/wp-json\/wp\/v2\/types\/post"}],"author":[{"embeddable":true,"href":"https:\/\/batijournal.com\/index.php\/wp-json\/wp\/v2\/users\/1"}],"replies":[{"embeddable":true,"href":"https:\/\/batijournal.com\/index.php\/wp-json\/wp\/v2\/comments?post=76401"}],"version-history":[{"count":0,"href":"https:\/\/batijournal.com\/index.php\/wp-json\/wp\/v2\/posts\/76401\/revisions"}],"wp:attachment":[{"href":"https:\/\/batijournal.com\/index.php\/wp-json\/wp\/v2\/media?parent=76401"}],"wp:term":[{"taxonomy":"category","embeddable":true,"href":"https:\/\/batijournal.com\/index.php\/wp-json\/wp\/v2\/categories?post=76401"},{"taxonomy":"post_tag","embeddable":true,"href":"https:\/\/batijournal.com\/index.php\/wp-json\/wp\/v2\/tags?post=76401"}],"curies":[{"name":"wp","href":"https:\/\/api.w.org\/{rel}","templated":true}]}}