{"id":76417,"date":"2011-07-13T00:00:00","date_gmt":"2011-07-12T22:00:00","guid":{"rendered":"http:\/\/b.bati-journal.com\/paule-albrecht-est-decedee\/76417"},"modified":"2019-07-15T11:18:35","modified_gmt":"2019-07-15T09:18:35","slug":"paule-albrecht-est-decedee","status":"publish","type":"post","link":"https:\/\/batijournal.com\/index.php\/paule-albrecht-est-decedee\/76417\/","title":{"rendered":"Paule Albrecht est d\u00e9c\u00e9d\u00e9e"},"content":{"rendered":"<p>L&rsquo;infatigable pr\u00e9sidente de la SPPEF (Soci\u00e9t\u00e9 pour la protection des paysages et de l&rsquo;esth\u00e9tique de la France), Paule Albrecht, vient de nous quitter. C&rsquo;est ainsi l&rsquo;une des figures les plus embl\u00e9matiques du secteur de la protection patrimoniale qui disparait. Son \u00e9nergie d\u00e9bordante et communicative, sa v\u00e9h\u00e9mence pour d\u00e9fendre les grandes causes, son implication permanente dans l&rsquo;action de terrain sont rest\u00e9es intactes jusqu&rsquo;au bout. Pr\u00e9sidente de la SPPEF depuis une quinzaine d&rsquo;ann\u00e9es, mais aussi pr\u00e9sente \u00e0 l&rsquo;Association des villes d&rsquo;art, \u00e0 la Commission des sites, \u00e0 celle de la protection des Monuments historiques, \u00e0 Europa Nostra, Paule Albrecht demeurera dans toutes les m\u00e9moires comme une femme d\u00e9termin\u00e9e, passionn\u00e9e, sans cesse au service de la beaut\u00e9 et de la grandeur de notre pays.<\/p>\n","protected":false},"excerpt":{"rendered":"<p>L&rsquo;infatigable pr\u00e9sidente de la SPPEF (Soci\u00e9t\u00e9 pour la protection des paysages et de l&rsquo;esth\u00e9tique de la France), Paule Albrecht, vient de nous quitter. C&rsquo;est ainsi l&rsquo;une des figures les plus embl\u00e9matiques du secteur de la protection patrimoniale qui disparait. Son \u00e9nergie d\u00e9bordante et communicative, sa v\u00e9h\u00e9mence pour d\u00e9fendre les grandes causes, son implication permanente dans [&hellip;]<\/p>\n","protected":false},"author":1,"featured_media":0,"comment_status":"open","ping_status":"closed","sticky":false,"template":"","format":"standard","meta":{"_et_pb_use_builder":"","_et_pb_old_content":"","_et_gb_content_width":"","footnotes":""},"categories":[6340],"tags":[8348],"class_list":["post-76417","post","type-post","status-publish","format-standard","hentry","category-architecture-conception","tag-sppef"],"yoast_head":"<!-- This site is optimized with the Yoast SEO plugin v27.4 - https:\/\/yoast.com\/product\/yoast-seo-wordpress\/ -->\n<title>Paule Albrecht est d\u00e9c\u00e9d\u00e9e<\/title>\n<meta name=\"robots\" content=\"index, follow, max-snippet:-1, max-image-preview:large, max-video-preview:-1\" \/>\n<link rel=\"canonical\" href=\"https:\/\/batijournal.com\/index.php\/paule-albrecht-est-decedee\/76417\/\" \/>\n<meta property=\"og:locale\" content=\"fr_FR\" \/>\n<meta property=\"og:type\" content=\"article\" \/>\n<meta property=\"og:title\" content=\"Paule Albrecht est d\u00e9c\u00e9d\u00e9e\" \/>\n<meta property=\"og:description\" content=\"L&rsquo;infatigable pr\u00e9sidente de la SPPEF (Soci\u00e9t\u00e9 pour la protection des paysages et de l&rsquo;esth\u00e9tique de la France), Paule Albrecht, vient de nous quitter. C&rsquo;est ainsi l&rsquo;une des figures les plus embl\u00e9matiques du secteur de la protection patrimoniale qui disparait. Son \u00e9nergie d\u00e9bordante et communicative, sa v\u00e9h\u00e9mence pour d\u00e9fendre les grandes causes, son implication permanente dans [&hellip;]\" \/>\n<meta property=\"og:url\" content=\"https:\/\/batijournal.com\/index.php\/paule-albrecht-est-decedee\/76417\/\" \/>\n<meta property=\"og:site_name\" content=\"Batijournal\" \/>\n<meta property=\"article:published_time\" content=\"2011-07-12T22:00:00+00:00\" \/>\n<meta property=\"article:modified_time\" content=\"2019-07-15T09:18:35+00:00\" \/>\n<meta name=\"author\" content=\"Bati-journal\" \/>\n<meta name=\"twitter:card\" content=\"summary_large_image\" \/>\n<meta name=\"twitter:creator\" content=\"@bati_journal\" \/>\n<meta name=\"twitter:site\" content=\"@bati_journal\" \/>\n<meta name=\"twitter:label1\" content=\"\u00c9crit par\" \/>\n\t<meta name=\"twitter:data1\" content=\"Bati-journal\" \/>\n\t<meta name=\"twitter:label2\" content=\"Dur\u00e9e de lecture estim\u00e9e\" \/>\n\t<meta name=\"twitter:data2\" content=\"1 minute\" \/>\n<script type=\"application\/ld+json\" class=\"yoast-schema-graph\">{\"@context\":\"https:\\\/\\\/schema.org\",\"@graph\":[{\"@type\":\"Article\",\"@id\":\"https:\\\/\\\/batijournal.com\\\/index.php\\\/paule-albrecht-est-decedee\\\/76417\\\/#article\",\"isPartOf\":{\"@id\":\"https:\\\/\\\/batijournal.com\\\/index.php\\\/paule-albrecht-est-decedee\\\/76417\\\/\"},\"author\":{\"name\":\"Bati-journal\",\"@id\":\"https:\\\/\\\/batijournal.com\\\/#\\\/schema\\\/person\\\/6a657e8967569e1b299972574848aa76\"},\"headline\":\"Paule Albrecht est d\u00e9c\u00e9d\u00e9e\",\"datePublished\":\"2011-07-12T22:00:00+00:00\",\"dateModified\":\"2019-07-15T09:18:35+00:00\",\"mainEntityOfPage\":{\"@id\":\"https:\\\/\\\/batijournal.com\\\/index.php\\\/paule-albrecht-est-decedee\\\/76417\\\/\"},\"wordCount\":149,\"commentCount\":0,\"keywords\":[\"sppef\"],\"articleSection\":[\"Architecture &amp; Conception\"],\"inLanguage\":\"fr-FR\",\"potentialAction\":[{\"@type\":\"CommentAction\",\"name\":\"Comment\",\"target\":[\"https:\\\/\\\/batijournal.com\\\/index.php\\\/paule-albrecht-est-decedee\\\/76417\\\/#respond\"]}]},{\"@type\":\"WebPage\",\"@id\":\"https:\\\/\\\/batijournal.com\\\/index.php\\\/paule-albrecht-est-decedee\\\/76417\\\/\",\"url\":\"https:\\\/\\\/batijournal.com\\\/index.php\\\/paule-albrecht-est-decedee\\\/76417\\\/\",\"name\":\"Paule Albrecht est d\u00e9c\u00e9d\u00e9e\",\"isPartOf\":{\"@id\":\"https:\\\/\\\/batijournal.com\\\/#website\"},\"datePublished\":\"2011-07-12T22:00:00+00:00\",\"dateModified\":\"2019-07-15T09:18:35+00:00\",\"author\":{\"@id\":\"https:\\\/\\\/batijournal.com\\\/#\\\/schema\\\/person\\\/6a657e8967569e1b299972574848aa76\"},\"breadcrumb\":{\"@id\":\"https:\\\/\\\/batijournal.com\\\/index.php\\\/paule-albrecht-est-decedee\\\/76417\\\/#breadcrumb\"},\"inLanguage\":\"fr-FR\",\"potentialAction\":[{\"@type\":\"ReadAction\",\"target\":[\"https:\\\/\\\/batijournal.com\\\/index.php\\\/paule-albrecht-est-decedee\\\/76417\\\/\"]}]},{\"@type\":\"BreadcrumbList\",\"@id\":\"https:\\\/\\\/batijournal.com\\\/index.php\\\/paule-albrecht-est-decedee\\\/76417\\\/#breadcrumb\",\"itemListElement\":[{\"@type\":\"ListItem\",\"position\":1,\"name\":\"Accueil\",\"item\":\"https:\\\/\\\/batijournal.com\\\/\"},{\"@type\":\"ListItem\",\"position\":2,\"name\":\"Actualit\u00e9s\",\"item\":\"https:\\\/\\\/batijournal.com\\\/index.php\\\/category\\\/actualites\\\/\"},{\"@type\":\"ListItem\",\"position\":3,\"name\":\"Architecture &amp; Conception\",\"item\":\"https:\\\/\\\/batijournal.com\\\/index.php\\\/category\\\/actualites\\\/architecture-conception\\\/\"},{\"@type\":\"ListItem\",\"position\":4,\"name\":\"Paule Albrecht est d\u00e9c\u00e9d\u00e9e\"}]},{\"@type\":\"WebSite\",\"@id\":\"https:\\\/\\\/batijournal.com\\\/#website\",\"url\":\"https:\\\/\\\/batijournal.com\\\/\",\"name\":\"Batijournal\",\"description\":\"L&#039;actualit\u00e9 du b\u00e2timent\",\"potentialAction\":[{\"@type\":\"SearchAction\",\"target\":{\"@type\":\"EntryPoint\",\"urlTemplate\":\"https:\\\/\\\/batijournal.com\\\/?s={search_term_string}\"},\"query-input\":{\"@type\":\"PropertyValueSpecification\",\"valueRequired\":true,\"valueName\":\"search_term_string\"}}],\"inLanguage\":\"fr-FR\"},{\"@type\":\"Person\",\"@id\":\"https:\\\/\\\/batijournal.com\\\/#\\\/schema\\\/person\\\/6a657e8967569e1b299972574848aa76\",\"name\":\"Bati-journal\",\"image\":{\"@type\":\"ImageObject\",\"inLanguage\":\"fr-FR\",\"@id\":\"https:\\\/\\\/secure.gravatar.com\\\/avatar\\\/a64364ea26392f9b4dd47e017ddaec74ff03aefc073b49e492e847201258f777?s=96&d=mm&r=g\",\"url\":\"https:\\\/\\\/secure.gravatar.com\\\/avatar\\\/a64364ea26392f9b4dd47e017ddaec74ff03aefc073b49e492e847201258f777?s=96&d=mm&r=g\",\"contentUrl\":\"https:\\\/\\\/secure.gravatar.com\\\/avatar\\\/a64364ea26392f9b4dd47e017ddaec74ff03aefc073b49e492e847201258f777?s=96&d=mm&r=g\",\"caption\":\"Bati-journal\"},\"url\":\"https:\\\/\\\/batijournal.com\\\/index.php\\\/author\\\/elodie\\\/\"}]}<\/script>\n<!-- \/ Yoast SEO plugin. -->","yoast_head_json":{"title":"Paule Albrecht est d\u00e9c\u00e9d\u00e9e","robots":{"index":"index","follow":"follow","max-snippet":"max-snippet:-1","max-image-preview":"max-image-preview:large","max-video-preview":"max-video-preview:-1"},"canonical":"https:\/\/batijournal.com\/index.php\/paule-albrecht-est-decedee\/76417\/","og_locale":"fr_FR","og_type":"article","og_title":"Paule Albrecht est d\u00e9c\u00e9d\u00e9e","og_description":"L&rsquo;infatigable pr\u00e9sidente de la SPPEF (Soci\u00e9t\u00e9 pour la protection des paysages et de l&rsquo;esth\u00e9tique de la France), Paule Albrecht, vient de nous quitter. C&rsquo;est ainsi l&rsquo;une des figures les plus embl\u00e9matiques du secteur de la protection patrimoniale qui disparait. Son \u00e9nergie d\u00e9bordante et communicative, sa v\u00e9h\u00e9mence pour d\u00e9fendre les grandes causes, son implication permanente dans [&hellip;]","og_url":"https:\/\/batijournal.com\/index.php\/paule-albrecht-est-decedee\/76417\/","og_site_name":"Batijournal","article_published_time":"2011-07-12T22:00:00+00:00","article_modified_time":"2019-07-15T09:18:35+00:00","author":"Bati-journal","twitter_card":"summary_large_image","twitter_creator":"@bati_journal","twitter_site":"@bati_journal","twitter_misc":{"\u00c9crit par":"Bati-journal","Dur\u00e9e de lecture estim\u00e9e":"1 minute"},"schema":{"@context":"https:\/\/schema.org","@graph":[{"@type":"Article","@id":"https:\/\/batijournal.com\/index.php\/paule-albrecht-est-decedee\/76417\/#article","isPartOf":{"@id":"https:\/\/batijournal.com\/index.php\/paule-albrecht-est-decedee\/76417\/"},"author":{"name":"Bati-journal","@id":"https:\/\/batijournal.com\/#\/schema\/person\/6a657e8967569e1b299972574848aa76"},"headline":"Paule Albrecht est d\u00e9c\u00e9d\u00e9e","datePublished":"2011-07-12T22:00:00+00:00","dateModified":"2019-07-15T09:18:35+00:00","mainEntityOfPage":{"@id":"https:\/\/batijournal.com\/index.php\/paule-albrecht-est-decedee\/76417\/"},"wordCount":149,"commentCount":0,"keywords":["sppef"],"articleSection":["Architecture &amp; Conception"],"inLanguage":"fr-FR","potentialAction":[{"@type":"CommentAction","name":"Comment","target":["https:\/\/batijournal.com\/index.php\/paule-albrecht-est-decedee\/76417\/#respond"]}]},{"@type":"WebPage","@id":"https:\/\/batijournal.com\/index.php\/paule-albrecht-est-decedee\/76417\/","url":"https:\/\/batijournal.com\/index.php\/paule-albrecht-est-decedee\/76417\/","name":"Paule Albrecht est d\u00e9c\u00e9d\u00e9e","isPartOf":{"@id":"https:\/\/batijournal.com\/#website"},"datePublished":"2011-07-12T22:00:00+00:00","dateModified":"2019-07-15T09:18:35+00:00","author":{"@id":"https:\/\/batijournal.com\/#\/schema\/person\/6a657e8967569e1b299972574848aa76"},"breadcrumb":{"@id":"https:\/\/batijournal.com\/index.php\/paule-albrecht-est-decedee\/76417\/#breadcrumb"},"inLanguage":"fr-FR","potentialAction":[{"@type":"ReadAction","target":["https:\/\/batijournal.com\/index.php\/paule-albrecht-est-decedee\/76417\/"]}]},{"@type":"BreadcrumbList","@id":"https:\/\/batijournal.com\/index.php\/paule-albrecht-est-decedee\/76417\/#breadcrumb","itemListElement":[{"@type":"ListItem","position":1,"name":"Accueil","item":"https:\/\/batijournal.com\/"},{"@type":"ListItem","position":2,"name":"Actualit\u00e9s","item":"https:\/\/batijournal.com\/index.php\/category\/actualites\/"},{"@type":"ListItem","position":3,"name":"Architecture &amp; Conception","item":"https:\/\/batijournal.com\/index.php\/category\/actualites\/architecture-conception\/"},{"@type":"ListItem","position":4,"name":"Paule Albrecht est d\u00e9c\u00e9d\u00e9e"}]},{"@type":"WebSite","@id":"https:\/\/batijournal.com\/#website","url":"https:\/\/batijournal.com\/","name":"Batijournal","description":"L&#039;actualit\u00e9 du b\u00e2timent","potentialAction":[{"@type":"SearchAction","target":{"@type":"EntryPoint","urlTemplate":"https:\/\/batijournal.com\/?s={search_term_string}"},"query-input":{"@type":"PropertyValueSpecification","valueRequired":true,"valueName":"search_term_string"}}],"inLanguage":"fr-FR"},{"@type":"Person","@id":"https:\/\/batijournal.com\/#\/schema\/person\/6a657e8967569e1b299972574848aa76","name":"Bati-journal","image":{"@type":"ImageObject","inLanguage":"fr-FR","@id":"https:\/\/secure.gravatar.com\/avatar\/a64364ea26392f9b4dd47e017ddaec74ff03aefc073b49e492e847201258f777?s=96&d=mm&r=g","url":"https:\/\/secure.gravatar.com\/avatar\/a64364ea26392f9b4dd47e017ddaec74ff03aefc073b49e492e847201258f777?s=96&d=mm&r=g","contentUrl":"https:\/\/secure.gravatar.com\/avatar\/a64364ea26392f9b4dd47e017ddaec74ff03aefc073b49e492e847201258f777?s=96&d=mm&r=g","caption":"Bati-journal"},"url":"https:\/\/batijournal.com\/index.php\/author\/elodie\/"}]}},"_links":{"self":[{"href":"https:\/\/batijournal.com\/index.php\/wp-json\/wp\/v2\/posts\/76417","targetHints":{"allow":["GET"]}}],"collection":[{"href":"https:\/\/batijournal.com\/index.php\/wp-json\/wp\/v2\/posts"}],"about":[{"href":"https:\/\/batijournal.com\/index.php\/wp-json\/wp\/v2\/types\/post"}],"author":[{"embeddable":true,"href":"https:\/\/batijournal.com\/index.php\/wp-json\/wp\/v2\/users\/1"}],"replies":[{"embeddable":true,"href":"https:\/\/batijournal.com\/index.php\/wp-json\/wp\/v2\/comments?post=76417"}],"version-history":[{"count":0,"href":"https:\/\/batijournal.com\/index.php\/wp-json\/wp\/v2\/posts\/76417\/revisions"}],"wp:attachment":[{"href":"https:\/\/batijournal.com\/index.php\/wp-json\/wp\/v2\/media?parent=76417"}],"wp:term":[{"taxonomy":"category","embeddable":true,"href":"https:\/\/batijournal.com\/index.php\/wp-json\/wp\/v2\/categories?post=76417"},{"taxonomy":"post_tag","embeddable":true,"href":"https:\/\/batijournal.com\/index.php\/wp-json\/wp\/v2\/tags?post=76417"}],"curies":[{"name":"wp","href":"https:\/\/api.w.org\/{rel}","templated":true}]}}