{"id":76470,"date":"2011-08-11T00:00:00","date_gmt":"2011-08-10T22:00:00","guid":{"rendered":"http:\/\/b.bati-journal.com\/lafarge-va-ceder-ses-activites-platre-en-europe-et-en-amerique-du-sud\/76470"},"modified":"2019-07-15T12:15:30","modified_gmt":"2019-07-15T10:15:30","slug":"lafarge-va-ceder-ses-activites-platre-en-europe-et-en-amerique-du-sud","status":"publish","type":"post","link":"https:\/\/batijournal.com\/index.php\/lafarge-va-ceder-ses-activites-platre-en-europe-et-en-amerique-du-sud\/76470\/","title":{"rendered":"Lafarge va c\u00e9der ses activit\u00e9s Pl\u00e2tre en Europe et en Am\u00e9rique du Sud"},"content":{"rendered":"<p>Lafarge est en n\u00e9gociation avec le groupe Etex pour la vente de ses op\u00e9rations Pl\u00e2tre en Europe et en Am\u00e9rique du Sud, pour une valeur d&rsquo;entreprise de 1 milliard d&rsquo;euros. Le groupe conserverait \u00e9galement une participation de 20 % dans la nouvelle entit\u00e9. Lafarge Pl\u00e2tre en Europe et en Am\u00e9rique du Sud produit des plaques de pl\u00e2tre ainsi que d&rsquo;autres produits \u00e0 base de pl\u00e2tre, comme le pl\u00e2tre en poudre, les enduits \u00e0 joints et les carreaux de pl\u00e2tre. En 2010, ces activit\u00e9s en Europe et en Am\u00e9rique du Sud ont g\u00e9n\u00e9r\u00e9 un chiffre d&rsquo;affaires consolid\u00e9 de 895\u00a0millions d&rsquo;euros. En compl\u00e9ment de ce projet de d\u00e9sinvestissement, Lafarge a s\u00e9curis\u00e9 700 M\u20ac sur l\u2019objectif de 750 M\u20ac annonc\u00e9 pour 2011. Le groupe est en bonne voie pour r\u00e9aliser son objectif de d\u00e9sendettement d\u2019au moins 2 milliards d\u2019euros en 2011.<\/p>\n","protected":false},"excerpt":{"rendered":"<p>Lafarge est en n\u00e9gociation avec le groupe Etex pour la vente de ses op\u00e9rations Pl\u00e2tre en Europe et en Am\u00e9rique du Sud, pour une valeur d&rsquo;entreprise de 1 milliard d&rsquo;euros. Le groupe conserverait \u00e9galement une participation de 20 % dans la nouvelle entit\u00e9. Lafarge Pl\u00e2tre en Europe et en Am\u00e9rique du Sud produit des plaques [&hellip;]<\/p>\n","protected":false},"author":1,"featured_media":0,"comment_status":"open","ping_status":"closed","sticky":false,"template":"","format":"standard","meta":{"_et_pb_use_builder":"","_et_pb_old_content":"","_et_gb_content_width":"","footnotes":""},"categories":[6345],"tags":[401,402],"class_list":["post-76470","post","type-post","status-publish","format-standard","hentry","category-economie-marches","tag-lafarge","tag-platre"],"yoast_head":"<!-- This site is optimized with the Yoast SEO plugin v27.4 - https:\/\/yoast.com\/product\/yoast-seo-wordpress\/ -->\n<title>Lafarge va c\u00e9der ses activit\u00e9s Pl\u00e2tre en Europe et en Am\u00e9rique du Sud<\/title>\n<meta name=\"robots\" content=\"index, follow, max-snippet:-1, max-image-preview:large, max-video-preview:-1\" \/>\n<link rel=\"canonical\" href=\"https:\/\/batijournal.com\/index.php\/lafarge-va-ceder-ses-activites-platre-en-europe-et-en-amerique-du-sud\/76470\/\" \/>\n<meta property=\"og:locale\" content=\"fr_FR\" \/>\n<meta property=\"og:type\" content=\"article\" \/>\n<meta property=\"og:title\" content=\"Lafarge va c\u00e9der ses activit\u00e9s Pl\u00e2tre en Europe et en Am\u00e9rique du Sud\" \/>\n<meta property=\"og:description\" content=\"Lafarge est en n\u00e9gociation avec le groupe Etex pour la vente de ses op\u00e9rations Pl\u00e2tre en Europe et en Am\u00e9rique du Sud, pour une valeur d&rsquo;entreprise de 1 milliard d&rsquo;euros. Le groupe conserverait \u00e9galement une participation de 20 % dans la nouvelle entit\u00e9. Lafarge Pl\u00e2tre en Europe et en Am\u00e9rique du Sud produit des plaques [&hellip;]\" \/>\n<meta property=\"og:url\" content=\"https:\/\/batijournal.com\/index.php\/lafarge-va-ceder-ses-activites-platre-en-europe-et-en-amerique-du-sud\/76470\/\" \/>\n<meta property=\"og:site_name\" content=\"Batijournal\" \/>\n<meta property=\"article:published_time\" content=\"2011-08-10T22:00:00+00:00\" \/>\n<meta property=\"article:modified_time\" content=\"2019-07-15T10:15:30+00:00\" \/>\n<meta name=\"author\" content=\"Bati-journal\" \/>\n<meta name=\"twitter:card\" content=\"summary_large_image\" \/>\n<meta name=\"twitter:creator\" content=\"@bati_journal\" \/>\n<meta name=\"twitter:site\" content=\"@bati_journal\" \/>\n<meta name=\"twitter:label1\" content=\"\u00c9crit par\" \/>\n\t<meta name=\"twitter:data1\" content=\"Bati-journal\" \/>\n\t<meta name=\"twitter:label2\" content=\"Dur\u00e9e de lecture estim\u00e9e\" \/>\n\t<meta name=\"twitter:data2\" content=\"1 minute\" \/>\n<script type=\"application\/ld+json\" class=\"yoast-schema-graph\">{\"@context\":\"https:\\\/\\\/schema.org\",\"@graph\":[{\"@type\":\"Article\",\"@id\":\"https:\\\/\\\/batijournal.com\\\/index.php\\\/lafarge-va-ceder-ses-activites-platre-en-europe-et-en-amerique-du-sud\\\/76470\\\/#article\",\"isPartOf\":{\"@id\":\"https:\\\/\\\/batijournal.com\\\/index.php\\\/lafarge-va-ceder-ses-activites-platre-en-europe-et-en-amerique-du-sud\\\/76470\\\/\"},\"author\":{\"name\":\"Bati-journal\",\"@id\":\"https:\\\/\\\/batijournal.com\\\/#\\\/schema\\\/person\\\/6a657e8967569e1b299972574848aa76\"},\"headline\":\"Lafarge va c\u00e9der ses activit\u00e9s Pl\u00e2tre en Europe et en Am\u00e9rique du Sud\",\"datePublished\":\"2011-08-10T22:00:00+00:00\",\"dateModified\":\"2019-07-15T10:15:30+00:00\",\"mainEntityOfPage\":{\"@id\":\"https:\\\/\\\/batijournal.com\\\/index.php\\\/lafarge-va-ceder-ses-activites-platre-en-europe-et-en-amerique-du-sud\\\/76470\\\/\"},\"wordCount\":171,\"commentCount\":0,\"keywords\":[\"Lafarge\",\"pl\u00e2tre\"],\"articleSection\":[\"\u00c9conomie &amp; March\u00e9s\"],\"inLanguage\":\"fr-FR\",\"potentialAction\":[{\"@type\":\"CommentAction\",\"name\":\"Comment\",\"target\":[\"https:\\\/\\\/batijournal.com\\\/index.php\\\/lafarge-va-ceder-ses-activites-platre-en-europe-et-en-amerique-du-sud\\\/76470\\\/#respond\"]}]},{\"@type\":\"WebPage\",\"@id\":\"https:\\\/\\\/batijournal.com\\\/index.php\\\/lafarge-va-ceder-ses-activites-platre-en-europe-et-en-amerique-du-sud\\\/76470\\\/\",\"url\":\"https:\\\/\\\/batijournal.com\\\/index.php\\\/lafarge-va-ceder-ses-activites-platre-en-europe-et-en-amerique-du-sud\\\/76470\\\/\",\"name\":\"Lafarge va c\u00e9der ses activit\u00e9s Pl\u00e2tre en Europe et en Am\u00e9rique du Sud\",\"isPartOf\":{\"@id\":\"https:\\\/\\\/batijournal.com\\\/#website\"},\"datePublished\":\"2011-08-10T22:00:00+00:00\",\"dateModified\":\"2019-07-15T10:15:30+00:00\",\"author\":{\"@id\":\"https:\\\/\\\/batijournal.com\\\/#\\\/schema\\\/person\\\/6a657e8967569e1b299972574848aa76\"},\"breadcrumb\":{\"@id\":\"https:\\\/\\\/batijournal.com\\\/index.php\\\/lafarge-va-ceder-ses-activites-platre-en-europe-et-en-amerique-du-sud\\\/76470\\\/#breadcrumb\"},\"inLanguage\":\"fr-FR\",\"potentialAction\":[{\"@type\":\"ReadAction\",\"target\":[\"https:\\\/\\\/batijournal.com\\\/index.php\\\/lafarge-va-ceder-ses-activites-platre-en-europe-et-en-amerique-du-sud\\\/76470\\\/\"]}]},{\"@type\":\"BreadcrumbList\",\"@id\":\"https:\\\/\\\/batijournal.com\\\/index.php\\\/lafarge-va-ceder-ses-activites-platre-en-europe-et-en-amerique-du-sud\\\/76470\\\/#breadcrumb\",\"itemListElement\":[{\"@type\":\"ListItem\",\"position\":1,\"name\":\"Accueil\",\"item\":\"https:\\\/\\\/batijournal.com\\\/\"},{\"@type\":\"ListItem\",\"position\":2,\"name\":\"Actualit\u00e9s\",\"item\":\"https:\\\/\\\/batijournal.com\\\/index.php\\\/category\\\/actualites\\\/\"},{\"@type\":\"ListItem\",\"position\":3,\"name\":\"\u00c9conomie &amp; March\u00e9s\",\"item\":\"https:\\\/\\\/batijournal.com\\\/index.php\\\/category\\\/actualites\\\/economie-marches\\\/\"},{\"@type\":\"ListItem\",\"position\":4,\"name\":\"Lafarge va c\u00e9der ses activit\u00e9s Pl\u00e2tre en Europe et en Am\u00e9rique du Sud\"}]},{\"@type\":\"WebSite\",\"@id\":\"https:\\\/\\\/batijournal.com\\\/#website\",\"url\":\"https:\\\/\\\/batijournal.com\\\/\",\"name\":\"Batijournal\",\"description\":\"L&#039;actualit\u00e9 du b\u00e2timent\",\"potentialAction\":[{\"@type\":\"SearchAction\",\"target\":{\"@type\":\"EntryPoint\",\"urlTemplate\":\"https:\\\/\\\/batijournal.com\\\/?s={search_term_string}\"},\"query-input\":{\"@type\":\"PropertyValueSpecification\",\"valueRequired\":true,\"valueName\":\"search_term_string\"}}],\"inLanguage\":\"fr-FR\"},{\"@type\":\"Person\",\"@id\":\"https:\\\/\\\/batijournal.com\\\/#\\\/schema\\\/person\\\/6a657e8967569e1b299972574848aa76\",\"name\":\"Bati-journal\",\"image\":{\"@type\":\"ImageObject\",\"inLanguage\":\"fr-FR\",\"@id\":\"https:\\\/\\\/secure.gravatar.com\\\/avatar\\\/a64364ea26392f9b4dd47e017ddaec74ff03aefc073b49e492e847201258f777?s=96&d=mm&r=g\",\"url\":\"https:\\\/\\\/secure.gravatar.com\\\/avatar\\\/a64364ea26392f9b4dd47e017ddaec74ff03aefc073b49e492e847201258f777?s=96&d=mm&r=g\",\"contentUrl\":\"https:\\\/\\\/secure.gravatar.com\\\/avatar\\\/a64364ea26392f9b4dd47e017ddaec74ff03aefc073b49e492e847201258f777?s=96&d=mm&r=g\",\"caption\":\"Bati-journal\"},\"url\":\"https:\\\/\\\/batijournal.com\\\/index.php\\\/author\\\/elodie\\\/\"}]}<\/script>\n<!-- \/ Yoast SEO plugin. -->","yoast_head_json":{"title":"Lafarge va c\u00e9der ses activit\u00e9s Pl\u00e2tre en Europe et en Am\u00e9rique du Sud","robots":{"index":"index","follow":"follow","max-snippet":"max-snippet:-1","max-image-preview":"max-image-preview:large","max-video-preview":"max-video-preview:-1"},"canonical":"https:\/\/batijournal.com\/index.php\/lafarge-va-ceder-ses-activites-platre-en-europe-et-en-amerique-du-sud\/76470\/","og_locale":"fr_FR","og_type":"article","og_title":"Lafarge va c\u00e9der ses activit\u00e9s Pl\u00e2tre en Europe et en Am\u00e9rique du Sud","og_description":"Lafarge est en n\u00e9gociation avec le groupe Etex pour la vente de ses op\u00e9rations Pl\u00e2tre en Europe et en Am\u00e9rique du Sud, pour une valeur d&rsquo;entreprise de 1 milliard d&rsquo;euros. Le groupe conserverait \u00e9galement une participation de 20 % dans la nouvelle entit\u00e9. Lafarge Pl\u00e2tre en Europe et en Am\u00e9rique du Sud produit des plaques [&hellip;]","og_url":"https:\/\/batijournal.com\/index.php\/lafarge-va-ceder-ses-activites-platre-en-europe-et-en-amerique-du-sud\/76470\/","og_site_name":"Batijournal","article_published_time":"2011-08-10T22:00:00+00:00","article_modified_time":"2019-07-15T10:15:30+00:00","author":"Bati-journal","twitter_card":"summary_large_image","twitter_creator":"@bati_journal","twitter_site":"@bati_journal","twitter_misc":{"\u00c9crit par":"Bati-journal","Dur\u00e9e de lecture estim\u00e9e":"1 minute"},"schema":{"@context":"https:\/\/schema.org","@graph":[{"@type":"Article","@id":"https:\/\/batijournal.com\/index.php\/lafarge-va-ceder-ses-activites-platre-en-europe-et-en-amerique-du-sud\/76470\/#article","isPartOf":{"@id":"https:\/\/batijournal.com\/index.php\/lafarge-va-ceder-ses-activites-platre-en-europe-et-en-amerique-du-sud\/76470\/"},"author":{"name":"Bati-journal","@id":"https:\/\/batijournal.com\/#\/schema\/person\/6a657e8967569e1b299972574848aa76"},"headline":"Lafarge va c\u00e9der ses activit\u00e9s Pl\u00e2tre en Europe et en Am\u00e9rique du Sud","datePublished":"2011-08-10T22:00:00+00:00","dateModified":"2019-07-15T10:15:30+00:00","mainEntityOfPage":{"@id":"https:\/\/batijournal.com\/index.php\/lafarge-va-ceder-ses-activites-platre-en-europe-et-en-amerique-du-sud\/76470\/"},"wordCount":171,"commentCount":0,"keywords":["Lafarge","pl\u00e2tre"],"articleSection":["\u00c9conomie &amp; March\u00e9s"],"inLanguage":"fr-FR","potentialAction":[{"@type":"CommentAction","name":"Comment","target":["https:\/\/batijournal.com\/index.php\/lafarge-va-ceder-ses-activites-platre-en-europe-et-en-amerique-du-sud\/76470\/#respond"]}]},{"@type":"WebPage","@id":"https:\/\/batijournal.com\/index.php\/lafarge-va-ceder-ses-activites-platre-en-europe-et-en-amerique-du-sud\/76470\/","url":"https:\/\/batijournal.com\/index.php\/lafarge-va-ceder-ses-activites-platre-en-europe-et-en-amerique-du-sud\/76470\/","name":"Lafarge va c\u00e9der ses activit\u00e9s Pl\u00e2tre en Europe et en Am\u00e9rique du Sud","isPartOf":{"@id":"https:\/\/batijournal.com\/#website"},"datePublished":"2011-08-10T22:00:00+00:00","dateModified":"2019-07-15T10:15:30+00:00","author":{"@id":"https:\/\/batijournal.com\/#\/schema\/person\/6a657e8967569e1b299972574848aa76"},"breadcrumb":{"@id":"https:\/\/batijournal.com\/index.php\/lafarge-va-ceder-ses-activites-platre-en-europe-et-en-amerique-du-sud\/76470\/#breadcrumb"},"inLanguage":"fr-FR","potentialAction":[{"@type":"ReadAction","target":["https:\/\/batijournal.com\/index.php\/lafarge-va-ceder-ses-activites-platre-en-europe-et-en-amerique-du-sud\/76470\/"]}]},{"@type":"BreadcrumbList","@id":"https:\/\/batijournal.com\/index.php\/lafarge-va-ceder-ses-activites-platre-en-europe-et-en-amerique-du-sud\/76470\/#breadcrumb","itemListElement":[{"@type":"ListItem","position":1,"name":"Accueil","item":"https:\/\/batijournal.com\/"},{"@type":"ListItem","position":2,"name":"Actualit\u00e9s","item":"https:\/\/batijournal.com\/index.php\/category\/actualites\/"},{"@type":"ListItem","position":3,"name":"\u00c9conomie &amp; March\u00e9s","item":"https:\/\/batijournal.com\/index.php\/category\/actualites\/economie-marches\/"},{"@type":"ListItem","position":4,"name":"Lafarge va c\u00e9der ses activit\u00e9s Pl\u00e2tre en Europe et en Am\u00e9rique du Sud"}]},{"@type":"WebSite","@id":"https:\/\/batijournal.com\/#website","url":"https:\/\/batijournal.com\/","name":"Batijournal","description":"L&#039;actualit\u00e9 du b\u00e2timent","potentialAction":[{"@type":"SearchAction","target":{"@type":"EntryPoint","urlTemplate":"https:\/\/batijournal.com\/?s={search_term_string}"},"query-input":{"@type":"PropertyValueSpecification","valueRequired":true,"valueName":"search_term_string"}}],"inLanguage":"fr-FR"},{"@type":"Person","@id":"https:\/\/batijournal.com\/#\/schema\/person\/6a657e8967569e1b299972574848aa76","name":"Bati-journal","image":{"@type":"ImageObject","inLanguage":"fr-FR","@id":"https:\/\/secure.gravatar.com\/avatar\/a64364ea26392f9b4dd47e017ddaec74ff03aefc073b49e492e847201258f777?s=96&d=mm&r=g","url":"https:\/\/secure.gravatar.com\/avatar\/a64364ea26392f9b4dd47e017ddaec74ff03aefc073b49e492e847201258f777?s=96&d=mm&r=g","contentUrl":"https:\/\/secure.gravatar.com\/avatar\/a64364ea26392f9b4dd47e017ddaec74ff03aefc073b49e492e847201258f777?s=96&d=mm&r=g","caption":"Bati-journal"},"url":"https:\/\/batijournal.com\/index.php\/author\/elodie\/"}]}},"_links":{"self":[{"href":"https:\/\/batijournal.com\/index.php\/wp-json\/wp\/v2\/posts\/76470","targetHints":{"allow":["GET"]}}],"collection":[{"href":"https:\/\/batijournal.com\/index.php\/wp-json\/wp\/v2\/posts"}],"about":[{"href":"https:\/\/batijournal.com\/index.php\/wp-json\/wp\/v2\/types\/post"}],"author":[{"embeddable":true,"href":"https:\/\/batijournal.com\/index.php\/wp-json\/wp\/v2\/users\/1"}],"replies":[{"embeddable":true,"href":"https:\/\/batijournal.com\/index.php\/wp-json\/wp\/v2\/comments?post=76470"}],"version-history":[{"count":0,"href":"https:\/\/batijournal.com\/index.php\/wp-json\/wp\/v2\/posts\/76470\/revisions"}],"wp:attachment":[{"href":"https:\/\/batijournal.com\/index.php\/wp-json\/wp\/v2\/media?parent=76470"}],"wp:term":[{"taxonomy":"category","embeddable":true,"href":"https:\/\/batijournal.com\/index.php\/wp-json\/wp\/v2\/categories?post=76470"},{"taxonomy":"post_tag","embeddable":true,"href":"https:\/\/batijournal.com\/index.php\/wp-json\/wp\/v2\/tags?post=76470"}],"curies":[{"name":"wp","href":"https:\/\/api.w.org\/{rel}","templated":true}]}}