{"id":76475,"date":"2011-09-02T00:00:00","date_gmt":"2011-09-01T22:00:00","guid":{"rendered":"http:\/\/b.bati-journal.com\/areva-va-construire-une-unite-biomasse-de-49-mw-alimentee-par-du-bois-recycle\/76475"},"modified":"2019-07-15T12:15:29","modified_gmt":"2019-07-15T10:15:29","slug":"areva-va-construire-une-unite-biomasse-de-49-mw-alimentee-par-du-bois-recycle","status":"publish","type":"post","link":"https:\/\/batijournal.com\/index.php\/areva-va-construire-une-unite-biomasse-de-49-mw-alimentee-par-du-bois-recycle\/76475\/","title":{"rendered":"AREVA va construire une unit\u00e9 biomasse de 49 MW aliment\u00e9e par du bois recycl\u00e9"},"content":{"rendered":"<p>AREVA, la soci\u00e9t\u00e9 de g\u00e9nie civil n\u00e9erlandaise Ballast Nedam et le chaudi\u00e9riste finlandais Metso Power Oy ont remport\u00e9 aupr\u00e8s d\u2019Eneco, l\u2019un des principaux \u00e9lectriciens n\u00e9erlandais, un contrat portant sur la construction d\u2019une centrale \u00e0 biomasse situ\u00e9e \u00e0 Delfzijl, au nord des Pays-Bas. Le montant du contrat attribu\u00e9 au consortium s\u2019\u00e9l\u00e8ve \u00e0 155 millions d\u2019euros. Le groupe AREVA pilotera le consortium et sera charg\u00e9 de la conception, de la construction et de l\u2019installation d\u2019une unit\u00e9 biomasse de 49 MW aliment\u00e9e par du bois recycl\u00e9. Celle-ci produira suffisamment d\u2019\u00e9lectricit\u00e9 pour alimenter 120 000 foyers et permettra d\u2019\u00e9viter le rejet de 250 000 tonnes de CO2 par an. L\u2019exploitation commerciale de la centrale est pr\u00e9vue en 2013. Xavier Hurbin, Directeur de l\u2019activit\u00e9 bio\u00e9nergies d\u2019AREVA, a d\u00e9clar\u00e9 : \u00ab Avec une capacit\u00e9 totale de 2,5 GW install\u00e9s dans le monde, ce nouveau succ\u00e8s renforce la position d\u2019AREVA en tant que premier fournisseur de solutions technologiques cl\u00e9s en main pour les centrales \u00e0 biomasse. \u00bb<\/p>\n","protected":false},"excerpt":{"rendered":"<p>AREVA, la soci\u00e9t\u00e9 de g\u00e9nie civil n\u00e9erlandaise Ballast Nedam et le chaudi\u00e9riste finlandais Metso Power Oy ont remport\u00e9 aupr\u00e8s d\u2019Eneco, l\u2019un des principaux \u00e9lectriciens n\u00e9erlandais, un contrat portant sur la construction d\u2019une centrale \u00e0 biomasse situ\u00e9e \u00e0 Delfzijl, au nord des Pays-Bas. Le montant du contrat attribu\u00e9 au consortium s\u2019\u00e9l\u00e8ve \u00e0 155 millions d\u2019euros. Le [&hellip;]<\/p>\n","protected":false},"author":1,"featured_media":0,"comment_status":"open","ping_status":"closed","sticky":false,"template":"","format":"standard","meta":{"_et_pb_use_builder":"","_et_pb_old_content":"","_et_gb_content_width":"","footnotes":""},"categories":[6345],"tags":[1567],"class_list":["post-76475","post","type-post","status-publish","format-standard","hentry","category-economie-marches","tag-biomasse"],"yoast_head":"<!-- This site is optimized with the Yoast SEO plugin v27.4 - https:\/\/yoast.com\/product\/yoast-seo-wordpress\/ -->\n<title>AREVA va construire une unit\u00e9 biomasse de 49 MW aliment\u00e9e par du bois recycl\u00e9<\/title>\n<meta name=\"robots\" content=\"index, follow, max-snippet:-1, max-image-preview:large, max-video-preview:-1\" \/>\n<link rel=\"canonical\" href=\"https:\/\/batijournal.com\/index.php\/areva-va-construire-une-unite-biomasse-de-49-mw-alimentee-par-du-bois-recycle\/76475\/\" \/>\n<meta property=\"og:locale\" content=\"fr_FR\" \/>\n<meta property=\"og:type\" content=\"article\" \/>\n<meta property=\"og:title\" content=\"AREVA va construire une unit\u00e9 biomasse de 49 MW aliment\u00e9e par du bois recycl\u00e9\" \/>\n<meta property=\"og:description\" content=\"AREVA, la soci\u00e9t\u00e9 de g\u00e9nie civil n\u00e9erlandaise Ballast Nedam et le chaudi\u00e9riste finlandais Metso Power Oy ont remport\u00e9 aupr\u00e8s d\u2019Eneco, l\u2019un des principaux \u00e9lectriciens n\u00e9erlandais, un contrat portant sur la construction d\u2019une centrale \u00e0 biomasse situ\u00e9e \u00e0 Delfzijl, au nord des Pays-Bas. Le montant du contrat attribu\u00e9 au consortium s\u2019\u00e9l\u00e8ve \u00e0 155 millions d\u2019euros. Le [&hellip;]\" \/>\n<meta property=\"og:url\" content=\"https:\/\/batijournal.com\/index.php\/areva-va-construire-une-unite-biomasse-de-49-mw-alimentee-par-du-bois-recycle\/76475\/\" \/>\n<meta property=\"og:site_name\" content=\"Batijournal\" \/>\n<meta property=\"article:published_time\" content=\"2011-09-01T22:00:00+00:00\" \/>\n<meta property=\"article:modified_time\" content=\"2019-07-15T10:15:29+00:00\" \/>\n<meta name=\"author\" content=\"Bati-journal\" \/>\n<meta name=\"twitter:card\" content=\"summary_large_image\" \/>\n<meta name=\"twitter:creator\" content=\"@bati_journal\" \/>\n<meta name=\"twitter:site\" content=\"@bati_journal\" \/>\n<meta name=\"twitter:label1\" content=\"\u00c9crit par\" \/>\n\t<meta name=\"twitter:data1\" content=\"Bati-journal\" \/>\n\t<meta name=\"twitter:label2\" content=\"Dur\u00e9e de lecture estim\u00e9e\" \/>\n\t<meta name=\"twitter:data2\" content=\"1 minute\" \/>\n<script type=\"application\/ld+json\" class=\"yoast-schema-graph\">{\"@context\":\"https:\\\/\\\/schema.org\",\"@graph\":[{\"@type\":\"Article\",\"@id\":\"https:\\\/\\\/batijournal.com\\\/index.php\\\/areva-va-construire-une-unite-biomasse-de-49-mw-alimentee-par-du-bois-recycle\\\/76475\\\/#article\",\"isPartOf\":{\"@id\":\"https:\\\/\\\/batijournal.com\\\/index.php\\\/areva-va-construire-une-unite-biomasse-de-49-mw-alimentee-par-du-bois-recycle\\\/76475\\\/\"},\"author\":{\"name\":\"Bati-journal\",\"@id\":\"https:\\\/\\\/batijournal.com\\\/#\\\/schema\\\/person\\\/6a657e8967569e1b299972574848aa76\"},\"headline\":\"AREVA va construire une unit\u00e9 biomasse de 49 MW aliment\u00e9e par du bois recycl\u00e9\",\"datePublished\":\"2011-09-01T22:00:00+00:00\",\"dateModified\":\"2019-07-15T10:15:29+00:00\",\"mainEntityOfPage\":{\"@id\":\"https:\\\/\\\/batijournal.com\\\/index.php\\\/areva-va-construire-une-unite-biomasse-de-49-mw-alimentee-par-du-bois-recycle\\\/76475\\\/\"},\"wordCount\":187,\"commentCount\":0,\"keywords\":[\"biomasse\"],\"articleSection\":[\"\u00c9conomie &amp; March\u00e9s\"],\"inLanguage\":\"fr-FR\",\"potentialAction\":[{\"@type\":\"CommentAction\",\"name\":\"Comment\",\"target\":[\"https:\\\/\\\/batijournal.com\\\/index.php\\\/areva-va-construire-une-unite-biomasse-de-49-mw-alimentee-par-du-bois-recycle\\\/76475\\\/#respond\"]}]},{\"@type\":\"WebPage\",\"@id\":\"https:\\\/\\\/batijournal.com\\\/index.php\\\/areva-va-construire-une-unite-biomasse-de-49-mw-alimentee-par-du-bois-recycle\\\/76475\\\/\",\"url\":\"https:\\\/\\\/batijournal.com\\\/index.php\\\/areva-va-construire-une-unite-biomasse-de-49-mw-alimentee-par-du-bois-recycle\\\/76475\\\/\",\"name\":\"AREVA va construire une unit\u00e9 biomasse de 49 MW aliment\u00e9e par du bois recycl\u00e9\",\"isPartOf\":{\"@id\":\"https:\\\/\\\/batijournal.com\\\/#website\"},\"datePublished\":\"2011-09-01T22:00:00+00:00\",\"dateModified\":\"2019-07-15T10:15:29+00:00\",\"author\":{\"@id\":\"https:\\\/\\\/batijournal.com\\\/#\\\/schema\\\/person\\\/6a657e8967569e1b299972574848aa76\"},\"breadcrumb\":{\"@id\":\"https:\\\/\\\/batijournal.com\\\/index.php\\\/areva-va-construire-une-unite-biomasse-de-49-mw-alimentee-par-du-bois-recycle\\\/76475\\\/#breadcrumb\"},\"inLanguage\":\"fr-FR\",\"potentialAction\":[{\"@type\":\"ReadAction\",\"target\":[\"https:\\\/\\\/batijournal.com\\\/index.php\\\/areva-va-construire-une-unite-biomasse-de-49-mw-alimentee-par-du-bois-recycle\\\/76475\\\/\"]}]},{\"@type\":\"BreadcrumbList\",\"@id\":\"https:\\\/\\\/batijournal.com\\\/index.php\\\/areva-va-construire-une-unite-biomasse-de-49-mw-alimentee-par-du-bois-recycle\\\/76475\\\/#breadcrumb\",\"itemListElement\":[{\"@type\":\"ListItem\",\"position\":1,\"name\":\"Accueil\",\"item\":\"https:\\\/\\\/batijournal.com\\\/\"},{\"@type\":\"ListItem\",\"position\":2,\"name\":\"Actualit\u00e9s\",\"item\":\"https:\\\/\\\/batijournal.com\\\/index.php\\\/category\\\/actualites\\\/\"},{\"@type\":\"ListItem\",\"position\":3,\"name\":\"\u00c9conomie &amp; March\u00e9s\",\"item\":\"https:\\\/\\\/batijournal.com\\\/index.php\\\/category\\\/actualites\\\/economie-marches\\\/\"},{\"@type\":\"ListItem\",\"position\":4,\"name\":\"AREVA va construire une unit\u00e9 biomasse de 49 MW aliment\u00e9e par du bois recycl\u00e9\"}]},{\"@type\":\"WebSite\",\"@id\":\"https:\\\/\\\/batijournal.com\\\/#website\",\"url\":\"https:\\\/\\\/batijournal.com\\\/\",\"name\":\"Batijournal\",\"description\":\"L&#039;actualit\u00e9 du b\u00e2timent\",\"potentialAction\":[{\"@type\":\"SearchAction\",\"target\":{\"@type\":\"EntryPoint\",\"urlTemplate\":\"https:\\\/\\\/batijournal.com\\\/?s={search_term_string}\"},\"query-input\":{\"@type\":\"PropertyValueSpecification\",\"valueRequired\":true,\"valueName\":\"search_term_string\"}}],\"inLanguage\":\"fr-FR\"},{\"@type\":\"Person\",\"@id\":\"https:\\\/\\\/batijournal.com\\\/#\\\/schema\\\/person\\\/6a657e8967569e1b299972574848aa76\",\"name\":\"Bati-journal\",\"image\":{\"@type\":\"ImageObject\",\"inLanguage\":\"fr-FR\",\"@id\":\"https:\\\/\\\/secure.gravatar.com\\\/avatar\\\/a64364ea26392f9b4dd47e017ddaec74ff03aefc073b49e492e847201258f777?s=96&d=mm&r=g\",\"url\":\"https:\\\/\\\/secure.gravatar.com\\\/avatar\\\/a64364ea26392f9b4dd47e017ddaec74ff03aefc073b49e492e847201258f777?s=96&d=mm&r=g\",\"contentUrl\":\"https:\\\/\\\/secure.gravatar.com\\\/avatar\\\/a64364ea26392f9b4dd47e017ddaec74ff03aefc073b49e492e847201258f777?s=96&d=mm&r=g\",\"caption\":\"Bati-journal\"},\"url\":\"https:\\\/\\\/batijournal.com\\\/index.php\\\/author\\\/elodie\\\/\"}]}<\/script>\n<!-- \/ Yoast SEO plugin. -->","yoast_head_json":{"title":"AREVA va construire une unit\u00e9 biomasse de 49 MW aliment\u00e9e par du bois recycl\u00e9","robots":{"index":"index","follow":"follow","max-snippet":"max-snippet:-1","max-image-preview":"max-image-preview:large","max-video-preview":"max-video-preview:-1"},"canonical":"https:\/\/batijournal.com\/index.php\/areva-va-construire-une-unite-biomasse-de-49-mw-alimentee-par-du-bois-recycle\/76475\/","og_locale":"fr_FR","og_type":"article","og_title":"AREVA va construire une unit\u00e9 biomasse de 49 MW aliment\u00e9e par du bois recycl\u00e9","og_description":"AREVA, la soci\u00e9t\u00e9 de g\u00e9nie civil n\u00e9erlandaise Ballast Nedam et le chaudi\u00e9riste finlandais Metso Power Oy ont remport\u00e9 aupr\u00e8s d\u2019Eneco, l\u2019un des principaux \u00e9lectriciens n\u00e9erlandais, un contrat portant sur la construction d\u2019une centrale \u00e0 biomasse situ\u00e9e \u00e0 Delfzijl, au nord des Pays-Bas. Le montant du contrat attribu\u00e9 au consortium s\u2019\u00e9l\u00e8ve \u00e0 155 millions d\u2019euros. Le [&hellip;]","og_url":"https:\/\/batijournal.com\/index.php\/areva-va-construire-une-unite-biomasse-de-49-mw-alimentee-par-du-bois-recycle\/76475\/","og_site_name":"Batijournal","article_published_time":"2011-09-01T22:00:00+00:00","article_modified_time":"2019-07-15T10:15:29+00:00","author":"Bati-journal","twitter_card":"summary_large_image","twitter_creator":"@bati_journal","twitter_site":"@bati_journal","twitter_misc":{"\u00c9crit par":"Bati-journal","Dur\u00e9e de lecture estim\u00e9e":"1 minute"},"schema":{"@context":"https:\/\/schema.org","@graph":[{"@type":"Article","@id":"https:\/\/batijournal.com\/index.php\/areva-va-construire-une-unite-biomasse-de-49-mw-alimentee-par-du-bois-recycle\/76475\/#article","isPartOf":{"@id":"https:\/\/batijournal.com\/index.php\/areva-va-construire-une-unite-biomasse-de-49-mw-alimentee-par-du-bois-recycle\/76475\/"},"author":{"name":"Bati-journal","@id":"https:\/\/batijournal.com\/#\/schema\/person\/6a657e8967569e1b299972574848aa76"},"headline":"AREVA va construire une unit\u00e9 biomasse de 49 MW aliment\u00e9e par du bois recycl\u00e9","datePublished":"2011-09-01T22:00:00+00:00","dateModified":"2019-07-15T10:15:29+00:00","mainEntityOfPage":{"@id":"https:\/\/batijournal.com\/index.php\/areva-va-construire-une-unite-biomasse-de-49-mw-alimentee-par-du-bois-recycle\/76475\/"},"wordCount":187,"commentCount":0,"keywords":["biomasse"],"articleSection":["\u00c9conomie &amp; March\u00e9s"],"inLanguage":"fr-FR","potentialAction":[{"@type":"CommentAction","name":"Comment","target":["https:\/\/batijournal.com\/index.php\/areva-va-construire-une-unite-biomasse-de-49-mw-alimentee-par-du-bois-recycle\/76475\/#respond"]}]},{"@type":"WebPage","@id":"https:\/\/batijournal.com\/index.php\/areva-va-construire-une-unite-biomasse-de-49-mw-alimentee-par-du-bois-recycle\/76475\/","url":"https:\/\/batijournal.com\/index.php\/areva-va-construire-une-unite-biomasse-de-49-mw-alimentee-par-du-bois-recycle\/76475\/","name":"AREVA va construire une unit\u00e9 biomasse de 49 MW aliment\u00e9e par du bois recycl\u00e9","isPartOf":{"@id":"https:\/\/batijournal.com\/#website"},"datePublished":"2011-09-01T22:00:00+00:00","dateModified":"2019-07-15T10:15:29+00:00","author":{"@id":"https:\/\/batijournal.com\/#\/schema\/person\/6a657e8967569e1b299972574848aa76"},"breadcrumb":{"@id":"https:\/\/batijournal.com\/index.php\/areva-va-construire-une-unite-biomasse-de-49-mw-alimentee-par-du-bois-recycle\/76475\/#breadcrumb"},"inLanguage":"fr-FR","potentialAction":[{"@type":"ReadAction","target":["https:\/\/batijournal.com\/index.php\/areva-va-construire-une-unite-biomasse-de-49-mw-alimentee-par-du-bois-recycle\/76475\/"]}]},{"@type":"BreadcrumbList","@id":"https:\/\/batijournal.com\/index.php\/areva-va-construire-une-unite-biomasse-de-49-mw-alimentee-par-du-bois-recycle\/76475\/#breadcrumb","itemListElement":[{"@type":"ListItem","position":1,"name":"Accueil","item":"https:\/\/batijournal.com\/"},{"@type":"ListItem","position":2,"name":"Actualit\u00e9s","item":"https:\/\/batijournal.com\/index.php\/category\/actualites\/"},{"@type":"ListItem","position":3,"name":"\u00c9conomie &amp; March\u00e9s","item":"https:\/\/batijournal.com\/index.php\/category\/actualites\/economie-marches\/"},{"@type":"ListItem","position":4,"name":"AREVA va construire une unit\u00e9 biomasse de 49 MW aliment\u00e9e par du bois recycl\u00e9"}]},{"@type":"WebSite","@id":"https:\/\/batijournal.com\/#website","url":"https:\/\/batijournal.com\/","name":"Batijournal","description":"L&#039;actualit\u00e9 du b\u00e2timent","potentialAction":[{"@type":"SearchAction","target":{"@type":"EntryPoint","urlTemplate":"https:\/\/batijournal.com\/?s={search_term_string}"},"query-input":{"@type":"PropertyValueSpecification","valueRequired":true,"valueName":"search_term_string"}}],"inLanguage":"fr-FR"},{"@type":"Person","@id":"https:\/\/batijournal.com\/#\/schema\/person\/6a657e8967569e1b299972574848aa76","name":"Bati-journal","image":{"@type":"ImageObject","inLanguage":"fr-FR","@id":"https:\/\/secure.gravatar.com\/avatar\/a64364ea26392f9b4dd47e017ddaec74ff03aefc073b49e492e847201258f777?s=96&d=mm&r=g","url":"https:\/\/secure.gravatar.com\/avatar\/a64364ea26392f9b4dd47e017ddaec74ff03aefc073b49e492e847201258f777?s=96&d=mm&r=g","contentUrl":"https:\/\/secure.gravatar.com\/avatar\/a64364ea26392f9b4dd47e017ddaec74ff03aefc073b49e492e847201258f777?s=96&d=mm&r=g","caption":"Bati-journal"},"url":"https:\/\/batijournal.com\/index.php\/author\/elodie\/"}]}},"_links":{"self":[{"href":"https:\/\/batijournal.com\/index.php\/wp-json\/wp\/v2\/posts\/76475","targetHints":{"allow":["GET"]}}],"collection":[{"href":"https:\/\/batijournal.com\/index.php\/wp-json\/wp\/v2\/posts"}],"about":[{"href":"https:\/\/batijournal.com\/index.php\/wp-json\/wp\/v2\/types\/post"}],"author":[{"embeddable":true,"href":"https:\/\/batijournal.com\/index.php\/wp-json\/wp\/v2\/users\/1"}],"replies":[{"embeddable":true,"href":"https:\/\/batijournal.com\/index.php\/wp-json\/wp\/v2\/comments?post=76475"}],"version-history":[{"count":0,"href":"https:\/\/batijournal.com\/index.php\/wp-json\/wp\/v2\/posts\/76475\/revisions"}],"wp:attachment":[{"href":"https:\/\/batijournal.com\/index.php\/wp-json\/wp\/v2\/media?parent=76475"}],"wp:term":[{"taxonomy":"category","embeddable":true,"href":"https:\/\/batijournal.com\/index.php\/wp-json\/wp\/v2\/categories?post=76475"},{"taxonomy":"post_tag","embeddable":true,"href":"https:\/\/batijournal.com\/index.php\/wp-json\/wp\/v2\/tags?post=76475"}],"curies":[{"name":"wp","href":"https:\/\/api.w.org\/{rel}","templated":true}]}}