{"id":76725,"date":"2012-10-11T16:00:53","date_gmt":"2012-10-11T14:00:53","guid":{"rendered":"http:\/\/b.bati-journal.com\/le-groupe-rolpin-repris-par-ses-cadres-dirigeants\/76725"},"modified":"2019-07-15T12:14:47","modified_gmt":"2019-07-15T10:14:47","slug":"le-groupe-rolpin-repris-par-ses-cadres-dirigeants","status":"publish","type":"post","link":"https:\/\/batijournal.com\/index.php\/le-groupe-rolpin-repris-par-ses-cadres-dirigeants\/76725\/","title":{"rendered":"Le groupe Rolpin repris par ses cadres dirigeants"},"content":{"rendered":"<p>Une \u00e9quipe de quatre cadres dirigeants a rachet\u00e9 la totalit\u00e9 des actions du groupe Rolpin constitu\u00e9 de trois usines fabriquant du contreplaqu\u00e9 (Rolpin \u00e0 Labouheyre dans les Landes), de la r\u00e9sine (Rolkem \u00e0 Mourenx dans les Pyr\u00e9n\u00e9es Atlantiques) et des papiers impr\u00e9gn\u00e9s, des plinthes et des moulures enrob\u00e9es (Rolpin Cepam \u00e0 Mauz\u00e9-sur-le-Mignon, dans les Deux-S\u00e8vres). Ce rachat a permis de pr\u00e9server 183 emplois du groupe. La holding de reprise MAR Holding (Managers Associ\u00e9s Rolpin), cr\u00e9\u00e9e fin juin dernier, a sollicit\u00e9 de nouveaux partenaires pour le financement de l&rsquo;activit\u00e9 : Etat, R\u00e9gion Aquitaine, D\u00e9partement des Landes, et autres investisseurs priv\u00e9s, tels que la Caisse des d\u00e9p\u00f4ts et consignations ou la CAFSA (Coop\u00e9rative agricole et foresti\u00e8re sud atlantique). <i>\u00ab Nous avons lanc\u00e9 un plan d&rsquo;investissement en 2012 de 16 millions d&rsquo;euros, dont la premi\u00e8re tranche &#8211; s\u00e9choir pour 7 millions d&rsquo;euros &#8211; est en phase de d\u00e9marrage industriel<\/i>, explique Marc Vincent, directeur g\u00e9n\u00e9ral. <i>La deuxi\u00e8me tranche sera enclench\u00e9e apr\u00e8s la finalisation des financements. \u00bb<\/i><\/p>\n<p><span style=\"font-size: medium;\"><a href=\"http:\/\/www.rolpin.com\" target=\"_blank\" rel=\"noopener noreferrer\">www.rolpin.com<\/a><\/span><\/p>\n","protected":false},"excerpt":{"rendered":"<p>Une \u00e9quipe de quatre cadres dirigeants a rachet\u00e9 la totalit\u00e9 des actions du groupe Rolpin constitu\u00e9 de trois usines fabriquant du contreplaqu\u00e9 (Rolpin \u00e0 Labouheyre dans les Landes), de la r\u00e9sine (Rolkem \u00e0 Mourenx dans les Pyr\u00e9n\u00e9es Atlantiques) et des papiers impr\u00e9gn\u00e9s, des plinthes et des moulures enrob\u00e9es (Rolpin Cepam \u00e0 Mauz\u00e9-sur-le-Mignon, dans les Deux-S\u00e8vres). [&hellip;]<\/p>\n","protected":false},"author":1,"featured_media":76726,"comment_status":"open","ping_status":"closed","sticky":false,"template":"","format":"standard","meta":{"_et_pb_use_builder":"","_et_pb_old_content":"","_et_gb_content_width":"","footnotes":""},"categories":[6345],"tags":[4148],"class_list":["post-76725","post","type-post","status-publish","format-standard","has-post-thumbnail","hentry","category-economie-marches","tag-reprise"],"yoast_head":"<!-- This site is optimized with the Yoast SEO plugin v27.4 - https:\/\/yoast.com\/product\/yoast-seo-wordpress\/ -->\n<title>Le groupe Rolpin repris par ses cadres dirigeants<\/title>\n<meta name=\"robots\" content=\"index, follow, max-snippet:-1, max-image-preview:large, max-video-preview:-1\" \/>\n<link rel=\"canonical\" href=\"https:\/\/batijournal.com\/index.php\/le-groupe-rolpin-repris-par-ses-cadres-dirigeants\/76725\/\" \/>\n<meta property=\"og:locale\" content=\"fr_FR\" \/>\n<meta property=\"og:type\" content=\"article\" \/>\n<meta property=\"og:title\" content=\"Le groupe Rolpin repris par ses cadres dirigeants\" \/>\n<meta property=\"og:description\" content=\"Une \u00e9quipe de quatre cadres dirigeants a rachet\u00e9 la totalit\u00e9 des actions du groupe Rolpin constitu\u00e9 de trois usines fabriquant du contreplaqu\u00e9 (Rolpin \u00e0 Labouheyre dans les Landes), de la r\u00e9sine (Rolkem \u00e0 Mourenx dans les Pyr\u00e9n\u00e9es Atlantiques) et des papiers impr\u00e9gn\u00e9s, des plinthes et des moulures enrob\u00e9es (Rolpin Cepam \u00e0 Mauz\u00e9-sur-le-Mignon, dans les Deux-S\u00e8vres). [&hellip;]\" \/>\n<meta property=\"og:url\" content=\"https:\/\/batijournal.com\/index.php\/le-groupe-rolpin-repris-par-ses-cadres-dirigeants\/76725\/\" \/>\n<meta property=\"og:site_name\" content=\"Batijournal\" \/>\n<meta property=\"article:published_time\" content=\"2012-10-11T14:00:53+00:00\" \/>\n<meta property=\"article:modified_time\" content=\"2019-07-15T10:14:47+00:00\" \/>\n<meta property=\"og:image\" content=\"https:\/\/batijournal.com\/wp-content\/uploads\/2015\/03\/52498210.jpg\" \/>\n\t<meta property=\"og:image:width\" content=\"599\" \/>\n\t<meta property=\"og:image:height\" content=\"196\" \/>\n\t<meta property=\"og:image:type\" content=\"image\/jpeg\" \/>\n<meta name=\"author\" content=\"Bati-journal\" \/>\n<meta name=\"twitter:card\" content=\"summary_large_image\" \/>\n<meta name=\"twitter:creator\" content=\"@bati_journal\" \/>\n<meta name=\"twitter:site\" content=\"@bati_journal\" \/>\n<meta name=\"twitter:label1\" content=\"\u00c9crit par\" \/>\n\t<meta name=\"twitter:data1\" content=\"Bati-journal\" \/>\n\t<meta name=\"twitter:label2\" content=\"Dur\u00e9e de lecture estim\u00e9e\" \/>\n\t<meta name=\"twitter:data2\" content=\"1 minute\" \/>\n<script type=\"application\/ld+json\" class=\"yoast-schema-graph\">{\"@context\":\"https:\\\/\\\/schema.org\",\"@graph\":[{\"@type\":\"Article\",\"@id\":\"https:\\\/\\\/batijournal.com\\\/index.php\\\/le-groupe-rolpin-repris-par-ses-cadres-dirigeants\\\/76725\\\/#article\",\"isPartOf\":{\"@id\":\"https:\\\/\\\/batijournal.com\\\/index.php\\\/le-groupe-rolpin-repris-par-ses-cadres-dirigeants\\\/76725\\\/\"},\"author\":{\"name\":\"Bati-journal\",\"@id\":\"https:\\\/\\\/batijournal.com\\\/#\\\/schema\\\/person\\\/6a657e8967569e1b299972574848aa76\"},\"headline\":\"Le groupe Rolpin repris par ses cadres dirigeants\",\"datePublished\":\"2012-10-11T14:00:53+00:00\",\"dateModified\":\"2019-07-15T10:14:47+00:00\",\"mainEntityOfPage\":{\"@id\":\"https:\\\/\\\/batijournal.com\\\/index.php\\\/le-groupe-rolpin-repris-par-ses-cadres-dirigeants\\\/76725\\\/\"},\"wordCount\":193,\"commentCount\":0,\"image\":{\"@id\":\"https:\\\/\\\/batijournal.com\\\/index.php\\\/le-groupe-rolpin-repris-par-ses-cadres-dirigeants\\\/76725\\\/#primaryimage\"},\"thumbnailUrl\":\"https:\\\/\\\/batijournal.com\\\/wp-content\\\/uploads\\\/2015\\\/03\\\/52498210.jpg\",\"keywords\":[\"reprise\"],\"articleSection\":[\"\u00c9conomie &amp; March\u00e9s\"],\"inLanguage\":\"fr-FR\",\"potentialAction\":[{\"@type\":\"CommentAction\",\"name\":\"Comment\",\"target\":[\"https:\\\/\\\/batijournal.com\\\/index.php\\\/le-groupe-rolpin-repris-par-ses-cadres-dirigeants\\\/76725\\\/#respond\"]}]},{\"@type\":\"WebPage\",\"@id\":\"https:\\\/\\\/batijournal.com\\\/index.php\\\/le-groupe-rolpin-repris-par-ses-cadres-dirigeants\\\/76725\\\/\",\"url\":\"https:\\\/\\\/batijournal.com\\\/index.php\\\/le-groupe-rolpin-repris-par-ses-cadres-dirigeants\\\/76725\\\/\",\"name\":\"Le groupe Rolpin repris par ses cadres dirigeants\",\"isPartOf\":{\"@id\":\"https:\\\/\\\/batijournal.com\\\/#website\"},\"primaryImageOfPage\":{\"@id\":\"https:\\\/\\\/batijournal.com\\\/index.php\\\/le-groupe-rolpin-repris-par-ses-cadres-dirigeants\\\/76725\\\/#primaryimage\"},\"image\":{\"@id\":\"https:\\\/\\\/batijournal.com\\\/index.php\\\/le-groupe-rolpin-repris-par-ses-cadres-dirigeants\\\/76725\\\/#primaryimage\"},\"thumbnailUrl\":\"https:\\\/\\\/batijournal.com\\\/wp-content\\\/uploads\\\/2015\\\/03\\\/52498210.jpg\",\"datePublished\":\"2012-10-11T14:00:53+00:00\",\"dateModified\":\"2019-07-15T10:14:47+00:00\",\"author\":{\"@id\":\"https:\\\/\\\/batijournal.com\\\/#\\\/schema\\\/person\\\/6a657e8967569e1b299972574848aa76\"},\"breadcrumb\":{\"@id\":\"https:\\\/\\\/batijournal.com\\\/index.php\\\/le-groupe-rolpin-repris-par-ses-cadres-dirigeants\\\/76725\\\/#breadcrumb\"},\"inLanguage\":\"fr-FR\",\"potentialAction\":[{\"@type\":\"ReadAction\",\"target\":[\"https:\\\/\\\/batijournal.com\\\/index.php\\\/le-groupe-rolpin-repris-par-ses-cadres-dirigeants\\\/76725\\\/\"]}]},{\"@type\":\"ImageObject\",\"inLanguage\":\"fr-FR\",\"@id\":\"https:\\\/\\\/batijournal.com\\\/index.php\\\/le-groupe-rolpin-repris-par-ses-cadres-dirigeants\\\/76725\\\/#primaryimage\",\"url\":\"https:\\\/\\\/batijournal.com\\\/wp-content\\\/uploads\\\/2015\\\/03\\\/52498210.jpg\",\"contentUrl\":\"https:\\\/\\\/batijournal.com\\\/wp-content\\\/uploads\\\/2015\\\/03\\\/52498210.jpg\",\"width\":599,\"height\":196},{\"@type\":\"BreadcrumbList\",\"@id\":\"https:\\\/\\\/batijournal.com\\\/index.php\\\/le-groupe-rolpin-repris-par-ses-cadres-dirigeants\\\/76725\\\/#breadcrumb\",\"itemListElement\":[{\"@type\":\"ListItem\",\"position\":1,\"name\":\"Accueil\",\"item\":\"https:\\\/\\\/batijournal.com\\\/\"},{\"@type\":\"ListItem\",\"position\":2,\"name\":\"Actualit\u00e9s\",\"item\":\"https:\\\/\\\/batijournal.com\\\/index.php\\\/category\\\/actualites\\\/\"},{\"@type\":\"ListItem\",\"position\":3,\"name\":\"\u00c9conomie &amp; March\u00e9s\",\"item\":\"https:\\\/\\\/batijournal.com\\\/index.php\\\/category\\\/actualites\\\/economie-marches\\\/\"},{\"@type\":\"ListItem\",\"position\":4,\"name\":\"Le groupe Rolpin repris par ses cadres dirigeants\"}]},{\"@type\":\"WebSite\",\"@id\":\"https:\\\/\\\/batijournal.com\\\/#website\",\"url\":\"https:\\\/\\\/batijournal.com\\\/\",\"name\":\"Batijournal\",\"description\":\"L&#039;actualit\u00e9 du b\u00e2timent\",\"potentialAction\":[{\"@type\":\"SearchAction\",\"target\":{\"@type\":\"EntryPoint\",\"urlTemplate\":\"https:\\\/\\\/batijournal.com\\\/?s={search_term_string}\"},\"query-input\":{\"@type\":\"PropertyValueSpecification\",\"valueRequired\":true,\"valueName\":\"search_term_string\"}}],\"inLanguage\":\"fr-FR\"},{\"@type\":\"Person\",\"@id\":\"https:\\\/\\\/batijournal.com\\\/#\\\/schema\\\/person\\\/6a657e8967569e1b299972574848aa76\",\"name\":\"Bati-journal\",\"image\":{\"@type\":\"ImageObject\",\"inLanguage\":\"fr-FR\",\"@id\":\"https:\\\/\\\/secure.gravatar.com\\\/avatar\\\/a64364ea26392f9b4dd47e017ddaec74ff03aefc073b49e492e847201258f777?s=96&d=mm&r=g\",\"url\":\"https:\\\/\\\/secure.gravatar.com\\\/avatar\\\/a64364ea26392f9b4dd47e017ddaec74ff03aefc073b49e492e847201258f777?s=96&d=mm&r=g\",\"contentUrl\":\"https:\\\/\\\/secure.gravatar.com\\\/avatar\\\/a64364ea26392f9b4dd47e017ddaec74ff03aefc073b49e492e847201258f777?s=96&d=mm&r=g\",\"caption\":\"Bati-journal\"},\"url\":\"https:\\\/\\\/batijournal.com\\\/index.php\\\/author\\\/elodie\\\/\"}]}<\/script>\n<!-- \/ Yoast SEO plugin. -->","yoast_head_json":{"title":"Le groupe Rolpin repris par ses cadres dirigeants","robots":{"index":"index","follow":"follow","max-snippet":"max-snippet:-1","max-image-preview":"max-image-preview:large","max-video-preview":"max-video-preview:-1"},"canonical":"https:\/\/batijournal.com\/index.php\/le-groupe-rolpin-repris-par-ses-cadres-dirigeants\/76725\/","og_locale":"fr_FR","og_type":"article","og_title":"Le groupe Rolpin repris par ses cadres dirigeants","og_description":"Une \u00e9quipe de quatre cadres dirigeants a rachet\u00e9 la totalit\u00e9 des actions du groupe Rolpin constitu\u00e9 de trois usines fabriquant du contreplaqu\u00e9 (Rolpin \u00e0 Labouheyre dans les Landes), de la r\u00e9sine (Rolkem \u00e0 Mourenx dans les Pyr\u00e9n\u00e9es Atlantiques) et des papiers impr\u00e9gn\u00e9s, des plinthes et des moulures enrob\u00e9es (Rolpin Cepam \u00e0 Mauz\u00e9-sur-le-Mignon, dans les Deux-S\u00e8vres). [&hellip;]","og_url":"https:\/\/batijournal.com\/index.php\/le-groupe-rolpin-repris-par-ses-cadres-dirigeants\/76725\/","og_site_name":"Batijournal","article_published_time":"2012-10-11T14:00:53+00:00","article_modified_time":"2019-07-15T10:14:47+00:00","og_image":[{"width":599,"height":196,"url":"https:\/\/batijournal.com\/wp-content\/uploads\/2015\/03\/52498210.jpg","type":"image\/jpeg"}],"author":"Bati-journal","twitter_card":"summary_large_image","twitter_creator":"@bati_journal","twitter_site":"@bati_journal","twitter_misc":{"\u00c9crit par":"Bati-journal","Dur\u00e9e de lecture estim\u00e9e":"1 minute"},"schema":{"@context":"https:\/\/schema.org","@graph":[{"@type":"Article","@id":"https:\/\/batijournal.com\/index.php\/le-groupe-rolpin-repris-par-ses-cadres-dirigeants\/76725\/#article","isPartOf":{"@id":"https:\/\/batijournal.com\/index.php\/le-groupe-rolpin-repris-par-ses-cadres-dirigeants\/76725\/"},"author":{"name":"Bati-journal","@id":"https:\/\/batijournal.com\/#\/schema\/person\/6a657e8967569e1b299972574848aa76"},"headline":"Le groupe Rolpin repris par ses cadres dirigeants","datePublished":"2012-10-11T14:00:53+00:00","dateModified":"2019-07-15T10:14:47+00:00","mainEntityOfPage":{"@id":"https:\/\/batijournal.com\/index.php\/le-groupe-rolpin-repris-par-ses-cadres-dirigeants\/76725\/"},"wordCount":193,"commentCount":0,"image":{"@id":"https:\/\/batijournal.com\/index.php\/le-groupe-rolpin-repris-par-ses-cadres-dirigeants\/76725\/#primaryimage"},"thumbnailUrl":"https:\/\/batijournal.com\/wp-content\/uploads\/2015\/03\/52498210.jpg","keywords":["reprise"],"articleSection":["\u00c9conomie &amp; March\u00e9s"],"inLanguage":"fr-FR","potentialAction":[{"@type":"CommentAction","name":"Comment","target":["https:\/\/batijournal.com\/index.php\/le-groupe-rolpin-repris-par-ses-cadres-dirigeants\/76725\/#respond"]}]},{"@type":"WebPage","@id":"https:\/\/batijournal.com\/index.php\/le-groupe-rolpin-repris-par-ses-cadres-dirigeants\/76725\/","url":"https:\/\/batijournal.com\/index.php\/le-groupe-rolpin-repris-par-ses-cadres-dirigeants\/76725\/","name":"Le groupe Rolpin repris par ses cadres dirigeants","isPartOf":{"@id":"https:\/\/batijournal.com\/#website"},"primaryImageOfPage":{"@id":"https:\/\/batijournal.com\/index.php\/le-groupe-rolpin-repris-par-ses-cadres-dirigeants\/76725\/#primaryimage"},"image":{"@id":"https:\/\/batijournal.com\/index.php\/le-groupe-rolpin-repris-par-ses-cadres-dirigeants\/76725\/#primaryimage"},"thumbnailUrl":"https:\/\/batijournal.com\/wp-content\/uploads\/2015\/03\/52498210.jpg","datePublished":"2012-10-11T14:00:53+00:00","dateModified":"2019-07-15T10:14:47+00:00","author":{"@id":"https:\/\/batijournal.com\/#\/schema\/person\/6a657e8967569e1b299972574848aa76"},"breadcrumb":{"@id":"https:\/\/batijournal.com\/index.php\/le-groupe-rolpin-repris-par-ses-cadres-dirigeants\/76725\/#breadcrumb"},"inLanguage":"fr-FR","potentialAction":[{"@type":"ReadAction","target":["https:\/\/batijournal.com\/index.php\/le-groupe-rolpin-repris-par-ses-cadres-dirigeants\/76725\/"]}]},{"@type":"ImageObject","inLanguage":"fr-FR","@id":"https:\/\/batijournal.com\/index.php\/le-groupe-rolpin-repris-par-ses-cadres-dirigeants\/76725\/#primaryimage","url":"https:\/\/batijournal.com\/wp-content\/uploads\/2015\/03\/52498210.jpg","contentUrl":"https:\/\/batijournal.com\/wp-content\/uploads\/2015\/03\/52498210.jpg","width":599,"height":196},{"@type":"BreadcrumbList","@id":"https:\/\/batijournal.com\/index.php\/le-groupe-rolpin-repris-par-ses-cadres-dirigeants\/76725\/#breadcrumb","itemListElement":[{"@type":"ListItem","position":1,"name":"Accueil","item":"https:\/\/batijournal.com\/"},{"@type":"ListItem","position":2,"name":"Actualit\u00e9s","item":"https:\/\/batijournal.com\/index.php\/category\/actualites\/"},{"@type":"ListItem","position":3,"name":"\u00c9conomie &amp; March\u00e9s","item":"https:\/\/batijournal.com\/index.php\/category\/actualites\/economie-marches\/"},{"@type":"ListItem","position":4,"name":"Le groupe Rolpin repris par ses cadres dirigeants"}]},{"@type":"WebSite","@id":"https:\/\/batijournal.com\/#website","url":"https:\/\/batijournal.com\/","name":"Batijournal","description":"L&#039;actualit\u00e9 du b\u00e2timent","potentialAction":[{"@type":"SearchAction","target":{"@type":"EntryPoint","urlTemplate":"https:\/\/batijournal.com\/?s={search_term_string}"},"query-input":{"@type":"PropertyValueSpecification","valueRequired":true,"valueName":"search_term_string"}}],"inLanguage":"fr-FR"},{"@type":"Person","@id":"https:\/\/batijournal.com\/#\/schema\/person\/6a657e8967569e1b299972574848aa76","name":"Bati-journal","image":{"@type":"ImageObject","inLanguage":"fr-FR","@id":"https:\/\/secure.gravatar.com\/avatar\/a64364ea26392f9b4dd47e017ddaec74ff03aefc073b49e492e847201258f777?s=96&d=mm&r=g","url":"https:\/\/secure.gravatar.com\/avatar\/a64364ea26392f9b4dd47e017ddaec74ff03aefc073b49e492e847201258f777?s=96&d=mm&r=g","contentUrl":"https:\/\/secure.gravatar.com\/avatar\/a64364ea26392f9b4dd47e017ddaec74ff03aefc073b49e492e847201258f777?s=96&d=mm&r=g","caption":"Bati-journal"},"url":"https:\/\/batijournal.com\/index.php\/author\/elodie\/"}]}},"_links":{"self":[{"href":"https:\/\/batijournal.com\/index.php\/wp-json\/wp\/v2\/posts\/76725","targetHints":{"allow":["GET"]}}],"collection":[{"href":"https:\/\/batijournal.com\/index.php\/wp-json\/wp\/v2\/posts"}],"about":[{"href":"https:\/\/batijournal.com\/index.php\/wp-json\/wp\/v2\/types\/post"}],"author":[{"embeddable":true,"href":"https:\/\/batijournal.com\/index.php\/wp-json\/wp\/v2\/users\/1"}],"replies":[{"embeddable":true,"href":"https:\/\/batijournal.com\/index.php\/wp-json\/wp\/v2\/comments?post=76725"}],"version-history":[{"count":0,"href":"https:\/\/batijournal.com\/index.php\/wp-json\/wp\/v2\/posts\/76725\/revisions"}],"wp:featuredmedia":[{"embeddable":true,"href":"https:\/\/batijournal.com\/index.php\/wp-json\/wp\/v2\/media\/76726"}],"wp:attachment":[{"href":"https:\/\/batijournal.com\/index.php\/wp-json\/wp\/v2\/media?parent=76725"}],"wp:term":[{"taxonomy":"category","embeddable":true,"href":"https:\/\/batijournal.com\/index.php\/wp-json\/wp\/v2\/categories?post=76725"},{"taxonomy":"post_tag","embeddable":true,"href":"https:\/\/batijournal.com\/index.php\/wp-json\/wp\/v2\/tags?post=76725"}],"curies":[{"name":"wp","href":"https:\/\/api.w.org\/{rel}","templated":true}]}}