{"id":76763,"date":"2013-01-17T08:11:14","date_gmt":"2013-01-17T07:11:14","guid":{"rendered":"http:\/\/b.bati-journal.com\/2012-une-annee-faste-pour-mathis\/76763"},"modified":"2019-07-15T12:14:43","modified_gmt":"2019-07-15T10:14:43","slug":"2012-une-annee-faste-pour-mathis","status":"publish","type":"post","link":"https:\/\/batijournal.com\/index.php\/2012-une-annee-faste-pour-mathis\/76763\/","title":{"rendered":"2012, une ann\u00e9e faste pour Mathis"},"content":{"rendered":"<p>L&rsquo;entreprise familiale alsacienne Mathis (chiffre d&rsquo;affaires 42 M euros et 220 collaborateurs) conclut l&rsquo;ann\u00e9e 2012 avec un tr\u00e8s beau palmar\u00e8s. Le sp\u00e9cialiste de syst\u00e8mes constructifs complexes en bois lamell\u00e9 s&rsquo;est vu d\u00e9cerner le Prix Moniteur de la Construction, \u00e9dition r\u00e9gionale 2012, dans la cat\u00e9gorie Gros \u00a6uvre. Ce prix a \u00e9t\u00e9 suivi par le classement de Mathis comme num\u00e9ro un fran\u00e7ais de la construction bois en termes de chiffres d&rsquo;affaires dans l&rsquo;\u00e9tude 2012 du cabinet d&rsquo;\u00e9tudes financi\u00e8res Plimsoll. Le constructeur a aussi \u00e9t\u00e9 r\u00e9compens\u00e9 par le Grand Prix du salon de l&rsquo;immobilier d&rsquo;entreprise (SIMI) dans la cat\u00e9gorie Immeuble neuf attribu\u00e9 au nouveau si\u00e8ge de l&rsquo;INPI \u00e0 Courbevoie &#8211; une r\u00e9alisation ossature bois \u00e0 \u00e9nergie positive. La soci\u00e9t\u00e9 alsacienne a \u00e9galement obtenu l&rsquo;ann\u00e9e derni\u00e8re le label EPV (Entreprise du Patrimoine Vivant) qui distingue des savoir-faire fran\u00e7ais et leur implantation durable sur les territoires.<\/p>\n<p><span style=\"font-size: medium;\"><a href=\"http:\/\/www.mathis.eu\" target=\"_blank\" rel=\"noopener noreferrer\">www.mathis.eu<\/a><\/span><\/p>\n","protected":false},"excerpt":{"rendered":"<p>L&rsquo;entreprise familiale alsacienne Mathis (chiffre d&rsquo;affaires 42 M euros et 220 collaborateurs) conclut l&rsquo;ann\u00e9e 2012 avec un tr\u00e8s beau palmar\u00e8s. Le sp\u00e9cialiste de syst\u00e8mes constructifs complexes en bois lamell\u00e9 s&rsquo;est vu d\u00e9cerner le Prix Moniteur de la Construction, \u00e9dition r\u00e9gionale 2012, dans la cat\u00e9gorie Gros \u00a6uvre. Ce prix a \u00e9t\u00e9 suivi par le classement de [&hellip;]<\/p>\n","protected":false},"author":1,"featured_media":76764,"comment_status":"open","ping_status":"closed","sticky":false,"template":"","format":"standard","meta":{"_et_pb_use_builder":"","_et_pb_old_content":"","_et_gb_content_width":"","footnotes":""},"categories":[6345],"tags":[2561],"class_list":["post-76763","post","type-post","status-publish","format-standard","has-post-thumbnail","hentry","category-economie-marches","tag-mathis"],"yoast_head":"<!-- This site is optimized with the Yoast SEO plugin v27.4 - https:\/\/yoast.com\/product\/yoast-seo-wordpress\/ -->\n<title>2012, une ann\u00e9e faste pour Mathis<\/title>\n<meta name=\"robots\" content=\"index, follow, max-snippet:-1, max-image-preview:large, max-video-preview:-1\" \/>\n<link rel=\"canonical\" href=\"https:\/\/batijournal.com\/index.php\/2012-une-annee-faste-pour-mathis\/76763\/\" \/>\n<meta property=\"og:locale\" content=\"fr_FR\" \/>\n<meta property=\"og:type\" content=\"article\" \/>\n<meta property=\"og:title\" content=\"2012, une ann\u00e9e faste pour Mathis\" \/>\n<meta property=\"og:description\" content=\"L&rsquo;entreprise familiale alsacienne Mathis (chiffre d&rsquo;affaires 42 M euros et 220 collaborateurs) conclut l&rsquo;ann\u00e9e 2012 avec un tr\u00e8s beau palmar\u00e8s. Le sp\u00e9cialiste de syst\u00e8mes constructifs complexes en bois lamell\u00e9 s&rsquo;est vu d\u00e9cerner le Prix Moniteur de la Construction, \u00e9dition r\u00e9gionale 2012, dans la cat\u00e9gorie Gros \u00a6uvre. Ce prix a \u00e9t\u00e9 suivi par le classement de [&hellip;]\" \/>\n<meta property=\"og:url\" content=\"https:\/\/batijournal.com\/index.php\/2012-une-annee-faste-pour-mathis\/76763\/\" \/>\n<meta property=\"og:site_name\" content=\"Batijournal\" \/>\n<meta property=\"article:published_time\" content=\"2013-01-17T07:11:14+00:00\" \/>\n<meta property=\"article:modified_time\" content=\"2019-07-15T10:14:43+00:00\" \/>\n<meta property=\"og:image\" content=\"https:\/\/batijournal.com\/wp-content\/uploads\/2015\/03\/575204811.jpg\" \/>\n\t<meta property=\"og:image:width\" content=\"599\" \/>\n\t<meta property=\"og:image:height\" content=\"400\" \/>\n\t<meta property=\"og:image:type\" content=\"image\/jpeg\" \/>\n<meta name=\"author\" content=\"Bati-journal\" \/>\n<meta name=\"twitter:card\" content=\"summary_large_image\" \/>\n<meta name=\"twitter:creator\" content=\"@bati_journal\" \/>\n<meta name=\"twitter:site\" content=\"@bati_journal\" \/>\n<meta name=\"twitter:label1\" content=\"\u00c9crit par\" \/>\n\t<meta name=\"twitter:data1\" content=\"Bati-journal\" \/>\n\t<meta name=\"twitter:label2\" content=\"Dur\u00e9e de lecture estim\u00e9e\" \/>\n\t<meta name=\"twitter:data2\" content=\"1 minute\" \/>\n<script type=\"application\/ld+json\" class=\"yoast-schema-graph\">{\"@context\":\"https:\\\/\\\/schema.org\",\"@graph\":[{\"@type\":\"Article\",\"@id\":\"https:\\\/\\\/batijournal.com\\\/index.php\\\/2012-une-annee-faste-pour-mathis\\\/76763\\\/#article\",\"isPartOf\":{\"@id\":\"https:\\\/\\\/batijournal.com\\\/index.php\\\/2012-une-annee-faste-pour-mathis\\\/76763\\\/\"},\"author\":{\"name\":\"Bati-journal\",\"@id\":\"https:\\\/\\\/batijournal.com\\\/#\\\/schema\\\/person\\\/6a657e8967569e1b299972574848aa76\"},\"headline\":\"2012, une ann\u00e9e faste pour Mathis\",\"datePublished\":\"2013-01-17T07:11:14+00:00\",\"dateModified\":\"2019-07-15T10:14:43+00:00\",\"mainEntityOfPage\":{\"@id\":\"https:\\\/\\\/batijournal.com\\\/index.php\\\/2012-une-annee-faste-pour-mathis\\\/76763\\\/\"},\"wordCount\":173,\"commentCount\":0,\"image\":{\"@id\":\"https:\\\/\\\/batijournal.com\\\/index.php\\\/2012-une-annee-faste-pour-mathis\\\/76763\\\/#primaryimage\"},\"thumbnailUrl\":\"https:\\\/\\\/batijournal.com\\\/wp-content\\\/uploads\\\/2015\\\/03\\\/575204811.jpg\",\"keywords\":[\"Mathis\"],\"articleSection\":[\"\u00c9conomie &amp; March\u00e9s\"],\"inLanguage\":\"fr-FR\",\"potentialAction\":[{\"@type\":\"CommentAction\",\"name\":\"Comment\",\"target\":[\"https:\\\/\\\/batijournal.com\\\/index.php\\\/2012-une-annee-faste-pour-mathis\\\/76763\\\/#respond\"]}]},{\"@type\":\"WebPage\",\"@id\":\"https:\\\/\\\/batijournal.com\\\/index.php\\\/2012-une-annee-faste-pour-mathis\\\/76763\\\/\",\"url\":\"https:\\\/\\\/batijournal.com\\\/index.php\\\/2012-une-annee-faste-pour-mathis\\\/76763\\\/\",\"name\":\"2012, une ann\u00e9e faste pour Mathis\",\"isPartOf\":{\"@id\":\"https:\\\/\\\/batijournal.com\\\/#website\"},\"primaryImageOfPage\":{\"@id\":\"https:\\\/\\\/batijournal.com\\\/index.php\\\/2012-une-annee-faste-pour-mathis\\\/76763\\\/#primaryimage\"},\"image\":{\"@id\":\"https:\\\/\\\/batijournal.com\\\/index.php\\\/2012-une-annee-faste-pour-mathis\\\/76763\\\/#primaryimage\"},\"thumbnailUrl\":\"https:\\\/\\\/batijournal.com\\\/wp-content\\\/uploads\\\/2015\\\/03\\\/575204811.jpg\",\"datePublished\":\"2013-01-17T07:11:14+00:00\",\"dateModified\":\"2019-07-15T10:14:43+00:00\",\"author\":{\"@id\":\"https:\\\/\\\/batijournal.com\\\/#\\\/schema\\\/person\\\/6a657e8967569e1b299972574848aa76\"},\"breadcrumb\":{\"@id\":\"https:\\\/\\\/batijournal.com\\\/index.php\\\/2012-une-annee-faste-pour-mathis\\\/76763\\\/#breadcrumb\"},\"inLanguage\":\"fr-FR\",\"potentialAction\":[{\"@type\":\"ReadAction\",\"target\":[\"https:\\\/\\\/batijournal.com\\\/index.php\\\/2012-une-annee-faste-pour-mathis\\\/76763\\\/\"]}]},{\"@type\":\"ImageObject\",\"inLanguage\":\"fr-FR\",\"@id\":\"https:\\\/\\\/batijournal.com\\\/index.php\\\/2012-une-annee-faste-pour-mathis\\\/76763\\\/#primaryimage\",\"url\":\"https:\\\/\\\/batijournal.com\\\/wp-content\\\/uploads\\\/2015\\\/03\\\/575204811.jpg\",\"contentUrl\":\"https:\\\/\\\/batijournal.com\\\/wp-content\\\/uploads\\\/2015\\\/03\\\/575204811.jpg\",\"width\":599,\"height\":400},{\"@type\":\"BreadcrumbList\",\"@id\":\"https:\\\/\\\/batijournal.com\\\/index.php\\\/2012-une-annee-faste-pour-mathis\\\/76763\\\/#breadcrumb\",\"itemListElement\":[{\"@type\":\"ListItem\",\"position\":1,\"name\":\"Accueil\",\"item\":\"https:\\\/\\\/batijournal.com\\\/\"},{\"@type\":\"ListItem\",\"position\":2,\"name\":\"Actualit\u00e9s\",\"item\":\"https:\\\/\\\/batijournal.com\\\/index.php\\\/category\\\/actualites\\\/\"},{\"@type\":\"ListItem\",\"position\":3,\"name\":\"\u00c9conomie &amp; March\u00e9s\",\"item\":\"https:\\\/\\\/batijournal.com\\\/index.php\\\/category\\\/actualites\\\/economie-marches\\\/\"},{\"@type\":\"ListItem\",\"position\":4,\"name\":\"2012, une ann\u00e9e faste pour Mathis\"}]},{\"@type\":\"WebSite\",\"@id\":\"https:\\\/\\\/batijournal.com\\\/#website\",\"url\":\"https:\\\/\\\/batijournal.com\\\/\",\"name\":\"Batijournal\",\"description\":\"L&#039;actualit\u00e9 du b\u00e2timent\",\"potentialAction\":[{\"@type\":\"SearchAction\",\"target\":{\"@type\":\"EntryPoint\",\"urlTemplate\":\"https:\\\/\\\/batijournal.com\\\/?s={search_term_string}\"},\"query-input\":{\"@type\":\"PropertyValueSpecification\",\"valueRequired\":true,\"valueName\":\"search_term_string\"}}],\"inLanguage\":\"fr-FR\"},{\"@type\":\"Person\",\"@id\":\"https:\\\/\\\/batijournal.com\\\/#\\\/schema\\\/person\\\/6a657e8967569e1b299972574848aa76\",\"name\":\"Bati-journal\",\"image\":{\"@type\":\"ImageObject\",\"inLanguage\":\"fr-FR\",\"@id\":\"https:\\\/\\\/secure.gravatar.com\\\/avatar\\\/a64364ea26392f9b4dd47e017ddaec74ff03aefc073b49e492e847201258f777?s=96&d=mm&r=g\",\"url\":\"https:\\\/\\\/secure.gravatar.com\\\/avatar\\\/a64364ea26392f9b4dd47e017ddaec74ff03aefc073b49e492e847201258f777?s=96&d=mm&r=g\",\"contentUrl\":\"https:\\\/\\\/secure.gravatar.com\\\/avatar\\\/a64364ea26392f9b4dd47e017ddaec74ff03aefc073b49e492e847201258f777?s=96&d=mm&r=g\",\"caption\":\"Bati-journal\"},\"url\":\"https:\\\/\\\/batijournal.com\\\/index.php\\\/author\\\/elodie\\\/\"}]}<\/script>\n<!-- \/ Yoast SEO plugin. -->","yoast_head_json":{"title":"2012, une ann\u00e9e faste pour Mathis","robots":{"index":"index","follow":"follow","max-snippet":"max-snippet:-1","max-image-preview":"max-image-preview:large","max-video-preview":"max-video-preview:-1"},"canonical":"https:\/\/batijournal.com\/index.php\/2012-une-annee-faste-pour-mathis\/76763\/","og_locale":"fr_FR","og_type":"article","og_title":"2012, une ann\u00e9e faste pour Mathis","og_description":"L&rsquo;entreprise familiale alsacienne Mathis (chiffre d&rsquo;affaires 42 M euros et 220 collaborateurs) conclut l&rsquo;ann\u00e9e 2012 avec un tr\u00e8s beau palmar\u00e8s. Le sp\u00e9cialiste de syst\u00e8mes constructifs complexes en bois lamell\u00e9 s&rsquo;est vu d\u00e9cerner le Prix Moniteur de la Construction, \u00e9dition r\u00e9gionale 2012, dans la cat\u00e9gorie Gros \u00a6uvre. Ce prix a \u00e9t\u00e9 suivi par le classement de [&hellip;]","og_url":"https:\/\/batijournal.com\/index.php\/2012-une-annee-faste-pour-mathis\/76763\/","og_site_name":"Batijournal","article_published_time":"2013-01-17T07:11:14+00:00","article_modified_time":"2019-07-15T10:14:43+00:00","og_image":[{"width":599,"height":400,"url":"https:\/\/batijournal.com\/wp-content\/uploads\/2015\/03\/575204811.jpg","type":"image\/jpeg"}],"author":"Bati-journal","twitter_card":"summary_large_image","twitter_creator":"@bati_journal","twitter_site":"@bati_journal","twitter_misc":{"\u00c9crit par":"Bati-journal","Dur\u00e9e de lecture estim\u00e9e":"1 minute"},"schema":{"@context":"https:\/\/schema.org","@graph":[{"@type":"Article","@id":"https:\/\/batijournal.com\/index.php\/2012-une-annee-faste-pour-mathis\/76763\/#article","isPartOf":{"@id":"https:\/\/batijournal.com\/index.php\/2012-une-annee-faste-pour-mathis\/76763\/"},"author":{"name":"Bati-journal","@id":"https:\/\/batijournal.com\/#\/schema\/person\/6a657e8967569e1b299972574848aa76"},"headline":"2012, une ann\u00e9e faste pour Mathis","datePublished":"2013-01-17T07:11:14+00:00","dateModified":"2019-07-15T10:14:43+00:00","mainEntityOfPage":{"@id":"https:\/\/batijournal.com\/index.php\/2012-une-annee-faste-pour-mathis\/76763\/"},"wordCount":173,"commentCount":0,"image":{"@id":"https:\/\/batijournal.com\/index.php\/2012-une-annee-faste-pour-mathis\/76763\/#primaryimage"},"thumbnailUrl":"https:\/\/batijournal.com\/wp-content\/uploads\/2015\/03\/575204811.jpg","keywords":["Mathis"],"articleSection":["\u00c9conomie &amp; March\u00e9s"],"inLanguage":"fr-FR","potentialAction":[{"@type":"CommentAction","name":"Comment","target":["https:\/\/batijournal.com\/index.php\/2012-une-annee-faste-pour-mathis\/76763\/#respond"]}]},{"@type":"WebPage","@id":"https:\/\/batijournal.com\/index.php\/2012-une-annee-faste-pour-mathis\/76763\/","url":"https:\/\/batijournal.com\/index.php\/2012-une-annee-faste-pour-mathis\/76763\/","name":"2012, une ann\u00e9e faste pour Mathis","isPartOf":{"@id":"https:\/\/batijournal.com\/#website"},"primaryImageOfPage":{"@id":"https:\/\/batijournal.com\/index.php\/2012-une-annee-faste-pour-mathis\/76763\/#primaryimage"},"image":{"@id":"https:\/\/batijournal.com\/index.php\/2012-une-annee-faste-pour-mathis\/76763\/#primaryimage"},"thumbnailUrl":"https:\/\/batijournal.com\/wp-content\/uploads\/2015\/03\/575204811.jpg","datePublished":"2013-01-17T07:11:14+00:00","dateModified":"2019-07-15T10:14:43+00:00","author":{"@id":"https:\/\/batijournal.com\/#\/schema\/person\/6a657e8967569e1b299972574848aa76"},"breadcrumb":{"@id":"https:\/\/batijournal.com\/index.php\/2012-une-annee-faste-pour-mathis\/76763\/#breadcrumb"},"inLanguage":"fr-FR","potentialAction":[{"@type":"ReadAction","target":["https:\/\/batijournal.com\/index.php\/2012-une-annee-faste-pour-mathis\/76763\/"]}]},{"@type":"ImageObject","inLanguage":"fr-FR","@id":"https:\/\/batijournal.com\/index.php\/2012-une-annee-faste-pour-mathis\/76763\/#primaryimage","url":"https:\/\/batijournal.com\/wp-content\/uploads\/2015\/03\/575204811.jpg","contentUrl":"https:\/\/batijournal.com\/wp-content\/uploads\/2015\/03\/575204811.jpg","width":599,"height":400},{"@type":"BreadcrumbList","@id":"https:\/\/batijournal.com\/index.php\/2012-une-annee-faste-pour-mathis\/76763\/#breadcrumb","itemListElement":[{"@type":"ListItem","position":1,"name":"Accueil","item":"https:\/\/batijournal.com\/"},{"@type":"ListItem","position":2,"name":"Actualit\u00e9s","item":"https:\/\/batijournal.com\/index.php\/category\/actualites\/"},{"@type":"ListItem","position":3,"name":"\u00c9conomie &amp; March\u00e9s","item":"https:\/\/batijournal.com\/index.php\/category\/actualites\/economie-marches\/"},{"@type":"ListItem","position":4,"name":"2012, une ann\u00e9e faste pour Mathis"}]},{"@type":"WebSite","@id":"https:\/\/batijournal.com\/#website","url":"https:\/\/batijournal.com\/","name":"Batijournal","description":"L&#039;actualit\u00e9 du b\u00e2timent","potentialAction":[{"@type":"SearchAction","target":{"@type":"EntryPoint","urlTemplate":"https:\/\/batijournal.com\/?s={search_term_string}"},"query-input":{"@type":"PropertyValueSpecification","valueRequired":true,"valueName":"search_term_string"}}],"inLanguage":"fr-FR"},{"@type":"Person","@id":"https:\/\/batijournal.com\/#\/schema\/person\/6a657e8967569e1b299972574848aa76","name":"Bati-journal","image":{"@type":"ImageObject","inLanguage":"fr-FR","@id":"https:\/\/secure.gravatar.com\/avatar\/a64364ea26392f9b4dd47e017ddaec74ff03aefc073b49e492e847201258f777?s=96&d=mm&r=g","url":"https:\/\/secure.gravatar.com\/avatar\/a64364ea26392f9b4dd47e017ddaec74ff03aefc073b49e492e847201258f777?s=96&d=mm&r=g","contentUrl":"https:\/\/secure.gravatar.com\/avatar\/a64364ea26392f9b4dd47e017ddaec74ff03aefc073b49e492e847201258f777?s=96&d=mm&r=g","caption":"Bati-journal"},"url":"https:\/\/batijournal.com\/index.php\/author\/elodie\/"}]}},"_links":{"self":[{"href":"https:\/\/batijournal.com\/index.php\/wp-json\/wp\/v2\/posts\/76763","targetHints":{"allow":["GET"]}}],"collection":[{"href":"https:\/\/batijournal.com\/index.php\/wp-json\/wp\/v2\/posts"}],"about":[{"href":"https:\/\/batijournal.com\/index.php\/wp-json\/wp\/v2\/types\/post"}],"author":[{"embeddable":true,"href":"https:\/\/batijournal.com\/index.php\/wp-json\/wp\/v2\/users\/1"}],"replies":[{"embeddable":true,"href":"https:\/\/batijournal.com\/index.php\/wp-json\/wp\/v2\/comments?post=76763"}],"version-history":[{"count":0,"href":"https:\/\/batijournal.com\/index.php\/wp-json\/wp\/v2\/posts\/76763\/revisions"}],"wp:featuredmedia":[{"embeddable":true,"href":"https:\/\/batijournal.com\/index.php\/wp-json\/wp\/v2\/media\/76764"}],"wp:attachment":[{"href":"https:\/\/batijournal.com\/index.php\/wp-json\/wp\/v2\/media?parent=76763"}],"wp:term":[{"taxonomy":"category","embeddable":true,"href":"https:\/\/batijournal.com\/index.php\/wp-json\/wp\/v2\/categories?post=76763"},{"taxonomy":"post_tag","embeddable":true,"href":"https:\/\/batijournal.com\/index.php\/wp-json\/wp\/v2\/tags?post=76763"}],"curies":[{"name":"wp","href":"https:\/\/api.w.org\/{rel}","templated":true}]}}