{"id":76802,"date":"2013-04-19T08:28:53","date_gmt":"2013-04-19T06:28:53","guid":{"rendered":"http:\/\/b.bati-journal.com\/pavatex-inaugure-son-usine-dans-les-vosges\/76802"},"modified":"2019-07-15T12:14:39","modified_gmt":"2019-07-15T10:14:39","slug":"pavatex-inaugure-son-usine-dans-les-vosges","status":"publish","type":"post","link":"https:\/\/batijournal.com\/index.php\/pavatex-inaugure-son-usine-dans-les-vosges\/76802\/","title":{"rendered":"Pavatex inaugure son usine dans les Vosges"},"content":{"rendered":"<p>Pavatex vient de lancer la fabrication de panneaux isolants en fibres de bois sur son troisi\u00e8me site de production situ\u00e9 \u00e0 Golbey, dans les Vosges. Le site produira \u00e0 terme 50 000 tonnes de mati\u00e8re par an. L&rsquo;industriel suisse a \u00e9quip\u00e9 son usine fran\u00e7aise d&rsquo;un filtre \u00e9lectrostatique \u00e0 voie humide pour notamment assurer une qualit\u00e9 optimale de l&rsquo;air rejet\u00e9. Un syst\u00e8me de r\u00e9cup\u00e9ration des calories \u00e9mises par la ligne de production permettra de limiter les pertes \u00e9nerg\u00e9tiques. Par ailleurs, gr\u00e2ce aux synergies avec la papeterie voisine, l&rsquo;usine pourra alimenter sa ligne de production en \u00e9nergie thermique en utilisant la vapeur exc\u00e9dentaire due \u00e0 la fabrication du papier.<\/p>\n<p><span style=\"font-size: medium;\"><a href=\"http:\/\/www.pavatex.fr\" target=\"_blank\" rel=\"noopener noreferrer\">www.pavatex.fr<\/a><\/span><\/p>\n","protected":false},"excerpt":{"rendered":"<p>Pavatex vient de lancer la fabrication de panneaux isolants en fibres de bois sur son troisi\u00e8me site de production situ\u00e9 \u00e0 Golbey, dans les Vosges. Le site produira \u00e0 terme 50 000 tonnes de mati\u00e8re par an. L&rsquo;industriel suisse a \u00e9quip\u00e9 son usine fran\u00e7aise d&rsquo;un filtre \u00e9lectrostatique \u00e0 voie humide pour notamment assurer une qualit\u00e9 [&hellip;]<\/p>\n","protected":false},"author":1,"featured_media":76803,"comment_status":"open","ping_status":"closed","sticky":false,"template":"","format":"standard","meta":{"_et_pb_use_builder":"","_et_pb_old_content":"","_et_gb_content_width":"","footnotes":""},"categories":[6345],"tags":[3622,392],"class_list":["post-76802","post","type-post","status-publish","format-standard","has-post-thumbnail","hentry","category-economie-marches","tag-fibres-de-bois","tag-isolation-2"],"yoast_head":"<!-- This site is optimized with the Yoast SEO plugin v27.4 - https:\/\/yoast.com\/product\/yoast-seo-wordpress\/ -->\n<title>Pavatex inaugure son usine dans les Vosges<\/title>\n<meta name=\"robots\" content=\"index, follow, max-snippet:-1, max-image-preview:large, max-video-preview:-1\" \/>\n<link rel=\"canonical\" href=\"https:\/\/batijournal.com\/index.php\/pavatex-inaugure-son-usine-dans-les-vosges\/76802\/\" \/>\n<meta property=\"og:locale\" content=\"fr_FR\" \/>\n<meta property=\"og:type\" content=\"article\" \/>\n<meta property=\"og:title\" content=\"Pavatex inaugure son usine dans les Vosges\" \/>\n<meta property=\"og:description\" content=\"Pavatex vient de lancer la fabrication de panneaux isolants en fibres de bois sur son troisi\u00e8me site de production situ\u00e9 \u00e0 Golbey, dans les Vosges. Le site produira \u00e0 terme 50 000 tonnes de mati\u00e8re par an. L&rsquo;industriel suisse a \u00e9quip\u00e9 son usine fran\u00e7aise d&rsquo;un filtre \u00e9lectrostatique \u00e0 voie humide pour notamment assurer une qualit\u00e9 [&hellip;]\" \/>\n<meta property=\"og:url\" content=\"https:\/\/batijournal.com\/index.php\/pavatex-inaugure-son-usine-dans-les-vosges\/76802\/\" \/>\n<meta property=\"og:site_name\" content=\"Batijournal\" \/>\n<meta property=\"article:published_time\" content=\"2013-04-19T06:28:53+00:00\" \/>\n<meta property=\"article:modified_time\" content=\"2019-07-15T10:14:39+00:00\" \/>\n<meta property=\"og:image\" content=\"https:\/\/batijournal.com\/wp-content\/uploads\/2015\/03\/61913364.jpg\" \/>\n\t<meta property=\"og:image:width\" content=\"599\" \/>\n\t<meta property=\"og:image:height\" content=\"449\" \/>\n\t<meta property=\"og:image:type\" content=\"image\/jpeg\" \/>\n<meta name=\"author\" content=\"Bati-journal\" \/>\n<meta name=\"twitter:card\" content=\"summary_large_image\" \/>\n<meta name=\"twitter:creator\" content=\"@bati_journal\" \/>\n<meta name=\"twitter:site\" content=\"@bati_journal\" \/>\n<meta name=\"twitter:label1\" content=\"\u00c9crit par\" \/>\n\t<meta name=\"twitter:data1\" content=\"Bati-journal\" \/>\n\t<meta name=\"twitter:label2\" content=\"Dur\u00e9e de lecture estim\u00e9e\" \/>\n\t<meta name=\"twitter:data2\" content=\"1 minute\" \/>\n<script type=\"application\/ld+json\" class=\"yoast-schema-graph\">{\"@context\":\"https:\\\/\\\/schema.org\",\"@graph\":[{\"@type\":\"Article\",\"@id\":\"https:\\\/\\\/batijournal.com\\\/index.php\\\/pavatex-inaugure-son-usine-dans-les-vosges\\\/76802\\\/#article\",\"isPartOf\":{\"@id\":\"https:\\\/\\\/batijournal.com\\\/index.php\\\/pavatex-inaugure-son-usine-dans-les-vosges\\\/76802\\\/\"},\"author\":{\"name\":\"Bati-journal\",\"@id\":\"https:\\\/\\\/batijournal.com\\\/#\\\/schema\\\/person\\\/6a657e8967569e1b299972574848aa76\"},\"headline\":\"Pavatex inaugure son usine dans les Vosges\",\"datePublished\":\"2013-04-19T06:28:53+00:00\",\"dateModified\":\"2019-07-15T10:14:39+00:00\",\"mainEntityOfPage\":{\"@id\":\"https:\\\/\\\/batijournal.com\\\/index.php\\\/pavatex-inaugure-son-usine-dans-les-vosges\\\/76802\\\/\"},\"wordCount\":124,\"commentCount\":0,\"image\":{\"@id\":\"https:\\\/\\\/batijournal.com\\\/index.php\\\/pavatex-inaugure-son-usine-dans-les-vosges\\\/76802\\\/#primaryimage\"},\"thumbnailUrl\":\"https:\\\/\\\/batijournal.com\\\/wp-content\\\/uploads\\\/2015\\\/03\\\/61913364.jpg\",\"keywords\":[\"fibres de bois\",\"isolation\"],\"articleSection\":[\"\u00c9conomie &amp; March\u00e9s\"],\"inLanguage\":\"fr-FR\",\"potentialAction\":[{\"@type\":\"CommentAction\",\"name\":\"Comment\",\"target\":[\"https:\\\/\\\/batijournal.com\\\/index.php\\\/pavatex-inaugure-son-usine-dans-les-vosges\\\/76802\\\/#respond\"]}]},{\"@type\":\"WebPage\",\"@id\":\"https:\\\/\\\/batijournal.com\\\/index.php\\\/pavatex-inaugure-son-usine-dans-les-vosges\\\/76802\\\/\",\"url\":\"https:\\\/\\\/batijournal.com\\\/index.php\\\/pavatex-inaugure-son-usine-dans-les-vosges\\\/76802\\\/\",\"name\":\"Pavatex inaugure son usine dans les Vosges\",\"isPartOf\":{\"@id\":\"https:\\\/\\\/batijournal.com\\\/#website\"},\"primaryImageOfPage\":{\"@id\":\"https:\\\/\\\/batijournal.com\\\/index.php\\\/pavatex-inaugure-son-usine-dans-les-vosges\\\/76802\\\/#primaryimage\"},\"image\":{\"@id\":\"https:\\\/\\\/batijournal.com\\\/index.php\\\/pavatex-inaugure-son-usine-dans-les-vosges\\\/76802\\\/#primaryimage\"},\"thumbnailUrl\":\"https:\\\/\\\/batijournal.com\\\/wp-content\\\/uploads\\\/2015\\\/03\\\/61913364.jpg\",\"datePublished\":\"2013-04-19T06:28:53+00:00\",\"dateModified\":\"2019-07-15T10:14:39+00:00\",\"author\":{\"@id\":\"https:\\\/\\\/batijournal.com\\\/#\\\/schema\\\/person\\\/6a657e8967569e1b299972574848aa76\"},\"breadcrumb\":{\"@id\":\"https:\\\/\\\/batijournal.com\\\/index.php\\\/pavatex-inaugure-son-usine-dans-les-vosges\\\/76802\\\/#breadcrumb\"},\"inLanguage\":\"fr-FR\",\"potentialAction\":[{\"@type\":\"ReadAction\",\"target\":[\"https:\\\/\\\/batijournal.com\\\/index.php\\\/pavatex-inaugure-son-usine-dans-les-vosges\\\/76802\\\/\"]}]},{\"@type\":\"ImageObject\",\"inLanguage\":\"fr-FR\",\"@id\":\"https:\\\/\\\/batijournal.com\\\/index.php\\\/pavatex-inaugure-son-usine-dans-les-vosges\\\/76802\\\/#primaryimage\",\"url\":\"https:\\\/\\\/batijournal.com\\\/wp-content\\\/uploads\\\/2015\\\/03\\\/61913364.jpg\",\"contentUrl\":\"https:\\\/\\\/batijournal.com\\\/wp-content\\\/uploads\\\/2015\\\/03\\\/61913364.jpg\",\"width\":599,\"height\":449},{\"@type\":\"BreadcrumbList\",\"@id\":\"https:\\\/\\\/batijournal.com\\\/index.php\\\/pavatex-inaugure-son-usine-dans-les-vosges\\\/76802\\\/#breadcrumb\",\"itemListElement\":[{\"@type\":\"ListItem\",\"position\":1,\"name\":\"Accueil\",\"item\":\"https:\\\/\\\/batijournal.com\\\/\"},{\"@type\":\"ListItem\",\"position\":2,\"name\":\"Actualit\u00e9s\",\"item\":\"https:\\\/\\\/batijournal.com\\\/index.php\\\/category\\\/actualites\\\/\"},{\"@type\":\"ListItem\",\"position\":3,\"name\":\"\u00c9conomie &amp; March\u00e9s\",\"item\":\"https:\\\/\\\/batijournal.com\\\/index.php\\\/category\\\/actualites\\\/economie-marches\\\/\"},{\"@type\":\"ListItem\",\"position\":4,\"name\":\"Pavatex inaugure son usine dans les Vosges\"}]},{\"@type\":\"WebSite\",\"@id\":\"https:\\\/\\\/batijournal.com\\\/#website\",\"url\":\"https:\\\/\\\/batijournal.com\\\/\",\"name\":\"Batijournal\",\"description\":\"L&#039;actualit\u00e9 du b\u00e2timent\",\"potentialAction\":[{\"@type\":\"SearchAction\",\"target\":{\"@type\":\"EntryPoint\",\"urlTemplate\":\"https:\\\/\\\/batijournal.com\\\/?s={search_term_string}\"},\"query-input\":{\"@type\":\"PropertyValueSpecification\",\"valueRequired\":true,\"valueName\":\"search_term_string\"}}],\"inLanguage\":\"fr-FR\"},{\"@type\":\"Person\",\"@id\":\"https:\\\/\\\/batijournal.com\\\/#\\\/schema\\\/person\\\/6a657e8967569e1b299972574848aa76\",\"name\":\"Bati-journal\",\"image\":{\"@type\":\"ImageObject\",\"inLanguage\":\"fr-FR\",\"@id\":\"https:\\\/\\\/secure.gravatar.com\\\/avatar\\\/a64364ea26392f9b4dd47e017ddaec74ff03aefc073b49e492e847201258f777?s=96&d=mm&r=g\",\"url\":\"https:\\\/\\\/secure.gravatar.com\\\/avatar\\\/a64364ea26392f9b4dd47e017ddaec74ff03aefc073b49e492e847201258f777?s=96&d=mm&r=g\",\"contentUrl\":\"https:\\\/\\\/secure.gravatar.com\\\/avatar\\\/a64364ea26392f9b4dd47e017ddaec74ff03aefc073b49e492e847201258f777?s=96&d=mm&r=g\",\"caption\":\"Bati-journal\"},\"url\":\"https:\\\/\\\/batijournal.com\\\/index.php\\\/author\\\/elodie\\\/\"}]}<\/script>\n<!-- \/ Yoast SEO plugin. -->","yoast_head_json":{"title":"Pavatex inaugure son usine dans les Vosges","robots":{"index":"index","follow":"follow","max-snippet":"max-snippet:-1","max-image-preview":"max-image-preview:large","max-video-preview":"max-video-preview:-1"},"canonical":"https:\/\/batijournal.com\/index.php\/pavatex-inaugure-son-usine-dans-les-vosges\/76802\/","og_locale":"fr_FR","og_type":"article","og_title":"Pavatex inaugure son usine dans les Vosges","og_description":"Pavatex vient de lancer la fabrication de panneaux isolants en fibres de bois sur son troisi\u00e8me site de production situ\u00e9 \u00e0 Golbey, dans les Vosges. Le site produira \u00e0 terme 50 000 tonnes de mati\u00e8re par an. L&rsquo;industriel suisse a \u00e9quip\u00e9 son usine fran\u00e7aise d&rsquo;un filtre \u00e9lectrostatique \u00e0 voie humide pour notamment assurer une qualit\u00e9 [&hellip;]","og_url":"https:\/\/batijournal.com\/index.php\/pavatex-inaugure-son-usine-dans-les-vosges\/76802\/","og_site_name":"Batijournal","article_published_time":"2013-04-19T06:28:53+00:00","article_modified_time":"2019-07-15T10:14:39+00:00","og_image":[{"width":599,"height":449,"url":"https:\/\/batijournal.com\/wp-content\/uploads\/2015\/03\/61913364.jpg","type":"image\/jpeg"}],"author":"Bati-journal","twitter_card":"summary_large_image","twitter_creator":"@bati_journal","twitter_site":"@bati_journal","twitter_misc":{"\u00c9crit par":"Bati-journal","Dur\u00e9e de lecture estim\u00e9e":"1 minute"},"schema":{"@context":"https:\/\/schema.org","@graph":[{"@type":"Article","@id":"https:\/\/batijournal.com\/index.php\/pavatex-inaugure-son-usine-dans-les-vosges\/76802\/#article","isPartOf":{"@id":"https:\/\/batijournal.com\/index.php\/pavatex-inaugure-son-usine-dans-les-vosges\/76802\/"},"author":{"name":"Bati-journal","@id":"https:\/\/batijournal.com\/#\/schema\/person\/6a657e8967569e1b299972574848aa76"},"headline":"Pavatex inaugure son usine dans les Vosges","datePublished":"2013-04-19T06:28:53+00:00","dateModified":"2019-07-15T10:14:39+00:00","mainEntityOfPage":{"@id":"https:\/\/batijournal.com\/index.php\/pavatex-inaugure-son-usine-dans-les-vosges\/76802\/"},"wordCount":124,"commentCount":0,"image":{"@id":"https:\/\/batijournal.com\/index.php\/pavatex-inaugure-son-usine-dans-les-vosges\/76802\/#primaryimage"},"thumbnailUrl":"https:\/\/batijournal.com\/wp-content\/uploads\/2015\/03\/61913364.jpg","keywords":["fibres de bois","isolation"],"articleSection":["\u00c9conomie &amp; March\u00e9s"],"inLanguage":"fr-FR","potentialAction":[{"@type":"CommentAction","name":"Comment","target":["https:\/\/batijournal.com\/index.php\/pavatex-inaugure-son-usine-dans-les-vosges\/76802\/#respond"]}]},{"@type":"WebPage","@id":"https:\/\/batijournal.com\/index.php\/pavatex-inaugure-son-usine-dans-les-vosges\/76802\/","url":"https:\/\/batijournal.com\/index.php\/pavatex-inaugure-son-usine-dans-les-vosges\/76802\/","name":"Pavatex inaugure son usine dans les Vosges","isPartOf":{"@id":"https:\/\/batijournal.com\/#website"},"primaryImageOfPage":{"@id":"https:\/\/batijournal.com\/index.php\/pavatex-inaugure-son-usine-dans-les-vosges\/76802\/#primaryimage"},"image":{"@id":"https:\/\/batijournal.com\/index.php\/pavatex-inaugure-son-usine-dans-les-vosges\/76802\/#primaryimage"},"thumbnailUrl":"https:\/\/batijournal.com\/wp-content\/uploads\/2015\/03\/61913364.jpg","datePublished":"2013-04-19T06:28:53+00:00","dateModified":"2019-07-15T10:14:39+00:00","author":{"@id":"https:\/\/batijournal.com\/#\/schema\/person\/6a657e8967569e1b299972574848aa76"},"breadcrumb":{"@id":"https:\/\/batijournal.com\/index.php\/pavatex-inaugure-son-usine-dans-les-vosges\/76802\/#breadcrumb"},"inLanguage":"fr-FR","potentialAction":[{"@type":"ReadAction","target":["https:\/\/batijournal.com\/index.php\/pavatex-inaugure-son-usine-dans-les-vosges\/76802\/"]}]},{"@type":"ImageObject","inLanguage":"fr-FR","@id":"https:\/\/batijournal.com\/index.php\/pavatex-inaugure-son-usine-dans-les-vosges\/76802\/#primaryimage","url":"https:\/\/batijournal.com\/wp-content\/uploads\/2015\/03\/61913364.jpg","contentUrl":"https:\/\/batijournal.com\/wp-content\/uploads\/2015\/03\/61913364.jpg","width":599,"height":449},{"@type":"BreadcrumbList","@id":"https:\/\/batijournal.com\/index.php\/pavatex-inaugure-son-usine-dans-les-vosges\/76802\/#breadcrumb","itemListElement":[{"@type":"ListItem","position":1,"name":"Accueil","item":"https:\/\/batijournal.com\/"},{"@type":"ListItem","position":2,"name":"Actualit\u00e9s","item":"https:\/\/batijournal.com\/index.php\/category\/actualites\/"},{"@type":"ListItem","position":3,"name":"\u00c9conomie &amp; March\u00e9s","item":"https:\/\/batijournal.com\/index.php\/category\/actualites\/economie-marches\/"},{"@type":"ListItem","position":4,"name":"Pavatex inaugure son usine dans les Vosges"}]},{"@type":"WebSite","@id":"https:\/\/batijournal.com\/#website","url":"https:\/\/batijournal.com\/","name":"Batijournal","description":"L&#039;actualit\u00e9 du b\u00e2timent","potentialAction":[{"@type":"SearchAction","target":{"@type":"EntryPoint","urlTemplate":"https:\/\/batijournal.com\/?s={search_term_string}"},"query-input":{"@type":"PropertyValueSpecification","valueRequired":true,"valueName":"search_term_string"}}],"inLanguage":"fr-FR"},{"@type":"Person","@id":"https:\/\/batijournal.com\/#\/schema\/person\/6a657e8967569e1b299972574848aa76","name":"Bati-journal","image":{"@type":"ImageObject","inLanguage":"fr-FR","@id":"https:\/\/secure.gravatar.com\/avatar\/a64364ea26392f9b4dd47e017ddaec74ff03aefc073b49e492e847201258f777?s=96&d=mm&r=g","url":"https:\/\/secure.gravatar.com\/avatar\/a64364ea26392f9b4dd47e017ddaec74ff03aefc073b49e492e847201258f777?s=96&d=mm&r=g","contentUrl":"https:\/\/secure.gravatar.com\/avatar\/a64364ea26392f9b4dd47e017ddaec74ff03aefc073b49e492e847201258f777?s=96&d=mm&r=g","caption":"Bati-journal"},"url":"https:\/\/batijournal.com\/index.php\/author\/elodie\/"}]}},"_links":{"self":[{"href":"https:\/\/batijournal.com\/index.php\/wp-json\/wp\/v2\/posts\/76802","targetHints":{"allow":["GET"]}}],"collection":[{"href":"https:\/\/batijournal.com\/index.php\/wp-json\/wp\/v2\/posts"}],"about":[{"href":"https:\/\/batijournal.com\/index.php\/wp-json\/wp\/v2\/types\/post"}],"author":[{"embeddable":true,"href":"https:\/\/batijournal.com\/index.php\/wp-json\/wp\/v2\/users\/1"}],"replies":[{"embeddable":true,"href":"https:\/\/batijournal.com\/index.php\/wp-json\/wp\/v2\/comments?post=76802"}],"version-history":[{"count":0,"href":"https:\/\/batijournal.com\/index.php\/wp-json\/wp\/v2\/posts\/76802\/revisions"}],"wp:featuredmedia":[{"embeddable":true,"href":"https:\/\/batijournal.com\/index.php\/wp-json\/wp\/v2\/media\/76803"}],"wp:attachment":[{"href":"https:\/\/batijournal.com\/index.php\/wp-json\/wp\/v2\/media?parent=76802"}],"wp:term":[{"taxonomy":"category","embeddable":true,"href":"https:\/\/batijournal.com\/index.php\/wp-json\/wp\/v2\/categories?post=76802"},{"taxonomy":"post_tag","embeddable":true,"href":"https:\/\/batijournal.com\/index.php\/wp-json\/wp\/v2\/tags?post=76802"}],"curies":[{"name":"wp","href":"https:\/\/api.w.org\/{rel}","templated":true}]}}