{"id":76929,"date":"2013-10-25T07:38:13","date_gmt":"2013-10-25T05:38:13","guid":{"rendered":"http:\/\/b.bati-journal.com\/holz-schiller-opte-pour-le-bois-local\/76929"},"modified":"2019-07-15T12:14:26","modified_gmt":"2019-07-15T10:14:26","slug":"holz-schiller-opte-pour-le-bois-local","status":"publish","type":"post","link":"https:\/\/batijournal.com\/index.php\/holz-schiller-opte-pour-le-bois-local\/76929\/","title":{"rendered":"Holz Schiller opte pour le bois local"},"content":{"rendered":"<p>La soci\u00e9t\u00e9 allemande Holz Schiller d\u00e9veloppe la production de carrelets de fen\u00eatre avec des lamelles en duramen de pin, alternative aux produits traditionnels en m\u00e9ranti et en m\u00e9l\u00e8ze de Sib\u00e9rie. Gr\u00e2ce \u00e0 un investissement de 7,5 millions d&rsquo;euro, r\u00e9alis\u00e9 l&rsquo;ann\u00e9e derni\u00e8re, le fabricant allemand a augment\u00e9 sa capacit\u00e9 de production de 20 000 m3 par an pour atteindre 70 000 m3 par an. L&rsquo;usine de Cheb (R\u00e9publique tch\u00e8que), faisant partie des trois sites de production de la soci\u00e9t\u00e9, a \u00e9t\u00e9 agrandie avec la construction d&rsquo;un b\u00e2timent de 3 500 m2 abritant maintenant une installation de coupe et de tri. Parmi les acquisitions : un scanner Woodeye (Link\u00f6ping) qui commande la ligne d&rsquo;optimisation de coupe Paul (Durmentingen), un syst\u00e8me d&rsquo;automatisation Sicko (Zaisenhausen) et l&rsquo;unit\u00e9 d&rsquo;aboutage de NKT (Eppingen). Le collage est effectu\u00e9 par la presse de haute fr\u00e9quence Kallesoe (Lem). Selon Heinrich Schiller, directeur de Holz Schiller \u00e0 Regen (Allemagne), cette offre en bois local, issu de for\u00eats g\u00e9r\u00e9es durablement, correspond mieux aux attentes du march\u00e9 : \u00ab Un approvisionnement r\u00e9gulier de bonne qualit\u00e9 est, pour les fabricants de fen\u00eatres, parfois beaucoup plus important que l&rsquo;\u00e9conomie de quelques euros : une rupture de stock et un arr\u00eat de production seraient en fait plus co\u00fbteux. \u00bb<\/p>\n","protected":false},"excerpt":{"rendered":"<p>La soci\u00e9t\u00e9 allemande Holz Schiller d\u00e9veloppe la production de carrelets de fen\u00eatre avec des lamelles en duramen de pin, alternative aux produits traditionnels en m\u00e9ranti et en m\u00e9l\u00e8ze de Sib\u00e9rie. Gr\u00e2ce \u00e0 un investissement de 7,5 millions d&rsquo;euro, r\u00e9alis\u00e9 l&rsquo;ann\u00e9e derni\u00e8re, le fabricant allemand a augment\u00e9 sa capacit\u00e9 de production de 20 000 m3 par [&hellip;]<\/p>\n","protected":false},"author":1,"featured_media":76930,"comment_status":"open","ping_status":"closed","sticky":false,"template":"","format":"standard","meta":{"_et_pb_use_builder":"","_et_pb_old_content":"","_et_gb_content_width":"","footnotes":""},"categories":[6345],"tags":[990,427,3184,515],"class_list":["post-76929","post","type-post","status-publish","format-standard","has-post-thumbnail","hentry","category-economie-marches","tag-bois-local","tag-fenetre","tag-holz-schiller","tag-pin"],"yoast_head":"<!-- This site is optimized with the Yoast SEO plugin v27.4 - https:\/\/yoast.com\/product\/yoast-seo-wordpress\/ -->\n<title>Holz Schiller opte pour le bois local<\/title>\n<meta name=\"robots\" content=\"index, follow, max-snippet:-1, max-image-preview:large, max-video-preview:-1\" \/>\n<link rel=\"canonical\" href=\"https:\/\/batijournal.com\/index.php\/holz-schiller-opte-pour-le-bois-local\/76929\/\" \/>\n<meta property=\"og:locale\" content=\"fr_FR\" \/>\n<meta property=\"og:type\" content=\"article\" \/>\n<meta property=\"og:title\" content=\"Holz Schiller opte pour le bois local\" \/>\n<meta property=\"og:description\" content=\"La soci\u00e9t\u00e9 allemande Holz Schiller d\u00e9veloppe la production de carrelets de fen\u00eatre avec des lamelles en duramen de pin, alternative aux produits traditionnels en m\u00e9ranti et en m\u00e9l\u00e8ze de Sib\u00e9rie. Gr\u00e2ce \u00e0 un investissement de 7,5 millions d&rsquo;euro, r\u00e9alis\u00e9 l&rsquo;ann\u00e9e derni\u00e8re, le fabricant allemand a augment\u00e9 sa capacit\u00e9 de production de 20 000 m3 par [&hellip;]\" \/>\n<meta property=\"og:url\" content=\"https:\/\/batijournal.com\/index.php\/holz-schiller-opte-pour-le-bois-local\/76929\/\" \/>\n<meta property=\"og:site_name\" content=\"Batijournal\" \/>\n<meta property=\"article:published_time\" content=\"2013-10-25T05:38:13+00:00\" \/>\n<meta property=\"article:modified_time\" content=\"2019-07-15T10:14:26+00:00\" \/>\n<meta property=\"og:image\" content=\"https:\/\/batijournal.com\/wp-content\/uploads\/2015\/03\/731772161.jpg\" \/>\n\t<meta property=\"og:image:width\" content=\"599\" \/>\n\t<meta property=\"og:image:height\" content=\"359\" \/>\n\t<meta property=\"og:image:type\" content=\"image\/jpeg\" \/>\n<meta name=\"author\" content=\"Bati-journal\" \/>\n<meta name=\"twitter:card\" content=\"summary_large_image\" \/>\n<meta name=\"twitter:creator\" content=\"@bati_journal\" \/>\n<meta name=\"twitter:site\" content=\"@bati_journal\" \/>\n<meta name=\"twitter:label1\" content=\"\u00c9crit par\" \/>\n\t<meta name=\"twitter:data1\" content=\"Bati-journal\" \/>\n\t<meta name=\"twitter:label2\" content=\"Dur\u00e9e de lecture estim\u00e9e\" \/>\n\t<meta name=\"twitter:data2\" content=\"1 minute\" \/>\n<script type=\"application\/ld+json\" class=\"yoast-schema-graph\">{\"@context\":\"https:\\\/\\\/schema.org\",\"@graph\":[{\"@type\":\"Article\",\"@id\":\"https:\\\/\\\/batijournal.com\\\/index.php\\\/holz-schiller-opte-pour-le-bois-local\\\/76929\\\/#article\",\"isPartOf\":{\"@id\":\"https:\\\/\\\/batijournal.com\\\/index.php\\\/holz-schiller-opte-pour-le-bois-local\\\/76929\\\/\"},\"author\":{\"name\":\"Bati-journal\",\"@id\":\"https:\\\/\\\/batijournal.com\\\/#\\\/schema\\\/person\\\/6a657e8967569e1b299972574848aa76\"},\"headline\":\"Holz Schiller opte pour le bois local\",\"datePublished\":\"2013-10-25T05:38:13+00:00\",\"dateModified\":\"2019-07-15T10:14:26+00:00\",\"mainEntityOfPage\":{\"@id\":\"https:\\\/\\\/batijournal.com\\\/index.php\\\/holz-schiller-opte-pour-le-bois-local\\\/76929\\\/\"},\"wordCount\":231,\"commentCount\":0,\"image\":{\"@id\":\"https:\\\/\\\/batijournal.com\\\/index.php\\\/holz-schiller-opte-pour-le-bois-local\\\/76929\\\/#primaryimage\"},\"thumbnailUrl\":\"https:\\\/\\\/batijournal.com\\\/wp-content\\\/uploads\\\/2015\\\/03\\\/731772161.jpg\",\"keywords\":[\"bois local\",\"fen\u00eatre\",\"Holz Schiller\",\"pin\"],\"articleSection\":[\"\u00c9conomie &amp; March\u00e9s\"],\"inLanguage\":\"fr-FR\",\"potentialAction\":[{\"@type\":\"CommentAction\",\"name\":\"Comment\",\"target\":[\"https:\\\/\\\/batijournal.com\\\/index.php\\\/holz-schiller-opte-pour-le-bois-local\\\/76929\\\/#respond\"]}]},{\"@type\":\"WebPage\",\"@id\":\"https:\\\/\\\/batijournal.com\\\/index.php\\\/holz-schiller-opte-pour-le-bois-local\\\/76929\\\/\",\"url\":\"https:\\\/\\\/batijournal.com\\\/index.php\\\/holz-schiller-opte-pour-le-bois-local\\\/76929\\\/\",\"name\":\"Holz Schiller opte pour le bois local\",\"isPartOf\":{\"@id\":\"https:\\\/\\\/batijournal.com\\\/#website\"},\"primaryImageOfPage\":{\"@id\":\"https:\\\/\\\/batijournal.com\\\/index.php\\\/holz-schiller-opte-pour-le-bois-local\\\/76929\\\/#primaryimage\"},\"image\":{\"@id\":\"https:\\\/\\\/batijournal.com\\\/index.php\\\/holz-schiller-opte-pour-le-bois-local\\\/76929\\\/#primaryimage\"},\"thumbnailUrl\":\"https:\\\/\\\/batijournal.com\\\/wp-content\\\/uploads\\\/2015\\\/03\\\/731772161.jpg\",\"datePublished\":\"2013-10-25T05:38:13+00:00\",\"dateModified\":\"2019-07-15T10:14:26+00:00\",\"author\":{\"@id\":\"https:\\\/\\\/batijournal.com\\\/#\\\/schema\\\/person\\\/6a657e8967569e1b299972574848aa76\"},\"breadcrumb\":{\"@id\":\"https:\\\/\\\/batijournal.com\\\/index.php\\\/holz-schiller-opte-pour-le-bois-local\\\/76929\\\/#breadcrumb\"},\"inLanguage\":\"fr-FR\",\"potentialAction\":[{\"@type\":\"ReadAction\",\"target\":[\"https:\\\/\\\/batijournal.com\\\/index.php\\\/holz-schiller-opte-pour-le-bois-local\\\/76929\\\/\"]}]},{\"@type\":\"ImageObject\",\"inLanguage\":\"fr-FR\",\"@id\":\"https:\\\/\\\/batijournal.com\\\/index.php\\\/holz-schiller-opte-pour-le-bois-local\\\/76929\\\/#primaryimage\",\"url\":\"https:\\\/\\\/batijournal.com\\\/wp-content\\\/uploads\\\/2015\\\/03\\\/731772161.jpg\",\"contentUrl\":\"https:\\\/\\\/batijournal.com\\\/wp-content\\\/uploads\\\/2015\\\/03\\\/731772161.jpg\",\"width\":599,\"height\":359},{\"@type\":\"BreadcrumbList\",\"@id\":\"https:\\\/\\\/batijournal.com\\\/index.php\\\/holz-schiller-opte-pour-le-bois-local\\\/76929\\\/#breadcrumb\",\"itemListElement\":[{\"@type\":\"ListItem\",\"position\":1,\"name\":\"Accueil\",\"item\":\"https:\\\/\\\/batijournal.com\\\/\"},{\"@type\":\"ListItem\",\"position\":2,\"name\":\"Actualit\u00e9s\",\"item\":\"https:\\\/\\\/batijournal.com\\\/index.php\\\/category\\\/actualites\\\/\"},{\"@type\":\"ListItem\",\"position\":3,\"name\":\"\u00c9conomie &amp; March\u00e9s\",\"item\":\"https:\\\/\\\/batijournal.com\\\/index.php\\\/category\\\/actualites\\\/economie-marches\\\/\"},{\"@type\":\"ListItem\",\"position\":4,\"name\":\"Holz Schiller opte pour le bois local\"}]},{\"@type\":\"WebSite\",\"@id\":\"https:\\\/\\\/batijournal.com\\\/#website\",\"url\":\"https:\\\/\\\/batijournal.com\\\/\",\"name\":\"Batijournal\",\"description\":\"L&#039;actualit\u00e9 du b\u00e2timent\",\"potentialAction\":[{\"@type\":\"SearchAction\",\"target\":{\"@type\":\"EntryPoint\",\"urlTemplate\":\"https:\\\/\\\/batijournal.com\\\/?s={search_term_string}\"},\"query-input\":{\"@type\":\"PropertyValueSpecification\",\"valueRequired\":true,\"valueName\":\"search_term_string\"}}],\"inLanguage\":\"fr-FR\"},{\"@type\":\"Person\",\"@id\":\"https:\\\/\\\/batijournal.com\\\/#\\\/schema\\\/person\\\/6a657e8967569e1b299972574848aa76\",\"name\":\"Bati-journal\",\"image\":{\"@type\":\"ImageObject\",\"inLanguage\":\"fr-FR\",\"@id\":\"https:\\\/\\\/secure.gravatar.com\\\/avatar\\\/a64364ea26392f9b4dd47e017ddaec74ff03aefc073b49e492e847201258f777?s=96&d=mm&r=g\",\"url\":\"https:\\\/\\\/secure.gravatar.com\\\/avatar\\\/a64364ea26392f9b4dd47e017ddaec74ff03aefc073b49e492e847201258f777?s=96&d=mm&r=g\",\"contentUrl\":\"https:\\\/\\\/secure.gravatar.com\\\/avatar\\\/a64364ea26392f9b4dd47e017ddaec74ff03aefc073b49e492e847201258f777?s=96&d=mm&r=g\",\"caption\":\"Bati-journal\"},\"url\":\"https:\\\/\\\/batijournal.com\\\/index.php\\\/author\\\/elodie\\\/\"}]}<\/script>\n<!-- \/ Yoast SEO plugin. -->","yoast_head_json":{"title":"Holz Schiller opte pour le bois local","robots":{"index":"index","follow":"follow","max-snippet":"max-snippet:-1","max-image-preview":"max-image-preview:large","max-video-preview":"max-video-preview:-1"},"canonical":"https:\/\/batijournal.com\/index.php\/holz-schiller-opte-pour-le-bois-local\/76929\/","og_locale":"fr_FR","og_type":"article","og_title":"Holz Schiller opte pour le bois local","og_description":"La soci\u00e9t\u00e9 allemande Holz Schiller d\u00e9veloppe la production de carrelets de fen\u00eatre avec des lamelles en duramen de pin, alternative aux produits traditionnels en m\u00e9ranti et en m\u00e9l\u00e8ze de Sib\u00e9rie. Gr\u00e2ce \u00e0 un investissement de 7,5 millions d&rsquo;euro, r\u00e9alis\u00e9 l&rsquo;ann\u00e9e derni\u00e8re, le fabricant allemand a augment\u00e9 sa capacit\u00e9 de production de 20 000 m3 par [&hellip;]","og_url":"https:\/\/batijournal.com\/index.php\/holz-schiller-opte-pour-le-bois-local\/76929\/","og_site_name":"Batijournal","article_published_time":"2013-10-25T05:38:13+00:00","article_modified_time":"2019-07-15T10:14:26+00:00","og_image":[{"width":599,"height":359,"url":"https:\/\/batijournal.com\/wp-content\/uploads\/2015\/03\/731772161.jpg","type":"image\/jpeg"}],"author":"Bati-journal","twitter_card":"summary_large_image","twitter_creator":"@bati_journal","twitter_site":"@bati_journal","twitter_misc":{"\u00c9crit par":"Bati-journal","Dur\u00e9e de lecture estim\u00e9e":"1 minute"},"schema":{"@context":"https:\/\/schema.org","@graph":[{"@type":"Article","@id":"https:\/\/batijournal.com\/index.php\/holz-schiller-opte-pour-le-bois-local\/76929\/#article","isPartOf":{"@id":"https:\/\/batijournal.com\/index.php\/holz-schiller-opte-pour-le-bois-local\/76929\/"},"author":{"name":"Bati-journal","@id":"https:\/\/batijournal.com\/#\/schema\/person\/6a657e8967569e1b299972574848aa76"},"headline":"Holz Schiller opte pour le bois local","datePublished":"2013-10-25T05:38:13+00:00","dateModified":"2019-07-15T10:14:26+00:00","mainEntityOfPage":{"@id":"https:\/\/batijournal.com\/index.php\/holz-schiller-opte-pour-le-bois-local\/76929\/"},"wordCount":231,"commentCount":0,"image":{"@id":"https:\/\/batijournal.com\/index.php\/holz-schiller-opte-pour-le-bois-local\/76929\/#primaryimage"},"thumbnailUrl":"https:\/\/batijournal.com\/wp-content\/uploads\/2015\/03\/731772161.jpg","keywords":["bois local","fen\u00eatre","Holz Schiller","pin"],"articleSection":["\u00c9conomie &amp; March\u00e9s"],"inLanguage":"fr-FR","potentialAction":[{"@type":"CommentAction","name":"Comment","target":["https:\/\/batijournal.com\/index.php\/holz-schiller-opte-pour-le-bois-local\/76929\/#respond"]}]},{"@type":"WebPage","@id":"https:\/\/batijournal.com\/index.php\/holz-schiller-opte-pour-le-bois-local\/76929\/","url":"https:\/\/batijournal.com\/index.php\/holz-schiller-opte-pour-le-bois-local\/76929\/","name":"Holz Schiller opte pour le bois local","isPartOf":{"@id":"https:\/\/batijournal.com\/#website"},"primaryImageOfPage":{"@id":"https:\/\/batijournal.com\/index.php\/holz-schiller-opte-pour-le-bois-local\/76929\/#primaryimage"},"image":{"@id":"https:\/\/batijournal.com\/index.php\/holz-schiller-opte-pour-le-bois-local\/76929\/#primaryimage"},"thumbnailUrl":"https:\/\/batijournal.com\/wp-content\/uploads\/2015\/03\/731772161.jpg","datePublished":"2013-10-25T05:38:13+00:00","dateModified":"2019-07-15T10:14:26+00:00","author":{"@id":"https:\/\/batijournal.com\/#\/schema\/person\/6a657e8967569e1b299972574848aa76"},"breadcrumb":{"@id":"https:\/\/batijournal.com\/index.php\/holz-schiller-opte-pour-le-bois-local\/76929\/#breadcrumb"},"inLanguage":"fr-FR","potentialAction":[{"@type":"ReadAction","target":["https:\/\/batijournal.com\/index.php\/holz-schiller-opte-pour-le-bois-local\/76929\/"]}]},{"@type":"ImageObject","inLanguage":"fr-FR","@id":"https:\/\/batijournal.com\/index.php\/holz-schiller-opte-pour-le-bois-local\/76929\/#primaryimage","url":"https:\/\/batijournal.com\/wp-content\/uploads\/2015\/03\/731772161.jpg","contentUrl":"https:\/\/batijournal.com\/wp-content\/uploads\/2015\/03\/731772161.jpg","width":599,"height":359},{"@type":"BreadcrumbList","@id":"https:\/\/batijournal.com\/index.php\/holz-schiller-opte-pour-le-bois-local\/76929\/#breadcrumb","itemListElement":[{"@type":"ListItem","position":1,"name":"Accueil","item":"https:\/\/batijournal.com\/"},{"@type":"ListItem","position":2,"name":"Actualit\u00e9s","item":"https:\/\/batijournal.com\/index.php\/category\/actualites\/"},{"@type":"ListItem","position":3,"name":"\u00c9conomie &amp; March\u00e9s","item":"https:\/\/batijournal.com\/index.php\/category\/actualites\/economie-marches\/"},{"@type":"ListItem","position":4,"name":"Holz Schiller opte pour le bois local"}]},{"@type":"WebSite","@id":"https:\/\/batijournal.com\/#website","url":"https:\/\/batijournal.com\/","name":"Batijournal","description":"L&#039;actualit\u00e9 du b\u00e2timent","potentialAction":[{"@type":"SearchAction","target":{"@type":"EntryPoint","urlTemplate":"https:\/\/batijournal.com\/?s={search_term_string}"},"query-input":{"@type":"PropertyValueSpecification","valueRequired":true,"valueName":"search_term_string"}}],"inLanguage":"fr-FR"},{"@type":"Person","@id":"https:\/\/batijournal.com\/#\/schema\/person\/6a657e8967569e1b299972574848aa76","name":"Bati-journal","image":{"@type":"ImageObject","inLanguage":"fr-FR","@id":"https:\/\/secure.gravatar.com\/avatar\/a64364ea26392f9b4dd47e017ddaec74ff03aefc073b49e492e847201258f777?s=96&d=mm&r=g","url":"https:\/\/secure.gravatar.com\/avatar\/a64364ea26392f9b4dd47e017ddaec74ff03aefc073b49e492e847201258f777?s=96&d=mm&r=g","contentUrl":"https:\/\/secure.gravatar.com\/avatar\/a64364ea26392f9b4dd47e017ddaec74ff03aefc073b49e492e847201258f777?s=96&d=mm&r=g","caption":"Bati-journal"},"url":"https:\/\/batijournal.com\/index.php\/author\/elodie\/"}]}},"_links":{"self":[{"href":"https:\/\/batijournal.com\/index.php\/wp-json\/wp\/v2\/posts\/76929","targetHints":{"allow":["GET"]}}],"collection":[{"href":"https:\/\/batijournal.com\/index.php\/wp-json\/wp\/v2\/posts"}],"about":[{"href":"https:\/\/batijournal.com\/index.php\/wp-json\/wp\/v2\/types\/post"}],"author":[{"embeddable":true,"href":"https:\/\/batijournal.com\/index.php\/wp-json\/wp\/v2\/users\/1"}],"replies":[{"embeddable":true,"href":"https:\/\/batijournal.com\/index.php\/wp-json\/wp\/v2\/comments?post=76929"}],"version-history":[{"count":0,"href":"https:\/\/batijournal.com\/index.php\/wp-json\/wp\/v2\/posts\/76929\/revisions"}],"wp:featuredmedia":[{"embeddable":true,"href":"https:\/\/batijournal.com\/index.php\/wp-json\/wp\/v2\/media\/76930"}],"wp:attachment":[{"href":"https:\/\/batijournal.com\/index.php\/wp-json\/wp\/v2\/media?parent=76929"}],"wp:term":[{"taxonomy":"category","embeddable":true,"href":"https:\/\/batijournal.com\/index.php\/wp-json\/wp\/v2\/categories?post=76929"},{"taxonomy":"post_tag","embeddable":true,"href":"https:\/\/batijournal.com\/index.php\/wp-json\/wp\/v2\/tags?post=76929"}],"curies":[{"name":"wp","href":"https:\/\/api.w.org\/{rel}","templated":true}]}}