{"id":76935,"date":"2013-11-13T08:09:43","date_gmt":"2013-11-13T07:09:43","guid":{"rendered":"http:\/\/b.bati-journal.com\/rachat-de-la-parqueterie-berrichonne\/76935"},"modified":"2019-07-15T12:14:25","modified_gmt":"2019-07-15T10:14:25","slug":"rachat-de-la-parqueterie-berrichonne","status":"publish","type":"post","link":"https:\/\/batijournal.com\/index.php\/rachat-de-la-parqueterie-berrichonne\/76935\/","title":{"rendered":"Rachat de la Parqueterie Berrichonne"},"content":{"rendered":"<h4>Fabricant fran\u00e7ais de parquets depuis 1947, la Parqueterie Berrichonne vient d&rsquo;\u00eatre rachet\u00e9e par ses cadres dirigeants : Dominique Bouillet (directeur g\u00e9n\u00e9ral), Philippe Merigot (responsable production) et Fabien Dufour (directeur des ventes).<\/h4>\n<p>Ce projet de reprise, intervenu \u00e0 la suite d&rsquo;un redressement judiciaire, a \u00e9t\u00e9 retenu par le Tribunal de Commerce de Ch\u00e2teauroux le 31 octobre dernier et permettra la continuit\u00e9 de l&rsquo;activit\u00e9 sur le site Parqueterie Berrichonne \u00e0 Ardentes (36). La soci\u00e9t\u00e9, qui depuis 1999 faisait partie du groupe italien Margaritelli, porte d\u00e9sormais le nom de France Production Parquet Innovation SAS, mais conserve la marque \u00ab Parqueterie Berrichonne \u00bb. Ses dirigeants annoncent un programme d&rsquo;investissements au sein de l&rsquo;usine, le d\u00e9veloppement de nouveaux produits (types de pose, teintes&#8230;) et le recrutement de deux commerciaux et d&rsquo;un responsable administratif et financier.<\/p>\n<p><span style=\"font-size: medium;\"><a href=\"http:\/\/www.parqueterieberrichonne.com\" target=\"_blank\" rel=\"noopener noreferrer\">www.parqueterieberrichonne.com<\/a><\/span><\/p>\n","protected":false},"excerpt":{"rendered":"<p>Fabricant fran\u00e7ais de parquets depuis 1947, la Parqueterie Berrichonne vient d&rsquo;\u00eatre rachet\u00e9e par ses cadres dirigeants : Dominique Bouillet (directeur g\u00e9n\u00e9ral), Philippe Merigot (responsable production) et Fabien Dufour (directeur des ventes). Ce projet de reprise, intervenu \u00e0 la suite d&rsquo;un redressement judiciaire, a \u00e9t\u00e9 retenu par le Tribunal de Commerce de Ch\u00e2teauroux le 31 octobre [&hellip;]<\/p>\n","protected":false},"author":1,"featured_media":76936,"comment_status":"open","ping_status":"closed","sticky":false,"template":"","format":"standard","meta":{"_et_pb_use_builder":"","_et_pb_old_content":"","_et_gb_content_width":"","footnotes":""},"categories":[6345],"tags":[192,3289,840],"class_list":["post-76935","post","type-post","status-publish","format-standard","has-post-thumbnail","hentry","category-economie-marches","tag-parquet","tag-parqueterie-berrichonne","tag-rachat"],"yoast_head":"<!-- This site is optimized with the Yoast SEO plugin v27.4 - https:\/\/yoast.com\/product\/yoast-seo-wordpress\/ -->\n<title>Rachat de la Parqueterie Berrichonne<\/title>\n<meta name=\"robots\" content=\"index, follow, max-snippet:-1, max-image-preview:large, max-video-preview:-1\" \/>\n<link rel=\"canonical\" href=\"https:\/\/batijournal.com\/index.php\/rachat-de-la-parqueterie-berrichonne\/76935\/\" \/>\n<meta property=\"og:locale\" content=\"fr_FR\" \/>\n<meta property=\"og:type\" content=\"article\" \/>\n<meta property=\"og:title\" content=\"Rachat de la Parqueterie Berrichonne\" \/>\n<meta property=\"og:description\" content=\"Fabricant fran\u00e7ais de parquets depuis 1947, la Parqueterie Berrichonne vient d&rsquo;\u00eatre rachet\u00e9e par ses cadres dirigeants : Dominique Bouillet (directeur g\u00e9n\u00e9ral), Philippe Merigot (responsable production) et Fabien Dufour (directeur des ventes). Ce projet de reprise, intervenu \u00e0 la suite d&rsquo;un redressement judiciaire, a \u00e9t\u00e9 retenu par le Tribunal de Commerce de Ch\u00e2teauroux le 31 octobre [&hellip;]\" \/>\n<meta property=\"og:url\" content=\"https:\/\/batijournal.com\/index.php\/rachat-de-la-parqueterie-berrichonne\/76935\/\" \/>\n<meta property=\"og:site_name\" content=\"Batijournal\" \/>\n<meta property=\"article:published_time\" content=\"2013-11-13T07:09:43+00:00\" \/>\n<meta property=\"article:modified_time\" content=\"2019-07-15T10:14:25+00:00\" \/>\n<meta property=\"og:image\" content=\"https:\/\/batijournal.com\/wp-content\/uploads\/2015\/03\/74424646.jpg\" \/>\n\t<meta property=\"og:image:width\" content=\"514\" \/>\n\t<meta property=\"og:image:height\" content=\"599\" \/>\n\t<meta property=\"og:image:type\" content=\"image\/jpeg\" \/>\n<meta name=\"author\" content=\"Bati-journal\" \/>\n<meta name=\"twitter:card\" content=\"summary_large_image\" \/>\n<meta name=\"twitter:creator\" content=\"@bati_journal\" \/>\n<meta name=\"twitter:site\" content=\"@bati_journal\" \/>\n<meta name=\"twitter:label1\" content=\"\u00c9crit par\" \/>\n\t<meta name=\"twitter:data1\" content=\"Bati-journal\" \/>\n\t<meta name=\"twitter:label2\" content=\"Dur\u00e9e de lecture estim\u00e9e\" \/>\n\t<meta name=\"twitter:data2\" content=\"1 minute\" \/>\n<script type=\"application\/ld+json\" class=\"yoast-schema-graph\">{\"@context\":\"https:\\\/\\\/schema.org\",\"@graph\":[{\"@type\":\"Article\",\"@id\":\"https:\\\/\\\/batijournal.com\\\/index.php\\\/rachat-de-la-parqueterie-berrichonne\\\/76935\\\/#article\",\"isPartOf\":{\"@id\":\"https:\\\/\\\/batijournal.com\\\/index.php\\\/rachat-de-la-parqueterie-berrichonne\\\/76935\\\/\"},\"author\":{\"name\":\"Bati-journal\",\"@id\":\"https:\\\/\\\/batijournal.com\\\/#\\\/schema\\\/person\\\/6a657e8967569e1b299972574848aa76\"},\"headline\":\"Rachat de la Parqueterie Berrichonne\",\"datePublished\":\"2013-11-13T07:09:43+00:00\",\"dateModified\":\"2019-07-15T10:14:25+00:00\",\"mainEntityOfPage\":{\"@id\":\"https:\\\/\\\/batijournal.com\\\/index.php\\\/rachat-de-la-parqueterie-berrichonne\\\/76935\\\/\"},\"wordCount\":143,\"commentCount\":0,\"image\":{\"@id\":\"https:\\\/\\\/batijournal.com\\\/index.php\\\/rachat-de-la-parqueterie-berrichonne\\\/76935\\\/#primaryimage\"},\"thumbnailUrl\":\"https:\\\/\\\/batijournal.com\\\/wp-content\\\/uploads\\\/2015\\\/03\\\/74424646.jpg\",\"keywords\":[\"parquet\",\"Parqueterie Berrichonne\",\"rachat\"],\"articleSection\":[\"\u00c9conomie &amp; March\u00e9s\"],\"inLanguage\":\"fr-FR\",\"potentialAction\":[{\"@type\":\"CommentAction\",\"name\":\"Comment\",\"target\":[\"https:\\\/\\\/batijournal.com\\\/index.php\\\/rachat-de-la-parqueterie-berrichonne\\\/76935\\\/#respond\"]}]},{\"@type\":\"WebPage\",\"@id\":\"https:\\\/\\\/batijournal.com\\\/index.php\\\/rachat-de-la-parqueterie-berrichonne\\\/76935\\\/\",\"url\":\"https:\\\/\\\/batijournal.com\\\/index.php\\\/rachat-de-la-parqueterie-berrichonne\\\/76935\\\/\",\"name\":\"Rachat de la Parqueterie Berrichonne\",\"isPartOf\":{\"@id\":\"https:\\\/\\\/batijournal.com\\\/#website\"},\"primaryImageOfPage\":{\"@id\":\"https:\\\/\\\/batijournal.com\\\/index.php\\\/rachat-de-la-parqueterie-berrichonne\\\/76935\\\/#primaryimage\"},\"image\":{\"@id\":\"https:\\\/\\\/batijournal.com\\\/index.php\\\/rachat-de-la-parqueterie-berrichonne\\\/76935\\\/#primaryimage\"},\"thumbnailUrl\":\"https:\\\/\\\/batijournal.com\\\/wp-content\\\/uploads\\\/2015\\\/03\\\/74424646.jpg\",\"datePublished\":\"2013-11-13T07:09:43+00:00\",\"dateModified\":\"2019-07-15T10:14:25+00:00\",\"author\":{\"@id\":\"https:\\\/\\\/batijournal.com\\\/#\\\/schema\\\/person\\\/6a657e8967569e1b299972574848aa76\"},\"breadcrumb\":{\"@id\":\"https:\\\/\\\/batijournal.com\\\/index.php\\\/rachat-de-la-parqueterie-berrichonne\\\/76935\\\/#breadcrumb\"},\"inLanguage\":\"fr-FR\",\"potentialAction\":[{\"@type\":\"ReadAction\",\"target\":[\"https:\\\/\\\/batijournal.com\\\/index.php\\\/rachat-de-la-parqueterie-berrichonne\\\/76935\\\/\"]}]},{\"@type\":\"ImageObject\",\"inLanguage\":\"fr-FR\",\"@id\":\"https:\\\/\\\/batijournal.com\\\/index.php\\\/rachat-de-la-parqueterie-berrichonne\\\/76935\\\/#primaryimage\",\"url\":\"https:\\\/\\\/batijournal.com\\\/wp-content\\\/uploads\\\/2015\\\/03\\\/74424646.jpg\",\"contentUrl\":\"https:\\\/\\\/batijournal.com\\\/wp-content\\\/uploads\\\/2015\\\/03\\\/74424646.jpg\",\"width\":514,\"height\":599},{\"@type\":\"BreadcrumbList\",\"@id\":\"https:\\\/\\\/batijournal.com\\\/index.php\\\/rachat-de-la-parqueterie-berrichonne\\\/76935\\\/#breadcrumb\",\"itemListElement\":[{\"@type\":\"ListItem\",\"position\":1,\"name\":\"Accueil\",\"item\":\"https:\\\/\\\/batijournal.com\\\/\"},{\"@type\":\"ListItem\",\"position\":2,\"name\":\"Actualit\u00e9s\",\"item\":\"https:\\\/\\\/batijournal.com\\\/index.php\\\/category\\\/actualites\\\/\"},{\"@type\":\"ListItem\",\"position\":3,\"name\":\"\u00c9conomie &amp; March\u00e9s\",\"item\":\"https:\\\/\\\/batijournal.com\\\/index.php\\\/category\\\/actualites\\\/economie-marches\\\/\"},{\"@type\":\"ListItem\",\"position\":4,\"name\":\"Rachat de la Parqueterie Berrichonne\"}]},{\"@type\":\"WebSite\",\"@id\":\"https:\\\/\\\/batijournal.com\\\/#website\",\"url\":\"https:\\\/\\\/batijournal.com\\\/\",\"name\":\"Batijournal\",\"description\":\"L&#039;actualit\u00e9 du b\u00e2timent\",\"potentialAction\":[{\"@type\":\"SearchAction\",\"target\":{\"@type\":\"EntryPoint\",\"urlTemplate\":\"https:\\\/\\\/batijournal.com\\\/?s={search_term_string}\"},\"query-input\":{\"@type\":\"PropertyValueSpecification\",\"valueRequired\":true,\"valueName\":\"search_term_string\"}}],\"inLanguage\":\"fr-FR\"},{\"@type\":\"Person\",\"@id\":\"https:\\\/\\\/batijournal.com\\\/#\\\/schema\\\/person\\\/6a657e8967569e1b299972574848aa76\",\"name\":\"Bati-journal\",\"image\":{\"@type\":\"ImageObject\",\"inLanguage\":\"fr-FR\",\"@id\":\"https:\\\/\\\/secure.gravatar.com\\\/avatar\\\/a64364ea26392f9b4dd47e017ddaec74ff03aefc073b49e492e847201258f777?s=96&d=mm&r=g\",\"url\":\"https:\\\/\\\/secure.gravatar.com\\\/avatar\\\/a64364ea26392f9b4dd47e017ddaec74ff03aefc073b49e492e847201258f777?s=96&d=mm&r=g\",\"contentUrl\":\"https:\\\/\\\/secure.gravatar.com\\\/avatar\\\/a64364ea26392f9b4dd47e017ddaec74ff03aefc073b49e492e847201258f777?s=96&d=mm&r=g\",\"caption\":\"Bati-journal\"},\"url\":\"https:\\\/\\\/batijournal.com\\\/index.php\\\/author\\\/elodie\\\/\"}]}<\/script>\n<!-- \/ Yoast SEO plugin. -->","yoast_head_json":{"title":"Rachat de la Parqueterie Berrichonne","robots":{"index":"index","follow":"follow","max-snippet":"max-snippet:-1","max-image-preview":"max-image-preview:large","max-video-preview":"max-video-preview:-1"},"canonical":"https:\/\/batijournal.com\/index.php\/rachat-de-la-parqueterie-berrichonne\/76935\/","og_locale":"fr_FR","og_type":"article","og_title":"Rachat de la Parqueterie Berrichonne","og_description":"Fabricant fran\u00e7ais de parquets depuis 1947, la Parqueterie Berrichonne vient d&rsquo;\u00eatre rachet\u00e9e par ses cadres dirigeants : Dominique Bouillet (directeur g\u00e9n\u00e9ral), Philippe Merigot (responsable production) et Fabien Dufour (directeur des ventes). Ce projet de reprise, intervenu \u00e0 la suite d&rsquo;un redressement judiciaire, a \u00e9t\u00e9 retenu par le Tribunal de Commerce de Ch\u00e2teauroux le 31 octobre [&hellip;]","og_url":"https:\/\/batijournal.com\/index.php\/rachat-de-la-parqueterie-berrichonne\/76935\/","og_site_name":"Batijournal","article_published_time":"2013-11-13T07:09:43+00:00","article_modified_time":"2019-07-15T10:14:25+00:00","og_image":[{"width":514,"height":599,"url":"https:\/\/batijournal.com\/wp-content\/uploads\/2015\/03\/74424646.jpg","type":"image\/jpeg"}],"author":"Bati-journal","twitter_card":"summary_large_image","twitter_creator":"@bati_journal","twitter_site":"@bati_journal","twitter_misc":{"\u00c9crit par":"Bati-journal","Dur\u00e9e de lecture estim\u00e9e":"1 minute"},"schema":{"@context":"https:\/\/schema.org","@graph":[{"@type":"Article","@id":"https:\/\/batijournal.com\/index.php\/rachat-de-la-parqueterie-berrichonne\/76935\/#article","isPartOf":{"@id":"https:\/\/batijournal.com\/index.php\/rachat-de-la-parqueterie-berrichonne\/76935\/"},"author":{"name":"Bati-journal","@id":"https:\/\/batijournal.com\/#\/schema\/person\/6a657e8967569e1b299972574848aa76"},"headline":"Rachat de la Parqueterie Berrichonne","datePublished":"2013-11-13T07:09:43+00:00","dateModified":"2019-07-15T10:14:25+00:00","mainEntityOfPage":{"@id":"https:\/\/batijournal.com\/index.php\/rachat-de-la-parqueterie-berrichonne\/76935\/"},"wordCount":143,"commentCount":0,"image":{"@id":"https:\/\/batijournal.com\/index.php\/rachat-de-la-parqueterie-berrichonne\/76935\/#primaryimage"},"thumbnailUrl":"https:\/\/batijournal.com\/wp-content\/uploads\/2015\/03\/74424646.jpg","keywords":["parquet","Parqueterie Berrichonne","rachat"],"articleSection":["\u00c9conomie &amp; March\u00e9s"],"inLanguage":"fr-FR","potentialAction":[{"@type":"CommentAction","name":"Comment","target":["https:\/\/batijournal.com\/index.php\/rachat-de-la-parqueterie-berrichonne\/76935\/#respond"]}]},{"@type":"WebPage","@id":"https:\/\/batijournal.com\/index.php\/rachat-de-la-parqueterie-berrichonne\/76935\/","url":"https:\/\/batijournal.com\/index.php\/rachat-de-la-parqueterie-berrichonne\/76935\/","name":"Rachat de la Parqueterie Berrichonne","isPartOf":{"@id":"https:\/\/batijournal.com\/#website"},"primaryImageOfPage":{"@id":"https:\/\/batijournal.com\/index.php\/rachat-de-la-parqueterie-berrichonne\/76935\/#primaryimage"},"image":{"@id":"https:\/\/batijournal.com\/index.php\/rachat-de-la-parqueterie-berrichonne\/76935\/#primaryimage"},"thumbnailUrl":"https:\/\/batijournal.com\/wp-content\/uploads\/2015\/03\/74424646.jpg","datePublished":"2013-11-13T07:09:43+00:00","dateModified":"2019-07-15T10:14:25+00:00","author":{"@id":"https:\/\/batijournal.com\/#\/schema\/person\/6a657e8967569e1b299972574848aa76"},"breadcrumb":{"@id":"https:\/\/batijournal.com\/index.php\/rachat-de-la-parqueterie-berrichonne\/76935\/#breadcrumb"},"inLanguage":"fr-FR","potentialAction":[{"@type":"ReadAction","target":["https:\/\/batijournal.com\/index.php\/rachat-de-la-parqueterie-berrichonne\/76935\/"]}]},{"@type":"ImageObject","inLanguage":"fr-FR","@id":"https:\/\/batijournal.com\/index.php\/rachat-de-la-parqueterie-berrichonne\/76935\/#primaryimage","url":"https:\/\/batijournal.com\/wp-content\/uploads\/2015\/03\/74424646.jpg","contentUrl":"https:\/\/batijournal.com\/wp-content\/uploads\/2015\/03\/74424646.jpg","width":514,"height":599},{"@type":"BreadcrumbList","@id":"https:\/\/batijournal.com\/index.php\/rachat-de-la-parqueterie-berrichonne\/76935\/#breadcrumb","itemListElement":[{"@type":"ListItem","position":1,"name":"Accueil","item":"https:\/\/batijournal.com\/"},{"@type":"ListItem","position":2,"name":"Actualit\u00e9s","item":"https:\/\/batijournal.com\/index.php\/category\/actualites\/"},{"@type":"ListItem","position":3,"name":"\u00c9conomie &amp; March\u00e9s","item":"https:\/\/batijournal.com\/index.php\/category\/actualites\/economie-marches\/"},{"@type":"ListItem","position":4,"name":"Rachat de la Parqueterie Berrichonne"}]},{"@type":"WebSite","@id":"https:\/\/batijournal.com\/#website","url":"https:\/\/batijournal.com\/","name":"Batijournal","description":"L&#039;actualit\u00e9 du b\u00e2timent","potentialAction":[{"@type":"SearchAction","target":{"@type":"EntryPoint","urlTemplate":"https:\/\/batijournal.com\/?s={search_term_string}"},"query-input":{"@type":"PropertyValueSpecification","valueRequired":true,"valueName":"search_term_string"}}],"inLanguage":"fr-FR"},{"@type":"Person","@id":"https:\/\/batijournal.com\/#\/schema\/person\/6a657e8967569e1b299972574848aa76","name":"Bati-journal","image":{"@type":"ImageObject","inLanguage":"fr-FR","@id":"https:\/\/secure.gravatar.com\/avatar\/a64364ea26392f9b4dd47e017ddaec74ff03aefc073b49e492e847201258f777?s=96&d=mm&r=g","url":"https:\/\/secure.gravatar.com\/avatar\/a64364ea26392f9b4dd47e017ddaec74ff03aefc073b49e492e847201258f777?s=96&d=mm&r=g","contentUrl":"https:\/\/secure.gravatar.com\/avatar\/a64364ea26392f9b4dd47e017ddaec74ff03aefc073b49e492e847201258f777?s=96&d=mm&r=g","caption":"Bati-journal"},"url":"https:\/\/batijournal.com\/index.php\/author\/elodie\/"}]}},"_links":{"self":[{"href":"https:\/\/batijournal.com\/index.php\/wp-json\/wp\/v2\/posts\/76935","targetHints":{"allow":["GET"]}}],"collection":[{"href":"https:\/\/batijournal.com\/index.php\/wp-json\/wp\/v2\/posts"}],"about":[{"href":"https:\/\/batijournal.com\/index.php\/wp-json\/wp\/v2\/types\/post"}],"author":[{"embeddable":true,"href":"https:\/\/batijournal.com\/index.php\/wp-json\/wp\/v2\/users\/1"}],"replies":[{"embeddable":true,"href":"https:\/\/batijournal.com\/index.php\/wp-json\/wp\/v2\/comments?post=76935"}],"version-history":[{"count":0,"href":"https:\/\/batijournal.com\/index.php\/wp-json\/wp\/v2\/posts\/76935\/revisions"}],"wp:featuredmedia":[{"embeddable":true,"href":"https:\/\/batijournal.com\/index.php\/wp-json\/wp\/v2\/media\/76936"}],"wp:attachment":[{"href":"https:\/\/batijournal.com\/index.php\/wp-json\/wp\/v2\/media?parent=76935"}],"wp:term":[{"taxonomy":"category","embeddable":true,"href":"https:\/\/batijournal.com\/index.php\/wp-json\/wp\/v2\/categories?post=76935"},{"taxonomy":"post_tag","embeddable":true,"href":"https:\/\/batijournal.com\/index.php\/wp-json\/wp\/v2\/tags?post=76935"}],"curies":[{"name":"wp","href":"https:\/\/api.w.org\/{rel}","templated":true}]}}