{"id":77144,"date":"2009-02-25T00:00:00","date_gmt":"2009-02-24T23:00:00","guid":{"rendered":"http:\/\/b.bati-journal.com\/formation-a-la-renovation-thermique-un-centre-placo-isover-pour-le-sud-est\/77144"},"modified":"2019-07-15T12:16:46","modified_gmt":"2019-07-15T10:16:46","slug":"formation-a-la-renovation-thermique-un-centre-placo-isover-pour-le-sud-est","status":"publish","type":"post","link":"https:\/\/batijournal.com\/index.php\/formation-a-la-renovation-thermique-un-centre-placo-isover-pour-le-sud-est\/77144\/","title":{"rendered":"Formation \u00e0 la r\u00e9novation thermique : un centre Placo-Isover pour le Sud-Est"},"content":{"rendered":"<p>Saint-Gobain a inaugur\u00e9 son nouveau centre de formation Placo-Isover de Chamb\u00e9ry. Situ\u00e9 \u00e0 quelques m\u00e8tres du site Placoplatre et imagin\u00e9 \u00e0 partir d&rsquo;\u0092un b\u00e2timent de stockage existant, le centre est un b\u00e2timent moderne et environnemental de 1 000 m2, dot\u00e9 d&rsquo;une isolation thermique tr\u00e8s performante et de panneaux photovolta\u00efques. Il propose 26 stages associant cours th\u00e9oriques et travaux pratiques sur l\u0092&rsquo;ensemble des march\u00e9s : R\u00e9novation, B\u00e2timents r\u00e9sidentiels, B\u00e2timents non r\u00e9sidentiels, Finitions, R\u00e9glementations et solutions techniques, et D\u00e9couverte des produits et syst\u00e8mes Placo et Isover. Un cursus est sp\u00e9cialement d\u00e9di\u00e9 \u00e0 l&rsquo;\u0092am\u00e9lioration de l\u0092&rsquo;efficacit\u00e9 \u00e9nerg\u00e9tique des b\u00e2timents. \u00ab\u00a0Ce nouveau centre compl\u00e8te notre dispositif de formation de proximit\u00e9 pour la r\u00e9gion Rh\u00f4ne-Alpes et le Grand Sud-Est\u0094, explique Claude Imauven, directeur g\u00e9n\u00e9ral adjoint de Saint-Gobain. L&rsquo;objectif \u00e9tant de former chaque ann\u00e9e plus de 5 000 artisans et professionnels du b\u00e2timent \u00e0 la r\u00e9novation thermique. Apr\u00e8s Vaujours pour l\u0092&rsquo;Ile-de-France, Guipry pr\u00e8s de Rennes pour l&rsquo;\u0092Ouest, Strasbourg pour l&rsquo;\u0092Est et, aujourd&rsquo;\u0092hui, Chamb\u00e9ry pour le Sud-Est, le futur centre de Chemill\u00e9 dans le Maine-et-Loire viendra ult\u00e9rieurement renforcer les capacit\u00e9s d&rsquo;\u0092accueil pour la r\u00e9gion Grand Ouest.<\/p>\n","protected":false},"excerpt":{"rendered":"<p>Saint-Gobain a inaugur\u00e9 son nouveau centre de formation Placo-Isover de Chamb\u00e9ry. Situ\u00e9 \u00e0 quelques m\u00e8tres du site Placoplatre et imagin\u00e9 \u00e0 partir d&rsquo;\u0092un b\u00e2timent de stockage existant, le centre est un b\u00e2timent moderne et environnemental de 1 000 m2, dot\u00e9 d&rsquo;une isolation thermique tr\u00e8s performante et de panneaux photovolta\u00efques. Il propose 26 stages associant cours [&hellip;]<\/p>\n","protected":false},"author":1,"featured_media":0,"comment_status":"open","ping_status":"closed","sticky":false,"template":"","format":"standard","meta":{"_et_pb_use_builder":"","_et_pb_old_content":"","_et_gb_content_width":"","footnotes":""},"categories":[6345],"tags":[517,871],"class_list":["post-77144","post","type-post","status-publish","format-standard","hentry","category-economie-marches","tag-formation","tag-renovation-thermique"],"yoast_head":"<!-- This site is optimized with the Yoast SEO plugin v27.4 - https:\/\/yoast.com\/product\/yoast-seo-wordpress\/ -->\n<title>Formation \u00e0 la r\u00e9novation thermique : un centre Placo-Isover pour le Sud-Est<\/title>\n<meta name=\"robots\" content=\"index, follow, max-snippet:-1, max-image-preview:large, max-video-preview:-1\" \/>\n<link rel=\"canonical\" href=\"https:\/\/batijournal.com\/index.php\/formation-a-la-renovation-thermique-un-centre-placo-isover-pour-le-sud-est\/77144\/\" \/>\n<meta property=\"og:locale\" content=\"fr_FR\" \/>\n<meta property=\"og:type\" content=\"article\" \/>\n<meta property=\"og:title\" content=\"Formation \u00e0 la r\u00e9novation thermique : un centre Placo-Isover pour le Sud-Est\" \/>\n<meta property=\"og:description\" content=\"Saint-Gobain a inaugur\u00e9 son nouveau centre de formation Placo-Isover de Chamb\u00e9ry. Situ\u00e9 \u00e0 quelques m\u00e8tres du site Placoplatre et imagin\u00e9 \u00e0 partir d&rsquo;\u0092un b\u00e2timent de stockage existant, le centre est un b\u00e2timent moderne et environnemental de 1 000 m2, dot\u00e9 d&rsquo;une isolation thermique tr\u00e8s performante et de panneaux photovolta\u00efques. Il propose 26 stages associant cours [&hellip;]\" \/>\n<meta property=\"og:url\" content=\"https:\/\/batijournal.com\/index.php\/formation-a-la-renovation-thermique-un-centre-placo-isover-pour-le-sud-est\/77144\/\" \/>\n<meta property=\"og:site_name\" content=\"Batijournal\" \/>\n<meta property=\"article:published_time\" content=\"2009-02-24T23:00:00+00:00\" \/>\n<meta property=\"article:modified_time\" content=\"2019-07-15T10:16:46+00:00\" \/>\n<meta name=\"author\" content=\"Bati-journal\" \/>\n<meta name=\"twitter:card\" content=\"summary_large_image\" \/>\n<meta name=\"twitter:creator\" content=\"@bati_journal\" \/>\n<meta name=\"twitter:site\" content=\"@bati_journal\" \/>\n<meta name=\"twitter:label1\" content=\"\u00c9crit par\" \/>\n\t<meta name=\"twitter:data1\" content=\"Bati-journal\" \/>\n\t<meta name=\"twitter:label2\" content=\"Dur\u00e9e de lecture estim\u00e9e\" \/>\n\t<meta name=\"twitter:data2\" content=\"1 minute\" \/>\n<script type=\"application\/ld+json\" class=\"yoast-schema-graph\">{\"@context\":\"https:\\\/\\\/schema.org\",\"@graph\":[{\"@type\":\"Article\",\"@id\":\"https:\\\/\\\/batijournal.com\\\/index.php\\\/formation-a-la-renovation-thermique-un-centre-placo-isover-pour-le-sud-est\\\/77144\\\/#article\",\"isPartOf\":{\"@id\":\"https:\\\/\\\/batijournal.com\\\/index.php\\\/formation-a-la-renovation-thermique-un-centre-placo-isover-pour-le-sud-est\\\/77144\\\/\"},\"author\":{\"name\":\"Bati-journal\",\"@id\":\"https:\\\/\\\/batijournal.com\\\/#\\\/schema\\\/person\\\/6a657e8967569e1b299972574848aa76\"},\"headline\":\"Formation \u00e0 la r\u00e9novation thermique : un centre Placo-Isover pour le Sud-Est\",\"datePublished\":\"2009-02-24T23:00:00+00:00\",\"dateModified\":\"2019-07-15T10:16:46+00:00\",\"mainEntityOfPage\":{\"@id\":\"https:\\\/\\\/batijournal.com\\\/index.php\\\/formation-a-la-renovation-thermique-un-centre-placo-isover-pour-le-sud-est\\\/77144\\\/\"},\"wordCount\":226,\"commentCount\":0,\"keywords\":[\"formation\",\"r\u00e9novation thermique\"],\"articleSection\":[\"\u00c9conomie &amp; March\u00e9s\"],\"inLanguage\":\"fr-FR\",\"potentialAction\":[{\"@type\":\"CommentAction\",\"name\":\"Comment\",\"target\":[\"https:\\\/\\\/batijournal.com\\\/index.php\\\/formation-a-la-renovation-thermique-un-centre-placo-isover-pour-le-sud-est\\\/77144\\\/#respond\"]}]},{\"@type\":\"WebPage\",\"@id\":\"https:\\\/\\\/batijournal.com\\\/index.php\\\/formation-a-la-renovation-thermique-un-centre-placo-isover-pour-le-sud-est\\\/77144\\\/\",\"url\":\"https:\\\/\\\/batijournal.com\\\/index.php\\\/formation-a-la-renovation-thermique-un-centre-placo-isover-pour-le-sud-est\\\/77144\\\/\",\"name\":\"Formation \u00e0 la r\u00e9novation thermique : un centre Placo-Isover pour le Sud-Est\",\"isPartOf\":{\"@id\":\"https:\\\/\\\/batijournal.com\\\/#website\"},\"datePublished\":\"2009-02-24T23:00:00+00:00\",\"dateModified\":\"2019-07-15T10:16:46+00:00\",\"author\":{\"@id\":\"https:\\\/\\\/batijournal.com\\\/#\\\/schema\\\/person\\\/6a657e8967569e1b299972574848aa76\"},\"breadcrumb\":{\"@id\":\"https:\\\/\\\/batijournal.com\\\/index.php\\\/formation-a-la-renovation-thermique-un-centre-placo-isover-pour-le-sud-est\\\/77144\\\/#breadcrumb\"},\"inLanguage\":\"fr-FR\",\"potentialAction\":[{\"@type\":\"ReadAction\",\"target\":[\"https:\\\/\\\/batijournal.com\\\/index.php\\\/formation-a-la-renovation-thermique-un-centre-placo-isover-pour-le-sud-est\\\/77144\\\/\"]}]},{\"@type\":\"BreadcrumbList\",\"@id\":\"https:\\\/\\\/batijournal.com\\\/index.php\\\/formation-a-la-renovation-thermique-un-centre-placo-isover-pour-le-sud-est\\\/77144\\\/#breadcrumb\",\"itemListElement\":[{\"@type\":\"ListItem\",\"position\":1,\"name\":\"Accueil\",\"item\":\"https:\\\/\\\/batijournal.com\\\/\"},{\"@type\":\"ListItem\",\"position\":2,\"name\":\"Actualit\u00e9s\",\"item\":\"https:\\\/\\\/batijournal.com\\\/index.php\\\/category\\\/actualites\\\/\"},{\"@type\":\"ListItem\",\"position\":3,\"name\":\"\u00c9conomie &amp; March\u00e9s\",\"item\":\"https:\\\/\\\/batijournal.com\\\/index.php\\\/category\\\/actualites\\\/economie-marches\\\/\"},{\"@type\":\"ListItem\",\"position\":4,\"name\":\"Formation \u00e0 la r\u00e9novation thermique : un centre Placo-Isover pour le Sud-Est\"}]},{\"@type\":\"WebSite\",\"@id\":\"https:\\\/\\\/batijournal.com\\\/#website\",\"url\":\"https:\\\/\\\/batijournal.com\\\/\",\"name\":\"Batijournal\",\"description\":\"L&#039;actualit\u00e9 du b\u00e2timent\",\"potentialAction\":[{\"@type\":\"SearchAction\",\"target\":{\"@type\":\"EntryPoint\",\"urlTemplate\":\"https:\\\/\\\/batijournal.com\\\/?s={search_term_string}\"},\"query-input\":{\"@type\":\"PropertyValueSpecification\",\"valueRequired\":true,\"valueName\":\"search_term_string\"}}],\"inLanguage\":\"fr-FR\"},{\"@type\":\"Person\",\"@id\":\"https:\\\/\\\/batijournal.com\\\/#\\\/schema\\\/person\\\/6a657e8967569e1b299972574848aa76\",\"name\":\"Bati-journal\",\"image\":{\"@type\":\"ImageObject\",\"inLanguage\":\"fr-FR\",\"@id\":\"https:\\\/\\\/secure.gravatar.com\\\/avatar\\\/a64364ea26392f9b4dd47e017ddaec74ff03aefc073b49e492e847201258f777?s=96&d=mm&r=g\",\"url\":\"https:\\\/\\\/secure.gravatar.com\\\/avatar\\\/a64364ea26392f9b4dd47e017ddaec74ff03aefc073b49e492e847201258f777?s=96&d=mm&r=g\",\"contentUrl\":\"https:\\\/\\\/secure.gravatar.com\\\/avatar\\\/a64364ea26392f9b4dd47e017ddaec74ff03aefc073b49e492e847201258f777?s=96&d=mm&r=g\",\"caption\":\"Bati-journal\"},\"url\":\"https:\\\/\\\/batijournal.com\\\/index.php\\\/author\\\/elodie\\\/\"}]}<\/script>\n<!-- \/ Yoast SEO plugin. -->","yoast_head_json":{"title":"Formation \u00e0 la r\u00e9novation thermique : un centre Placo-Isover pour le Sud-Est","robots":{"index":"index","follow":"follow","max-snippet":"max-snippet:-1","max-image-preview":"max-image-preview:large","max-video-preview":"max-video-preview:-1"},"canonical":"https:\/\/batijournal.com\/index.php\/formation-a-la-renovation-thermique-un-centre-placo-isover-pour-le-sud-est\/77144\/","og_locale":"fr_FR","og_type":"article","og_title":"Formation \u00e0 la r\u00e9novation thermique : un centre Placo-Isover pour le Sud-Est","og_description":"Saint-Gobain a inaugur\u00e9 son nouveau centre de formation Placo-Isover de Chamb\u00e9ry. Situ\u00e9 \u00e0 quelques m\u00e8tres du site Placoplatre et imagin\u00e9 \u00e0 partir d&rsquo;\u0092un b\u00e2timent de stockage existant, le centre est un b\u00e2timent moderne et environnemental de 1 000 m2, dot\u00e9 d&rsquo;une isolation thermique tr\u00e8s performante et de panneaux photovolta\u00efques. Il propose 26 stages associant cours [&hellip;]","og_url":"https:\/\/batijournal.com\/index.php\/formation-a-la-renovation-thermique-un-centre-placo-isover-pour-le-sud-est\/77144\/","og_site_name":"Batijournal","article_published_time":"2009-02-24T23:00:00+00:00","article_modified_time":"2019-07-15T10:16:46+00:00","author":"Bati-journal","twitter_card":"summary_large_image","twitter_creator":"@bati_journal","twitter_site":"@bati_journal","twitter_misc":{"\u00c9crit par":"Bati-journal","Dur\u00e9e de lecture estim\u00e9e":"1 minute"},"schema":{"@context":"https:\/\/schema.org","@graph":[{"@type":"Article","@id":"https:\/\/batijournal.com\/index.php\/formation-a-la-renovation-thermique-un-centre-placo-isover-pour-le-sud-est\/77144\/#article","isPartOf":{"@id":"https:\/\/batijournal.com\/index.php\/formation-a-la-renovation-thermique-un-centre-placo-isover-pour-le-sud-est\/77144\/"},"author":{"name":"Bati-journal","@id":"https:\/\/batijournal.com\/#\/schema\/person\/6a657e8967569e1b299972574848aa76"},"headline":"Formation \u00e0 la r\u00e9novation thermique : un centre Placo-Isover pour le Sud-Est","datePublished":"2009-02-24T23:00:00+00:00","dateModified":"2019-07-15T10:16:46+00:00","mainEntityOfPage":{"@id":"https:\/\/batijournal.com\/index.php\/formation-a-la-renovation-thermique-un-centre-placo-isover-pour-le-sud-est\/77144\/"},"wordCount":226,"commentCount":0,"keywords":["formation","r\u00e9novation thermique"],"articleSection":["\u00c9conomie &amp; March\u00e9s"],"inLanguage":"fr-FR","potentialAction":[{"@type":"CommentAction","name":"Comment","target":["https:\/\/batijournal.com\/index.php\/formation-a-la-renovation-thermique-un-centre-placo-isover-pour-le-sud-est\/77144\/#respond"]}]},{"@type":"WebPage","@id":"https:\/\/batijournal.com\/index.php\/formation-a-la-renovation-thermique-un-centre-placo-isover-pour-le-sud-est\/77144\/","url":"https:\/\/batijournal.com\/index.php\/formation-a-la-renovation-thermique-un-centre-placo-isover-pour-le-sud-est\/77144\/","name":"Formation \u00e0 la r\u00e9novation thermique : un centre Placo-Isover pour le Sud-Est","isPartOf":{"@id":"https:\/\/batijournal.com\/#website"},"datePublished":"2009-02-24T23:00:00+00:00","dateModified":"2019-07-15T10:16:46+00:00","author":{"@id":"https:\/\/batijournal.com\/#\/schema\/person\/6a657e8967569e1b299972574848aa76"},"breadcrumb":{"@id":"https:\/\/batijournal.com\/index.php\/formation-a-la-renovation-thermique-un-centre-placo-isover-pour-le-sud-est\/77144\/#breadcrumb"},"inLanguage":"fr-FR","potentialAction":[{"@type":"ReadAction","target":["https:\/\/batijournal.com\/index.php\/formation-a-la-renovation-thermique-un-centre-placo-isover-pour-le-sud-est\/77144\/"]}]},{"@type":"BreadcrumbList","@id":"https:\/\/batijournal.com\/index.php\/formation-a-la-renovation-thermique-un-centre-placo-isover-pour-le-sud-est\/77144\/#breadcrumb","itemListElement":[{"@type":"ListItem","position":1,"name":"Accueil","item":"https:\/\/batijournal.com\/"},{"@type":"ListItem","position":2,"name":"Actualit\u00e9s","item":"https:\/\/batijournal.com\/index.php\/category\/actualites\/"},{"@type":"ListItem","position":3,"name":"\u00c9conomie &amp; March\u00e9s","item":"https:\/\/batijournal.com\/index.php\/category\/actualites\/economie-marches\/"},{"@type":"ListItem","position":4,"name":"Formation \u00e0 la r\u00e9novation thermique : un centre Placo-Isover pour le Sud-Est"}]},{"@type":"WebSite","@id":"https:\/\/batijournal.com\/#website","url":"https:\/\/batijournal.com\/","name":"Batijournal","description":"L&#039;actualit\u00e9 du b\u00e2timent","potentialAction":[{"@type":"SearchAction","target":{"@type":"EntryPoint","urlTemplate":"https:\/\/batijournal.com\/?s={search_term_string}"},"query-input":{"@type":"PropertyValueSpecification","valueRequired":true,"valueName":"search_term_string"}}],"inLanguage":"fr-FR"},{"@type":"Person","@id":"https:\/\/batijournal.com\/#\/schema\/person\/6a657e8967569e1b299972574848aa76","name":"Bati-journal","image":{"@type":"ImageObject","inLanguage":"fr-FR","@id":"https:\/\/secure.gravatar.com\/avatar\/a64364ea26392f9b4dd47e017ddaec74ff03aefc073b49e492e847201258f777?s=96&d=mm&r=g","url":"https:\/\/secure.gravatar.com\/avatar\/a64364ea26392f9b4dd47e017ddaec74ff03aefc073b49e492e847201258f777?s=96&d=mm&r=g","contentUrl":"https:\/\/secure.gravatar.com\/avatar\/a64364ea26392f9b4dd47e017ddaec74ff03aefc073b49e492e847201258f777?s=96&d=mm&r=g","caption":"Bati-journal"},"url":"https:\/\/batijournal.com\/index.php\/author\/elodie\/"}]}},"_links":{"self":[{"href":"https:\/\/batijournal.com\/index.php\/wp-json\/wp\/v2\/posts\/77144","targetHints":{"allow":["GET"]}}],"collection":[{"href":"https:\/\/batijournal.com\/index.php\/wp-json\/wp\/v2\/posts"}],"about":[{"href":"https:\/\/batijournal.com\/index.php\/wp-json\/wp\/v2\/types\/post"}],"author":[{"embeddable":true,"href":"https:\/\/batijournal.com\/index.php\/wp-json\/wp\/v2\/users\/1"}],"replies":[{"embeddable":true,"href":"https:\/\/batijournal.com\/index.php\/wp-json\/wp\/v2\/comments?post=77144"}],"version-history":[{"count":0,"href":"https:\/\/batijournal.com\/index.php\/wp-json\/wp\/v2\/posts\/77144\/revisions"}],"wp:attachment":[{"href":"https:\/\/batijournal.com\/index.php\/wp-json\/wp\/v2\/media?parent=77144"}],"wp:term":[{"taxonomy":"category","embeddable":true,"href":"https:\/\/batijournal.com\/index.php\/wp-json\/wp\/v2\/categories?post=77144"},{"taxonomy":"post_tag","embeddable":true,"href":"https:\/\/batijournal.com\/index.php\/wp-json\/wp\/v2\/tags?post=77144"}],"curies":[{"name":"wp","href":"https:\/\/api.w.org\/{rel}","templated":true}]}}